{"id":314245,"date":"2023-11-10T17:00:48","date_gmt":"2023-11-10T16:00:48","guid":{"rendered":"https:\/\/www.intoscana.it\/it\/?p=314245"},"modified":"2023-11-10T17:22:10","modified_gmt":"2023-11-10T16:22:10","slug":"rigenerazione-urbana-firenze-ospita-la-consegna-dei-premi-urbanistica-2023","status":"publish","type":"post","link":"https:\/\/www.intoscana.it\/it\/rigenerazione-urbana-firenze-ospita-la-consegna-dei-premi-urbanistica-2023\/","title":{"rendered":"Rigenerazione urbana, Firenze ospita la consegna dei \u201cPremi Urbanistica 2023\u201d"},"content":{"rendered":"<p><span style=\"font-family: georgia, serif;\">Una grande rete metropolitana per la conoscenza, percorsi di rigenerazione urbana che partono dal recupero di aree dismesse, oppure l\u2019obiettivo di diventare citt\u00e0 carbon neutral: sono i focus di alcuni tra i\u00a0nove progetti vincitori del <b>\u201cPremio Urbanistica 2023\u201d, <\/b>assegnato a Palazzo Vecchio. L\u2019obiettivo di fondo resta il medesimo: tracciare una nuova e pi\u00f9 funzionale storia per i contesti urbani, disegnando oggi le citt\u00e0 del futuro.\u00a0<\/span><\/p>\n<p align=\"JUSTIFY\"><span style=\"font-family: georgia, serif;\">Il riconoscimento, che si rinnova annualmente durante\u00a0Urbanpromo, la rassegna organizzata da Inu e Urbit, \u00e8 stato consegnato dall\u2019assessore a Educazione e Welfare Sara Funaro\u00a0agli enti vincitori. Ad essere valutate da parte di 550 esperti del settore, in particolare, sono state le progettualit\u00e0 presentate da pubbliche amministrazioni e aziende relative ai temi della rigenerazione urbana, dell\u2019innovazione tecnologica applicata ai contesti urbani e delle politiche abitative.\u00a0<\/span><\/p>\n<p align=\"JUSTIFY\"><span style=\"font-family: georgia, serif;\">Il contest si suddivide in\u00a0<strong>tre categorie tematiche<\/strong>. Nell\u2019ambito della prima, quella che riguarda progetti di\u00a0\u201c<strong>Rigenerazione ambientale, economica e sociale<\/strong>\u201d,\u00a0sono stati premiati la\u00a0<strong>Citt\u00e0 Metropolitana di Bologna<\/strong> per l\u2019idea di una \u201cRete Metropolitana per la conoscenza: la grande Bologna\u201d; il <strong>Comune di Mantova<\/strong> con \u201cIl sistema dei servizi e le nuove esigenze del welfare urbano\u201d e il <strong>Comune di Modena<\/strong> con \u201cPUG Modena 2050: la transizione verso il futuro di una citt\u00e0 in movimento\u201d.\u00a0<\/span><\/p>\n<p align=\"JUSTIFY\"><span style=\"font-family: georgia, serif;\">Il secondo argomento, quello relativo alle\u00a0\u201c<strong>Innovazioni tecnologiche per la gestione urbana<\/strong>\u201d, ha visto assegnare riconoscimenti al<strong>\u00a0Comune di Prato,<\/strong> per \u201cPrato Carbon Neutral\u201d; al <strong>Comune di Bologna<\/strong> per \u201cBologna citt\u00e0 della conoscenza\u201d e alla societ\u00e0 investiRE Sgr Spa, per il progetto \u201cRigenerare citt\u00e0 e comunit\u00e0: i servizi integrativi di comunit\u00e0 per la gestione di alloggi sociali\u201d.<\/span><\/p>\n<p align=\"JUSTIFY\"><span style=\"font-family: georgia, serif;\">Nella terza categoria, intitolata\u00a0\u201c<strong>Nuove modalit\u00e0 dell\u2019abitare e del produrre<\/strong>\u201d, il premio \u00e8 andato\u00a0al <strong>Comune di Terni<\/strong> per \u201cTerni: rigenerare San Valentino\u201d; alla societ\u00e0 Supernova per il progetto \u201cRigenerazione urbana ex fonderia Corni, Genova\u201d ed alla cooperativa CooperToscana, per \u201cUrban Housing Coop \u2013 Net\u201d.\u00a0<\/span><\/p>\n<p align=\"JUSTIFY\"><span style=\"font-family: georgia, serif;\">\u201c<em>La rassegna<\/em> \u2013 \u00e8 il commento di\u00a0<b>Gianni Biagi, presidente di Urbit<\/b>\u00a0\u2013 <em>ha lo scopo di valorizzare una serie di progettualit\u00e0 puntuali, destinate ad impattare positivamente sulle dinamiche dei nostri segmenti urbani. Urbanpromo rappresenta il luogo migliore dove manifestare queste ambizioni, composte da idee, coraggio, visione. Crediamo che si tratti di un punto di svolta irrimandabile, se vogliamo rendere le nuove logiche dell\u2019abitare davvero aderenti ai bisogni espressi dalla societ\u00e0. Un passaggio che \u00e8 stato acquisito in profondit\u00e0 da parte di soggetti pubblici e privati come quelli che hanno vinto. Dalla loro sinergia, unita al contributo dei professionisti, nasce l\u2019opportunit\u00e0 di scrivere un futuro nuovo per l\u2019urbanistica e, dunque, per i nostri contesti sociali, culturali, economici\u201d<\/em>.<\/span><\/p>\n<p align=\"JUSTIFY\"><span style=\"font-family: georgia, serif;\"><em>&#8220;La rigenerazione urbana \u00e8 una delle sfide principali delle citt\u00e0<\/em> &#8211; ha detto l&#8217;<b>assessore a Educazione e Welfare Sara Funaro<\/b>\u00a0-. I<em> cambiamenti climatici mettono a dura prova gli insediamenti urbani; la tutela dell&#8217;ambiente \u00e9 centrale per la costruzione di citt\u00e0 resilienti e sostenibili, a prova di futuro. Nelle citt\u00e0 \u00e8 fondamentale tenere insieme vari aspetti: fattori economici, sociali e ambientali, che sono interconnessi, e il benessere dei cittadini. Firenze \u00e8 lieta di aver ospitato la rassegna Urbanpromo e la cerimonia di consegna dei \u201cPremi Urbanistica 2023\u201d perch\u00e9 si tratta di un&#8217;iniziativa di alto livello che offre interessanti spunti di riflessione e confronto e presenta progettualit\u00e0 innovative in un settore strategico come l&#8217;urbanistica<\/em>&#8220;.<\/span><\/p>\n","protected":false},"excerpt":{"rendered":"<p>I progetti vincitori riguardano le citt\u00e0 di Bologna, Prato, Mantova, Modena, Genova, Terni e la Toscana<\/p>\n","protected":false},"author":525,"featured_media":314246,"comment_status":"open","ping_status":"open","sticky":false,"template":"","format":"standard","meta":{"_acf_changed":false,"footnotes":""},"categories":[494],"tags":[202,5290],"class_list":["post-314245","post","type-post","status-publish","format-standard","has-post-thumbnail","hentry","category-attualita","tag-firenze","tag-rigenerazione-urbana"],"acf":[],"yoast_head":"<!-- This site is optimized with the Yoast SEO Premium plugin v24.2 (Yoast SEO v25.6) - https:\/\/yoast.com\/wordpress\/plugins\/seo\/ -->\n<title>Rigenerazione urbana, Firenze ospita la consegna dei \u201cPremi Urbanistica 2023\u201d - intoscana<\/title>\n<meta name=\"robots\" content=\"index, follow, max-snippet:-1, max-image-preview:large, max-video-preview:-1\" \/>\n<link rel=\"canonical\" href=\"https:\/\/www.intoscana.it\/it\/rigenerazione-urbana-firenze-ospita-la-consegna-dei-premi-urbanistica-2023\/\" \/>\n<meta property=\"og:locale\" content=\"it_IT\" \/>\n<meta property=\"og:type\" content=\"article\" \/>\n<meta property=\"og:title\" content=\"Rigenerazione urbana, Firenze ospita la consegna dei \u201cPremi Urbanistica 2023\u201d\" \/>\n<meta property=\"og:description\" content=\"I progetti vincitori riguardano le citt\u00e0 di Bologna, Prato, Mantova, Modena, Genova, Terni e la Toscana\" \/>\n<meta property=\"og:url\" content=\"https:\/\/www.intoscana.it\/it\/rigenerazione-urbana-firenze-ospita-la-consegna-dei-premi-urbanistica-2023\/\" \/>\n<meta property=\"og:site_name\" content=\"intoscana\" \/>\n<meta property=\"article:publisher\" content=\"https:\/\/www.facebook.com\/intoscana.it\" \/>\n<meta property=\"article:published_time\" content=\"2023-11-10T16:00:48+00:00\" \/>\n<meta property=\"article:modified_time\" content=\"2023-11-10T16:22:10+00:00\" \/>\n<meta property=\"og:image\" content=\"https:\/\/www.intoscana.it\/wp-content\/uploads\/premiazione2-scaled.jpg\" \/>\n\t<meta property=\"og:image:width\" content=\"2048\" \/>\n\t<meta property=\"og:image:height\" content=\"1365\" \/>\n\t<meta property=\"og:image:type\" content=\"image\/jpeg\" \/>\n<meta name=\"author\" content=\"Redazione\" \/>\n<meta name=\"twitter:card\" content=\"summary_large_image\" \/>\n<meta name=\"twitter:creator\" content=\"@intoscana\" \/>\n<meta name=\"twitter:site\" content=\"@intoscana\" \/>\n<meta name=\"twitter:label1\" content=\"Written by\" \/>\n\t<meta name=\"twitter:data1\" content=\"Redazione\" \/>\n\t<meta name=\"twitter:label2\" content=\"Est. reading time\" \/>\n\t<meta name=\"twitter:data2\" content=\"3 minuti\" \/>\n<script type=\"application\/ld+json\" class=\"yoast-schema-graph\">{\"@context\":\"https:\/\/schema.org\",\"@graph\":[{\"@type\":\"WebPage\",\"@id\":\"https:\/\/www.intoscana.it\/it\/rigenerazione-urbana-firenze-ospita-la-consegna-dei-premi-urbanistica-2023\/\",\"url\":\"https:\/\/www.intoscana.it\/it\/rigenerazione-urbana-firenze-ospita-la-consegna-dei-premi-urbanistica-2023\/\",\"name\":\"Rigenerazione urbana, Firenze ospita la consegna dei \u201cPremi Urbanistica 2023\u201d - intoscana\",\"isPartOf\":{\"@id\":\"https:\/\/www.intoscana.it\/it\/#website\"},\"primaryImageOfPage\":{\"@id\":\"https:\/\/www.intoscana.it\/it\/rigenerazione-urbana-firenze-ospita-la-consegna-dei-premi-urbanistica-2023\/#primaryimage\"},\"image\":{\"@id\":\"https:\/\/www.intoscana.it\/it\/rigenerazione-urbana-firenze-ospita-la-consegna-dei-premi-urbanistica-2023\/#primaryimage\"},\"thumbnailUrl\":\"https:\/\/www.intoscana.it\/wp-content\/uploads\/premiazione2-scaled.jpg\",\"datePublished\":\"2023-11-10T16:00:48+00:00\",\"dateModified\":\"2023-11-10T16:22:10+00:00\",\"author\":{\"@id\":\"https:\/\/www.intoscana.it\/it\/#\/schema\/person\/9223810753230f20bd670fdd322661f8\"},\"breadcrumb\":{\"@id\":\"https:\/\/www.intoscana.it\/it\/rigenerazione-urbana-firenze-ospita-la-consegna-dei-premi-urbanistica-2023\/#breadcrumb\"},\"inLanguage\":\"it-IT\",\"potentialAction\":[{\"@type\":\"ReadAction\",\"target\":[\"https:\/\/www.intoscana.it\/it\/rigenerazione-urbana-firenze-ospita-la-consegna-dei-premi-urbanistica-2023\/\"]}]},{\"@type\":\"ImageObject\",\"inLanguage\":\"it-IT\",\"@id\":\"https:\/\/www.intoscana.it\/it\/rigenerazione-urbana-firenze-ospita-la-consegna-dei-premi-urbanistica-2023\/#primaryimage\",\"url\":\"https:\/\/www.intoscana.it\/wp-content\/uploads\/premiazione2-scaled.jpg\",\"contentUrl\":\"https:\/\/www.intoscana.it\/wp-content\/uploads\/premiazione2-scaled.jpg\",\"width\":2048,\"height\":1365,\"caption\":\"Firenze, Urbanpromo, terzo giorno, premio urbanistica in Palazzo Vecchio 2023 11 09 \u00a9 Niccol\u00f2 Cambi\"},{\"@type\":\"BreadcrumbList\",\"@id\":\"https:\/\/www.intoscana.it\/it\/rigenerazione-urbana-firenze-ospita-la-consegna-dei-premi-urbanistica-2023\/#breadcrumb\",\"itemListElement\":[{\"@type\":\"ListItem\",\"position\":1,\"name\":\"Home\",\"item\":\"https:\/\/www.intoscana.it\/it\/\"},{\"@type\":\"ListItem\",\"position\":2,\"name\":\"Rigenerazione urbana, Firenze ospita la consegna dei \u201cPremi Urbanistica 2023\u201d\"}]},{\"@type\":\"WebSite\",\"@id\":\"https:\/\/www.intoscana.it\/it\/#website\",\"url\":\"https:\/\/www.intoscana.it\/it\/\",\"name\":\"intoscana\",\"description\":\"\",\"potentialAction\":[{\"@type\":\"SearchAction\",\"target\":{\"@type\":\"EntryPoint\",\"urlTemplate\":\"https:\/\/www.intoscana.it\/it\/?s={search_term_string}\"},\"query-input\":{\"@type\":\"PropertyValueSpecification\",\"valueRequired\":true,\"valueName\":\"search_term_string\"}}],\"inLanguage\":\"it-IT\"},{\"@type\":\"Person\",\"@id\":\"https:\/\/www.intoscana.it\/it\/#\/schema\/person\/9223810753230f20bd670fdd322661f8\",\"name\":\"Redazione\",\"url\":\"https:\/\/www.intoscana.it\/it\/author\/redazione\/\"}]}<\/script>\n<!-- \/ Yoast SEO Premium plugin. -->","yoast_head_json":{"title":"Rigenerazione urbana, Firenze ospita la consegna dei \u201cPremi Urbanistica 2023\u201d - intoscana","robots":{"index":"index","follow":"follow","max-snippet":"max-snippet:-1","max-image-preview":"max-image-preview:large","max-video-preview":"max-video-preview:-1"},"canonical":"https:\/\/www.intoscana.it\/it\/rigenerazione-urbana-firenze-ospita-la-consegna-dei-premi-urbanistica-2023\/","og_locale":"it_IT","og_type":"article","og_title":"Rigenerazione urbana, Firenze ospita la consegna dei \u201cPremi Urbanistica 2023\u201d","og_description":"I progetti vincitori riguardano le citt\u00e0 di Bologna, Prato, Mantova, Modena, Genova, Terni e la Toscana","og_url":"https:\/\/www.intoscana.it\/it\/rigenerazione-urbana-firenze-ospita-la-consegna-dei-premi-urbanistica-2023\/","og_site_name":"intoscana","article_publisher":"https:\/\/www.facebook.com\/intoscana.it","article_published_time":"2023-11-10T16:00:48+00:00","article_modified_time":"2023-11-10T16:22:10+00:00","og_image":[{"width":2048,"height":1365,"url":"https:\/\/www.intoscana.it\/wp-content\/uploads\/premiazione2-scaled.jpg","type":"image\/jpeg"}],"author":"Redazione","twitter_card":"summary_large_image","twitter_creator":"@intoscana","twitter_site":"@intoscana","twitter_misc":{"Written by":"Redazione","Est. reading time":"3 minuti"},"schema":{"@context":"https:\/\/schema.org","@graph":[{"@type":"WebPage","@id":"https:\/\/www.intoscana.it\/it\/rigenerazione-urbana-firenze-ospita-la-consegna-dei-premi-urbanistica-2023\/","url":"https:\/\/www.intoscana.it\/it\/rigenerazione-urbana-firenze-ospita-la-consegna-dei-premi-urbanistica-2023\/","name":"Rigenerazione urbana, Firenze ospita la consegna dei \u201cPremi Urbanistica 2023\u201d - intoscana","isPartOf":{"@id":"https:\/\/www.intoscana.it\/it\/#website"},"primaryImageOfPage":{"@id":"https:\/\/www.intoscana.it\/it\/rigenerazione-urbana-firenze-ospita-la-consegna-dei-premi-urbanistica-2023\/#primaryimage"},"image":{"@id":"https:\/\/www.intoscana.it\/it\/rigenerazione-urbana-firenze-ospita-la-consegna-dei-premi-urbanistica-2023\/#primaryimage"},"thumbnailUrl":"https:\/\/www.intoscana.it\/wp-content\/uploads\/premiazione2-scaled.jpg","datePublished":"2023-11-10T16:00:48+00:00","dateModified":"2023-11-10T16:22:10+00:00","author":{"@id":"https:\/\/www.intoscana.it\/it\/#\/schema\/person\/9223810753230f20bd670fdd322661f8"},"breadcrumb":{"@id":"https:\/\/www.intoscana.it\/it\/rigenerazione-urbana-firenze-ospita-la-consegna-dei-premi-urbanistica-2023\/#breadcrumb"},"inLanguage":"it-IT","potentialAction":[{"@type":"ReadAction","target":["https:\/\/www.intoscana.it\/it\/rigenerazione-urbana-firenze-ospita-la-consegna-dei-premi-urbanistica-2023\/"]}]},{"@type":"ImageObject","inLanguage":"it-IT","@id":"https:\/\/www.intoscana.it\/it\/rigenerazione-urbana-firenze-ospita-la-consegna-dei-premi-urbanistica-2023\/#primaryimage","url":"https:\/\/www.intoscana.it\/wp-content\/uploads\/premiazione2-scaled.jpg","contentUrl":"https:\/\/www.intoscana.it\/wp-content\/uploads\/premiazione2-scaled.jpg","width":2048,"height":1365,"caption":"Firenze, Urbanpromo, terzo giorno, premio urbanistica in Palazzo Vecchio 2023 11 09 \u00a9 Niccol\u00f2 Cambi"},{"@type":"BreadcrumbList","@id":"https:\/\/www.intoscana.it\/it\/rigenerazione-urbana-firenze-ospita-la-consegna-dei-premi-urbanistica-2023\/#breadcrumb","itemListElement":[{"@type":"ListItem","position":1,"name":"Home","item":"https:\/\/www.intoscana.it\/it\/"},{"@type":"ListItem","position":2,"name":"Rigenerazione urbana, Firenze ospita la consegna dei \u201cPremi Urbanistica 2023\u201d"}]},{"@type":"WebSite","@id":"https:\/\/www.intoscana.it\/it\/#website","url":"https:\/\/www.intoscana.it\/it\/","name":"intoscana","description":"","potentialAction":[{"@type":"SearchAction","target":{"@type":"EntryPoint","urlTemplate":"https:\/\/www.intoscana.it\/it\/?s={search_term_string}"},"query-input":{"@type":"PropertyValueSpecification","valueRequired":true,"valueName":"search_term_string"}}],"inLanguage":"it-IT"},{"@type":"Person","@id":"https:\/\/www.intoscana.it\/it\/#\/schema\/person\/9223810753230f20bd670fdd322661f8","name":"Redazione","url":"https:\/\/www.intoscana.it\/it\/author\/redazione\/"}]}},"_links":{"self":[{"href":"https:\/\/www.intoscana.it\/it\/wp-json\/wp\/v2\/posts\/314245","targetHints":{"allow":["GET"]}}],"collection":[{"href":"https:\/\/www.intoscana.it\/it\/wp-json\/wp\/v2\/posts"}],"about":[{"href":"https:\/\/www.intoscana.it\/it\/wp-json\/wp\/v2\/types\/post"}],"author":[{"embeddable":true,"href":"https:\/\/www.intoscana.it\/it\/wp-json\/wp\/v2\/users\/525"}],"replies":[{"embeddable":true,"href":"https:\/\/www.intoscana.it\/it\/wp-json\/wp\/v2\/comments?post=314245"}],"version-history":[{"count":0,"href":"https:\/\/www.intoscana.it\/it\/wp-json\/wp\/v2\/posts\/314245\/revisions"}],"wp:featuredmedia":[{"embeddable":true,"href":"https:\/\/www.intoscana.it\/it\/wp-json\/wp\/v2\/media\/314246"}],"wp:attachment":[{"href":"https:\/\/www.intoscana.it\/it\/wp-json\/wp\/v2\/media?parent=314245"}],"wp:term":[{"taxonomy":"category","embeddable":true,"href":"https:\/\/www.intoscana.it\/it\/wp-json\/wp\/v2\/categories?post=314245"},{"taxonomy":"post_tag","embeddable":true,"href":"https:\/\/www.intoscana.it\/it\/wp-json\/wp\/v2\/tags?post=314245"}],"curies":[{"name":"wp","href":"https:\/\/api.w.org\/{rel}","templated":true}]}}