{"id":314477,"date":"2023-11-13T12:38:35","date_gmt":"2023-11-13T11:38:35","guid":{"rendered":"https:\/\/www.intoscana.it\/it\/?p=314477"},"modified":"2023-11-13T12:48:37","modified_gmt":"2023-11-13T11:48:37","slug":"vespa-world-days-a-pontedera-grande-festa-per-i-140-anni-di-piaggio","status":"publish","type":"post","link":"https:\/\/www.intoscana.it\/it\/vespa-world-days-a-pontedera-grande-festa-per-i-140-anni-di-piaggio\/","title":{"rendered":"Vespa World Days a Pontedera: grande festa per i 140 anni di Piaggio"},"content":{"rendered":"<p>Pontedera festeggia il <strong>primo secolo<\/strong> di vita dello <strong>stabilimento Piaggio<\/strong> nato nel 1884 e i 140 anni della fondazione dell&#8217;azienda con un\u2019edizione straordinaria nel 2024 dei <a href=\"https:\/\/vwd2023.ch\/it\/home\" target=\"_blank\" rel=\"noopener\" class=\"broken_link\"><strong>Vespa World Days<\/strong><\/a>. L\u2019annuale raduno che riunisce appassionati da ogni angolo del globo, \u00e8 in programma <strong>dal 18 al 21 aprile<\/strong> dell&#8217;anno prossimo a Pontedera.<\/p>\n<p>Era la <strong>primavera del 1946<\/strong> quando il veicolo a due ruote tra i pi\u00f9 amati al mondo usciva dallo <a href=\"https:\/\/www.piaggio.com\/it_IT\/storia-piaggio\/\" target=\"_blank\" rel=\"noopener\">stabilimento di Pontedera<\/a>. Un prodotto di immediato successo per la <strong>mobilit\u00e0 individuale<\/strong> e infatti i primi Vespa club risalgono a quel periodo.<\/p>\n<figure id=\"post-314473 media-314473\" class=\"align-none\"><img decoding=\"async\" src=\"https:\/\/www.intoscana.it\/wp-content\/uploads\/04-vwd-scaled-e1699875491525.jpg\" alt=\"\" \/><\/figure>\n<div class=\"titleimg\">I Vespa World Days<\/div>\n<p>Nello storico stabilimento Piaggio <strong>a Pontedera la Vespa<\/strong> viene prodotta ininterrottamente <strong>da oltre 75 anni<\/strong>.\u00a0 Era il 1924 quando <strong>Rinaldo Piaggio<\/strong> acquist\u00f2 lo stabilimento Costruzioni Meccaniche Nazionali di Pontedera. All&#8217;inizio la fabbrica fu utilizzata per costruire in proprio i <strong>motori aeronautici<\/strong> e solo nell\u2019immediato dopoguerra la produzione venne convertita. Nasceva cos\u00ec il mito Vespa.<\/p>\n<h3>Il Vespa Village fulcro dei &#8220;giorni&#8221;<\/h3>\n<p>L&#8217;appuntamento della prossima primavera per i vespisti sar\u00e0 l&#8217;occasione per conoscere questa realt\u00e0 e il comprensorio delle Terre di Pisa con le sue bellezze. Fulcro della manifestazione sar\u00e0 il <strong>Vespa Village<\/strong>, dove sono in programma le attivit\u00e0 dedicate al popolo vespista.<\/p>\n<p>Tra le iniziative in calendario le premiazioni del <strong>Vespa Trophy<\/strong>: il trofeo turistico riservato a chi raggiunger\u00e0 Pontedera<strong> in sella alla Vespa<\/strong>, collezionando i timbri di passaggio ai vari check point, e ancora il <strong>concorso d\u2019eleganza<\/strong>, stand di merchandising ed enogastronomici, e tanto altro.<\/p>\n<p>Il momento clou sabato 20 aprile con<strong> la grande parata<\/strong> nella quale migliaia di vespisti, in sella a Vespa di ogni epoca, <strong>sfileranno in corteo<\/strong> creando un gioioso e coloratissimo sciame di Vespa.<\/p>\n<figure id=\"post-314471 media-314471\" class=\"align-none\"><img decoding=\"async\" src=\"https:\/\/www.intoscana.it\/wp-content\/uploads\/01-vwd-scaled.jpg\" alt=\"\" \/><\/figure>\n<div class=\"titleimg\">I Vespa World Days<\/div>\n<h3>La tradizione dei Vespa World Days<\/h3>\n<p>I Vespa Club hanno dato vita al primo grande raduno internazionale nel 1954 a Parigi. A Pontedera ricorrer\u00e0 perci\u00f2 il <strong>70\u00b0 anniversario<\/strong> della nascita dei <strong>Vespa World Days<\/strong>, che hanno assunto tale denominazione a partire dall\u2019<strong>edizione del 2007<\/strong>, a San Marino. Oggi si contano ben <strong>63 Vespa Club Nazionali<\/strong> associati al <strong>Vespa World Club<\/strong>, provenienti da cinque continenti.<\/p>\n<p>&nbsp;<\/p>\n","protected":false},"excerpt":{"rendered":"<p>Il raduno dei club da tutto il mondo in programma dal 18 al 21 aprile: l&#8217;occasione per celebrare un mito senza tempo in sella alle due ruote<\/p>\n","protected":false},"author":554,"featured_media":314472,"comment_status":"open","ping_status":"open","sticky":false,"template":"","format":"standard","meta":{"_acf_changed":false,"footnotes":""},"categories":[6],"tags":[3518,5535],"class_list":["post-314477","post","type-post","status-publish","format-standard","has-post-thumbnail","hentry","category-viaggi","tag-piaggio","tag-vespa"],"acf":[],"yoast_head":"<!-- This site is optimized with the Yoast SEO Premium plugin v24.2 (Yoast SEO v25.6) - https:\/\/yoast.com\/wordpress\/plugins\/seo\/ -->\n<title>Vespa World Days a Pontedera: festa per i 140 anni di Piaggio - intoscana<\/title>\n<meta name=\"description\" content=\"Il raduno dei club da tutto il mondo in programma dal 18 al 21 aprile: l&#039;occasione per celebrare un mito senza tempo in sella alle due ruote\" \/>\n<meta name=\"robots\" content=\"index, follow, max-snippet:-1, max-image-preview:large, max-video-preview:-1\" \/>\n<link rel=\"canonical\" href=\"https:\/\/www.intoscana.it\/it\/vespa-world-days-a-pontedera-grande-festa-per-i-140-anni-di-piaggio\/\" \/>\n<meta property=\"og:locale\" content=\"it_IT\" \/>\n<meta property=\"og:type\" content=\"article\" \/>\n<meta property=\"og:title\" content=\"Vespa World Days a Pontedera: grande festa per i 140 anni di Piaggio\" \/>\n<meta property=\"og:description\" content=\"Il raduno dei club da tutto il mondo in programma dal 18 al 21 aprile: l&#039;occasione per celebrare un mito senza tempo in sella alle due ruote\" \/>\n<meta property=\"og:url\" content=\"https:\/\/www.intoscana.it\/it\/vespa-world-days-a-pontedera-grande-festa-per-i-140-anni-di-piaggio\/\" \/>\n<meta property=\"og:site_name\" content=\"intoscana\" \/>\n<meta property=\"article:publisher\" content=\"https:\/\/www.facebook.com\/intoscana.it\" \/>\n<meta property=\"article:published_time\" content=\"2023-11-13T11:38:35+00:00\" \/>\n<meta property=\"article:modified_time\" content=\"2023-11-13T11:48:37+00:00\" \/>\n<meta property=\"og:image\" content=\"https:\/\/www.intoscana.it\/wp-content\/uploads\/03-vwd-scaled.jpg\" \/>\n\t<meta property=\"og:image:width\" content=\"2048\" \/>\n\t<meta property=\"og:image:height\" content=\"1227\" \/>\n\t<meta property=\"og:image:type\" content=\"image\/jpeg\" \/>\n<meta name=\"author\" content=\"Raffaella Galamini\" \/>\n<meta name=\"twitter:card\" content=\"summary_large_image\" \/>\n<meta name=\"twitter:creator\" content=\"@orio\" \/>\n<meta name=\"twitter:site\" content=\"@intoscana\" \/>\n<meta name=\"twitter:label1\" content=\"Written by\" \/>\n\t<meta name=\"twitter:data1\" content=\"Raffaella Galamini\" \/>\n\t<meta name=\"twitter:label2\" content=\"Est. reading time\" \/>\n\t<meta name=\"twitter:data2\" content=\"2 minuti\" \/>\n<script type=\"application\/ld+json\" class=\"yoast-schema-graph\">{\"@context\":\"https:\/\/schema.org\",\"@graph\":[{\"@type\":\"WebPage\",\"@id\":\"https:\/\/www.intoscana.it\/it\/vespa-world-days-a-pontedera-grande-festa-per-i-140-anni-di-piaggio\/\",\"url\":\"https:\/\/www.intoscana.it\/it\/vespa-world-days-a-pontedera-grande-festa-per-i-140-anni-di-piaggio\/\",\"name\":\"Vespa World Days a Pontedera: festa per i 140 anni di Piaggio - intoscana\",\"isPartOf\":{\"@id\":\"https:\/\/www.intoscana.it\/it\/#website\"},\"primaryImageOfPage\":{\"@id\":\"https:\/\/www.intoscana.it\/it\/vespa-world-days-a-pontedera-grande-festa-per-i-140-anni-di-piaggio\/#primaryimage\"},\"image\":{\"@id\":\"https:\/\/www.intoscana.it\/it\/vespa-world-days-a-pontedera-grande-festa-per-i-140-anni-di-piaggio\/#primaryimage\"},\"thumbnailUrl\":\"https:\/\/www.intoscana.it\/wp-content\/uploads\/03-vwd-scaled.jpg\",\"datePublished\":\"2023-11-13T11:38:35+00:00\",\"dateModified\":\"2023-11-13T11:48:37+00:00\",\"author\":{\"@id\":\"https:\/\/www.intoscana.it\/it\/#\/schema\/person\/9eb9daa846a49fe51af39a73d9d1986b\"},\"description\":\"Il raduno dei club da tutto il mondo in programma dal 18 al 21 aprile: l'occasione per celebrare un mito senza tempo in sella alle due ruote\",\"breadcrumb\":{\"@id\":\"https:\/\/www.intoscana.it\/it\/vespa-world-days-a-pontedera-grande-festa-per-i-140-anni-di-piaggio\/#breadcrumb\"},\"inLanguage\":\"it-IT\",\"potentialAction\":[{\"@type\":\"ReadAction\",\"target\":[\"https:\/\/www.intoscana.it\/it\/vespa-world-days-a-pontedera-grande-festa-per-i-140-anni-di-piaggio\/\"]}]},{\"@type\":\"ImageObject\",\"inLanguage\":\"it-IT\",\"@id\":\"https:\/\/www.intoscana.it\/it\/vespa-world-days-a-pontedera-grande-festa-per-i-140-anni-di-piaggio\/#primaryimage\",\"url\":\"https:\/\/www.intoscana.it\/wp-content\/uploads\/03-vwd-scaled.jpg\",\"contentUrl\":\"https:\/\/www.intoscana.it\/wp-content\/uploads\/03-vwd-scaled.jpg\",\"width\":2048,\"height\":1227},{\"@type\":\"BreadcrumbList\",\"@id\":\"https:\/\/www.intoscana.it\/it\/vespa-world-days-a-pontedera-grande-festa-per-i-140-anni-di-piaggio\/#breadcrumb\",\"itemListElement\":[{\"@type\":\"ListItem\",\"position\":1,\"name\":\"Home\",\"item\":\"https:\/\/www.intoscana.it\/it\/\"},{\"@type\":\"ListItem\",\"position\":2,\"name\":\"Vespa World Days a Pontedera: grande festa per i 140 anni di Piaggio\"}]},{\"@type\":\"WebSite\",\"@id\":\"https:\/\/www.intoscana.it\/it\/#website\",\"url\":\"https:\/\/www.intoscana.it\/it\/\",\"name\":\"intoscana\",\"description\":\"\",\"potentialAction\":[{\"@type\":\"SearchAction\",\"target\":{\"@type\":\"EntryPoint\",\"urlTemplate\":\"https:\/\/www.intoscana.it\/it\/?s={search_term_string}\"},\"query-input\":{\"@type\":\"PropertyValueSpecification\",\"valueRequired\":true,\"valueName\":\"search_term_string\"}}],\"inLanguage\":\"it-IT\"},{\"@type\":\"Person\",\"@id\":\"https:\/\/www.intoscana.it\/it\/#\/schema\/person\/9eb9daa846a49fe51af39a73d9d1986b\",\"name\":\"Raffaella Galamini\",\"sameAs\":[\"https:\/\/x.com\/orio\"],\"url\":\"https:\/\/www.intoscana.it\/it\/author\/r-galamini\/\"}]}<\/script>\n<!-- \/ Yoast SEO Premium plugin. -->","yoast_head_json":{"title":"Vespa World Days a Pontedera: festa per i 140 anni di Piaggio - intoscana","description":"Il raduno dei club da tutto il mondo in programma dal 18 al 21 aprile: l'occasione per celebrare un mito senza tempo in sella alle due ruote","robots":{"index":"index","follow":"follow","max-snippet":"max-snippet:-1","max-image-preview":"max-image-preview:large","max-video-preview":"max-video-preview:-1"},"canonical":"https:\/\/www.intoscana.it\/it\/vespa-world-days-a-pontedera-grande-festa-per-i-140-anni-di-piaggio\/","og_locale":"it_IT","og_type":"article","og_title":"Vespa World Days a Pontedera: grande festa per i 140 anni di Piaggio","og_description":"Il raduno dei club da tutto il mondo in programma dal 18 al 21 aprile: l'occasione per celebrare un mito senza tempo in sella alle due ruote","og_url":"https:\/\/www.intoscana.it\/it\/vespa-world-days-a-pontedera-grande-festa-per-i-140-anni-di-piaggio\/","og_site_name":"intoscana","article_publisher":"https:\/\/www.facebook.com\/intoscana.it","article_published_time":"2023-11-13T11:38:35+00:00","article_modified_time":"2023-11-13T11:48:37+00:00","og_image":[{"width":2048,"height":1227,"url":"https:\/\/www.intoscana.it\/wp-content\/uploads\/03-vwd-scaled.jpg","type":"image\/jpeg"}],"author":"Raffaella Galamini","twitter_card":"summary_large_image","twitter_creator":"@orio","twitter_site":"@intoscana","twitter_misc":{"Written by":"Raffaella Galamini","Est. reading time":"2 minuti"},"schema":{"@context":"https:\/\/schema.org","@graph":[{"@type":"WebPage","@id":"https:\/\/www.intoscana.it\/it\/vespa-world-days-a-pontedera-grande-festa-per-i-140-anni-di-piaggio\/","url":"https:\/\/www.intoscana.it\/it\/vespa-world-days-a-pontedera-grande-festa-per-i-140-anni-di-piaggio\/","name":"Vespa World Days a Pontedera: festa per i 140 anni di Piaggio - intoscana","isPartOf":{"@id":"https:\/\/www.intoscana.it\/it\/#website"},"primaryImageOfPage":{"@id":"https:\/\/www.intoscana.it\/it\/vespa-world-days-a-pontedera-grande-festa-per-i-140-anni-di-piaggio\/#primaryimage"},"image":{"@id":"https:\/\/www.intoscana.it\/it\/vespa-world-days-a-pontedera-grande-festa-per-i-140-anni-di-piaggio\/#primaryimage"},"thumbnailUrl":"https:\/\/www.intoscana.it\/wp-content\/uploads\/03-vwd-scaled.jpg","datePublished":"2023-11-13T11:38:35+00:00","dateModified":"2023-11-13T11:48:37+00:00","author":{"@id":"https:\/\/www.intoscana.it\/it\/#\/schema\/person\/9eb9daa846a49fe51af39a73d9d1986b"},"description":"Il raduno dei club da tutto il mondo in programma dal 18 al 21 aprile: l'occasione per celebrare un mito senza tempo in sella alle due ruote","breadcrumb":{"@id":"https:\/\/www.intoscana.it\/it\/vespa-world-days-a-pontedera-grande-festa-per-i-140-anni-di-piaggio\/#breadcrumb"},"inLanguage":"it-IT","potentialAction":[{"@type":"ReadAction","target":["https:\/\/www.intoscana.it\/it\/vespa-world-days-a-pontedera-grande-festa-per-i-140-anni-di-piaggio\/"]}]},{"@type":"ImageObject","inLanguage":"it-IT","@id":"https:\/\/www.intoscana.it\/it\/vespa-world-days-a-pontedera-grande-festa-per-i-140-anni-di-piaggio\/#primaryimage","url":"https:\/\/www.intoscana.it\/wp-content\/uploads\/03-vwd-scaled.jpg","contentUrl":"https:\/\/www.intoscana.it\/wp-content\/uploads\/03-vwd-scaled.jpg","width":2048,"height":1227},{"@type":"BreadcrumbList","@id":"https:\/\/www.intoscana.it\/it\/vespa-world-days-a-pontedera-grande-festa-per-i-140-anni-di-piaggio\/#breadcrumb","itemListElement":[{"@type":"ListItem","position":1,"name":"Home","item":"https:\/\/www.intoscana.it\/it\/"},{"@type":"ListItem","position":2,"name":"Vespa World Days a Pontedera: grande festa per i 140 anni di Piaggio"}]},{"@type":"WebSite","@id":"https:\/\/www.intoscana.it\/it\/#website","url":"https:\/\/www.intoscana.it\/it\/","name":"intoscana","description":"","potentialAction":[{"@type":"SearchAction","target":{"@type":"EntryPoint","urlTemplate":"https:\/\/www.intoscana.it\/it\/?s={search_term_string}"},"query-input":{"@type":"PropertyValueSpecification","valueRequired":true,"valueName":"search_term_string"}}],"inLanguage":"it-IT"},{"@type":"Person","@id":"https:\/\/www.intoscana.it\/it\/#\/schema\/person\/9eb9daa846a49fe51af39a73d9d1986b","name":"Raffaella Galamini","sameAs":["https:\/\/x.com\/orio"],"url":"https:\/\/www.intoscana.it\/it\/author\/r-galamini\/"}]}},"_links":{"self":[{"href":"https:\/\/www.intoscana.it\/it\/wp-json\/wp\/v2\/posts\/314477","targetHints":{"allow":["GET"]}}],"collection":[{"href":"https:\/\/www.intoscana.it\/it\/wp-json\/wp\/v2\/posts"}],"about":[{"href":"https:\/\/www.intoscana.it\/it\/wp-json\/wp\/v2\/types\/post"}],"author":[{"embeddable":true,"href":"https:\/\/www.intoscana.it\/it\/wp-json\/wp\/v2\/users\/554"}],"replies":[{"embeddable":true,"href":"https:\/\/www.intoscana.it\/it\/wp-json\/wp\/v2\/comments?post=314477"}],"version-history":[{"count":0,"href":"https:\/\/www.intoscana.it\/it\/wp-json\/wp\/v2\/posts\/314477\/revisions"}],"wp:featuredmedia":[{"embeddable":true,"href":"https:\/\/www.intoscana.it\/it\/wp-json\/wp\/v2\/media\/314472"}],"wp:attachment":[{"href":"https:\/\/www.intoscana.it\/it\/wp-json\/wp\/v2\/media?parent=314477"}],"wp:term":[{"taxonomy":"category","embeddable":true,"href":"https:\/\/www.intoscana.it\/it\/wp-json\/wp\/v2\/categories?post=314477"},{"taxonomy":"post_tag","embeddable":true,"href":"https:\/\/www.intoscana.it\/it\/wp-json\/wp\/v2\/tags?post=314477"}],"curies":[{"name":"wp","href":"https:\/\/api.w.org\/{rel}","templated":true}]}}