{"id":314510,"date":"2023-11-13T13:42:21","date_gmt":"2023-11-13T12:42:21","guid":{"rendered":"https:\/\/www.intoscana.it\/it\/?p=314510"},"modified":"2023-11-15T16:43:20","modified_gmt":"2023-11-15T15:43:20","slug":"lartista-e-musicista-federico-maria-sardelli-dona-agli-uffizi-il-suo-autoritratto","status":"publish","type":"post","link":"https:\/\/www.intoscana.it\/it\/lartista-e-musicista-federico-maria-sardelli-dona-agli-uffizi-il-suo-autoritratto\/","title":{"rendered":"L&#8217;artista e musicista Federico Maria Sardelli dona agli Uffizi il suo autoritratto"},"content":{"rendered":"<p><strong>Federico Maria Sardelli<\/strong> \u00e8 uno degli artisti italiani pi\u00f9 poliedrici: <strong>direttore d&#8217;orchestra, compositore, flautista, musicologo, scrittore, pittore, disegnatore e incisore<\/strong><\/p>\n<p>Fin dalla giovane et\u00e0 ha imparato a dipingere dal padre <strong>Marc, pittore professionista<\/strong>. La sua prima esposizione personale \u00e8 avvenuta a Livorno all&#8217;et\u00e0 di 14 anni; nel 1982 \u00e8 stato accolto nell&#8217;<strong>Accademia delle Arti dell&#8217;Incisione<\/strong> e ha partecipato alla Biennale di Grafica e Incisione. Dal 2019 \u00e8 <strong>accademico ordinario dell&#8217;Accademia delle Arti del Disegno.<\/strong><\/p>\n<p><strong>Luned\u00ec 13 novembre<\/strong> ha donato agli Uffizi l\u2019<strong><em>Autoritratto 38<\/em><\/strong>, consegnandolo nelle mani del direttore <strong>Eike Schmidt <\/strong>e determinandone l&#8217;ingresso nella prestigiosa raccolta di autoritratti d\u2019artista della Galleria, la pi\u00f9 antica e vasta al mondo, forte di <strong>oltre 2000 opere realizzate dal 1400 al Ventunesimo secolo.<\/strong><\/p>\n<p><strong>Il direttore delle Gallerie degli Uffizi Eike Schmidt ha dichiarato:<\/strong><em> \u201cFederico Maria Sardelli sarebbe infinitamente piaciuto al Cardinal Leopoldo, che aveva interessi in tutti i campi, e che non solo aveva iniziato la collezione degli autoritratti, ma che avidamente raccoglieva ogni tipo di arte compresa la grafica, campo in cui il Maestro eccelle. E sarebbe piaciuto moltissimo, al Cardinale, questo autoritratto solo apparentemente austero nei suoi riferimenti cristologici. In realt\u00e0 \u00e8 un\u2019opera grondante di suggestioni (l\u2019esempio di D\u00fcrer, la tradizione barocca, la Metafisica, l\u2019iperrealismo), di riferimenti culturali, e di sorprendente, matura confidenza negli strumenti operativi principali dell\u2019artista: la mano, l\u2019occhio, e quell\u2019orecchio \u2013 il richiamo musicale &#8211; che fuoriesce dalla costrizione della mascheratura grigia e ne invade il campo\u201d.<\/em><\/p>\n<p><strong>Il dipinto \u00e8 stato eseguito all\u2019et\u00e0 di 38 anni,<\/strong> numero che campeggia sulla tela stessa a fissarne memoria. Il dipinto appartiene un periodo in cui Sardelli mirava a coniugare il rigore della sua pittura realistica con <strong>una ricerca di carattere simbolista e metafisica. <\/strong><\/p>\n<p>Su un fondo a tempera nera opaca si stagliano<strong> settori di pittura a olio, poi verniciata in lucido<\/strong> che raffigurano parti dell&#8217;artista \u2013 <strong>il volto, il collo, la mano destra \u2013<\/strong> assieme a <strong>elementi simbolici<\/strong> quali una scelta di libri significativi, <strong>un calice di cristallo, un drappo rosso.<\/strong><\/p>\n<p><strong>L\u2019artista Federico Maria Sardelli:<\/strong> <em>\u201cNel corso della mia vita ho dipinto molti autoritratti. Ne dipingo uno ogni volta che ritengo vi sia un passaggio della mia vita, cos\u00ec, a segnare il cammino. Dipingere autoritratti \u00e8 molto pi\u00f9 difficile che dipingere ritratti perch\u00e9 l&#8217;oggetto dell&#8217;osservazione coincide con chi osserva: \u00e8 l&#8217;eterno paradosso della mente che indaga s\u00e9 stessa. Proprio per questo val la pena tuffarsi in questo tentativo di afferrare l&#8217;inafferrabile e, magari, segnare un piccolo punto a nostro favore nella quotidiana lotta contro il tempo\u201d.<\/em><\/p>\n<figure id=\"post-314514 media-314514\" class=\"align-none\"><img decoding=\"async\" src=\"https:\/\/www.intoscana.it\/wp-content\/uploads\/FMS-e-ES-scaled.jpg\" alt=\"\" \/><\/figure>\n<h3>Chi \u00e8 Federico Maria Sardelli<\/h3>\n<p>Nato a Livorno nel 1963, <strong>Federico Maria Sardelli \u00e8 direttore principale dell&#8217;Accademia Barocca di Santa Cecilia di Roma<\/strong> e ospite regolare del <strong>Maggio Musicale Fiorentino, del Teatro La Fenice, della Moscow State Chamber Orchestra<\/strong> e di molti altri teatri.<\/p>\n<p>Nel 1984 ha fondato l&#8217;<strong>Orchestra Barocca Modo Antiquo.<\/strong> Ha registrato pi\u00f9 di quaranta dischi. <strong>Due volte nominato ai Grammy Awards<\/strong> (1997, 2000), ha registrato le prime esecuzioni mondiali di numerose opere inedite di Vivaldi. \u00c8 membro dell&#8217;Istituto Vivaldi della Fondazione G. Cini di Venezia e responsabile del Catalogo Vivaldi (RV).<\/p>\n<p>Numerose le sue pubblicazioni musicali e musicologiche; il suo romanzo storico<strong><em> L&#8217;affare Vivaldi<\/em> <\/strong>(Sellerio) ha vinto il Premio Comisso per la narrativa ed \u00e8 diventato un best-seller tradotto in molte lingue.<\/p>\n<p><strong>Il 28 novembre 2009 la Regione Toscana<\/strong> gli ha conferito il suo massimo riconoscimento, il <strong>Gonfalone d&#8217;Argento,<\/strong> per il suo eccezionale eclettismo artistico. Nel 2023 ha fondato a Firenze l&#8217;Istituto Giovanni Battista Lulli che si propone di divulgare, studiare e valorizzare la musica di Lulli in Italia.<\/p>\n","protected":false},"excerpt":{"rendered":"<p>L\u2019artista, direttore d&#8217;orchestra, compositore, flautista, musicologo, scrittore, pittore, disegnatore e incisore, ha donato l&#8217;opera alle Gallerie fiorentine<\/p>\n","protected":false},"author":525,"featured_media":314511,"comment_status":"open","ping_status":"open","sticky":false,"template":"","format":"standard","meta":{"_acf_changed":false,"footnotes":""},"categories":[493],"tags":[207],"class_list":["post-314510","post","type-post","status-publish","format-standard","has-post-thumbnail","hentry","category-cultura","tag-uffizi"],"acf":[],"yoast_head":"<!-- This site is optimized with the Yoast SEO Premium plugin v24.2 (Yoast SEO v25.6) - https:\/\/yoast.com\/wordpress\/plugins\/seo\/ -->\n<title>L&#039;artista e musicista Federico Maria Sardelli dona agli Uffizi il suo autoritratto - intoscana<\/title>\n<meta name=\"description\" content=\"L\u2019artista, direttore d&#039;orchestra, compositore, flautista, musicologo, scrittore, pittore, disegnatore e incisore, ha donato l&#039;opera\" \/>\n<meta name=\"robots\" content=\"index, follow, max-snippet:-1, max-image-preview:large, max-video-preview:-1\" \/>\n<link rel=\"canonical\" href=\"https:\/\/www.intoscana.it\/it\/lartista-e-musicista-federico-maria-sardelli-dona-agli-uffizi-il-suo-autoritratto\/\" \/>\n<meta property=\"og:locale\" content=\"it_IT\" \/>\n<meta property=\"og:type\" content=\"article\" \/>\n<meta property=\"og:title\" content=\"L&#039;artista e musicista Federico Maria Sardelli dona agli Uffizi il suo autoritratto\" \/>\n<meta property=\"og:description\" content=\"L\u2019artista, direttore d&#039;orchestra, compositore, flautista, musicologo, scrittore, pittore, disegnatore e incisore, ha donato l&#039;opera\" \/>\n<meta property=\"og:url\" content=\"https:\/\/www.intoscana.it\/it\/lartista-e-musicista-federico-maria-sardelli-dona-agli-uffizi-il-suo-autoritratto\/\" \/>\n<meta property=\"og:site_name\" content=\"intoscana\" \/>\n<meta property=\"article:publisher\" content=\"https:\/\/www.facebook.com\/intoscana.it\" \/>\n<meta property=\"article:published_time\" content=\"2023-11-13T12:42:21+00:00\" \/>\n<meta property=\"article:modified_time\" content=\"2023-11-15T15:43:20+00:00\" \/>\n<meta property=\"og:image\" content=\"https:\/\/www.intoscana.it\/wp-content\/uploads\/Federico-Maria-Sardelli-Autoritratto-38-2001-scaled.jpg\" \/>\n\t<meta property=\"og:image:width\" content=\"2048\" \/>\n\t<meta property=\"og:image:height\" content=\"2048\" \/>\n\t<meta property=\"og:image:type\" content=\"image\/jpeg\" \/>\n<meta name=\"author\" content=\"Redazione\" \/>\n<meta name=\"twitter:card\" content=\"summary_large_image\" \/>\n<meta name=\"twitter:creator\" content=\"@intoscana\" \/>\n<meta name=\"twitter:site\" content=\"@intoscana\" \/>\n<meta name=\"twitter:label1\" content=\"Written by\" \/>\n\t<meta name=\"twitter:data1\" content=\"Redazione\" \/>\n\t<meta name=\"twitter:label2\" content=\"Est. reading time\" \/>\n\t<meta name=\"twitter:data2\" content=\"3 minuti\" \/>\n<script type=\"application\/ld+json\" class=\"yoast-schema-graph\">{\"@context\":\"https:\/\/schema.org\",\"@graph\":[{\"@type\":\"WebPage\",\"@id\":\"https:\/\/www.intoscana.it\/it\/lartista-e-musicista-federico-maria-sardelli-dona-agli-uffizi-il-suo-autoritratto\/\",\"url\":\"https:\/\/www.intoscana.it\/it\/lartista-e-musicista-federico-maria-sardelli-dona-agli-uffizi-il-suo-autoritratto\/\",\"name\":\"L'artista e musicista Federico Maria Sardelli dona agli Uffizi il suo autoritratto - intoscana\",\"isPartOf\":{\"@id\":\"https:\/\/www.intoscana.it\/it\/#website\"},\"primaryImageOfPage\":{\"@id\":\"https:\/\/www.intoscana.it\/it\/lartista-e-musicista-federico-maria-sardelli-dona-agli-uffizi-il-suo-autoritratto\/#primaryimage\"},\"image\":{\"@id\":\"https:\/\/www.intoscana.it\/it\/lartista-e-musicista-federico-maria-sardelli-dona-agli-uffizi-il-suo-autoritratto\/#primaryimage\"},\"thumbnailUrl\":\"https:\/\/www.intoscana.it\/wp-content\/uploads\/Federico-Maria-Sardelli-Autoritratto-38-2001-scaled.jpg\",\"datePublished\":\"2023-11-13T12:42:21+00:00\",\"dateModified\":\"2023-11-15T15:43:20+00:00\",\"author\":{\"@id\":\"https:\/\/www.intoscana.it\/it\/#\/schema\/person\/9223810753230f20bd670fdd322661f8\"},\"description\":\"L\u2019artista, direttore d'orchestra, compositore, flautista, musicologo, scrittore, pittore, disegnatore e incisore, ha donato l'opera\",\"breadcrumb\":{\"@id\":\"https:\/\/www.intoscana.it\/it\/lartista-e-musicista-federico-maria-sardelli-dona-agli-uffizi-il-suo-autoritratto\/#breadcrumb\"},\"inLanguage\":\"it-IT\",\"potentialAction\":[{\"@type\":\"ReadAction\",\"target\":[\"https:\/\/www.intoscana.it\/it\/lartista-e-musicista-federico-maria-sardelli-dona-agli-uffizi-il-suo-autoritratto\/\"]}]},{\"@type\":\"ImageObject\",\"inLanguage\":\"it-IT\",\"@id\":\"https:\/\/www.intoscana.it\/it\/lartista-e-musicista-federico-maria-sardelli-dona-agli-uffizi-il-suo-autoritratto\/#primaryimage\",\"url\":\"https:\/\/www.intoscana.it\/wp-content\/uploads\/Federico-Maria-Sardelli-Autoritratto-38-2001-scaled.jpg\",\"contentUrl\":\"https:\/\/www.intoscana.it\/wp-content\/uploads\/Federico-Maria-Sardelli-Autoritratto-38-2001-scaled.jpg\",\"width\":2048,\"height\":2048},{\"@type\":\"BreadcrumbList\",\"@id\":\"https:\/\/www.intoscana.it\/it\/lartista-e-musicista-federico-maria-sardelli-dona-agli-uffizi-il-suo-autoritratto\/#breadcrumb\",\"itemListElement\":[{\"@type\":\"ListItem\",\"position\":1,\"name\":\"Home\",\"item\":\"https:\/\/www.intoscana.it\/it\/\"},{\"@type\":\"ListItem\",\"position\":2,\"name\":\"L&#8217;artista e musicista Federico Maria Sardelli dona agli Uffizi il suo autoritratto\"}]},{\"@type\":\"WebSite\",\"@id\":\"https:\/\/www.intoscana.it\/it\/#website\",\"url\":\"https:\/\/www.intoscana.it\/it\/\",\"name\":\"intoscana\",\"description\":\"\",\"potentialAction\":[{\"@type\":\"SearchAction\",\"target\":{\"@type\":\"EntryPoint\",\"urlTemplate\":\"https:\/\/www.intoscana.it\/it\/?s={search_term_string}\"},\"query-input\":{\"@type\":\"PropertyValueSpecification\",\"valueRequired\":true,\"valueName\":\"search_term_string\"}}],\"inLanguage\":\"it-IT\"},{\"@type\":\"Person\",\"@id\":\"https:\/\/www.intoscana.it\/it\/#\/schema\/person\/9223810753230f20bd670fdd322661f8\",\"name\":\"Redazione\",\"url\":\"https:\/\/www.intoscana.it\/it\/author\/redazione\/\"}]}<\/script>\n<!-- \/ Yoast SEO Premium plugin. -->","yoast_head_json":{"title":"L'artista e musicista Federico Maria Sardelli dona agli Uffizi il suo autoritratto - intoscana","description":"L\u2019artista, direttore d'orchestra, compositore, flautista, musicologo, scrittore, pittore, disegnatore e incisore, ha donato l'opera","robots":{"index":"index","follow":"follow","max-snippet":"max-snippet:-1","max-image-preview":"max-image-preview:large","max-video-preview":"max-video-preview:-1"},"canonical":"https:\/\/www.intoscana.it\/it\/lartista-e-musicista-federico-maria-sardelli-dona-agli-uffizi-il-suo-autoritratto\/","og_locale":"it_IT","og_type":"article","og_title":"L'artista e musicista Federico Maria Sardelli dona agli Uffizi il suo autoritratto","og_description":"L\u2019artista, direttore d'orchestra, compositore, flautista, musicologo, scrittore, pittore, disegnatore e incisore, ha donato l'opera","og_url":"https:\/\/www.intoscana.it\/it\/lartista-e-musicista-federico-maria-sardelli-dona-agli-uffizi-il-suo-autoritratto\/","og_site_name":"intoscana","article_publisher":"https:\/\/www.facebook.com\/intoscana.it","article_published_time":"2023-11-13T12:42:21+00:00","article_modified_time":"2023-11-15T15:43:20+00:00","og_image":[{"width":2048,"height":2048,"url":"https:\/\/www.intoscana.it\/wp-content\/uploads\/Federico-Maria-Sardelli-Autoritratto-38-2001-scaled.jpg","type":"image\/jpeg"}],"author":"Redazione","twitter_card":"summary_large_image","twitter_creator":"@intoscana","twitter_site":"@intoscana","twitter_misc":{"Written by":"Redazione","Est. reading time":"3 minuti"},"schema":{"@context":"https:\/\/schema.org","@graph":[{"@type":"WebPage","@id":"https:\/\/www.intoscana.it\/it\/lartista-e-musicista-federico-maria-sardelli-dona-agli-uffizi-il-suo-autoritratto\/","url":"https:\/\/www.intoscana.it\/it\/lartista-e-musicista-federico-maria-sardelli-dona-agli-uffizi-il-suo-autoritratto\/","name":"L'artista e musicista Federico Maria Sardelli dona agli Uffizi il suo autoritratto - intoscana","isPartOf":{"@id":"https:\/\/www.intoscana.it\/it\/#website"},"primaryImageOfPage":{"@id":"https:\/\/www.intoscana.it\/it\/lartista-e-musicista-federico-maria-sardelli-dona-agli-uffizi-il-suo-autoritratto\/#primaryimage"},"image":{"@id":"https:\/\/www.intoscana.it\/it\/lartista-e-musicista-federico-maria-sardelli-dona-agli-uffizi-il-suo-autoritratto\/#primaryimage"},"thumbnailUrl":"https:\/\/www.intoscana.it\/wp-content\/uploads\/Federico-Maria-Sardelli-Autoritratto-38-2001-scaled.jpg","datePublished":"2023-11-13T12:42:21+00:00","dateModified":"2023-11-15T15:43:20+00:00","author":{"@id":"https:\/\/www.intoscana.it\/it\/#\/schema\/person\/9223810753230f20bd670fdd322661f8"},"description":"L\u2019artista, direttore d'orchestra, compositore, flautista, musicologo, scrittore, pittore, disegnatore e incisore, ha donato l'opera","breadcrumb":{"@id":"https:\/\/www.intoscana.it\/it\/lartista-e-musicista-federico-maria-sardelli-dona-agli-uffizi-il-suo-autoritratto\/#breadcrumb"},"inLanguage":"it-IT","potentialAction":[{"@type":"ReadAction","target":["https:\/\/www.intoscana.it\/it\/lartista-e-musicista-federico-maria-sardelli-dona-agli-uffizi-il-suo-autoritratto\/"]}]},{"@type":"ImageObject","inLanguage":"it-IT","@id":"https:\/\/www.intoscana.it\/it\/lartista-e-musicista-federico-maria-sardelli-dona-agli-uffizi-il-suo-autoritratto\/#primaryimage","url":"https:\/\/www.intoscana.it\/wp-content\/uploads\/Federico-Maria-Sardelli-Autoritratto-38-2001-scaled.jpg","contentUrl":"https:\/\/www.intoscana.it\/wp-content\/uploads\/Federico-Maria-Sardelli-Autoritratto-38-2001-scaled.jpg","width":2048,"height":2048},{"@type":"BreadcrumbList","@id":"https:\/\/www.intoscana.it\/it\/lartista-e-musicista-federico-maria-sardelli-dona-agli-uffizi-il-suo-autoritratto\/#breadcrumb","itemListElement":[{"@type":"ListItem","position":1,"name":"Home","item":"https:\/\/www.intoscana.it\/it\/"},{"@type":"ListItem","position":2,"name":"L&#8217;artista e musicista Federico Maria Sardelli dona agli Uffizi il suo autoritratto"}]},{"@type":"WebSite","@id":"https:\/\/www.intoscana.it\/it\/#website","url":"https:\/\/www.intoscana.it\/it\/","name":"intoscana","description":"","potentialAction":[{"@type":"SearchAction","target":{"@type":"EntryPoint","urlTemplate":"https:\/\/www.intoscana.it\/it\/?s={search_term_string}"},"query-input":{"@type":"PropertyValueSpecification","valueRequired":true,"valueName":"search_term_string"}}],"inLanguage":"it-IT"},{"@type":"Person","@id":"https:\/\/www.intoscana.it\/it\/#\/schema\/person\/9223810753230f20bd670fdd322661f8","name":"Redazione","url":"https:\/\/www.intoscana.it\/it\/author\/redazione\/"}]}},"_links":{"self":[{"href":"https:\/\/www.intoscana.it\/it\/wp-json\/wp\/v2\/posts\/314510","targetHints":{"allow":["GET"]}}],"collection":[{"href":"https:\/\/www.intoscana.it\/it\/wp-json\/wp\/v2\/posts"}],"about":[{"href":"https:\/\/www.intoscana.it\/it\/wp-json\/wp\/v2\/types\/post"}],"author":[{"embeddable":true,"href":"https:\/\/www.intoscana.it\/it\/wp-json\/wp\/v2\/users\/525"}],"replies":[{"embeddable":true,"href":"https:\/\/www.intoscana.it\/it\/wp-json\/wp\/v2\/comments?post=314510"}],"version-history":[{"count":0,"href":"https:\/\/www.intoscana.it\/it\/wp-json\/wp\/v2\/posts\/314510\/revisions"}],"wp:featuredmedia":[{"embeddable":true,"href":"https:\/\/www.intoscana.it\/it\/wp-json\/wp\/v2\/media\/314511"}],"wp:attachment":[{"href":"https:\/\/www.intoscana.it\/it\/wp-json\/wp\/v2\/media?parent=314510"}],"wp:term":[{"taxonomy":"category","embeddable":true,"href":"https:\/\/www.intoscana.it\/it\/wp-json\/wp\/v2\/categories?post=314510"},{"taxonomy":"post_tag","embeddable":true,"href":"https:\/\/www.intoscana.it\/it\/wp-json\/wp\/v2\/tags?post=314510"}],"curies":[{"name":"wp","href":"https:\/\/api.w.org\/{rel}","templated":true}]}}