{"id":314650,"date":"2023-11-14T10:35:57","date_gmt":"2023-11-14T09:35:57","guid":{"rendered":"https:\/\/www.intoscana.it\/it\/?p=314650"},"modified":"2023-11-14T10:35:57","modified_gmt":"2023-11-14T09:35:57","slug":"siena-lavori-al-via-per-il-nuovo-ospedale-cantieri-aperti-alle-scotte","status":"publish","type":"post","link":"https:\/\/www.intoscana.it\/it\/siena-lavori-al-via-per-il-nuovo-ospedale-cantieri-aperti-alle-scotte\/","title":{"rendered":"Siena, lavori al via per il nuovo ospedale: cantieri aperti alle Scotte"},"content":{"rendered":"<p>Aperto il cantiere del lotto vol\u00e0no e, in contemporanea, inaugurata la nuova farmacia dell\u2019Azienda ospedaliero-universitaria Senese, A dare il via ai lavori all&#8217;ospedale delle Santa Maria alle Scotte il presidente della Regione Toscana, <strong>Eugenio Giani<\/strong>, e l\u2019assessore regionale al Diritto alla Salute <strong>Simone Bezzini<\/strong>.<\/p>\n<figure id=\"post-314666 media-314666\" class=\"align-none\"><img decoding=\"async\" src=\"https:\/\/www.intoscana.it\/wp-content\/uploads\/inaguruazione-cantiere-volano.jpg\" alt=\"\" \/><\/figure>\n<div class=\"titleimg\">Antonio Barretta (dirigente Aou senese), Eugenio Giani e Simone Bezzini<\/div>\n<p>Demolito quindi l\u2019edificio che ha ospitato negli ultimi 15 anni la farmacia ospedaliera: <mark>nella stessa area sorger\u00e0 il lotto vol\u00e0no dell\u2019ospedale di Siena, un\u2019opera propedeutica per l\u2019avvio dei lavori di ammodernamento e di adeguamento antisismico e antincendio degli altri lotti.<\/mark>\u00a0 Il <strong>vol\u00e0no<\/strong> si svilupper\u00e0 su una superficie di circa 11mila metri quadri, suddivisi su sette piani. Sar\u00e0 il primo edificio ad essere costruito e consentir\u00e0 il trasferimento scaglionato di degenze, sale operatorie e diagnostica per immagini dei lotti uno, due e tre, in modo da ristrutturare gli ambienti di provenienza. A regime saranno trasferite in questo edificio importanti aree come le attivit\u00e0 chirurgiche ed interventistiche ad alta complessit\u00e0 e specializzazione.<\/p>\n<figure id=\"post-314667 media-314667\" class=\"align-none\"><img decoding=\"async\" src=\"https:\/\/www.intoscana.it\/wp-content\/uploads\/inaguruazione-farmcia-barretta-giani.jpg\" alt=\"\" \/><\/figure>\n<div class=\"titleimg\">inauguazione farmacia<\/div>\n<p>Per garantire la continuit\u00e0 del servizio \u00e8 stata aperta la nuova sede della <strong>farmacia ospedaliera<\/strong>, diretta dalla dottoressa Giovanna Gallucci, con i laboratori e gli uffici, situati nel lotto didattico al piano -1, mentre il magazzino farmaceutico \u00e8 stato trasferito nella nuova struttura polifunzionale di Poggibonsi. La nuova area \u00e8 divisa in tre settori: depositi, uffici e galenica.<\/p>\n","protected":false},"excerpt":{"rendered":"<p>Ruspe in azione per la costruzione del lotto vol\u00e0no e inaugurata la nuova farmacia dell\u2019Azienda ospedaliero-universitaria. Al taglio del nastro il presidente della Regione Eugenio Giani e l\u2019assessore regionale Simone Bezzini<\/p>\n","protected":false},"author":525,"featured_media":314665,"comment_status":"open","ping_status":"open","sticky":false,"template":"","format":"standard","meta":{"_acf_changed":false,"footnotes":""},"categories":[494],"tags":[158,2765,164,4883],"class_list":["post-314650","post","type-post","status-publish","format-standard","has-post-thumbnail","hentry","category-attualita","tag-eugenio-giani","tag-ospedale-santa-maria-delle-scotte","tag-siena","tag-simone-bezzini"],"acf":[],"yoast_head":"<!-- This site is optimized with the Yoast SEO Premium plugin v24.2 (Yoast SEO v25.6) - https:\/\/yoast.com\/wordpress\/plugins\/seo\/ -->\n<title>Siena, lavori al via per il nuovo ospedale: cantieri aperti alle Scotte - intoscana<\/title>\n<meta name=\"description\" content=\"Ruspe in azione per la costruzione del lotto vol\u00e0no e inaugurata la nuova farmacia dell\u2019Azienda ospedaliero-universitaria. Al taglio del nastro il presidente della Regione Eugenio Giani e l\u2019assessore regionale Simone Bezzini\" \/>\n<meta name=\"robots\" content=\"index, follow, max-snippet:-1, max-image-preview:large, max-video-preview:-1\" \/>\n<link rel=\"canonical\" href=\"https:\/\/www.intoscana.it\/it\/siena-lavori-al-via-per-il-nuovo-ospedale-cantieri-aperti-alle-scotte\/\" \/>\n<meta property=\"og:locale\" content=\"it_IT\" \/>\n<meta property=\"og:type\" content=\"article\" \/>\n<meta property=\"og:title\" content=\"Siena, lavori al via per il nuovo ospedale: cantieri aperti alle Scotte\" \/>\n<meta property=\"og:description\" content=\"Ruspe in azione per la costruzione del lotto vol\u00e0no e inaugurata la nuova farmacia dell\u2019Azienda ospedaliero-universitaria. Al taglio del nastro il presidente della Regione Eugenio Giani e l\u2019assessore regionale Simone Bezzini\" \/>\n<meta property=\"og:url\" content=\"https:\/\/www.intoscana.it\/it\/siena-lavori-al-via-per-il-nuovo-ospedale-cantieri-aperti-alle-scotte\/\" \/>\n<meta property=\"og:site_name\" content=\"intoscana\" \/>\n<meta property=\"article:publisher\" content=\"https:\/\/www.facebook.com\/intoscana.it\" \/>\n<meta property=\"article:published_time\" content=\"2023-11-14T09:35:57+00:00\" \/>\n<meta property=\"og:image\" content=\"https:\/\/www.intoscana.it\/wp-content\/uploads\/inaguruazione-cantiere-volano-2.jpg\" \/>\n\t<meta property=\"og:image:width\" content=\"800\" \/>\n\t<meta property=\"og:image:height\" content=\"533\" \/>\n\t<meta property=\"og:image:type\" content=\"image\/jpeg\" \/>\n<meta name=\"author\" content=\"Redazione\" \/>\n<meta name=\"twitter:card\" content=\"summary_large_image\" \/>\n<meta name=\"twitter:creator\" content=\"@intoscana\" \/>\n<meta name=\"twitter:site\" content=\"@intoscana\" \/>\n<meta name=\"twitter:label1\" content=\"Written by\" \/>\n\t<meta name=\"twitter:data1\" content=\"Redazione\" \/>\n\t<meta name=\"twitter:label2\" content=\"Est. reading time\" \/>\n\t<meta name=\"twitter:data2\" content=\"1 minuto\" \/>\n<script type=\"application\/ld+json\" class=\"yoast-schema-graph\">{\"@context\":\"https:\/\/schema.org\",\"@graph\":[{\"@type\":\"WebPage\",\"@id\":\"https:\/\/www.intoscana.it\/it\/siena-lavori-al-via-per-il-nuovo-ospedale-cantieri-aperti-alle-scotte\/\",\"url\":\"https:\/\/www.intoscana.it\/it\/siena-lavori-al-via-per-il-nuovo-ospedale-cantieri-aperti-alle-scotte\/\",\"name\":\"Siena, lavori al via per il nuovo ospedale: cantieri aperti alle Scotte - intoscana\",\"isPartOf\":{\"@id\":\"https:\/\/www.intoscana.it\/it\/#website\"},\"primaryImageOfPage\":{\"@id\":\"https:\/\/www.intoscana.it\/it\/siena-lavori-al-via-per-il-nuovo-ospedale-cantieri-aperti-alle-scotte\/#primaryimage\"},\"image\":{\"@id\":\"https:\/\/www.intoscana.it\/it\/siena-lavori-al-via-per-il-nuovo-ospedale-cantieri-aperti-alle-scotte\/#primaryimage\"},\"thumbnailUrl\":\"https:\/\/www.intoscana.it\/wp-content\/uploads\/inaguruazione-cantiere-volano-2.jpg\",\"datePublished\":\"2023-11-14T09:35:57+00:00\",\"author\":{\"@id\":\"https:\/\/www.intoscana.it\/it\/#\/schema\/person\/9223810753230f20bd670fdd322661f8\"},\"description\":\"Ruspe in azione per la costruzione del lotto vol\u00e0no e inaugurata la nuova farmacia dell\u2019Azienda ospedaliero-universitaria. Al taglio del nastro il presidente della Regione Eugenio Giani e l\u2019assessore regionale Simone Bezzini\",\"breadcrumb\":{\"@id\":\"https:\/\/www.intoscana.it\/it\/siena-lavori-al-via-per-il-nuovo-ospedale-cantieri-aperti-alle-scotte\/#breadcrumb\"},\"inLanguage\":\"it-IT\",\"potentialAction\":[{\"@type\":\"ReadAction\",\"target\":[\"https:\/\/www.intoscana.it\/it\/siena-lavori-al-via-per-il-nuovo-ospedale-cantieri-aperti-alle-scotte\/\"]}]},{\"@type\":\"ImageObject\",\"inLanguage\":\"it-IT\",\"@id\":\"https:\/\/www.intoscana.it\/it\/siena-lavori-al-via-per-il-nuovo-ospedale-cantieri-aperti-alle-scotte\/#primaryimage\",\"url\":\"https:\/\/www.intoscana.it\/wp-content\/uploads\/inaguruazione-cantiere-volano-2.jpg\",\"contentUrl\":\"https:\/\/www.intoscana.it\/wp-content\/uploads\/inaguruazione-cantiere-volano-2.jpg\",\"width\":800,\"height\":533},{\"@type\":\"BreadcrumbList\",\"@id\":\"https:\/\/www.intoscana.it\/it\/siena-lavori-al-via-per-il-nuovo-ospedale-cantieri-aperti-alle-scotte\/#breadcrumb\",\"itemListElement\":[{\"@type\":\"ListItem\",\"position\":1,\"name\":\"Home\",\"item\":\"https:\/\/www.intoscana.it\/it\/\"},{\"@type\":\"ListItem\",\"position\":2,\"name\":\"Siena, lavori al via per il nuovo ospedale: cantieri aperti alle Scotte\"}]},{\"@type\":\"WebSite\",\"@id\":\"https:\/\/www.intoscana.it\/it\/#website\",\"url\":\"https:\/\/www.intoscana.it\/it\/\",\"name\":\"intoscana\",\"description\":\"\",\"potentialAction\":[{\"@type\":\"SearchAction\",\"target\":{\"@type\":\"EntryPoint\",\"urlTemplate\":\"https:\/\/www.intoscana.it\/it\/?s={search_term_string}\"},\"query-input\":{\"@type\":\"PropertyValueSpecification\",\"valueRequired\":true,\"valueName\":\"search_term_string\"}}],\"inLanguage\":\"it-IT\"},{\"@type\":\"Person\",\"@id\":\"https:\/\/www.intoscana.it\/it\/#\/schema\/person\/9223810753230f20bd670fdd322661f8\",\"name\":\"Redazione\",\"url\":\"https:\/\/www.intoscana.it\/it\/author\/redazione\/\"}]}<\/script>\n<!-- \/ Yoast SEO Premium plugin. -->","yoast_head_json":{"title":"Siena, lavori al via per il nuovo ospedale: cantieri aperti alle Scotte - intoscana","description":"Ruspe in azione per la costruzione del lotto vol\u00e0no e inaugurata la nuova farmacia dell\u2019Azienda ospedaliero-universitaria. Al taglio del nastro il presidente della Regione Eugenio Giani e l\u2019assessore regionale Simone Bezzini","robots":{"index":"index","follow":"follow","max-snippet":"max-snippet:-1","max-image-preview":"max-image-preview:large","max-video-preview":"max-video-preview:-1"},"canonical":"https:\/\/www.intoscana.it\/it\/siena-lavori-al-via-per-il-nuovo-ospedale-cantieri-aperti-alle-scotte\/","og_locale":"it_IT","og_type":"article","og_title":"Siena, lavori al via per il nuovo ospedale: cantieri aperti alle Scotte","og_description":"Ruspe in azione per la costruzione del lotto vol\u00e0no e inaugurata la nuova farmacia dell\u2019Azienda ospedaliero-universitaria. Al taglio del nastro il presidente della Regione Eugenio Giani e l\u2019assessore regionale Simone Bezzini","og_url":"https:\/\/www.intoscana.it\/it\/siena-lavori-al-via-per-il-nuovo-ospedale-cantieri-aperti-alle-scotte\/","og_site_name":"intoscana","article_publisher":"https:\/\/www.facebook.com\/intoscana.it","article_published_time":"2023-11-14T09:35:57+00:00","og_image":[{"width":800,"height":533,"url":"https:\/\/www.intoscana.it\/wp-content\/uploads\/inaguruazione-cantiere-volano-2.jpg","type":"image\/jpeg"}],"author":"Redazione","twitter_card":"summary_large_image","twitter_creator":"@intoscana","twitter_site":"@intoscana","twitter_misc":{"Written by":"Redazione","Est. reading time":"1 minuto"},"schema":{"@context":"https:\/\/schema.org","@graph":[{"@type":"WebPage","@id":"https:\/\/www.intoscana.it\/it\/siena-lavori-al-via-per-il-nuovo-ospedale-cantieri-aperti-alle-scotte\/","url":"https:\/\/www.intoscana.it\/it\/siena-lavori-al-via-per-il-nuovo-ospedale-cantieri-aperti-alle-scotte\/","name":"Siena, lavori al via per il nuovo ospedale: cantieri aperti alle Scotte - intoscana","isPartOf":{"@id":"https:\/\/www.intoscana.it\/it\/#website"},"primaryImageOfPage":{"@id":"https:\/\/www.intoscana.it\/it\/siena-lavori-al-via-per-il-nuovo-ospedale-cantieri-aperti-alle-scotte\/#primaryimage"},"image":{"@id":"https:\/\/www.intoscana.it\/it\/siena-lavori-al-via-per-il-nuovo-ospedale-cantieri-aperti-alle-scotte\/#primaryimage"},"thumbnailUrl":"https:\/\/www.intoscana.it\/wp-content\/uploads\/inaguruazione-cantiere-volano-2.jpg","datePublished":"2023-11-14T09:35:57+00:00","author":{"@id":"https:\/\/www.intoscana.it\/it\/#\/schema\/person\/9223810753230f20bd670fdd322661f8"},"description":"Ruspe in azione per la costruzione del lotto vol\u00e0no e inaugurata la nuova farmacia dell\u2019Azienda ospedaliero-universitaria. Al taglio del nastro il presidente della Regione Eugenio Giani e l\u2019assessore regionale Simone Bezzini","breadcrumb":{"@id":"https:\/\/www.intoscana.it\/it\/siena-lavori-al-via-per-il-nuovo-ospedale-cantieri-aperti-alle-scotte\/#breadcrumb"},"inLanguage":"it-IT","potentialAction":[{"@type":"ReadAction","target":["https:\/\/www.intoscana.it\/it\/siena-lavori-al-via-per-il-nuovo-ospedale-cantieri-aperti-alle-scotte\/"]}]},{"@type":"ImageObject","inLanguage":"it-IT","@id":"https:\/\/www.intoscana.it\/it\/siena-lavori-al-via-per-il-nuovo-ospedale-cantieri-aperti-alle-scotte\/#primaryimage","url":"https:\/\/www.intoscana.it\/wp-content\/uploads\/inaguruazione-cantiere-volano-2.jpg","contentUrl":"https:\/\/www.intoscana.it\/wp-content\/uploads\/inaguruazione-cantiere-volano-2.jpg","width":800,"height":533},{"@type":"BreadcrumbList","@id":"https:\/\/www.intoscana.it\/it\/siena-lavori-al-via-per-il-nuovo-ospedale-cantieri-aperti-alle-scotte\/#breadcrumb","itemListElement":[{"@type":"ListItem","position":1,"name":"Home","item":"https:\/\/www.intoscana.it\/it\/"},{"@type":"ListItem","position":2,"name":"Siena, lavori al via per il nuovo ospedale: cantieri aperti alle Scotte"}]},{"@type":"WebSite","@id":"https:\/\/www.intoscana.it\/it\/#website","url":"https:\/\/www.intoscana.it\/it\/","name":"intoscana","description":"","potentialAction":[{"@type":"SearchAction","target":{"@type":"EntryPoint","urlTemplate":"https:\/\/www.intoscana.it\/it\/?s={search_term_string}"},"query-input":{"@type":"PropertyValueSpecification","valueRequired":true,"valueName":"search_term_string"}}],"inLanguage":"it-IT"},{"@type":"Person","@id":"https:\/\/www.intoscana.it\/it\/#\/schema\/person\/9223810753230f20bd670fdd322661f8","name":"Redazione","url":"https:\/\/www.intoscana.it\/it\/author\/redazione\/"}]}},"_links":{"self":[{"href":"https:\/\/www.intoscana.it\/it\/wp-json\/wp\/v2\/posts\/314650","targetHints":{"allow":["GET"]}}],"collection":[{"href":"https:\/\/www.intoscana.it\/it\/wp-json\/wp\/v2\/posts"}],"about":[{"href":"https:\/\/www.intoscana.it\/it\/wp-json\/wp\/v2\/types\/post"}],"author":[{"embeddable":true,"href":"https:\/\/www.intoscana.it\/it\/wp-json\/wp\/v2\/users\/525"}],"replies":[{"embeddable":true,"href":"https:\/\/www.intoscana.it\/it\/wp-json\/wp\/v2\/comments?post=314650"}],"version-history":[{"count":0,"href":"https:\/\/www.intoscana.it\/it\/wp-json\/wp\/v2\/posts\/314650\/revisions"}],"wp:featuredmedia":[{"embeddable":true,"href":"https:\/\/www.intoscana.it\/it\/wp-json\/wp\/v2\/media\/314665"}],"wp:attachment":[{"href":"https:\/\/www.intoscana.it\/it\/wp-json\/wp\/v2\/media?parent=314650"}],"wp:term":[{"taxonomy":"category","embeddable":true,"href":"https:\/\/www.intoscana.it\/it\/wp-json\/wp\/v2\/categories?post=314650"},{"taxonomy":"post_tag","embeddable":true,"href":"https:\/\/www.intoscana.it\/it\/wp-json\/wp\/v2\/tags?post=314650"}],"curies":[{"name":"wp","href":"https:\/\/api.w.org\/{rel}","templated":true}]}}