{"id":314968,"date":"2023-11-16T10:52:59","date_gmt":"2023-11-16T09:52:59","guid":{"rendered":"https:\/\/www.intoscana.it\/it\/?p=314968"},"modified":"2023-11-16T22:22:33","modified_gmt":"2023-11-16T21:22:33","slug":"il-tesoro-ritrovato-il-regio-archivio-fotografico-degli-uffizi-adesso-e-online","status":"publish","type":"post","link":"https:\/\/www.intoscana.it\/it\/il-tesoro-ritrovato-il-regio-archivio-fotografico-degli-uffizi-adesso-e-online\/","title":{"rendered":"Il tesoro ritrovato: il Regio Archivio Fotografico degli Uffizi adesso \u00e8 online"},"content":{"rendered":"<p>Creduto perso, poi ritrovato nel 2018 durante i lavori per i Nuovi Uffizi e adesso digitalizzato e messo online: il <strong>Regio Archivio Fotografico degli Uffizi <\/strong>\u00e8 ora accessibile a tutti &#8211; sul <a href=\"https:\/\/fotoinventari.uffizi.it\/it\/ricerca-archivio-regio\" target=\"_blank\" rel=\"noopener\" class=\"broken_link\">sito del museo<\/a>\u00a0&#8211; come nelle intenzione del suo &#8220;creatore&#8221;, il direttore delle Gallerie Fiorentine Corrado Ricci che lo istitu\u00ec nel 1903.<\/p>\n<p>\u201c<em>\u00c8 il sogno di tutti trovare un tesoro in soffitta<\/em>&#8220;, ha detto il direttore delle Gallerie<strong> Eike Schmidt<\/strong> &#8211; <em>E le foto riemerse dalle stanze nascoste degli Uffizi sono un tesoro nel senso pi\u00f9 letterale del termine. <mark>\u00c8 vero che il loro valore materiale \u00e8 enorme, ma quello che per noi tutti conta di pi\u00f9 \u00e8 che raccontano la Storia, con fedelt\u00e0 e con poesia. E poi c\u2019\u00e8 il valore aggiunto di vedere come erano conservate e consultate<\/em>&#8220;.<\/mark><\/p>\n<figure id=\"post-315023 media-315023\" class=\"align-none\"><img decoding=\"async\" src=\"https:\/\/www.intoscana.it\/wp-content\/uploads\/Foto-di-lavoro-1-1.jpg\" alt=\"\" \/><\/figure>\n<div class=\"titleimg\">Regio Archivio Fotografico delle Gallerie degli Uffizi \u2013 progetto censimento e digitalizzazione Cristian Ceccanti \u2013 Chiara Naldi \u2013 Marta Binazzi<\/div>\n<h3>La collezione<\/h3>\n<p>L\u2019archivio raccoglie oltre <strong>45mile fotografie<\/strong> realizzate con varie tecniche. Si tratta principalmente di riproduzioni, effettuate da circa 300 autori tra fotografi, editori e stampatori, di opere d&#8217;arte italiane e straniere, ma anche monumenti, paesaggi, persone ed eventi storici, non solo fiorentini. C&#8217;\u00e8, ad esempio, la distruzione della chiesa degli Scalzi affrescata dal Tiepolo a Venezia durante la prima guerra mondiale o la costruzione della diga di Malamocco, sempre nel veneziano. <mark>L\u2019 arco di tempo coperto da queste immagini va dagli albori della fotografia a met\u00e0 Ottocento fino agli anni Sessanta del secolo scorso.<\/mark><\/p>\n<h3>Il ritrovamento<\/h3>\n<p>Quando \u00e8 stata rinvenuta cinque anni fa, la collezione era ancora all\u2019interno dei grandi <strong>contenitori originali<\/strong>, realizzati su misura all\u2019inizio del Novecento per facilitare la consultazione e la conservazione del materiale fotografico. Tre armadi verticali contenevano le immagini di piccolo e medio formato in 180 cassetti apribili a ribalta, due armadi longitudinali con 40 piani scorrevoli ospitavano i grandi formati e 41 scatole di legno e cartone erano dedicate al settore topografico della raccolta.<\/p>\n<p>Le <strong>fotografie<\/strong> erano state disposte in ordine alfabetico per autore e luogo e riposte in cartelline numerate, corredate da elenchi e da precise indicazioni degli autori delle opere riprodotte e delle loro immagini. Subito dopo il ritrovamento, furono effettuate operazioni di spolveratura delle immagini, oltre che manutenzione degli armadi e delle scatole. \u00c8 stato quindi compiuto il lavoro di <strong>digitalizzazione<\/strong> del fondo.<\/p>\n<p>La piattaforma di consultazione consente di navigare nell\u2019archivio <mark>ricercando, artisti, opere, fotografi, localit\u00e0 e tecniche fotografiche; possibile vedere sia il recto che il verso delle fotografie d\u2019arte, di persone, panorami, monumenti, citt\u00e0 europee e luoghi esotici,<\/mark> anche scorrendole all\u2019interno delle loro cartelle e visionandone gli elenchi originali.<\/p>\n<p>La scoperta di questo prezioso patrimonio, che rappresenta <mark><\/mark>una delle pi\u00f9 importanti e antiche fototeche storiche dei musei italiani,<mark><\/mark> \u00e8 stata accompagnata da una ricerca sulla genesi del fondo e dalla creazione di un <strong>gruppo di studio<\/strong> cui hanno partecipato esperti di conservazione e di storia della fotografia, dell\u2019Opificio delle Pietre Dure, delle Universit\u00e0 di Firenze e di Udine e del Kunsthistorisches Institut Florenz.<\/p>\n<p>&nbsp;<\/p>\n<p><strong><em>\u00a0<\/em><\/strong><\/p>\n","protected":false},"excerpt":{"rendered":"<p>Ritenuto perduto, ma riscoperto nel 2018 durante dei lavori di ripristino in alcuni spazi chiusi da lungo tempo: raccoglie oltre 45mila fotografie<\/p>\n","protected":false},"author":525,"featured_media":315048,"comment_status":"open","ping_status":"open","sticky":false,"template":"","format":"standard","meta":{"_acf_changed":false,"footnotes":""},"categories":[493],"tags":[242,207],"class_list":["post-314968","post","type-post","status-publish","format-standard","has-post-thumbnail","hentry","category-cultura","tag-fotografia","tag-uffizi"],"acf":[],"yoast_head":"<!-- This site is optimized with the Yoast SEO Premium plugin v24.2 (Yoast SEO v25.6) - https:\/\/yoast.com\/wordpress\/plugins\/seo\/ -->\n<title>Il tesoro ritrovato: il Regio Archivio Fotografico degli Uffizi adesso \u00e8 online - intoscana<\/title>\n<meta name=\"description\" content=\"Ritenuto perduto ma riscoperto nel 2018 in alcuni spazi chiusi da lungo tempo: raccoglie oltre 45.000 fotografie ora anche online\" \/>\n<meta name=\"robots\" content=\"index, follow, max-snippet:-1, max-image-preview:large, max-video-preview:-1\" \/>\n<link rel=\"canonical\" href=\"https:\/\/www.intoscana.it\/it\/il-tesoro-ritrovato-il-regio-archivio-fotografico-degli-uffizi-adesso-e-online\/\" \/>\n<meta property=\"og:locale\" content=\"it_IT\" \/>\n<meta property=\"og:type\" content=\"article\" \/>\n<meta property=\"og:title\" content=\"Il tesoro ritrovato: il Regio Archivio Fotografico degli Uffizi adesso \u00e8 online\" \/>\n<meta property=\"og:description\" content=\"Ritenuto perduto ma riscoperto nel 2018 in alcuni spazi chiusi da lungo tempo: raccoglie oltre 45.000 fotografie ora anche online\" \/>\n<meta property=\"og:url\" content=\"https:\/\/www.intoscana.it\/it\/il-tesoro-ritrovato-il-regio-archivio-fotografico-degli-uffizi-adesso-e-online\/\" \/>\n<meta property=\"og:site_name\" content=\"intoscana\" \/>\n<meta property=\"article:publisher\" content=\"https:\/\/www.facebook.com\/intoscana.it\" \/>\n<meta property=\"article:published_time\" content=\"2023-11-16T09:52:59+00:00\" \/>\n<meta property=\"article:modified_time\" content=\"2023-11-16T21:22:33+00:00\" \/>\n<meta property=\"og:image\" content=\"https:\/\/www.intoscana.it\/wp-content\/uploads\/Tribuna-Uffizi-2-scaled.jpg\" \/>\n\t<meta property=\"og:image:width\" content=\"2048\" \/>\n\t<meta property=\"og:image:height\" content=\"1558\" \/>\n\t<meta property=\"og:image:type\" content=\"image\/jpeg\" \/>\n<meta name=\"author\" content=\"Redazione\" \/>\n<meta name=\"twitter:card\" content=\"summary_large_image\" \/>\n<meta name=\"twitter:creator\" content=\"@intoscana\" \/>\n<meta name=\"twitter:site\" content=\"@intoscana\" \/>\n<meta name=\"twitter:label1\" content=\"Written by\" \/>\n\t<meta name=\"twitter:data1\" content=\"Redazione\" \/>\n\t<meta name=\"twitter:label2\" content=\"Est. reading time\" \/>\n\t<meta name=\"twitter:data2\" content=\"2 minuti\" \/>\n<script type=\"application\/ld+json\" class=\"yoast-schema-graph\">{\"@context\":\"https:\/\/schema.org\",\"@graph\":[{\"@type\":\"WebPage\",\"@id\":\"https:\/\/www.intoscana.it\/it\/il-tesoro-ritrovato-il-regio-archivio-fotografico-degli-uffizi-adesso-e-online\/\",\"url\":\"https:\/\/www.intoscana.it\/it\/il-tesoro-ritrovato-il-regio-archivio-fotografico-degli-uffizi-adesso-e-online\/\",\"name\":\"Il tesoro ritrovato: il Regio Archivio Fotografico degli Uffizi adesso \u00e8 online - intoscana\",\"isPartOf\":{\"@id\":\"https:\/\/www.intoscana.it\/it\/#website\"},\"primaryImageOfPage\":{\"@id\":\"https:\/\/www.intoscana.it\/it\/il-tesoro-ritrovato-il-regio-archivio-fotografico-degli-uffizi-adesso-e-online\/#primaryimage\"},\"image\":{\"@id\":\"https:\/\/www.intoscana.it\/it\/il-tesoro-ritrovato-il-regio-archivio-fotografico-degli-uffizi-adesso-e-online\/#primaryimage\"},\"thumbnailUrl\":\"https:\/\/www.intoscana.it\/wp-content\/uploads\/Tribuna-Uffizi-2-scaled.jpg\",\"datePublished\":\"2023-11-16T09:52:59+00:00\",\"dateModified\":\"2023-11-16T21:22:33+00:00\",\"author\":{\"@id\":\"https:\/\/www.intoscana.it\/it\/#\/schema\/person\/9223810753230f20bd670fdd322661f8\"},\"description\":\"Ritenuto perduto ma riscoperto nel 2018 in alcuni spazi chiusi da lungo tempo: raccoglie oltre 45.000 fotografie ora anche online\",\"breadcrumb\":{\"@id\":\"https:\/\/www.intoscana.it\/it\/il-tesoro-ritrovato-il-regio-archivio-fotografico-degli-uffizi-adesso-e-online\/#breadcrumb\"},\"inLanguage\":\"it-IT\",\"potentialAction\":[{\"@type\":\"ReadAction\",\"target\":[\"https:\/\/www.intoscana.it\/it\/il-tesoro-ritrovato-il-regio-archivio-fotografico-degli-uffizi-adesso-e-online\/\"]}]},{\"@type\":\"ImageObject\",\"inLanguage\":\"it-IT\",\"@id\":\"https:\/\/www.intoscana.it\/it\/il-tesoro-ritrovato-il-regio-archivio-fotografico-degli-uffizi-adesso-e-online\/#primaryimage\",\"url\":\"https:\/\/www.intoscana.it\/wp-content\/uploads\/Tribuna-Uffizi-2-scaled.jpg\",\"contentUrl\":\"https:\/\/www.intoscana.it\/wp-content\/uploads\/Tribuna-Uffizi-2-scaled.jpg\",\"width\":2048,\"height\":1558,\"caption\":\"Regio Archivio Fotografico delle Gallerie degli Uffizi - progetto censimento e digitalizzazione Cristian Ceccanti - Chiara Naldi - Marta Binazzi\"},{\"@type\":\"BreadcrumbList\",\"@id\":\"https:\/\/www.intoscana.it\/it\/il-tesoro-ritrovato-il-regio-archivio-fotografico-degli-uffizi-adesso-e-online\/#breadcrumb\",\"itemListElement\":[{\"@type\":\"ListItem\",\"position\":1,\"name\":\"Home\",\"item\":\"https:\/\/www.intoscana.it\/it\/\"},{\"@type\":\"ListItem\",\"position\":2,\"name\":\"Il tesoro ritrovato: il Regio Archivio Fotografico degli Uffizi adesso \u00e8 online\"}]},{\"@type\":\"WebSite\",\"@id\":\"https:\/\/www.intoscana.it\/it\/#website\",\"url\":\"https:\/\/www.intoscana.it\/it\/\",\"name\":\"intoscana\",\"description\":\"\",\"potentialAction\":[{\"@type\":\"SearchAction\",\"target\":{\"@type\":\"EntryPoint\",\"urlTemplate\":\"https:\/\/www.intoscana.it\/it\/?s={search_term_string}\"},\"query-input\":{\"@type\":\"PropertyValueSpecification\",\"valueRequired\":true,\"valueName\":\"search_term_string\"}}],\"inLanguage\":\"it-IT\"},{\"@type\":\"Person\",\"@id\":\"https:\/\/www.intoscana.it\/it\/#\/schema\/person\/9223810753230f20bd670fdd322661f8\",\"name\":\"Redazione\",\"url\":\"https:\/\/www.intoscana.it\/it\/author\/redazione\/\"}]}<\/script>\n<!-- \/ Yoast SEO Premium plugin. -->","yoast_head_json":{"title":"Il tesoro ritrovato: il Regio Archivio Fotografico degli Uffizi adesso \u00e8 online - intoscana","description":"Ritenuto perduto ma riscoperto nel 2018 in alcuni spazi chiusi da lungo tempo: raccoglie oltre 45.000 fotografie ora anche online","robots":{"index":"index","follow":"follow","max-snippet":"max-snippet:-1","max-image-preview":"max-image-preview:large","max-video-preview":"max-video-preview:-1"},"canonical":"https:\/\/www.intoscana.it\/it\/il-tesoro-ritrovato-il-regio-archivio-fotografico-degli-uffizi-adesso-e-online\/","og_locale":"it_IT","og_type":"article","og_title":"Il tesoro ritrovato: il Regio Archivio Fotografico degli Uffizi adesso \u00e8 online","og_description":"Ritenuto perduto ma riscoperto nel 2018 in alcuni spazi chiusi da lungo tempo: raccoglie oltre 45.000 fotografie ora anche online","og_url":"https:\/\/www.intoscana.it\/it\/il-tesoro-ritrovato-il-regio-archivio-fotografico-degli-uffizi-adesso-e-online\/","og_site_name":"intoscana","article_publisher":"https:\/\/www.facebook.com\/intoscana.it","article_published_time":"2023-11-16T09:52:59+00:00","article_modified_time":"2023-11-16T21:22:33+00:00","og_image":[{"width":2048,"height":1558,"url":"https:\/\/www.intoscana.it\/wp-content\/uploads\/Tribuna-Uffizi-2-scaled.jpg","type":"image\/jpeg"}],"author":"Redazione","twitter_card":"summary_large_image","twitter_creator":"@intoscana","twitter_site":"@intoscana","twitter_misc":{"Written by":"Redazione","Est. reading time":"2 minuti"},"schema":{"@context":"https:\/\/schema.org","@graph":[{"@type":"WebPage","@id":"https:\/\/www.intoscana.it\/it\/il-tesoro-ritrovato-il-regio-archivio-fotografico-degli-uffizi-adesso-e-online\/","url":"https:\/\/www.intoscana.it\/it\/il-tesoro-ritrovato-il-regio-archivio-fotografico-degli-uffizi-adesso-e-online\/","name":"Il tesoro ritrovato: il Regio Archivio Fotografico degli Uffizi adesso \u00e8 online - intoscana","isPartOf":{"@id":"https:\/\/www.intoscana.it\/it\/#website"},"primaryImageOfPage":{"@id":"https:\/\/www.intoscana.it\/it\/il-tesoro-ritrovato-il-regio-archivio-fotografico-degli-uffizi-adesso-e-online\/#primaryimage"},"image":{"@id":"https:\/\/www.intoscana.it\/it\/il-tesoro-ritrovato-il-regio-archivio-fotografico-degli-uffizi-adesso-e-online\/#primaryimage"},"thumbnailUrl":"https:\/\/www.intoscana.it\/wp-content\/uploads\/Tribuna-Uffizi-2-scaled.jpg","datePublished":"2023-11-16T09:52:59+00:00","dateModified":"2023-11-16T21:22:33+00:00","author":{"@id":"https:\/\/www.intoscana.it\/it\/#\/schema\/person\/9223810753230f20bd670fdd322661f8"},"description":"Ritenuto perduto ma riscoperto nel 2018 in alcuni spazi chiusi da lungo tempo: raccoglie oltre 45.000 fotografie ora anche online","breadcrumb":{"@id":"https:\/\/www.intoscana.it\/it\/il-tesoro-ritrovato-il-regio-archivio-fotografico-degli-uffizi-adesso-e-online\/#breadcrumb"},"inLanguage":"it-IT","potentialAction":[{"@type":"ReadAction","target":["https:\/\/www.intoscana.it\/it\/il-tesoro-ritrovato-il-regio-archivio-fotografico-degli-uffizi-adesso-e-online\/"]}]},{"@type":"ImageObject","inLanguage":"it-IT","@id":"https:\/\/www.intoscana.it\/it\/il-tesoro-ritrovato-il-regio-archivio-fotografico-degli-uffizi-adesso-e-online\/#primaryimage","url":"https:\/\/www.intoscana.it\/wp-content\/uploads\/Tribuna-Uffizi-2-scaled.jpg","contentUrl":"https:\/\/www.intoscana.it\/wp-content\/uploads\/Tribuna-Uffizi-2-scaled.jpg","width":2048,"height":1558,"caption":"Regio Archivio Fotografico delle Gallerie degli Uffizi - progetto censimento e digitalizzazione Cristian Ceccanti - Chiara Naldi - Marta Binazzi"},{"@type":"BreadcrumbList","@id":"https:\/\/www.intoscana.it\/it\/il-tesoro-ritrovato-il-regio-archivio-fotografico-degli-uffizi-adesso-e-online\/#breadcrumb","itemListElement":[{"@type":"ListItem","position":1,"name":"Home","item":"https:\/\/www.intoscana.it\/it\/"},{"@type":"ListItem","position":2,"name":"Il tesoro ritrovato: il Regio Archivio Fotografico degli Uffizi adesso \u00e8 online"}]},{"@type":"WebSite","@id":"https:\/\/www.intoscana.it\/it\/#website","url":"https:\/\/www.intoscana.it\/it\/","name":"intoscana","description":"","potentialAction":[{"@type":"SearchAction","target":{"@type":"EntryPoint","urlTemplate":"https:\/\/www.intoscana.it\/it\/?s={search_term_string}"},"query-input":{"@type":"PropertyValueSpecification","valueRequired":true,"valueName":"search_term_string"}}],"inLanguage":"it-IT"},{"@type":"Person","@id":"https:\/\/www.intoscana.it\/it\/#\/schema\/person\/9223810753230f20bd670fdd322661f8","name":"Redazione","url":"https:\/\/www.intoscana.it\/it\/author\/redazione\/"}]}},"_links":{"self":[{"href":"https:\/\/www.intoscana.it\/it\/wp-json\/wp\/v2\/posts\/314968","targetHints":{"allow":["GET"]}}],"collection":[{"href":"https:\/\/www.intoscana.it\/it\/wp-json\/wp\/v2\/posts"}],"about":[{"href":"https:\/\/www.intoscana.it\/it\/wp-json\/wp\/v2\/types\/post"}],"author":[{"embeddable":true,"href":"https:\/\/www.intoscana.it\/it\/wp-json\/wp\/v2\/users\/525"}],"replies":[{"embeddable":true,"href":"https:\/\/www.intoscana.it\/it\/wp-json\/wp\/v2\/comments?post=314968"}],"version-history":[{"count":0,"href":"https:\/\/www.intoscana.it\/it\/wp-json\/wp\/v2\/posts\/314968\/revisions"}],"wp:featuredmedia":[{"embeddable":true,"href":"https:\/\/www.intoscana.it\/it\/wp-json\/wp\/v2\/media\/315048"}],"wp:attachment":[{"href":"https:\/\/www.intoscana.it\/it\/wp-json\/wp\/v2\/media?parent=314968"}],"wp:term":[{"taxonomy":"category","embeddable":true,"href":"https:\/\/www.intoscana.it\/it\/wp-json\/wp\/v2\/categories?post=314968"},{"taxonomy":"post_tag","embeddable":true,"href":"https:\/\/www.intoscana.it\/it\/wp-json\/wp\/v2\/tags?post=314968"}],"curies":[{"name":"wp","href":"https:\/\/api.w.org\/{rel}","templated":true}]}}