{"id":314975,"date":"2023-11-16T13:24:28","date_gmt":"2023-11-16T12:24:28","guid":{"rendered":"https:\/\/www.intoscana.it\/it\/?p=314975"},"modified":"2023-11-16T14:43:48","modified_gmt":"2023-11-16T13:43:48","slug":"affidamento-familiare-la-toscana-si-conferma-regione-modello","status":"publish","type":"post","link":"https:\/\/www.intoscana.it\/it\/affidamento-familiare-la-toscana-si-conferma-regione-modello\/","title":{"rendered":"Affidamento familiare, la Toscana si conferma regione modello"},"content":{"rendered":"<p>In Toscana il ricorso all&#8217;<strong>affidamento familiare<\/strong> si conferma superiore alla <strong>media nazionale<\/strong>. Un esempio virtuoso per altre realt\u00e0. Ora, a rendere omogenee e condivise le <strong>procedure operative<\/strong> per l\u2019<strong>affidamento familiare<\/strong> nei <strong>24 centri affidi della Regione<\/strong>, sono arrivate le nuove linee di indirizzo regionali.<\/p>\n<p>Una novit\u00e0 al centro dell\u2019incontro svoltosi a Firenze presso il centro \u201c<em>Il Fuligno<\/em>\u201d, \u00a0alla presenza dell\u2019assessora regionale per le politiche sociali <strong>Serena Spinelli<\/strong>. La tappa finale del breve <strong>tour di incontri<\/strong> realizzati nelle <strong>tre aree vaste della Toscana<\/strong> in collaborazione con il Centro regionale di documentazione per l&#8217;infanzia e con l&#8217;Istituto degli Innocenti, per condividere l&#8217;aggiornamento degli <strong>indirizzi operativi<\/strong> e approfondire i temi normativi e procedurali legati all&#8217;<strong>affidamento familiare dei minori<\/strong>.<\/p>\n<p>Una folta platea composta da pi\u00f9 di un centinaio di <mark>operatori dei centri affido e dei servizi socio-sanitari territoriali, assistenti sociali, psicologi e associazioni del terzo settore<\/mark> ha partecipato alla discussione che ha visto anche la partecipazione di <strong>Silvia Chiarantini<\/strong>, presidente del Tribunale per i minorenni di Firenze.<\/p>\n<h3>Affidamento familiare, in Toscana sopra la media<\/h3>\n<p>\u201c<em>Sono molto soddisfatta della grande partecipazione a tutti e tre gli incontri<\/em> \u2013 ha sottolineato <strong>Serena Spinelli<\/strong> nel suo intervento \u2013 <em>segno chiaro di una forte motivazione da parte di tutti coloro che sono chiamati a utilizzare questi indirizzi operativi. La cura degli operatori verso tanti minori che vivono una fase delicata della loro vita familiare \u00e8 evidenziata anche dai risultati: l\u2019incidenza in Toscana del ricorso all\u2019affidamento familiare \u00e8 superiore alla media nazionale<\/em>\u201d.<\/p>\n<h3>Spinelli: &#8220;Un risultato frutto di un lavoro di squadra&#8221;<\/h3>\n<p>\u201c<em>Quello che vogliamo \u00e8 sempre garantire diritti, protezione e opportunit\u00e0 ai bambini e alle bambine, ai ragazzi e alle ragazze, a prescindere dalle condizioni di partenza e quindi a partire da chi ha pi\u00f9 bisogno. L\u2019affidamento familiare<\/em> \u2013 prosegue l\u2019assessora &#8211; <em>costituisce una delle forme pi\u00f9 belle e generose di aiuto per i minori in situazioni di difficolt\u00e0. Questo documento ha lo scopo di supportare l&#8217;intero percorso di affidamento in tutti i centri regionali ed \u00e8 frutto di un lavoro che abbiamo voluto realizzare in maniera condivisa con tutti i soggetti convolti, a partire proprio dal confronto con chi opera quotidianamente in un ambito cos\u00ec delicato e complesso&#8221;<\/em>.<\/p>\n<figure id=\"post-256479 media-256479\" class=\"align-none\"><img decoding=\"async\" src=\"https:\/\/www.intoscana.it\/wp-content\/uploads\/Schermata-2022-11-05-alle-19.20.50-e1669011438384.png\" alt=\"\" \/><\/figure>\n<div class=\"titleimg\">Serena Spinelli<\/div>\n<h3>Uno strumento condiviso per i Centri Affidi<\/h3>\n<p>Il documento con le nuove linee d\u2019indirizzo sull\u2019affido \u00e8 il risultato dell\u2019operato di un gruppo di lavoro del <strong>Tavolo di Coordinamento regionale<\/strong> sull\u2019affido, coordinato da due ricercatori dell\u2019<strong>Istituto degli Innocenti<\/strong> e del <strong>Centro regionale di documentazione<\/strong> per l&#8217;infanzia e l&#8217;adolescenza.<\/p>\n<p>Il lavoro nasce dall\u2019esigenza avvertita da parte degli operatori dei <strong>Centri Affidi<\/strong> della Regione Toscana di rendere pi\u00f9 omogenee le <strong>procedure operative<\/strong>, pur nel rispetto delle specificit\u00e0 organizzative e territoriali, attraverso la promozione di un linguaggio comune e prassi operative condivise, anche in riferimento alla collaborazione tra <strong>ambito sociale e ambito sanitario.<\/strong><\/p>\n<p>Il documento \u00e8 stato redatto a partire dal confronto tra le procedure diffuse nei vari <strong>Centri Affidi toscani<\/strong> che hanno permesso di produrre una prima bozza che \u00e8 stata progressivamente integrata, modificata e approfondita.<\/p>\n","protected":false},"excerpt":{"rendered":"<p>Le nuove linee di indirizzo per le procedure operative dei 24 centri affidi discusse in un ciclo di incontri. Spinelli: &#8220;Un risultato frutto di un lavoro di squadra&#8221;<\/p>\n","protected":false},"author":525,"featured_media":145779,"comment_status":"open","ping_status":"open","sticky":false,"template":"","format":"standard","meta":{"_acf_changed":false,"footnotes":""},"categories":[494],"tags":[4964,4822],"class_list":["post-314975","post","type-post","status-publish","format-standard","has-post-thumbnail","hentry","category-attualita","tag-infanzia","tag-serena-spinelli"],"acf":[],"yoast_head":"<!-- This site is optimized with the Yoast SEO Premium plugin v24.2 (Yoast SEO v25.6) - https:\/\/yoast.com\/wordpress\/plugins\/seo\/ -->\n<title>Affidamento familiare, la Toscana si conferma regione modello - intoscana<\/title>\n<meta name=\"description\" content=\"Le nuove linee di indirizzo per le procedure operative dei 24 centri affidi discusse in un ciclo di incontri\" \/>\n<meta name=\"robots\" content=\"index, follow, max-snippet:-1, max-image-preview:large, max-video-preview:-1\" \/>\n<link rel=\"canonical\" href=\"https:\/\/www.intoscana.it\/it\/affidamento-familiare-la-toscana-si-conferma-regione-modello\/\" \/>\n<meta property=\"og:locale\" content=\"it_IT\" \/>\n<meta property=\"og:type\" content=\"article\" \/>\n<meta property=\"og:title\" content=\"Affidamento familiare, la Toscana si conferma regione modello\" \/>\n<meta property=\"og:description\" content=\"Le nuove linee di indirizzo per le procedure operative dei 24 centri affidi discusse in un ciclo di incontri\" \/>\n<meta property=\"og:url\" content=\"https:\/\/www.intoscana.it\/it\/affidamento-familiare-la-toscana-si-conferma-regione-modello\/\" \/>\n<meta property=\"og:site_name\" content=\"intoscana\" \/>\n<meta property=\"article:publisher\" content=\"https:\/\/www.facebook.com\/intoscana.it\" \/>\n<meta property=\"article:published_time\" content=\"2023-11-16T12:24:28+00:00\" \/>\n<meta property=\"article:modified_time\" content=\"2023-11-16T13:43:48+00:00\" \/>\n<meta property=\"og:image\" content=\"https:\/\/www.intoscana.it\/wp-content\/uploads\/asilo-11.jpg\" \/>\n\t<meta property=\"og:image:width\" content=\"1000\" \/>\n\t<meta property=\"og:image:height\" content=\"666\" \/>\n\t<meta property=\"og:image:type\" content=\"image\/jpeg\" \/>\n<meta name=\"author\" content=\"Redazione\" \/>\n<meta name=\"twitter:card\" content=\"summary_large_image\" \/>\n<meta name=\"twitter:creator\" content=\"@intoscana\" \/>\n<meta name=\"twitter:site\" content=\"@intoscana\" \/>\n<meta name=\"twitter:label1\" content=\"Written by\" \/>\n\t<meta name=\"twitter:data1\" content=\"Redazione\" \/>\n\t<meta name=\"twitter:label2\" content=\"Est. reading time\" \/>\n\t<meta name=\"twitter:data2\" content=\"2 minuti\" \/>\n<script type=\"application\/ld+json\" class=\"yoast-schema-graph\">{\"@context\":\"https:\/\/schema.org\",\"@graph\":[{\"@type\":\"WebPage\",\"@id\":\"https:\/\/www.intoscana.it\/it\/affidamento-familiare-la-toscana-si-conferma-regione-modello\/\",\"url\":\"https:\/\/www.intoscana.it\/it\/affidamento-familiare-la-toscana-si-conferma-regione-modello\/\",\"name\":\"Affidamento familiare, la Toscana si conferma regione modello - intoscana\",\"isPartOf\":{\"@id\":\"https:\/\/www.intoscana.it\/it\/#website\"},\"primaryImageOfPage\":{\"@id\":\"https:\/\/www.intoscana.it\/it\/affidamento-familiare-la-toscana-si-conferma-regione-modello\/#primaryimage\"},\"image\":{\"@id\":\"https:\/\/www.intoscana.it\/it\/affidamento-familiare-la-toscana-si-conferma-regione-modello\/#primaryimage\"},\"thumbnailUrl\":\"https:\/\/www.intoscana.it\/wp-content\/uploads\/asilo-11.jpg\",\"datePublished\":\"2023-11-16T12:24:28+00:00\",\"dateModified\":\"2023-11-16T13:43:48+00:00\",\"author\":{\"@id\":\"https:\/\/www.intoscana.it\/it\/#\/schema\/person\/9223810753230f20bd670fdd322661f8\"},\"description\":\"Le nuove linee di indirizzo per le procedure operative dei 24 centri affidi discusse in un ciclo di incontri\",\"breadcrumb\":{\"@id\":\"https:\/\/www.intoscana.it\/it\/affidamento-familiare-la-toscana-si-conferma-regione-modello\/#breadcrumb\"},\"inLanguage\":\"it-IT\",\"potentialAction\":[{\"@type\":\"ReadAction\",\"target\":[\"https:\/\/www.intoscana.it\/it\/affidamento-familiare-la-toscana-si-conferma-regione-modello\/\"]}]},{\"@type\":\"ImageObject\",\"inLanguage\":\"it-IT\",\"@id\":\"https:\/\/www.intoscana.it\/it\/affidamento-familiare-la-toscana-si-conferma-regione-modello\/#primaryimage\",\"url\":\"https:\/\/www.intoscana.it\/wp-content\/uploads\/asilo-11.jpg\",\"contentUrl\":\"https:\/\/www.intoscana.it\/wp-content\/uploads\/asilo-11.jpg\",\"width\":1000,\"height\":666},{\"@type\":\"BreadcrumbList\",\"@id\":\"https:\/\/www.intoscana.it\/it\/affidamento-familiare-la-toscana-si-conferma-regione-modello\/#breadcrumb\",\"itemListElement\":[{\"@type\":\"ListItem\",\"position\":1,\"name\":\"Home\",\"item\":\"https:\/\/www.intoscana.it\/it\/\"},{\"@type\":\"ListItem\",\"position\":2,\"name\":\"Affidamento familiare, la Toscana si conferma regione modello\"}]},{\"@type\":\"WebSite\",\"@id\":\"https:\/\/www.intoscana.it\/it\/#website\",\"url\":\"https:\/\/www.intoscana.it\/it\/\",\"name\":\"intoscana\",\"description\":\"\",\"potentialAction\":[{\"@type\":\"SearchAction\",\"target\":{\"@type\":\"EntryPoint\",\"urlTemplate\":\"https:\/\/www.intoscana.it\/it\/?s={search_term_string}\"},\"query-input\":{\"@type\":\"PropertyValueSpecification\",\"valueRequired\":true,\"valueName\":\"search_term_string\"}}],\"inLanguage\":\"it-IT\"},{\"@type\":\"Person\",\"@id\":\"https:\/\/www.intoscana.it\/it\/#\/schema\/person\/9223810753230f20bd670fdd322661f8\",\"name\":\"Redazione\",\"url\":\"https:\/\/www.intoscana.it\/it\/author\/redazione\/\"}]}<\/script>\n<!-- \/ Yoast SEO Premium plugin. -->","yoast_head_json":{"title":"Affidamento familiare, la Toscana si conferma regione modello - intoscana","description":"Le nuove linee di indirizzo per le procedure operative dei 24 centri affidi discusse in un ciclo di incontri","robots":{"index":"index","follow":"follow","max-snippet":"max-snippet:-1","max-image-preview":"max-image-preview:large","max-video-preview":"max-video-preview:-1"},"canonical":"https:\/\/www.intoscana.it\/it\/affidamento-familiare-la-toscana-si-conferma-regione-modello\/","og_locale":"it_IT","og_type":"article","og_title":"Affidamento familiare, la Toscana si conferma regione modello","og_description":"Le nuove linee di indirizzo per le procedure operative dei 24 centri affidi discusse in un ciclo di incontri","og_url":"https:\/\/www.intoscana.it\/it\/affidamento-familiare-la-toscana-si-conferma-regione-modello\/","og_site_name":"intoscana","article_publisher":"https:\/\/www.facebook.com\/intoscana.it","article_published_time":"2023-11-16T12:24:28+00:00","article_modified_time":"2023-11-16T13:43:48+00:00","og_image":[{"width":1000,"height":666,"url":"https:\/\/www.intoscana.it\/wp-content\/uploads\/asilo-11.jpg","type":"image\/jpeg"}],"author":"Redazione","twitter_card":"summary_large_image","twitter_creator":"@intoscana","twitter_site":"@intoscana","twitter_misc":{"Written by":"Redazione","Est. reading time":"2 minuti"},"schema":{"@context":"https:\/\/schema.org","@graph":[{"@type":"WebPage","@id":"https:\/\/www.intoscana.it\/it\/affidamento-familiare-la-toscana-si-conferma-regione-modello\/","url":"https:\/\/www.intoscana.it\/it\/affidamento-familiare-la-toscana-si-conferma-regione-modello\/","name":"Affidamento familiare, la Toscana si conferma regione modello - intoscana","isPartOf":{"@id":"https:\/\/www.intoscana.it\/it\/#website"},"primaryImageOfPage":{"@id":"https:\/\/www.intoscana.it\/it\/affidamento-familiare-la-toscana-si-conferma-regione-modello\/#primaryimage"},"image":{"@id":"https:\/\/www.intoscana.it\/it\/affidamento-familiare-la-toscana-si-conferma-regione-modello\/#primaryimage"},"thumbnailUrl":"https:\/\/www.intoscana.it\/wp-content\/uploads\/asilo-11.jpg","datePublished":"2023-11-16T12:24:28+00:00","dateModified":"2023-11-16T13:43:48+00:00","author":{"@id":"https:\/\/www.intoscana.it\/it\/#\/schema\/person\/9223810753230f20bd670fdd322661f8"},"description":"Le nuove linee di indirizzo per le procedure operative dei 24 centri affidi discusse in un ciclo di incontri","breadcrumb":{"@id":"https:\/\/www.intoscana.it\/it\/affidamento-familiare-la-toscana-si-conferma-regione-modello\/#breadcrumb"},"inLanguage":"it-IT","potentialAction":[{"@type":"ReadAction","target":["https:\/\/www.intoscana.it\/it\/affidamento-familiare-la-toscana-si-conferma-regione-modello\/"]}]},{"@type":"ImageObject","inLanguage":"it-IT","@id":"https:\/\/www.intoscana.it\/it\/affidamento-familiare-la-toscana-si-conferma-regione-modello\/#primaryimage","url":"https:\/\/www.intoscana.it\/wp-content\/uploads\/asilo-11.jpg","contentUrl":"https:\/\/www.intoscana.it\/wp-content\/uploads\/asilo-11.jpg","width":1000,"height":666},{"@type":"BreadcrumbList","@id":"https:\/\/www.intoscana.it\/it\/affidamento-familiare-la-toscana-si-conferma-regione-modello\/#breadcrumb","itemListElement":[{"@type":"ListItem","position":1,"name":"Home","item":"https:\/\/www.intoscana.it\/it\/"},{"@type":"ListItem","position":2,"name":"Affidamento familiare, la Toscana si conferma regione modello"}]},{"@type":"WebSite","@id":"https:\/\/www.intoscana.it\/it\/#website","url":"https:\/\/www.intoscana.it\/it\/","name":"intoscana","description":"","potentialAction":[{"@type":"SearchAction","target":{"@type":"EntryPoint","urlTemplate":"https:\/\/www.intoscana.it\/it\/?s={search_term_string}"},"query-input":{"@type":"PropertyValueSpecification","valueRequired":true,"valueName":"search_term_string"}}],"inLanguage":"it-IT"},{"@type":"Person","@id":"https:\/\/www.intoscana.it\/it\/#\/schema\/person\/9223810753230f20bd670fdd322661f8","name":"Redazione","url":"https:\/\/www.intoscana.it\/it\/author\/redazione\/"}]}},"_links":{"self":[{"href":"https:\/\/www.intoscana.it\/it\/wp-json\/wp\/v2\/posts\/314975","targetHints":{"allow":["GET"]}}],"collection":[{"href":"https:\/\/www.intoscana.it\/it\/wp-json\/wp\/v2\/posts"}],"about":[{"href":"https:\/\/www.intoscana.it\/it\/wp-json\/wp\/v2\/types\/post"}],"author":[{"embeddable":true,"href":"https:\/\/www.intoscana.it\/it\/wp-json\/wp\/v2\/users\/525"}],"replies":[{"embeddable":true,"href":"https:\/\/www.intoscana.it\/it\/wp-json\/wp\/v2\/comments?post=314975"}],"version-history":[{"count":0,"href":"https:\/\/www.intoscana.it\/it\/wp-json\/wp\/v2\/posts\/314975\/revisions"}],"wp:featuredmedia":[{"embeddable":true,"href":"https:\/\/www.intoscana.it\/it\/wp-json\/wp\/v2\/media\/145779"}],"wp:attachment":[{"href":"https:\/\/www.intoscana.it\/it\/wp-json\/wp\/v2\/media?parent=314975"}],"wp:term":[{"taxonomy":"category","embeddable":true,"href":"https:\/\/www.intoscana.it\/it\/wp-json\/wp\/v2\/categories?post=314975"},{"taxonomy":"post_tag","embeddable":true,"href":"https:\/\/www.intoscana.it\/it\/wp-json\/wp\/v2\/tags?post=314975"}],"curies":[{"name":"wp","href":"https:\/\/api.w.org\/{rel}","templated":true}]}}