{"id":315222,"date":"2023-11-17T12:03:17","date_gmt":"2023-11-17T11:03:17","guid":{"rendered":"https:\/\/www.intoscana.it\/it\/?p=315222"},"modified":"2023-11-30T15:05:17","modified_gmt":"2023-11-30T14:05:17","slug":"vernaccia-di-san-gimignano-le-nuove-annate-alla-wine-fest-di-maggio-2024","status":"publish","type":"post","link":"https:\/\/www.intoscana.it\/it\/vernaccia-di-san-gimignano-le-nuove-annate-alla-wine-fest-di-maggio-2024\/","title":{"rendered":"Vernaccia di San Gimignano, le nuove annate alla Wine fest di maggio 2024"},"content":{"rendered":"<p>Appuntamento <strong>dal 16 al 19 maggio<\/strong> con le anteprime del vino <strong>Vernaccia di San Gimignano<\/strong>. Il Consorzio ha scelto nel 2024 di presentare le<strong> nuove annate<\/strong> dello storico <strong>vino bianco di Toscana<\/strong> all\u2019interno della seconda edizione di \u201c<em>Regina Ribelle &#8211; Vernaccia di San Gimignano Wine Fest&#8221;<\/em>.<\/p>\n<p>L&#8217;evento, a giugno 2023, ha registrato oltre <strong>tremila degustazioni<\/strong> vendute a wine lover e operatori di settore e un buon ritorno mediatico. Secondo le intenzioni del consorzio\u00a0<em>\u201cRegina Ribelle Wine Fest vuole rappresentare l\u2019evento di riferimento per la Vernaccia di San Gimignano, con l\u2019obiettivo di raccontare la denominazione stessa e tutto il suo territorio a 360 gradi&#8221; <\/em>ha spiegato la presidente <strong>Irina Strozzi<\/strong><em>.<\/em><\/p>\n<h3>Le nuove annate della Vernaccia<\/h3>\n<p><em>&#8220;La scelta della primavera inoltrata ricade nella volont\u00e0 di presentare le Vernacce di San Gimignano d\u2019annata non pi\u00f9 in febbraio in occasione delle Anteprime di Toscana, ma in un periodo in cui sono al meglio della loro espressione e potenziale&#8221;<\/em>\u00a0ha puntualizzato la presidente<strong> Irina Strozzi<\/strong>.<\/p>\n<p>Per <strong>turisti e wine lovers<\/strong> l&#8217;occasione per vivere San Gimignano e i suoi dintorni in <em>&#8220;un <\/em><em>un evento di respiro molto ampio, che vuole, oltretutto, ricordare la candidatura della stessa<\/em>\u00a0<em>citt\u00e0 di San Gimignano a citt\u00e0 europea del vino, una citt\u00e0 che parla di vino con la sua Vernaccia di <\/em><em>San Gimignano fin dal 1276\u201d <\/em>ha concluso <strong>Irina Strozzi<\/strong>.<\/p>\n<h3>Le date ufficiali dell&#8217;anteprima<\/h3>\n<p>Ed ecco le date ufficiali:<strong>\u00a0gioved\u00ec 16 e venerd\u00ec 17 maggio 2024<\/strong> la citt\u00e0 di San Gimignano ospiter\u00e0 i <strong>giornalisti italiani ed esteri<\/strong> di settore, impegnati negli assaggi delle nuove annate e in un press tour sul territorio. La cena di gala si terr\u00e0 nel <strong>chiostro di Sant\u2019Agostino<\/strong>\u00a0e in un convegno scientifico che coinvolger\u00e0 <strong>relatori di caratura nazionale<\/strong> su temi di attualit\u00e0 del <strong>mondo del vino<\/strong>.<\/p>\n<p>Nel weekend del\u00a0<strong>18 e 19 maggio<\/strong>, l\u2019evento aprir\u00e0\u00a0al grande pubblico, con i <strong>desk dei produttori<\/strong> dislocati nelle piazze cittadine e attivit\u00e0 mirate all\u2019assaggio e alla conoscenza della Vernaccia di San Gimignano &#8211;\u00a0Regina\u00a0Bianca in una terra di Re Rossi &#8211; e dei suoi produttori. Previsti <strong>spettacoli in piazza<\/strong> e una serata di intrattenimento alla <strong>Rocca di Montestaffoli<\/strong>.<\/p>\n<p>L&#8217;evento\u00a0\u00e8\u00a0promosso dal <a href=\"https:\/\/vernaccia.it\/\" target=\"_blank\" rel=\"noopener\">Consorzio della Vernaccia di San Gimignano<\/a> e dal <strong>Comune di San Gimignano<\/strong>, in collaborazione con i <strong>Musei Civici<\/strong>.<\/p>\n","protected":false},"excerpt":{"rendered":"<p>Appuntamento dal 16 al 19 maggio per le anteprime dello storico vino bianco di Toscana all\u2019interno della seconda edizione della kermesse di primavera<\/p>\n","protected":false},"author":525,"featured_media":217456,"comment_status":"open","ping_status":"open","sticky":false,"template":"","format":"standard","meta":{"_acf_changed":false,"footnotes":""},"categories":[8],"tags":[4742,5604],"class_list":["post-315222","post","type-post","status-publish","format-standard","has-post-thumbnail","hentry","category-enogastronomia","tag-vernaccia-di-san-gimignano","tag-vini-toscani"],"acf":[],"yoast_head":"<!-- This site is optimized with the Yoast SEO Premium plugin v24.2 (Yoast SEO v25.6) - https:\/\/yoast.com\/wordpress\/plugins\/seo\/ -->\n<title>Vernaccia di San Gimignano, le nuove annate alla Wine fest di maggio 2024 - intoscana<\/title>\n<meta name=\"description\" content=\"Appuntamento dal 16 al 19 maggio per le anteprime dello storico vino bianco di Toscana per la II edizione della kermesse di primavera\" \/>\n<meta name=\"robots\" content=\"index, follow, max-snippet:-1, max-image-preview:large, max-video-preview:-1\" \/>\n<link rel=\"canonical\" href=\"https:\/\/www.intoscana.it\/it\/vernaccia-di-san-gimignano-le-nuove-annate-alla-wine-fest-di-maggio-2024\/\" \/>\n<meta property=\"og:locale\" content=\"it_IT\" \/>\n<meta property=\"og:type\" content=\"article\" \/>\n<meta property=\"og:title\" content=\"Vernaccia di San Gimignano, le nuove annate alla Wine fest di maggio 2024\" \/>\n<meta property=\"og:description\" content=\"Appuntamento dal 16 al 19 maggio per le anteprime dello storico vino bianco di Toscana per la II edizione della kermesse di primavera\" \/>\n<meta property=\"og:url\" content=\"https:\/\/www.intoscana.it\/it\/vernaccia-di-san-gimignano-le-nuove-annate-alla-wine-fest-di-maggio-2024\/\" \/>\n<meta property=\"og:site_name\" content=\"intoscana\" \/>\n<meta property=\"article:publisher\" content=\"https:\/\/www.facebook.com\/intoscana.it\" \/>\n<meta property=\"article:published_time\" content=\"2023-11-17T11:03:17+00:00\" \/>\n<meta property=\"article:modified_time\" content=\"2023-11-30T14:05:17+00:00\" \/>\n<meta property=\"og:image\" content=\"https:\/\/www.intoscana.it\/wp-content\/uploads\/275491111_4373928646040476_6674543134063507432_n.jpg\" \/>\n\t<meta property=\"og:image:width\" content=\"2048\" \/>\n\t<meta property=\"og:image:height\" content=\"1367\" \/>\n\t<meta property=\"og:image:type\" content=\"image\/jpeg\" \/>\n<meta name=\"author\" content=\"Redazione\" \/>\n<meta name=\"twitter:card\" content=\"summary_large_image\" \/>\n<meta name=\"twitter:creator\" content=\"@intoscana\" \/>\n<meta name=\"twitter:site\" content=\"@intoscana\" \/>\n<meta name=\"twitter:label1\" content=\"Written by\" \/>\n\t<meta name=\"twitter:data1\" content=\"Redazione\" \/>\n\t<meta name=\"twitter:label2\" content=\"Est. reading time\" \/>\n\t<meta name=\"twitter:data2\" content=\"2 minuti\" \/>\n<script type=\"application\/ld+json\" class=\"yoast-schema-graph\">{\"@context\":\"https:\/\/schema.org\",\"@graph\":[{\"@type\":\"WebPage\",\"@id\":\"https:\/\/www.intoscana.it\/it\/vernaccia-di-san-gimignano-le-nuove-annate-alla-wine-fest-di-maggio-2024\/\",\"url\":\"https:\/\/www.intoscana.it\/it\/vernaccia-di-san-gimignano-le-nuove-annate-alla-wine-fest-di-maggio-2024\/\",\"name\":\"Vernaccia di San Gimignano, le nuove annate alla Wine fest di maggio 2024 - intoscana\",\"isPartOf\":{\"@id\":\"https:\/\/www.intoscana.it\/it\/#website\"},\"primaryImageOfPage\":{\"@id\":\"https:\/\/www.intoscana.it\/it\/vernaccia-di-san-gimignano-le-nuove-annate-alla-wine-fest-di-maggio-2024\/#primaryimage\"},\"image\":{\"@id\":\"https:\/\/www.intoscana.it\/it\/vernaccia-di-san-gimignano-le-nuove-annate-alla-wine-fest-di-maggio-2024\/#primaryimage\"},\"thumbnailUrl\":\"https:\/\/www.intoscana.it\/wp-content\/uploads\/275491111_4373928646040476_6674543134063507432_n.jpg\",\"datePublished\":\"2023-11-17T11:03:17+00:00\",\"dateModified\":\"2023-11-30T14:05:17+00:00\",\"author\":{\"@id\":\"https:\/\/www.intoscana.it\/it\/#\/schema\/person\/9223810753230f20bd670fdd322661f8\"},\"description\":\"Appuntamento dal 16 al 19 maggio per le anteprime dello storico vino bianco di Toscana per la II edizione della kermesse di primavera\",\"breadcrumb\":{\"@id\":\"https:\/\/www.intoscana.it\/it\/vernaccia-di-san-gimignano-le-nuove-annate-alla-wine-fest-di-maggio-2024\/#breadcrumb\"},\"inLanguage\":\"it-IT\",\"potentialAction\":[{\"@type\":\"ReadAction\",\"target\":[\"https:\/\/www.intoscana.it\/it\/vernaccia-di-san-gimignano-le-nuove-annate-alla-wine-fest-di-maggio-2024\/\"]}]},{\"@type\":\"ImageObject\",\"inLanguage\":\"it-IT\",\"@id\":\"https:\/\/www.intoscana.it\/it\/vernaccia-di-san-gimignano-le-nuove-annate-alla-wine-fest-di-maggio-2024\/#primaryimage\",\"url\":\"https:\/\/www.intoscana.it\/wp-content\/uploads\/275491111_4373928646040476_6674543134063507432_n.jpg\",\"contentUrl\":\"https:\/\/www.intoscana.it\/wp-content\/uploads\/275491111_4373928646040476_6674543134063507432_n.jpg\",\"width\":2048,\"height\":1367,\"caption\":\"Vernaccia di San Gimignano\"},{\"@type\":\"BreadcrumbList\",\"@id\":\"https:\/\/www.intoscana.it\/it\/vernaccia-di-san-gimignano-le-nuove-annate-alla-wine-fest-di-maggio-2024\/#breadcrumb\",\"itemListElement\":[{\"@type\":\"ListItem\",\"position\":1,\"name\":\"Home\",\"item\":\"https:\/\/www.intoscana.it\/it\/\"},{\"@type\":\"ListItem\",\"position\":2,\"name\":\"Vernaccia di San Gimignano, le nuove annate alla Wine fest di maggio 2024\"}]},{\"@type\":\"WebSite\",\"@id\":\"https:\/\/www.intoscana.it\/it\/#website\",\"url\":\"https:\/\/www.intoscana.it\/it\/\",\"name\":\"intoscana\",\"description\":\"\",\"potentialAction\":[{\"@type\":\"SearchAction\",\"target\":{\"@type\":\"EntryPoint\",\"urlTemplate\":\"https:\/\/www.intoscana.it\/it\/?s={search_term_string}\"},\"query-input\":{\"@type\":\"PropertyValueSpecification\",\"valueRequired\":true,\"valueName\":\"search_term_string\"}}],\"inLanguage\":\"it-IT\"},{\"@type\":\"Person\",\"@id\":\"https:\/\/www.intoscana.it\/it\/#\/schema\/person\/9223810753230f20bd670fdd322661f8\",\"name\":\"Redazione\",\"url\":\"https:\/\/www.intoscana.it\/it\/author\/redazione\/\"}]}<\/script>\n<!-- \/ Yoast SEO Premium plugin. -->","yoast_head_json":{"title":"Vernaccia di San Gimignano, le nuove annate alla Wine fest di maggio 2024 - intoscana","description":"Appuntamento dal 16 al 19 maggio per le anteprime dello storico vino bianco di Toscana per la II edizione della kermesse di primavera","robots":{"index":"index","follow":"follow","max-snippet":"max-snippet:-1","max-image-preview":"max-image-preview:large","max-video-preview":"max-video-preview:-1"},"canonical":"https:\/\/www.intoscana.it\/it\/vernaccia-di-san-gimignano-le-nuove-annate-alla-wine-fest-di-maggio-2024\/","og_locale":"it_IT","og_type":"article","og_title":"Vernaccia di San Gimignano, le nuove annate alla Wine fest di maggio 2024","og_description":"Appuntamento dal 16 al 19 maggio per le anteprime dello storico vino bianco di Toscana per la II edizione della kermesse di primavera","og_url":"https:\/\/www.intoscana.it\/it\/vernaccia-di-san-gimignano-le-nuove-annate-alla-wine-fest-di-maggio-2024\/","og_site_name":"intoscana","article_publisher":"https:\/\/www.facebook.com\/intoscana.it","article_published_time":"2023-11-17T11:03:17+00:00","article_modified_time":"2023-11-30T14:05:17+00:00","og_image":[{"width":2048,"height":1367,"url":"https:\/\/www.intoscana.it\/wp-content\/uploads\/275491111_4373928646040476_6674543134063507432_n.jpg","type":"image\/jpeg"}],"author":"Redazione","twitter_card":"summary_large_image","twitter_creator":"@intoscana","twitter_site":"@intoscana","twitter_misc":{"Written by":"Redazione","Est. reading time":"2 minuti"},"schema":{"@context":"https:\/\/schema.org","@graph":[{"@type":"WebPage","@id":"https:\/\/www.intoscana.it\/it\/vernaccia-di-san-gimignano-le-nuove-annate-alla-wine-fest-di-maggio-2024\/","url":"https:\/\/www.intoscana.it\/it\/vernaccia-di-san-gimignano-le-nuove-annate-alla-wine-fest-di-maggio-2024\/","name":"Vernaccia di San Gimignano, le nuove annate alla Wine fest di maggio 2024 - intoscana","isPartOf":{"@id":"https:\/\/www.intoscana.it\/it\/#website"},"primaryImageOfPage":{"@id":"https:\/\/www.intoscana.it\/it\/vernaccia-di-san-gimignano-le-nuove-annate-alla-wine-fest-di-maggio-2024\/#primaryimage"},"image":{"@id":"https:\/\/www.intoscana.it\/it\/vernaccia-di-san-gimignano-le-nuove-annate-alla-wine-fest-di-maggio-2024\/#primaryimage"},"thumbnailUrl":"https:\/\/www.intoscana.it\/wp-content\/uploads\/275491111_4373928646040476_6674543134063507432_n.jpg","datePublished":"2023-11-17T11:03:17+00:00","dateModified":"2023-11-30T14:05:17+00:00","author":{"@id":"https:\/\/www.intoscana.it\/it\/#\/schema\/person\/9223810753230f20bd670fdd322661f8"},"description":"Appuntamento dal 16 al 19 maggio per le anteprime dello storico vino bianco di Toscana per la II edizione della kermesse di primavera","breadcrumb":{"@id":"https:\/\/www.intoscana.it\/it\/vernaccia-di-san-gimignano-le-nuove-annate-alla-wine-fest-di-maggio-2024\/#breadcrumb"},"inLanguage":"it-IT","potentialAction":[{"@type":"ReadAction","target":["https:\/\/www.intoscana.it\/it\/vernaccia-di-san-gimignano-le-nuove-annate-alla-wine-fest-di-maggio-2024\/"]}]},{"@type":"ImageObject","inLanguage":"it-IT","@id":"https:\/\/www.intoscana.it\/it\/vernaccia-di-san-gimignano-le-nuove-annate-alla-wine-fest-di-maggio-2024\/#primaryimage","url":"https:\/\/www.intoscana.it\/wp-content\/uploads\/275491111_4373928646040476_6674543134063507432_n.jpg","contentUrl":"https:\/\/www.intoscana.it\/wp-content\/uploads\/275491111_4373928646040476_6674543134063507432_n.jpg","width":2048,"height":1367,"caption":"Vernaccia di San Gimignano"},{"@type":"BreadcrumbList","@id":"https:\/\/www.intoscana.it\/it\/vernaccia-di-san-gimignano-le-nuove-annate-alla-wine-fest-di-maggio-2024\/#breadcrumb","itemListElement":[{"@type":"ListItem","position":1,"name":"Home","item":"https:\/\/www.intoscana.it\/it\/"},{"@type":"ListItem","position":2,"name":"Vernaccia di San Gimignano, le nuove annate alla Wine fest di maggio 2024"}]},{"@type":"WebSite","@id":"https:\/\/www.intoscana.it\/it\/#website","url":"https:\/\/www.intoscana.it\/it\/","name":"intoscana","description":"","potentialAction":[{"@type":"SearchAction","target":{"@type":"EntryPoint","urlTemplate":"https:\/\/www.intoscana.it\/it\/?s={search_term_string}"},"query-input":{"@type":"PropertyValueSpecification","valueRequired":true,"valueName":"search_term_string"}}],"inLanguage":"it-IT"},{"@type":"Person","@id":"https:\/\/www.intoscana.it\/it\/#\/schema\/person\/9223810753230f20bd670fdd322661f8","name":"Redazione","url":"https:\/\/www.intoscana.it\/it\/author\/redazione\/"}]}},"_links":{"self":[{"href":"https:\/\/www.intoscana.it\/it\/wp-json\/wp\/v2\/posts\/315222","targetHints":{"allow":["GET"]}}],"collection":[{"href":"https:\/\/www.intoscana.it\/it\/wp-json\/wp\/v2\/posts"}],"about":[{"href":"https:\/\/www.intoscana.it\/it\/wp-json\/wp\/v2\/types\/post"}],"author":[{"embeddable":true,"href":"https:\/\/www.intoscana.it\/it\/wp-json\/wp\/v2\/users\/525"}],"replies":[{"embeddable":true,"href":"https:\/\/www.intoscana.it\/it\/wp-json\/wp\/v2\/comments?post=315222"}],"version-history":[{"count":0,"href":"https:\/\/www.intoscana.it\/it\/wp-json\/wp\/v2\/posts\/315222\/revisions"}],"wp:featuredmedia":[{"embeddable":true,"href":"https:\/\/www.intoscana.it\/it\/wp-json\/wp\/v2\/media\/217456"}],"wp:attachment":[{"href":"https:\/\/www.intoscana.it\/it\/wp-json\/wp\/v2\/media?parent=315222"}],"wp:term":[{"taxonomy":"category","embeddable":true,"href":"https:\/\/www.intoscana.it\/it\/wp-json\/wp\/v2\/categories?post=315222"},{"taxonomy":"post_tag","embeddable":true,"href":"https:\/\/www.intoscana.it\/it\/wp-json\/wp\/v2\/tags?post=315222"}],"curies":[{"name":"wp","href":"https:\/\/api.w.org\/{rel}","templated":true}]}}