{"id":315489,"date":"2023-11-20T10:06:10","date_gmt":"2023-11-20T09:06:10","guid":{"rendered":"https:\/\/www.intoscana.it\/it\/?p=315489"},"modified":"2023-11-20T10:06:10","modified_gmt":"2023-11-20T09:06:10","slug":"a-scandicci-riparte-il-libro-della-vita-la-decima-edizione-e-dedicata-a-sergio-staino","status":"publish","type":"post","link":"https:\/\/www.intoscana.it\/it\/a-scandicci-riparte-il-libro-della-vita-la-decima-edizione-e-dedicata-a-sergio-staino\/","title":{"rendered":"A Scandicci riparte &#8220;Il Libro della Vita&#8221;: la decima edizione \u00e8 dedicata a Sergio Staino"},"content":{"rendered":"<p><strong>Domenica 26 novembre<\/strong> riparte la rassegna &#8220;<strong>Il Libro della Vita&#8221; <\/strong>che ospiter\u00e0 nel<strong> Nuovo Auditorium di Scandicci<\/strong> tanti ospiti del mondo della cultura e dello spettacolo che parleranno del<strong> libro che ha cambiato le loro vite.<\/strong><\/p>\n<p>La rassegna, che si tiene come di consueto nel <strong>Nuovo Auditorium di Scandicci,<\/strong> si afferma come un importante appuntamento culturale metropolitano incentrato sulla lettura e viene realizzata dal<strong> Comune di Scandicci<\/strong> con il contributo di <strong>Regione Toscana ed il patrocinio di Citt\u00e0 Metropolitana<\/strong> e in partnership con <strong>UniCoop Firenze.<\/strong><\/p>\n<p><strong>La nuova edizione \u00e8 dedicata alla memoria di Sergio Staino,<\/strong> ha dichiarato<strong> Claudia Sereni, Assessora alla Cultura del Comune di Scandicci<\/strong>:<em> \u201cAbbiamo deciso di dedicare questa decima edizione de Il libro della Vita alla memoria del nostro &#8216;primo cittadino&#8217; di fatto, Sergio Staino, per ricordare la sua straordinaria presenza nella vita culturale del nostro territorio e per l&#8217;amore che ha sempre dimostrato per la nostra comunit\u00e0. Sergio \u00e8 stato un artista che ha fatto la storia politica e culturale del nostro Paese e ha sempre saputo tenere insieme in maniera formidabile la dimensione nazionale con quella locale, dando a entrambe pari dignit\u00e0. Avremmo voluto tanto averlo vicino a noi in questa decima edizione e dedicarla a lui ci aiuter\u00e0 a sentirlo ancora pi\u00f9 vicino e sempre con noi.\u201d<\/em><\/p>\n<h3>Tutti gli ospiti<\/h3>\n<p>La lista degli ospiti di questa edizione \u00e8 davvero accattivante: si apre con <strong>Davide Cerullo<\/strong>, scrittore, fotografo, educatore ex spacciatore affiliato alla camorra, rinato attraverso la letteratura e la poesia;<strong> Agnese Pini,<\/strong> gli storici Isabella Insolvibile e<strong> Claudio Vercelli,<\/strong> gli scrittori <strong>Marcello Fois e Diego de Silva, Susanna Camusso, Federico Maria Sardelli<\/strong>, la Pm scrittrice<strong> Christine Von Borries<\/strong> e la giornalista <strong>Annalisa Cuzzocrea.<\/strong><\/p>\n<p>Con il riconoscimento di <strong><em>&#8220;Citt\u00e0 che legge&#8221;<\/em><\/strong> assegnato dal Centro per il libro e la lettura, il Comune di Scandicci dimostra il suo costante impegno nella <strong>promozione della lettura come valore condiviso.<\/strong><\/p>\n<p>Il Comune di Scandicci, impegnato a superare le barriere e ad ampliare l&#8217;accesso ai contenuti culturali, offre la<strong> traduzione simultanea in Lingua dei Segni Italiana (LIS)<\/strong> per alcuni degli incontri, in collaborazione con l&#8217;Associazione Comunico.<\/p>\n<p><strong>La rassegna <a href=\"https:\/\/librodellavita.net\" target=\"_blank\" rel=\"noopener\">&#8220;Il Libro della Vita&#8221;<\/a> \u00e8 ideata e condotta da Raffaele Palumbo.<\/strong> Tutti gli eventi sono trasmessi in diretta video sui canali social del comune di Scandicci.<\/p>\n<h3>Il programma<\/h3>\n<p>Domenica 26 novembre 2023, ore 11.00<br \/>\nDavide Cerullo parla di <strong>Pi\u00f9 viva che mai di Christian Bobin<\/strong><\/p>\n<p>Domenica 17 dicembre 2023, ore 11.00<br \/>\nAgnese Pini parla di <strong>La vita di Ges\u00f9 di Ernest Renan<\/strong><\/p>\n<p>Domenica 21 gennaio 2024, ore 11.00<br \/>\nClaudio Vercelli parla di<strong> In quelle tenebre di Gitta Sereny<\/strong><\/p>\n<p>Domenica 04 febbraio 2024, ore 11.00<br \/>\nMarcello Fois parla di <strong>Marianna Sirca di Grazia Deledda<\/strong><\/p>\n<p>Domenica 18 febbraio 2024, ore 11.00<br \/>\nIsabella Insolvibile parla di<strong> La Storia di Elsa Morante<\/strong><\/p>\n<p>Domenica 03 marzo 2024, ore 11.00<br \/>\nDiego de Silva parla di <strong>Il giovane Holden di J. D. Salinger<\/strong><\/p>\n<p>Domenica 17 marzo 2024, ore 11.00<br \/>\nSusanna Camusso parla di <strong>Memorie di Adriano di Marguerite Yourcenar<\/strong><\/p>\n<p>Domenica 07 aprile 2024, ore 11.00<br \/>\nChristine von Borries parla di <strong>Natura morta di Louise Penny<\/strong><\/p>\n<p>Domenica 21 aprile 2024, ore 11.00<br \/>\nFederico Maria Sardelli parla di <strong>La Trilogia della villeggiatura di Carlo Goldoni<\/strong><\/p>\n<p>Domenica 28 aprile 2024, ore 11.00<br \/>\nAnnalisa Cuzzocrea parla di <strong>Omaggio alla Catalogna di George Orwell<\/strong><\/p>\n<figure id=\"post-315492 media-315492\" class=\"align-none\"><img decoding=\"async\" src=\"https:\/\/www.intoscana.it\/wp-content\/uploads\/LDV.jpg\" alt=\"\" \/><\/figure>\n<div class=\"titleimg\"><em>Il Libro della Vita X edizione<\/em><\/div>\n<p>&nbsp;<\/p>\n","protected":false},"excerpt":{"rendered":"<p>Dal 26 novembre al 28 aprile tra gli ospiti lo scrittore e fotografo Davide Cerullo, Agnese Pini, gli storici Isabella Insolvibile e Claudio Vercelli, gli scrittori Marcello Fois e Diego de Silva, Susanna Camusso, Federico Maria Sardelli, la Pm scrittrice Christine Von Borries e la giornalista Annalisa Cuzzocrea<\/p>\n","protected":false},"author":518,"featured_media":315495,"comment_status":"open","ping_status":"open","sticky":false,"template":"","format":"standard","meta":{"_acf_changed":false,"footnotes":""},"categories":[493],"tags":[4474,210,151,401],"class_list":["post-315489","post","type-post","status-publish","format-standard","has-post-thumbnail","hentry","category-cultura","tag-eventi","tag-libri","tag-regione-toscana","tag-scandicci"],"acf":[],"yoast_head":"<!-- This site is optimized with the Yoast SEO Premium plugin v24.2 (Yoast SEO v25.6) - https:\/\/yoast.com\/wordpress\/plugins\/seo\/ -->\n<title>A Scandicci riparte &quot;Il Libro della Vita&quot;: la decima edizione \u00e8 dedicata a Sergio Staino - intoscana<\/title>\n<meta name=\"description\" content=\"Dal 26 novembre al 28 aprile tra gli ospiti lo scrittore e fotografo Davide Cerullo, Agnese Pini, Susanna Camusso e molti altri\" \/>\n<meta name=\"robots\" content=\"index, follow, max-snippet:-1, max-image-preview:large, max-video-preview:-1\" \/>\n<link rel=\"canonical\" href=\"https:\/\/www.intoscana.it\/it\/a-scandicci-riparte-il-libro-della-vita-la-decima-edizione-e-dedicata-a-sergio-staino\/\" \/>\n<meta property=\"og:locale\" content=\"it_IT\" \/>\n<meta property=\"og:type\" content=\"article\" \/>\n<meta property=\"og:title\" content=\"A Scandicci riparte &quot;Il Libro della Vita&quot;: la decima edizione \u00e8 dedicata a Sergio Staino\" \/>\n<meta property=\"og:description\" content=\"Dal 26 novembre al 28 aprile tra gli ospiti lo scrittore e fotografo Davide Cerullo, Agnese Pini, Susanna Camusso e molti altri\" \/>\n<meta property=\"og:url\" content=\"https:\/\/www.intoscana.it\/it\/a-scandicci-riparte-il-libro-della-vita-la-decima-edizione-e-dedicata-a-sergio-staino\/\" \/>\n<meta property=\"og:site_name\" content=\"intoscana\" \/>\n<meta property=\"article:publisher\" content=\"https:\/\/www.facebook.com\/intoscana.it\" \/>\n<meta property=\"article:published_time\" content=\"2023-11-20T09:06:10+00:00\" \/>\n<meta property=\"og:image\" content=\"https:\/\/www.intoscana.it\/wp-content\/uploads\/PINI_WhatsApp-Image-2023-11-06-at-20.27.28.jpeg\" \/>\n\t<meta property=\"og:image:width\" content=\"1600\" \/>\n\t<meta property=\"og:image:height\" content=\"1066\" \/>\n\t<meta property=\"og:image:type\" content=\"image\/jpeg\" \/>\n<meta name=\"author\" content=\"Costanza Baldini\" \/>\n<meta name=\"twitter:card\" content=\"summary_large_image\" \/>\n<meta name=\"twitter:creator\" content=\"@intoscana\" \/>\n<meta name=\"twitter:site\" content=\"@intoscana\" \/>\n<meta name=\"twitter:label1\" content=\"Written by\" \/>\n\t<meta name=\"twitter:data1\" content=\"Costanza Baldini\" \/>\n\t<meta name=\"twitter:label2\" content=\"Est. reading time\" \/>\n\t<meta name=\"twitter:data2\" content=\"3 minuti\" \/>\n<script type=\"application\/ld+json\" class=\"yoast-schema-graph\">{\"@context\":\"https:\/\/schema.org\",\"@graph\":[{\"@type\":\"WebPage\",\"@id\":\"https:\/\/www.intoscana.it\/it\/a-scandicci-riparte-il-libro-della-vita-la-decima-edizione-e-dedicata-a-sergio-staino\/\",\"url\":\"https:\/\/www.intoscana.it\/it\/a-scandicci-riparte-il-libro-della-vita-la-decima-edizione-e-dedicata-a-sergio-staino\/\",\"name\":\"A Scandicci riparte \\\"Il Libro della Vita\\\": la decima edizione \u00e8 dedicata a Sergio Staino - intoscana\",\"isPartOf\":{\"@id\":\"https:\/\/www.intoscana.it\/it\/#website\"},\"primaryImageOfPage\":{\"@id\":\"https:\/\/www.intoscana.it\/it\/a-scandicci-riparte-il-libro-della-vita-la-decima-edizione-e-dedicata-a-sergio-staino\/#primaryimage\"},\"image\":{\"@id\":\"https:\/\/www.intoscana.it\/it\/a-scandicci-riparte-il-libro-della-vita-la-decima-edizione-e-dedicata-a-sergio-staino\/#primaryimage\"},\"thumbnailUrl\":\"https:\/\/www.intoscana.it\/wp-content\/uploads\/PINI_WhatsApp-Image-2023-11-06-at-20.27.28.jpeg\",\"datePublished\":\"2023-11-20T09:06:10+00:00\",\"author\":{\"@id\":\"https:\/\/www.intoscana.it\/it\/#\/schema\/person\/d469f35f09739bdf00bf5dd3f0647a82\"},\"description\":\"Dal 26 novembre al 28 aprile tra gli ospiti lo scrittore e fotografo Davide Cerullo, Agnese Pini, Susanna Camusso e molti altri\",\"breadcrumb\":{\"@id\":\"https:\/\/www.intoscana.it\/it\/a-scandicci-riparte-il-libro-della-vita-la-decima-edizione-e-dedicata-a-sergio-staino\/#breadcrumb\"},\"inLanguage\":\"it-IT\",\"potentialAction\":[{\"@type\":\"ReadAction\",\"target\":[\"https:\/\/www.intoscana.it\/it\/a-scandicci-riparte-il-libro-della-vita-la-decima-edizione-e-dedicata-a-sergio-staino\/\"]}]},{\"@type\":\"ImageObject\",\"inLanguage\":\"it-IT\",\"@id\":\"https:\/\/www.intoscana.it\/it\/a-scandicci-riparte-il-libro-della-vita-la-decima-edizione-e-dedicata-a-sergio-staino\/#primaryimage\",\"url\":\"https:\/\/www.intoscana.it\/wp-content\/uploads\/PINI_WhatsApp-Image-2023-11-06-at-20.27.28.jpeg\",\"contentUrl\":\"https:\/\/www.intoscana.it\/wp-content\/uploads\/PINI_WhatsApp-Image-2023-11-06-at-20.27.28.jpeg\",\"width\":1600,\"height\":1066,\"caption\":\"Agnese Pini\"},{\"@type\":\"BreadcrumbList\",\"@id\":\"https:\/\/www.intoscana.it\/it\/a-scandicci-riparte-il-libro-della-vita-la-decima-edizione-e-dedicata-a-sergio-staino\/#breadcrumb\",\"itemListElement\":[{\"@type\":\"ListItem\",\"position\":1,\"name\":\"Home\",\"item\":\"https:\/\/www.intoscana.it\/it\/\"},{\"@type\":\"ListItem\",\"position\":2,\"name\":\"A Scandicci riparte &#8220;Il Libro della Vita&#8221;: la decima edizione \u00e8 dedicata a Sergio Staino\"}]},{\"@type\":\"WebSite\",\"@id\":\"https:\/\/www.intoscana.it\/it\/#website\",\"url\":\"https:\/\/www.intoscana.it\/it\/\",\"name\":\"intoscana\",\"description\":\"\",\"potentialAction\":[{\"@type\":\"SearchAction\",\"target\":{\"@type\":\"EntryPoint\",\"urlTemplate\":\"https:\/\/www.intoscana.it\/it\/?s={search_term_string}\"},\"query-input\":{\"@type\":\"PropertyValueSpecification\",\"valueRequired\":true,\"valueName\":\"search_term_string\"}}],\"inLanguage\":\"it-IT\"},{\"@type\":\"Person\",\"@id\":\"https:\/\/www.intoscana.it\/it\/#\/schema\/person\/d469f35f09739bdf00bf5dd3f0647a82\",\"name\":\"Costanza Baldini\",\"url\":\"https:\/\/www.intoscana.it\/it\/author\/costanza-baldini\/\"}]}<\/script>\n<!-- \/ Yoast SEO Premium plugin. -->","yoast_head_json":{"title":"A Scandicci riparte \"Il Libro della Vita\": la decima edizione \u00e8 dedicata a Sergio Staino - intoscana","description":"Dal 26 novembre al 28 aprile tra gli ospiti lo scrittore e fotografo Davide Cerullo, Agnese Pini, Susanna Camusso e molti altri","robots":{"index":"index","follow":"follow","max-snippet":"max-snippet:-1","max-image-preview":"max-image-preview:large","max-video-preview":"max-video-preview:-1"},"canonical":"https:\/\/www.intoscana.it\/it\/a-scandicci-riparte-il-libro-della-vita-la-decima-edizione-e-dedicata-a-sergio-staino\/","og_locale":"it_IT","og_type":"article","og_title":"A Scandicci riparte \"Il Libro della Vita\": la decima edizione \u00e8 dedicata a Sergio Staino","og_description":"Dal 26 novembre al 28 aprile tra gli ospiti lo scrittore e fotografo Davide Cerullo, Agnese Pini, Susanna Camusso e molti altri","og_url":"https:\/\/www.intoscana.it\/it\/a-scandicci-riparte-il-libro-della-vita-la-decima-edizione-e-dedicata-a-sergio-staino\/","og_site_name":"intoscana","article_publisher":"https:\/\/www.facebook.com\/intoscana.it","article_published_time":"2023-11-20T09:06:10+00:00","og_image":[{"width":1600,"height":1066,"url":"https:\/\/www.intoscana.it\/wp-content\/uploads\/PINI_WhatsApp-Image-2023-11-06-at-20.27.28.jpeg","type":"image\/jpeg"}],"author":"Costanza Baldini","twitter_card":"summary_large_image","twitter_creator":"@intoscana","twitter_site":"@intoscana","twitter_misc":{"Written by":"Costanza Baldini","Est. reading time":"3 minuti"},"schema":{"@context":"https:\/\/schema.org","@graph":[{"@type":"WebPage","@id":"https:\/\/www.intoscana.it\/it\/a-scandicci-riparte-il-libro-della-vita-la-decima-edizione-e-dedicata-a-sergio-staino\/","url":"https:\/\/www.intoscana.it\/it\/a-scandicci-riparte-il-libro-della-vita-la-decima-edizione-e-dedicata-a-sergio-staino\/","name":"A Scandicci riparte \"Il Libro della Vita\": la decima edizione \u00e8 dedicata a Sergio Staino - intoscana","isPartOf":{"@id":"https:\/\/www.intoscana.it\/it\/#website"},"primaryImageOfPage":{"@id":"https:\/\/www.intoscana.it\/it\/a-scandicci-riparte-il-libro-della-vita-la-decima-edizione-e-dedicata-a-sergio-staino\/#primaryimage"},"image":{"@id":"https:\/\/www.intoscana.it\/it\/a-scandicci-riparte-il-libro-della-vita-la-decima-edizione-e-dedicata-a-sergio-staino\/#primaryimage"},"thumbnailUrl":"https:\/\/www.intoscana.it\/wp-content\/uploads\/PINI_WhatsApp-Image-2023-11-06-at-20.27.28.jpeg","datePublished":"2023-11-20T09:06:10+00:00","author":{"@id":"https:\/\/www.intoscana.it\/it\/#\/schema\/person\/d469f35f09739bdf00bf5dd3f0647a82"},"description":"Dal 26 novembre al 28 aprile tra gli ospiti lo scrittore e fotografo Davide Cerullo, Agnese Pini, Susanna Camusso e molti altri","breadcrumb":{"@id":"https:\/\/www.intoscana.it\/it\/a-scandicci-riparte-il-libro-della-vita-la-decima-edizione-e-dedicata-a-sergio-staino\/#breadcrumb"},"inLanguage":"it-IT","potentialAction":[{"@type":"ReadAction","target":["https:\/\/www.intoscana.it\/it\/a-scandicci-riparte-il-libro-della-vita-la-decima-edizione-e-dedicata-a-sergio-staino\/"]}]},{"@type":"ImageObject","inLanguage":"it-IT","@id":"https:\/\/www.intoscana.it\/it\/a-scandicci-riparte-il-libro-della-vita-la-decima-edizione-e-dedicata-a-sergio-staino\/#primaryimage","url":"https:\/\/www.intoscana.it\/wp-content\/uploads\/PINI_WhatsApp-Image-2023-11-06-at-20.27.28.jpeg","contentUrl":"https:\/\/www.intoscana.it\/wp-content\/uploads\/PINI_WhatsApp-Image-2023-11-06-at-20.27.28.jpeg","width":1600,"height":1066,"caption":"Agnese Pini"},{"@type":"BreadcrumbList","@id":"https:\/\/www.intoscana.it\/it\/a-scandicci-riparte-il-libro-della-vita-la-decima-edizione-e-dedicata-a-sergio-staino\/#breadcrumb","itemListElement":[{"@type":"ListItem","position":1,"name":"Home","item":"https:\/\/www.intoscana.it\/it\/"},{"@type":"ListItem","position":2,"name":"A Scandicci riparte &#8220;Il Libro della Vita&#8221;: la decima edizione \u00e8 dedicata a Sergio Staino"}]},{"@type":"WebSite","@id":"https:\/\/www.intoscana.it\/it\/#website","url":"https:\/\/www.intoscana.it\/it\/","name":"intoscana","description":"","potentialAction":[{"@type":"SearchAction","target":{"@type":"EntryPoint","urlTemplate":"https:\/\/www.intoscana.it\/it\/?s={search_term_string}"},"query-input":{"@type":"PropertyValueSpecification","valueRequired":true,"valueName":"search_term_string"}}],"inLanguage":"it-IT"},{"@type":"Person","@id":"https:\/\/www.intoscana.it\/it\/#\/schema\/person\/d469f35f09739bdf00bf5dd3f0647a82","name":"Costanza Baldini","url":"https:\/\/www.intoscana.it\/it\/author\/costanza-baldini\/"}]}},"_links":{"self":[{"href":"https:\/\/www.intoscana.it\/it\/wp-json\/wp\/v2\/posts\/315489","targetHints":{"allow":["GET"]}}],"collection":[{"href":"https:\/\/www.intoscana.it\/it\/wp-json\/wp\/v2\/posts"}],"about":[{"href":"https:\/\/www.intoscana.it\/it\/wp-json\/wp\/v2\/types\/post"}],"author":[{"embeddable":true,"href":"https:\/\/www.intoscana.it\/it\/wp-json\/wp\/v2\/users\/518"}],"replies":[{"embeddable":true,"href":"https:\/\/www.intoscana.it\/it\/wp-json\/wp\/v2\/comments?post=315489"}],"version-history":[{"count":0,"href":"https:\/\/www.intoscana.it\/it\/wp-json\/wp\/v2\/posts\/315489\/revisions"}],"wp:featuredmedia":[{"embeddable":true,"href":"https:\/\/www.intoscana.it\/it\/wp-json\/wp\/v2\/media\/315495"}],"wp:attachment":[{"href":"https:\/\/www.intoscana.it\/it\/wp-json\/wp\/v2\/media?parent=315489"}],"wp:term":[{"taxonomy":"category","embeddable":true,"href":"https:\/\/www.intoscana.it\/it\/wp-json\/wp\/v2\/categories?post=315489"},{"taxonomy":"post_tag","embeddable":true,"href":"https:\/\/www.intoscana.it\/it\/wp-json\/wp\/v2\/tags?post=315489"}],"curies":[{"name":"wp","href":"https:\/\/api.w.org\/{rel}","templated":true}]}}