{"id":315698,"date":"2023-11-21T13:21:43","date_gmt":"2023-11-21T12:21:43","guid":{"rendered":"https:\/\/www.intoscana.it\/it\/?p=315698"},"modified":"2023-11-21T13:21:43","modified_gmt":"2023-11-21T12:21:43","slug":"barriere-architettoniche-2-milioni-di-euro-per-labbattimento-nelle-case","status":"publish","type":"post","link":"https:\/\/www.intoscana.it\/it\/barriere-architettoniche-2-milioni-di-euro-per-labbattimento-nelle-case\/","title":{"rendered":"Barriere architettoniche, 2 milioni di euro per l&#8217;abbattimento nelle case"},"content":{"rendered":"<p>Oltre <mark>2 milioni di euro per l&#8217;abbattimento delle barriere architettoniche nelle civili abitazioni<\/mark>. E\u2019 questa la cifra che verr\u00e0 erogata dalla Regione e assegnata a Comuni, Unioni di Comuni e Societ\u00e0 della Salute.<\/p>\n<p>Le risorse saranno destinate alle <strong>persone con disabilit\u00e0<\/strong> che ne avevano fatto richiesta ed erano state ritenute idonee, in base a graduatorie stilate dopo una istruttoria. Il provvedimento \u00e8 stato approvato dalla giunta regionale su proposta dell\u2019assessora regionale alle politiche sociali <strong>Serena Spinelli<\/strong>.<\/p>\n<p>\u201c<em>Accessibilit\u00e0 e inclusione sono aspetti decisivi per la qualit\u00e0 di vita delle persone con disabilit\u00e0<\/em>\u201d evidenziano il presidente <strong>Eugenio Giani<\/strong> e l\u2019assessora<strong> Serena Spinelli<\/strong>.<\/p>\n<p>\u201c<em>L\u2019abbattimento delle barriere architettoniche nella propria abitazione \u00e8 un ulteriore aspetto importante in tal senso. Questo intervento regionale negli anni sta permettendo di contribuire alla realizzazione di interventi da parte dei cittadini in tutta la regione. L&#8217;obiettivo \u00e8 favorire la possibilit\u00e0 che le persone con disabilit\u00e0 possano muoversi liberamente, anche nella dimensione domestica, dove avere la possibilit\u00e0 di vivere al meglio nel proprio ambiente familiare e di relazioni<\/em>\u201d sottolineano <strong>Giani e Spinelli<\/strong>.<\/p>\n<div class=\"page\" title=\"Page 9\">\n<div class=\"layoutArea\">\n<div class=\"column\">\n<p>In occasione della presentazione del <strong>Settimo rapporto sulle disabilita\u0300 in Toscana<\/strong> l&#8217;assessora Spinelli aveva inoltre aggiunto che &#8220;<em>naturalmente su soluzioni abitative che permettano la massima emancipazione, oltre che il necessario sostegno alle persone che si trovano nel corso della vita sprovviste di una rete familiare che possa \u2013 anche solo parzialmente \u2013 provvedere a loro, evitando i rischi di scivolamento in una dimensione di nuova istituzionalizzazione, a scapito di interventi volti alla vita indipendente delle persone con disabilita\u0300<\/em>&#8220;.<\/p>\n<\/div>\n<\/div>\n<\/div>\n","protected":false},"excerpt":{"rendered":"<p>Il commento di Giani e Spinelli: &#8220;L&#8217;obiettivo \u00e8 favorire la possibilit\u00e0 di muoversi liberamente, anche nella dimensione domestica\u201d<\/p>\n","protected":false},"author":525,"featured_media":77668,"comment_status":"open","ping_status":"open","sticky":false,"template":"","format":"standard","meta":{"_acf_changed":false,"footnotes":""},"categories":[494],"tags":[406,4822],"class_list":["post-315698","post","type-post","status-publish","format-standard","has-post-thumbnail","hentry","category-attualita","tag-disabilita","tag-serena-spinelli"],"acf":[],"yoast_head":"<!-- This site is optimized with the Yoast SEO Premium plugin v24.2 (Yoast SEO v25.6) - https:\/\/yoast.com\/wordpress\/plugins\/seo\/ -->\n<title>Barriere architettoniche, 2 milioni di euro per l&#039;abbattimento nelle case - intoscana<\/title>\n<meta name=\"description\" content=\"Il commento di Giani e Spinelli: &quot;L&#039;obiettivo \u00e8 favorire la possibilit\u00e0 di muoversi liberamente, anche nella dimensione domestica\u201d\" \/>\n<meta name=\"robots\" content=\"index, follow, max-snippet:-1, max-image-preview:large, max-video-preview:-1\" \/>\n<link rel=\"canonical\" href=\"https:\/\/www.intoscana.it\/it\/barriere-architettoniche-2-milioni-di-euro-per-labbattimento-nelle-case\/\" \/>\n<meta property=\"og:locale\" content=\"it_IT\" \/>\n<meta property=\"og:type\" content=\"article\" \/>\n<meta property=\"og:title\" content=\"Barriere architettoniche, 2 milioni di euro per l&#039;abbattimento nelle case\" \/>\n<meta property=\"og:description\" content=\"Il commento di Giani e Spinelli: &quot;L&#039;obiettivo \u00e8 favorire la possibilit\u00e0 di muoversi liberamente, anche nella dimensione domestica\u201d\" \/>\n<meta property=\"og:url\" content=\"https:\/\/www.intoscana.it\/it\/barriere-architettoniche-2-milioni-di-euro-per-labbattimento-nelle-case\/\" \/>\n<meta property=\"og:site_name\" content=\"intoscana\" \/>\n<meta property=\"article:publisher\" content=\"https:\/\/www.facebook.com\/intoscana.it\" \/>\n<meta property=\"article:published_time\" content=\"2023-11-21T12:21:43+00:00\" \/>\n<meta property=\"og:image\" content=\"https:\/\/www.intoscana.it\/wp-content\/uploads\/4462fdd30cde89facf2ba72bb90283da.jpg\" \/>\n\t<meta property=\"og:image:width\" content=\"591\" \/>\n\t<meta property=\"og:image:height\" content=\"591\" \/>\n\t<meta property=\"og:image:type\" content=\"image\/jpeg\" \/>\n<meta name=\"author\" content=\"Redazione\" \/>\n<meta name=\"twitter:card\" content=\"summary_large_image\" \/>\n<meta name=\"twitter:creator\" content=\"@intoscana\" \/>\n<meta name=\"twitter:site\" content=\"@intoscana\" \/>\n<meta name=\"twitter:label1\" content=\"Written by\" \/>\n\t<meta name=\"twitter:data1\" content=\"Redazione\" \/>\n\t<meta name=\"twitter:label2\" content=\"Est. reading time\" \/>\n\t<meta name=\"twitter:data2\" content=\"1 minuto\" \/>\n<script type=\"application\/ld+json\" class=\"yoast-schema-graph\">{\"@context\":\"https:\/\/schema.org\",\"@graph\":[{\"@type\":\"WebPage\",\"@id\":\"https:\/\/www.intoscana.it\/it\/barriere-architettoniche-2-milioni-di-euro-per-labbattimento-nelle-case\/\",\"url\":\"https:\/\/www.intoscana.it\/it\/barriere-architettoniche-2-milioni-di-euro-per-labbattimento-nelle-case\/\",\"name\":\"Barriere architettoniche, 2 milioni di euro per l'abbattimento nelle case - intoscana\",\"isPartOf\":{\"@id\":\"https:\/\/www.intoscana.it\/it\/#website\"},\"primaryImageOfPage\":{\"@id\":\"https:\/\/www.intoscana.it\/it\/barriere-architettoniche-2-milioni-di-euro-per-labbattimento-nelle-case\/#primaryimage\"},\"image\":{\"@id\":\"https:\/\/www.intoscana.it\/it\/barriere-architettoniche-2-milioni-di-euro-per-labbattimento-nelle-case\/#primaryimage\"},\"thumbnailUrl\":\"https:\/\/www.intoscana.it\/wp-content\/uploads\/4462fdd30cde89facf2ba72bb90283da.jpg\",\"datePublished\":\"2023-11-21T12:21:43+00:00\",\"author\":{\"@id\":\"https:\/\/www.intoscana.it\/it\/#\/schema\/person\/9223810753230f20bd670fdd322661f8\"},\"description\":\"Il commento di Giani e Spinelli: \\\"L'obiettivo \u00e8 favorire la possibilit\u00e0 di muoversi liberamente, anche nella dimensione domestica\u201d\",\"breadcrumb\":{\"@id\":\"https:\/\/www.intoscana.it\/it\/barriere-architettoniche-2-milioni-di-euro-per-labbattimento-nelle-case\/#breadcrumb\"},\"inLanguage\":\"it-IT\",\"potentialAction\":[{\"@type\":\"ReadAction\",\"target\":[\"https:\/\/www.intoscana.it\/it\/barriere-architettoniche-2-milioni-di-euro-per-labbattimento-nelle-case\/\"]}]},{\"@type\":\"ImageObject\",\"inLanguage\":\"it-IT\",\"@id\":\"https:\/\/www.intoscana.it\/it\/barriere-architettoniche-2-milioni-di-euro-per-labbattimento-nelle-case\/#primaryimage\",\"url\":\"https:\/\/www.intoscana.it\/wp-content\/uploads\/4462fdd30cde89facf2ba72bb90283da.jpg\",\"contentUrl\":\"https:\/\/www.intoscana.it\/wp-content\/uploads\/4462fdd30cde89facf2ba72bb90283da.jpg\",\"width\":591,\"height\":591},{\"@type\":\"BreadcrumbList\",\"@id\":\"https:\/\/www.intoscana.it\/it\/barriere-architettoniche-2-milioni-di-euro-per-labbattimento-nelle-case\/#breadcrumb\",\"itemListElement\":[{\"@type\":\"ListItem\",\"position\":1,\"name\":\"Home\",\"item\":\"https:\/\/www.intoscana.it\/it\/\"},{\"@type\":\"ListItem\",\"position\":2,\"name\":\"Barriere architettoniche, 2 milioni di euro per l&#8217;abbattimento nelle case\"}]},{\"@type\":\"WebSite\",\"@id\":\"https:\/\/www.intoscana.it\/it\/#website\",\"url\":\"https:\/\/www.intoscana.it\/it\/\",\"name\":\"intoscana\",\"description\":\"\",\"potentialAction\":[{\"@type\":\"SearchAction\",\"target\":{\"@type\":\"EntryPoint\",\"urlTemplate\":\"https:\/\/www.intoscana.it\/it\/?s={search_term_string}\"},\"query-input\":{\"@type\":\"PropertyValueSpecification\",\"valueRequired\":true,\"valueName\":\"search_term_string\"}}],\"inLanguage\":\"it-IT\"},{\"@type\":\"Person\",\"@id\":\"https:\/\/www.intoscana.it\/it\/#\/schema\/person\/9223810753230f20bd670fdd322661f8\",\"name\":\"Redazione\",\"url\":\"https:\/\/www.intoscana.it\/it\/author\/redazione\/\"}]}<\/script>\n<!-- \/ Yoast SEO Premium plugin. -->","yoast_head_json":{"title":"Barriere architettoniche, 2 milioni di euro per l'abbattimento nelle case - intoscana","description":"Il commento di Giani e Spinelli: \"L'obiettivo \u00e8 favorire la possibilit\u00e0 di muoversi liberamente, anche nella dimensione domestica\u201d","robots":{"index":"index","follow":"follow","max-snippet":"max-snippet:-1","max-image-preview":"max-image-preview:large","max-video-preview":"max-video-preview:-1"},"canonical":"https:\/\/www.intoscana.it\/it\/barriere-architettoniche-2-milioni-di-euro-per-labbattimento-nelle-case\/","og_locale":"it_IT","og_type":"article","og_title":"Barriere architettoniche, 2 milioni di euro per l'abbattimento nelle case","og_description":"Il commento di Giani e Spinelli: \"L'obiettivo \u00e8 favorire la possibilit\u00e0 di muoversi liberamente, anche nella dimensione domestica\u201d","og_url":"https:\/\/www.intoscana.it\/it\/barriere-architettoniche-2-milioni-di-euro-per-labbattimento-nelle-case\/","og_site_name":"intoscana","article_publisher":"https:\/\/www.facebook.com\/intoscana.it","article_published_time":"2023-11-21T12:21:43+00:00","og_image":[{"width":591,"height":591,"url":"https:\/\/www.intoscana.it\/wp-content\/uploads\/4462fdd30cde89facf2ba72bb90283da.jpg","type":"image\/jpeg"}],"author":"Redazione","twitter_card":"summary_large_image","twitter_creator":"@intoscana","twitter_site":"@intoscana","twitter_misc":{"Written by":"Redazione","Est. reading time":"1 minuto"},"schema":{"@context":"https:\/\/schema.org","@graph":[{"@type":"WebPage","@id":"https:\/\/www.intoscana.it\/it\/barriere-architettoniche-2-milioni-di-euro-per-labbattimento-nelle-case\/","url":"https:\/\/www.intoscana.it\/it\/barriere-architettoniche-2-milioni-di-euro-per-labbattimento-nelle-case\/","name":"Barriere architettoniche, 2 milioni di euro per l'abbattimento nelle case - intoscana","isPartOf":{"@id":"https:\/\/www.intoscana.it\/it\/#website"},"primaryImageOfPage":{"@id":"https:\/\/www.intoscana.it\/it\/barriere-architettoniche-2-milioni-di-euro-per-labbattimento-nelle-case\/#primaryimage"},"image":{"@id":"https:\/\/www.intoscana.it\/it\/barriere-architettoniche-2-milioni-di-euro-per-labbattimento-nelle-case\/#primaryimage"},"thumbnailUrl":"https:\/\/www.intoscana.it\/wp-content\/uploads\/4462fdd30cde89facf2ba72bb90283da.jpg","datePublished":"2023-11-21T12:21:43+00:00","author":{"@id":"https:\/\/www.intoscana.it\/it\/#\/schema\/person\/9223810753230f20bd670fdd322661f8"},"description":"Il commento di Giani e Spinelli: \"L'obiettivo \u00e8 favorire la possibilit\u00e0 di muoversi liberamente, anche nella dimensione domestica\u201d","breadcrumb":{"@id":"https:\/\/www.intoscana.it\/it\/barriere-architettoniche-2-milioni-di-euro-per-labbattimento-nelle-case\/#breadcrumb"},"inLanguage":"it-IT","potentialAction":[{"@type":"ReadAction","target":["https:\/\/www.intoscana.it\/it\/barriere-architettoniche-2-milioni-di-euro-per-labbattimento-nelle-case\/"]}]},{"@type":"ImageObject","inLanguage":"it-IT","@id":"https:\/\/www.intoscana.it\/it\/barriere-architettoniche-2-milioni-di-euro-per-labbattimento-nelle-case\/#primaryimage","url":"https:\/\/www.intoscana.it\/wp-content\/uploads\/4462fdd30cde89facf2ba72bb90283da.jpg","contentUrl":"https:\/\/www.intoscana.it\/wp-content\/uploads\/4462fdd30cde89facf2ba72bb90283da.jpg","width":591,"height":591},{"@type":"BreadcrumbList","@id":"https:\/\/www.intoscana.it\/it\/barriere-architettoniche-2-milioni-di-euro-per-labbattimento-nelle-case\/#breadcrumb","itemListElement":[{"@type":"ListItem","position":1,"name":"Home","item":"https:\/\/www.intoscana.it\/it\/"},{"@type":"ListItem","position":2,"name":"Barriere architettoniche, 2 milioni di euro per l&#8217;abbattimento nelle case"}]},{"@type":"WebSite","@id":"https:\/\/www.intoscana.it\/it\/#website","url":"https:\/\/www.intoscana.it\/it\/","name":"intoscana","description":"","potentialAction":[{"@type":"SearchAction","target":{"@type":"EntryPoint","urlTemplate":"https:\/\/www.intoscana.it\/it\/?s={search_term_string}"},"query-input":{"@type":"PropertyValueSpecification","valueRequired":true,"valueName":"search_term_string"}}],"inLanguage":"it-IT"},{"@type":"Person","@id":"https:\/\/www.intoscana.it\/it\/#\/schema\/person\/9223810753230f20bd670fdd322661f8","name":"Redazione","url":"https:\/\/www.intoscana.it\/it\/author\/redazione\/"}]}},"_links":{"self":[{"href":"https:\/\/www.intoscana.it\/it\/wp-json\/wp\/v2\/posts\/315698","targetHints":{"allow":["GET"]}}],"collection":[{"href":"https:\/\/www.intoscana.it\/it\/wp-json\/wp\/v2\/posts"}],"about":[{"href":"https:\/\/www.intoscana.it\/it\/wp-json\/wp\/v2\/types\/post"}],"author":[{"embeddable":true,"href":"https:\/\/www.intoscana.it\/it\/wp-json\/wp\/v2\/users\/525"}],"replies":[{"embeddable":true,"href":"https:\/\/www.intoscana.it\/it\/wp-json\/wp\/v2\/comments?post=315698"}],"version-history":[{"count":0,"href":"https:\/\/www.intoscana.it\/it\/wp-json\/wp\/v2\/posts\/315698\/revisions"}],"wp:featuredmedia":[{"embeddable":true,"href":"https:\/\/www.intoscana.it\/it\/wp-json\/wp\/v2\/media\/77668"}],"wp:attachment":[{"href":"https:\/\/www.intoscana.it\/it\/wp-json\/wp\/v2\/media?parent=315698"}],"wp:term":[{"taxonomy":"category","embeddable":true,"href":"https:\/\/www.intoscana.it\/it\/wp-json\/wp\/v2\/categories?post=315698"},{"taxonomy":"post_tag","embeddable":true,"href":"https:\/\/www.intoscana.it\/it\/wp-json\/wp\/v2\/tags?post=315698"}],"curies":[{"name":"wp","href":"https:\/\/api.w.org\/{rel}","templated":true}]}}