{"id":315945,"date":"2023-11-23T09:23:32","date_gmt":"2023-11-23T08:23:32","guid":{"rendered":"https:\/\/www.intoscana.it\/it\/?p=315945"},"modified":"2023-11-23T14:58:11","modified_gmt":"2023-11-23T13:58:11","slug":"il-buon-samaritano-di-orazio-riminaldi-arriva-a-palazzo-blu-quattro-giorni-per-vederlo-a-ingresso-libero","status":"publish","type":"post","link":"https:\/\/www.intoscana.it\/it\/il-buon-samaritano-di-orazio-riminaldi-arriva-a-palazzo-blu-quattro-giorni-per-vederlo-a-ingresso-libero\/","title":{"rendered":"Il buon Samaritano di Orazio Riminaldi arriva a Palazzo Blu: quattro giorni per vederlo a ingresso libero"},"content":{"rendered":"<p><strong>Palazzo Blu a Pisa<\/strong> ha acquisito un dipinto del celebre<strong> Orazio Riminaldi<\/strong> (1593-1630), pittore pisano <strong>formatosi a Roma nelle pi\u00f9 importanti botteghe del tempo<\/strong> e rientrato a Pisa per realizzare la<strong> cupola del duomo<\/strong>, in occasione del restauro della cattedrale coordinato da Curzio Ceuli.<\/p>\n<p><strong><em>&#8220;Il buon Samaritano&#8221;<\/em><\/strong> (1625-1630) entra cos\u00ec a far parte del percorso museale di Palazzo Blu e <strong>sar\u00e0 visibile a ingresso gratuito<\/strong> a partire<strong> da gioved\u00ec 23 fino a domenica 26 novembre.<\/strong><\/p>\n<p><strong>Il Buon Samaritano<\/strong> rientra in una costellazione d\u2019interventi realizzata dalla <strong>Fondazione Pisa<\/strong> allo scopo di <strong>rivalutare un periodo storico-artistico,<\/strong> quello della<strong> Pisa medicea,<\/strong> tradizionalmente ritenuto povero di episodi significativi.<\/p>\n<p>In questo senso il quadro di Riminaldi si inserisce in una <strong>campagna di acquisti<\/strong> che ha visto l&#8217;anno scorso l&#8217;ingresso nel museo pisano del \u2018<a href=\"https:\/\/www.intoscana.it\/it\/articolo\/palazzo-blu-quadro-artemisia-gentileschi-cristo-samaritana\/\" target=\"_blank\" rel=\"noopener\"><strong><em>Cristo e la Samaritana al pozzo<\/em><\/strong>\u2019<\/a> di <strong><a href=\"https:\/\/www.intoscana.it\/it\/articolo\/artemisia-gentileschi\/\" target=\"_blank\" rel=\"noopener\">Artemisia Gentileschi.<\/a><\/strong><\/p>\n<p><em>&#8220;Per la nostra citt\u00e0<\/em> \u2013 sottolinea<strong> Stefano Renzoni, storico dell\u2019arte<\/strong> e curatore del volume che raccoglie gli studi compiuti sul dipinto &#8211; <em>Acquisti di opere, mostre e relativi cataloghi realizzati negli anni, esprimono uno sforzo non banale da parte della Fondazione per riassegnare il giusto valore ad un periodo storico che fu per Pisa assai importante e animato da artisti di primissimo piano\u201d.<\/em><\/p>\n<h3>L&#8217;opera<\/h3>\n<p>Il dipinto, attribuito al Riminaldi da <strong>Pierluigi Carofano e Franco Paliaga<\/strong> gi\u00e0 nei primi anni 2000, rappresenta <strong>il buon Samaritano<\/strong> che nel Vangelo di Luca <strong>si prende cura del viandante aggredito dai briganti<\/strong> e lasciato moribondo sulla strada che da Gerusalemme porta a Gerico.<\/p>\n<p>Il Samaritano \u00e8 raffigurato nel momento in cui <strong>versa una mistura di olio e vino nella ferita del viandante,<\/strong> steso nudo in diagonale nella composizione della scena.<\/p>\n<p>La rappresentano di questo episodio evangelico conosce<strong> una discreta fortuna negli anni delle grandi epidemie,<\/strong> che con l\u2019affermarsi della medicina moderna pu\u00f2 essere letta come il prestare soccorso da parte di persone veramente in grado di restituire la salute, in contrapposizione ai ciarlatani ingannatori. In questa prospettiva, Pierluigi Carofano ha suggerito che <strong>il committente o la destinazione del dipinto <\/strong>potrebbero essere legate al <strong>mondo della medicina.<\/strong><\/p>\n<p>Da un punto di vista stilistico,<strong> il buon Samaritano deve molto alla lezione del caravaggismo europeo,<\/strong> stemperato per\u00f2 dalla lezione dei Carracci, di Lanfranco e del Guercino.<\/p>\n<p><strong>Cosimo Bracci Torsi presidente di Palazzo Blu<\/strong> ha dichiarato: &#8220;<em>Il buon samaritano \u00e8 l\u2019ultimo splendido dipinto di Orazio Riminaldi, acquistato dalla Fondazione Pisa, che entra nella nostra collezione. Esso si aggiunge agli altri dello stesso autore gi\u00e0 presenti e va ad arricchire il nucleo di opere rappresentativo di un grande momento della pittura, forse meno noto, legato alla nostra citt\u00e0.<\/em><br \/>\n<em>Dopo la lunga crisi seguita alla conquista fiorentina, <strong>dalla met\u00e0 del Cinquecento Pisa inizi\u00f2 la sua rinascita come seconda citt\u00e0 del principato Mediceo.<\/strong> La famiglia granducale soggiorn\u00f2 per lunghi periodi nella citt\u00e0, riapr\u00ec lo Studio pisano, <strong>fu fondato l\u2019ordine monastico militare dei Cavalieri di Santo Stefano<\/strong> che ebbe sede nella omonima piazza totalmente rinnovata, si procedette al restauro della cattedrale, gravemente danneggiata dall\u2019incendio del 1595 ricorrendo ai migliori artisti disponibili. La popolazione della citt\u00e0, anche attraverso <strong>l\u2019arrivo di molte famiglie dal contado o dalla stessa Firenze come i Galilei,<\/strong> prese ad aumentare, cos\u00ec come le attivit\u00e0 economiche, rianimando lo stesso contesto urbano.<\/em><br \/>\n<em>In questa cornice la nuova pittura si svilupp\u00f2 legata soprattutto a due famiglie <strong>i Lomi Gentileschi e i Riminaldi.<\/strong> Attive principalmente fra la Toscana e Roma, con Orazio Gentileschi e la figlia Artemisia, trasferitasi poi a Napoli, si proiettarono fino a Parigi e Londra. <strong>Orazio Gentileschi fu maestro a Roma della figlia Artemisia come di Orazio Riminaldi,<\/strong> insieme costituivano un cenacolo artistico e culturale originario della nostra citt\u00e0, al quale partecipava, in veste di amico, protettore e mecenate Cassiano dal Pozzo e potevano aggiungersi grandi artisti stranieri come Simon Vouet.<\/em><br \/>\n<em>Questo ultimo importante acquisto \u00e8 quindi anche un\u2019occasione per ricordare questa vicenda della quale Palazzo Blu conserva nella nostra citt\u00e0 <strong>l\u2019unica testimonianza, almeno fino ad oggi.&#8221;<\/strong><\/em><\/p>\n<figure id=\"post-160836 media-160836\" class=\"align-none\"><img decoding=\"async\" src=\"https:\/\/www.intoscana.it\/wp-content\/uploads\/palazzo_blu-pisa.jpg\" alt=\"\" \/><\/figure>\n<div class=\"titleimg\">Palazzo Blu a Pisa &#8211; \u00a9 Pisa Book Festival<\/div>\n","protected":false},"excerpt":{"rendered":"<p>L&#8217;opera del pittore caravaggesco allievo di Orazio Gentileschi (padre di Artemisia) sar\u00e0 visibile nel mseo pisano a ingresso gratuito a partire da gioved\u00ec 23 fino a domenica 26 novembre<\/p>\n","protected":false},"author":518,"featured_media":315946,"comment_status":"open","ping_status":"open","sticky":false,"template":"","format":"standard","meta":{"_acf_changed":false,"footnotes":""},"categories":[493],"tags":[222,5382,203],"class_list":["post-315945","post","type-post","status-publish","format-standard","has-post-thumbnail","hentry","category-cultura","tag-mostre","tag-palazzo-blu","tag-pisa"],"acf":[],"yoast_head":"<!-- This site is optimized with the Yoast SEO Premium plugin v24.2 (Yoast SEO v25.6) - https:\/\/yoast.com\/wordpress\/plugins\/seo\/ -->\n<title>Il buon Samaritano di Orazio Riminaldi arriva a Palazzo Blu: quattro giorni per vederlo a ingresso libero - intoscana<\/title>\n<meta name=\"description\" content=\"L&#039;opera del pittore caravaggesco sar\u00e0 visibile a ingresso gratuito a partire da gioved\u00ec 23 fino a domenica 26 novembre\" \/>\n<meta name=\"robots\" content=\"index, follow, max-snippet:-1, max-image-preview:large, max-video-preview:-1\" \/>\n<link rel=\"canonical\" href=\"https:\/\/www.intoscana.it\/it\/il-buon-samaritano-di-orazio-riminaldi-arriva-a-palazzo-blu-quattro-giorni-per-vederlo-a-ingresso-libero\/\" \/>\n<meta property=\"og:locale\" content=\"it_IT\" \/>\n<meta property=\"og:type\" content=\"article\" \/>\n<meta property=\"og:title\" content=\"Il buon Samaritano di Orazio Riminaldi arriva a Palazzo Blu: quattro giorni per vederlo a ingresso libero\" \/>\n<meta property=\"og:description\" content=\"L&#039;opera del pittore caravaggesco sar\u00e0 visibile a ingresso gratuito a partire da gioved\u00ec 23 fino a domenica 26 novembre\" \/>\n<meta property=\"og:url\" content=\"https:\/\/www.intoscana.it\/it\/il-buon-samaritano-di-orazio-riminaldi-arriva-a-palazzo-blu-quattro-giorni-per-vederlo-a-ingresso-libero\/\" \/>\n<meta property=\"og:site_name\" content=\"intoscana\" \/>\n<meta property=\"article:publisher\" content=\"https:\/\/www.facebook.com\/intoscana.it\" \/>\n<meta property=\"article:published_time\" content=\"2023-11-23T08:23:32+00:00\" \/>\n<meta property=\"article:modified_time\" content=\"2023-11-23T13:58:11+00:00\" \/>\n<meta property=\"og:image\" content=\"https:\/\/www.intoscana.it\/wp-content\/uploads\/Buon_Samaritano-OrazioRiminaldi.jpg\" \/>\n\t<meta property=\"og:image:width\" content=\"1121\" \/>\n\t<meta property=\"og:image:height\" content=\"720\" \/>\n\t<meta property=\"og:image:type\" content=\"image\/jpeg\" \/>\n<meta name=\"author\" content=\"Costanza Baldini\" \/>\n<meta name=\"twitter:card\" content=\"summary_large_image\" \/>\n<meta name=\"twitter:creator\" content=\"@intoscana\" \/>\n<meta name=\"twitter:site\" content=\"@intoscana\" \/>\n<meta name=\"twitter:label1\" content=\"Written by\" \/>\n\t<meta name=\"twitter:data1\" content=\"Costanza Baldini\" \/>\n\t<meta name=\"twitter:label2\" content=\"Est. reading time\" \/>\n\t<meta name=\"twitter:data2\" content=\"3 minuti\" \/>\n<script type=\"application\/ld+json\" class=\"yoast-schema-graph\">{\"@context\":\"https:\/\/schema.org\",\"@graph\":[{\"@type\":\"WebPage\",\"@id\":\"https:\/\/www.intoscana.it\/it\/il-buon-samaritano-di-orazio-riminaldi-arriva-a-palazzo-blu-quattro-giorni-per-vederlo-a-ingresso-libero\/\",\"url\":\"https:\/\/www.intoscana.it\/it\/il-buon-samaritano-di-orazio-riminaldi-arriva-a-palazzo-blu-quattro-giorni-per-vederlo-a-ingresso-libero\/\",\"name\":\"Il buon Samaritano di Orazio Riminaldi arriva a Palazzo Blu: quattro giorni per vederlo a ingresso libero - intoscana\",\"isPartOf\":{\"@id\":\"https:\/\/www.intoscana.it\/it\/#website\"},\"primaryImageOfPage\":{\"@id\":\"https:\/\/www.intoscana.it\/it\/il-buon-samaritano-di-orazio-riminaldi-arriva-a-palazzo-blu-quattro-giorni-per-vederlo-a-ingresso-libero\/#primaryimage\"},\"image\":{\"@id\":\"https:\/\/www.intoscana.it\/it\/il-buon-samaritano-di-orazio-riminaldi-arriva-a-palazzo-blu-quattro-giorni-per-vederlo-a-ingresso-libero\/#primaryimage\"},\"thumbnailUrl\":\"https:\/\/www.intoscana.it\/wp-content\/uploads\/Buon_Samaritano-OrazioRiminaldi.jpg\",\"datePublished\":\"2023-11-23T08:23:32+00:00\",\"dateModified\":\"2023-11-23T13:58:11+00:00\",\"author\":{\"@id\":\"https:\/\/www.intoscana.it\/it\/#\/schema\/person\/d469f35f09739bdf00bf5dd3f0647a82\"},\"description\":\"L'opera del pittore caravaggesco sar\u00e0 visibile a ingresso gratuito a partire da gioved\u00ec 23 fino a domenica 26 novembre\",\"breadcrumb\":{\"@id\":\"https:\/\/www.intoscana.it\/it\/il-buon-samaritano-di-orazio-riminaldi-arriva-a-palazzo-blu-quattro-giorni-per-vederlo-a-ingresso-libero\/#breadcrumb\"},\"inLanguage\":\"it-IT\",\"potentialAction\":[{\"@type\":\"ReadAction\",\"target\":[\"https:\/\/www.intoscana.it\/it\/il-buon-samaritano-di-orazio-riminaldi-arriva-a-palazzo-blu-quattro-giorni-per-vederlo-a-ingresso-libero\/\"]}]},{\"@type\":\"ImageObject\",\"inLanguage\":\"it-IT\",\"@id\":\"https:\/\/www.intoscana.it\/it\/il-buon-samaritano-di-orazio-riminaldi-arriva-a-palazzo-blu-quattro-giorni-per-vederlo-a-ingresso-libero\/#primaryimage\",\"url\":\"https:\/\/www.intoscana.it\/wp-content\/uploads\/Buon_Samaritano-OrazioRiminaldi.jpg\",\"contentUrl\":\"https:\/\/www.intoscana.it\/wp-content\/uploads\/Buon_Samaritano-OrazioRiminaldi.jpg\",\"width\":1121,\"height\":720,\"caption\":\"Buon Samaritano Orazio Riminaldi\"},{\"@type\":\"BreadcrumbList\",\"@id\":\"https:\/\/www.intoscana.it\/it\/il-buon-samaritano-di-orazio-riminaldi-arriva-a-palazzo-blu-quattro-giorni-per-vederlo-a-ingresso-libero\/#breadcrumb\",\"itemListElement\":[{\"@type\":\"ListItem\",\"position\":1,\"name\":\"Home\",\"item\":\"https:\/\/www.intoscana.it\/it\/\"},{\"@type\":\"ListItem\",\"position\":2,\"name\":\"Il buon Samaritano di Orazio Riminaldi arriva a Palazzo Blu: quattro giorni per vederlo a ingresso libero\"}]},{\"@type\":\"WebSite\",\"@id\":\"https:\/\/www.intoscana.it\/it\/#website\",\"url\":\"https:\/\/www.intoscana.it\/it\/\",\"name\":\"intoscana\",\"description\":\"\",\"potentialAction\":[{\"@type\":\"SearchAction\",\"target\":{\"@type\":\"EntryPoint\",\"urlTemplate\":\"https:\/\/www.intoscana.it\/it\/?s={search_term_string}\"},\"query-input\":{\"@type\":\"PropertyValueSpecification\",\"valueRequired\":true,\"valueName\":\"search_term_string\"}}],\"inLanguage\":\"it-IT\"},{\"@type\":\"Person\",\"@id\":\"https:\/\/www.intoscana.it\/it\/#\/schema\/person\/d469f35f09739bdf00bf5dd3f0647a82\",\"name\":\"Costanza Baldini\",\"url\":\"https:\/\/www.intoscana.it\/it\/author\/costanza-baldini\/\"}]}<\/script>\n<!-- \/ Yoast SEO Premium plugin. -->","yoast_head_json":{"title":"Il buon Samaritano di Orazio Riminaldi arriva a Palazzo Blu: quattro giorni per vederlo a ingresso libero - intoscana","description":"L'opera del pittore caravaggesco sar\u00e0 visibile a ingresso gratuito a partire da gioved\u00ec 23 fino a domenica 26 novembre","robots":{"index":"index","follow":"follow","max-snippet":"max-snippet:-1","max-image-preview":"max-image-preview:large","max-video-preview":"max-video-preview:-1"},"canonical":"https:\/\/www.intoscana.it\/it\/il-buon-samaritano-di-orazio-riminaldi-arriva-a-palazzo-blu-quattro-giorni-per-vederlo-a-ingresso-libero\/","og_locale":"it_IT","og_type":"article","og_title":"Il buon Samaritano di Orazio Riminaldi arriva a Palazzo Blu: quattro giorni per vederlo a ingresso libero","og_description":"L'opera del pittore caravaggesco sar\u00e0 visibile a ingresso gratuito a partire da gioved\u00ec 23 fino a domenica 26 novembre","og_url":"https:\/\/www.intoscana.it\/it\/il-buon-samaritano-di-orazio-riminaldi-arriva-a-palazzo-blu-quattro-giorni-per-vederlo-a-ingresso-libero\/","og_site_name":"intoscana","article_publisher":"https:\/\/www.facebook.com\/intoscana.it","article_published_time":"2023-11-23T08:23:32+00:00","article_modified_time":"2023-11-23T13:58:11+00:00","og_image":[{"width":1121,"height":720,"url":"https:\/\/www.intoscana.it\/wp-content\/uploads\/Buon_Samaritano-OrazioRiminaldi.jpg","type":"image\/jpeg"}],"author":"Costanza Baldini","twitter_card":"summary_large_image","twitter_creator":"@intoscana","twitter_site":"@intoscana","twitter_misc":{"Written by":"Costanza Baldini","Est. reading time":"3 minuti"},"schema":{"@context":"https:\/\/schema.org","@graph":[{"@type":"WebPage","@id":"https:\/\/www.intoscana.it\/it\/il-buon-samaritano-di-orazio-riminaldi-arriva-a-palazzo-blu-quattro-giorni-per-vederlo-a-ingresso-libero\/","url":"https:\/\/www.intoscana.it\/it\/il-buon-samaritano-di-orazio-riminaldi-arriva-a-palazzo-blu-quattro-giorni-per-vederlo-a-ingresso-libero\/","name":"Il buon Samaritano di Orazio Riminaldi arriva a Palazzo Blu: quattro giorni per vederlo a ingresso libero - intoscana","isPartOf":{"@id":"https:\/\/www.intoscana.it\/it\/#website"},"primaryImageOfPage":{"@id":"https:\/\/www.intoscana.it\/it\/il-buon-samaritano-di-orazio-riminaldi-arriva-a-palazzo-blu-quattro-giorni-per-vederlo-a-ingresso-libero\/#primaryimage"},"image":{"@id":"https:\/\/www.intoscana.it\/it\/il-buon-samaritano-di-orazio-riminaldi-arriva-a-palazzo-blu-quattro-giorni-per-vederlo-a-ingresso-libero\/#primaryimage"},"thumbnailUrl":"https:\/\/www.intoscana.it\/wp-content\/uploads\/Buon_Samaritano-OrazioRiminaldi.jpg","datePublished":"2023-11-23T08:23:32+00:00","dateModified":"2023-11-23T13:58:11+00:00","author":{"@id":"https:\/\/www.intoscana.it\/it\/#\/schema\/person\/d469f35f09739bdf00bf5dd3f0647a82"},"description":"L'opera del pittore caravaggesco sar\u00e0 visibile a ingresso gratuito a partire da gioved\u00ec 23 fino a domenica 26 novembre","breadcrumb":{"@id":"https:\/\/www.intoscana.it\/it\/il-buon-samaritano-di-orazio-riminaldi-arriva-a-palazzo-blu-quattro-giorni-per-vederlo-a-ingresso-libero\/#breadcrumb"},"inLanguage":"it-IT","potentialAction":[{"@type":"ReadAction","target":["https:\/\/www.intoscana.it\/it\/il-buon-samaritano-di-orazio-riminaldi-arriva-a-palazzo-blu-quattro-giorni-per-vederlo-a-ingresso-libero\/"]}]},{"@type":"ImageObject","inLanguage":"it-IT","@id":"https:\/\/www.intoscana.it\/it\/il-buon-samaritano-di-orazio-riminaldi-arriva-a-palazzo-blu-quattro-giorni-per-vederlo-a-ingresso-libero\/#primaryimage","url":"https:\/\/www.intoscana.it\/wp-content\/uploads\/Buon_Samaritano-OrazioRiminaldi.jpg","contentUrl":"https:\/\/www.intoscana.it\/wp-content\/uploads\/Buon_Samaritano-OrazioRiminaldi.jpg","width":1121,"height":720,"caption":"Buon Samaritano Orazio Riminaldi"},{"@type":"BreadcrumbList","@id":"https:\/\/www.intoscana.it\/it\/il-buon-samaritano-di-orazio-riminaldi-arriva-a-palazzo-blu-quattro-giorni-per-vederlo-a-ingresso-libero\/#breadcrumb","itemListElement":[{"@type":"ListItem","position":1,"name":"Home","item":"https:\/\/www.intoscana.it\/it\/"},{"@type":"ListItem","position":2,"name":"Il buon Samaritano di Orazio Riminaldi arriva a Palazzo Blu: quattro giorni per vederlo a ingresso libero"}]},{"@type":"WebSite","@id":"https:\/\/www.intoscana.it\/it\/#website","url":"https:\/\/www.intoscana.it\/it\/","name":"intoscana","description":"","potentialAction":[{"@type":"SearchAction","target":{"@type":"EntryPoint","urlTemplate":"https:\/\/www.intoscana.it\/it\/?s={search_term_string}"},"query-input":{"@type":"PropertyValueSpecification","valueRequired":true,"valueName":"search_term_string"}}],"inLanguage":"it-IT"},{"@type":"Person","@id":"https:\/\/www.intoscana.it\/it\/#\/schema\/person\/d469f35f09739bdf00bf5dd3f0647a82","name":"Costanza Baldini","url":"https:\/\/www.intoscana.it\/it\/author\/costanza-baldini\/"}]}},"_links":{"self":[{"href":"https:\/\/www.intoscana.it\/it\/wp-json\/wp\/v2\/posts\/315945","targetHints":{"allow":["GET"]}}],"collection":[{"href":"https:\/\/www.intoscana.it\/it\/wp-json\/wp\/v2\/posts"}],"about":[{"href":"https:\/\/www.intoscana.it\/it\/wp-json\/wp\/v2\/types\/post"}],"author":[{"embeddable":true,"href":"https:\/\/www.intoscana.it\/it\/wp-json\/wp\/v2\/users\/518"}],"replies":[{"embeddable":true,"href":"https:\/\/www.intoscana.it\/it\/wp-json\/wp\/v2\/comments?post=315945"}],"version-history":[{"count":0,"href":"https:\/\/www.intoscana.it\/it\/wp-json\/wp\/v2\/posts\/315945\/revisions"}],"wp:featuredmedia":[{"embeddable":true,"href":"https:\/\/www.intoscana.it\/it\/wp-json\/wp\/v2\/media\/315946"}],"wp:attachment":[{"href":"https:\/\/www.intoscana.it\/it\/wp-json\/wp\/v2\/media?parent=315945"}],"wp:term":[{"taxonomy":"category","embeddable":true,"href":"https:\/\/www.intoscana.it\/it\/wp-json\/wp\/v2\/categories?post=315945"},{"taxonomy":"post_tag","embeddable":true,"href":"https:\/\/www.intoscana.it\/it\/wp-json\/wp\/v2\/tags?post=315945"}],"curies":[{"name":"wp","href":"https:\/\/api.w.org\/{rel}","templated":true}]}}