{"id":316096,"date":"2023-11-24T10:00:55","date_gmt":"2023-11-24T09:00:55","guid":{"rendered":"https:\/\/www.intoscana.it\/it\/?p=316096"},"modified":"2023-11-24T10:04:02","modified_gmt":"2023-11-24T09:04:02","slug":"percorsi-di-liberta-per-uscire-dalla-violenza-la-regione-sostiene-lautonomia-delle-donne","status":"publish","type":"post","link":"https:\/\/www.intoscana.it\/it\/percorsi-di-liberta-per-uscire-dalla-violenza-la-regione-sostiene-lautonomia-delle-donne\/","title":{"rendered":"Percorsi di libert\u00e0 per uscire dalla violenza: la Regione sostiene l&#8217;autonomia delle donne"},"content":{"rendered":"<p>Con un pacchetto di misure da oltre <strong>3 milioni e mezzo di euro,<\/strong> la Toscana lancia i suoi <strong>percorsi di libert\u00e0<\/strong> per aiutare le <strong>donne vittime di violenza<\/strong> a riconquistare la propria autonomia. Il nuovo pacchetto, finanziato grazie alle risorse dell\u2019<strong>Fse+ 2021\/2027,<\/strong> prevede sostegni alla formazione e alle politiche attive, contributi per l\u2019occupabilit\u00e0, incentivi per l\u2019inserimento nel mercato del lavoro.<\/p>\n<p><em>\u201cLanciamo un percorso di libert\u00e0, per far sentire alle donne che alla condizione in cui si trovano c\u2019\u00e8 un\u2019alternativa &#8211;<\/em> ha spiegato il presidente della Toscana, <strong>Eugenio Giani &#8211;<\/strong><em> partiremo a livello sperimentale ma spero si possa consolidare perch\u00e9 vogliamo un intervento sempre pi\u00f9 strutturato. <mark>L\u2019obiettivo \u00e8 incoraggiare le donne ad affrancarsi da quelle condizioni su cui poi si annida la violenza, attraverso strumenti per introdursi in un luogo di lavoro e altre garanzie economiche <\/mark>per avere il tempo e lo spazio per lavorare\u201d.<\/em><\/p>\n<h3>Tra i contributi anche tirocini da mille euro al mese per un anno<\/h3>\n<div class=\"rt-page__content-text\">\n<p>Attraverso tre avvisi dell\u2019Agenzia regionale toscana per l\u2019impiego, che verranno pubblicati a breve, nei prossimi tre anni saranno erogati contributi per lo svolgimento di percorsi di politica attiva, ovvero percorsi formativi e di studio (fino a 6mila euro complessivi), ma anche per svolgere <mark>tirocini non curriculari, con un rimborso spese per ogni donna fino a 1.000 euro lordi mensili per un anno.<\/mark><br \/>\nSono previsti anche incentivi a sostegno dell\u2019occupazione (fino a 10.600 euro) per i datori di lavoro privati che assumono le donne con contratto a tempo indeterminato o determinato di almeno 12 mesi.<\/p>\n<p>Inoltre il percorso di libert\u00e0 prevede\u00a0 anche <strong>misure di accompagnamento,<\/strong> con voicher per acquisto di servizi di assistenza e aiuto per le donne con figli minori di 13 anni o non autosufficienti o disabili, e contributi al trasporto per chi vive lontano dal luogo di lavoro o formazione, che possono arrivare fino a 500 euro al mese per un anno.<\/p>\n<p>Il pacchetto rientra nel progetto Ati, il piano della Regione a sostegno dei diritti delle donne, sviluppando l\u2019esperienza degli interventi avviati nel 2018 con il \u201cPiano straordinario contro la violenza sessuale e di genere\u201d e proseguiti nel 2021 con due bandi che hanno sostenuto l\u2019empowerment di oltre 300 donne.<\/p>\n<h3>Obiettivo: l&#8217;indipendenza economica e abitativa<\/h3>\n<p>Destinatarie dei contributi economici sono donne inserite nei percorsi di protezione dalla violenza di genere certificati dai Servizi Sociali territoriali o dai Centri antiviolenza o dalle Case Rifugio. Devono essere residenti o domiciliate in Toscana e disoccupate iscritte ad un Centro per l&#8217;impiego (CPI) della Toscana con il quale hanno stipulato il Progetto per l\u2019Occupabilit\u00e0.<\/p>\n<p><em>&#8220;Il lavoro \u00e8 cruciale per l\u2019autonomia delle donne, e lo \u00e8 ancora di pi\u00f9 nel caso di vittime di violenza<\/em> \u2013 ha aggiunto l\u2019assessora alla formazione, lavoro e pari opportunit\u00e0 della Toscana <strong>Alessandra Nardini<\/strong> &#8211; <em>l\u2019indipendenza,<strong> l&#8217;autonomia economica e quella abitativa,<\/strong> sono infatti elementi essenziali nel percorso di uscita dalla violenza perch\u00e9 una donna che non lavora e non ha quindi un reddito, \u00e8 una donna ancor pi\u00f9 fragile e ricattabile. Abbiamo ideato i nuovi avvisi, che a breve usciranno, facendo tesoro dell\u2019esperienza di quelli precedenti, con l&#8217;ambizione di migliorare la nostra azione e di potenziarla grazie alla sinergia virtuosa che si \u00e8 creata tra<strong> Centri Antiviolenza e Centri per l&#8217;Impiego&#8221;.<\/strong><\/em><\/p>\n<p>Destinatarie dei contributi economici sono donne inserite nei percorsi di protezione dalla violenza di genere certificati dai Servizi Sociali territoriali o dai Centri antiviolenza o dalle Case Rifugio. Devono essere residenti o domiciliate in Toscana e disoccupate iscritte ad un Centro per l&#8217;impiego (CPI) della Toscana con il quale hanno stipulato il Progetto per l\u2019Occupabilit\u00e0.<\/p>\n<\/div>\n","protected":false},"excerpt":{"rendered":"<p>Oltre 3 milioni e mezzo di euro per i prossimi tre anni per aiutare le vittime di violenza con contributi e voucher per corsi di formazione e studio e incentivi all&#8217;occupazione<\/p>\n","protected":false},"author":525,"featured_media":316036,"comment_status":"open","ping_status":"open","sticky":false,"template":"","format":"standard","meta":{"_acf_changed":false,"footnotes":""},"categories":[494],"tags":[411,1547,6557],"class_list":["post-316096","post","type-post","status-publish","format-standard","has-post-thumbnail","hentry","category-attualita","tag-donne","tag-giornata-contro-la-violenza-sulle-donne","tag-la-toscana-delle-donne"],"acf":[],"yoast_head":"<!-- This site is optimized with the Yoast SEO Premium plugin v24.2 (Yoast SEO v25.6) - https:\/\/yoast.com\/wordpress\/plugins\/seo\/ -->\n<title>Percorsi di libert\u00e0 per uscire dalla violenza: la Regione sostiene l&#039;autonomia delle donne - intoscana<\/title>\n<meta name=\"robots\" content=\"index, follow, max-snippet:-1, max-image-preview:large, max-video-preview:-1\" \/>\n<link rel=\"canonical\" href=\"https:\/\/www.intoscana.it\/it\/percorsi-di-liberta-per-uscire-dalla-violenza-la-regione-sostiene-lautonomia-delle-donne\/\" \/>\n<meta property=\"og:locale\" content=\"it_IT\" \/>\n<meta property=\"og:type\" content=\"article\" \/>\n<meta property=\"og:title\" content=\"Percorsi di libert\u00e0 per uscire dalla violenza: la Regione sostiene l&#039;autonomia delle donne\" \/>\n<meta property=\"og:description\" content=\"Oltre 3 milioni e mezzo di euro per i prossimi tre anni per aiutare le vittime di violenza con contributi e voucher per corsi di formazione e studio e incentivi all&#039;occupazione\" \/>\n<meta property=\"og:url\" content=\"https:\/\/www.intoscana.it\/it\/percorsi-di-liberta-per-uscire-dalla-violenza-la-regione-sostiene-lautonomia-delle-donne\/\" \/>\n<meta property=\"og:site_name\" content=\"intoscana\" \/>\n<meta property=\"article:publisher\" content=\"https:\/\/www.facebook.com\/intoscana.it\" \/>\n<meta property=\"article:published_time\" content=\"2023-11-24T09:00:55+00:00\" \/>\n<meta property=\"article:modified_time\" content=\"2023-11-24T09:04:02+00:00\" \/>\n<meta property=\"og:image\" content=\"https:\/\/www.intoscana.it\/wp-content\/uploads\/PRT_1905.jpg\" \/>\n\t<meta property=\"og:image:width\" content=\"1200\" \/>\n\t<meta property=\"og:image:height\" content=\"800\" \/>\n\t<meta property=\"og:image:type\" content=\"image\/jpeg\" \/>\n<meta name=\"author\" content=\"Redazione\" \/>\n<meta name=\"twitter:card\" content=\"summary_large_image\" \/>\n<meta name=\"twitter:creator\" content=\"@intoscana\" \/>\n<meta name=\"twitter:site\" content=\"@intoscana\" \/>\n<meta name=\"twitter:label1\" content=\"Written by\" \/>\n\t<meta name=\"twitter:data1\" content=\"Redazione\" \/>\n\t<meta name=\"twitter:label2\" content=\"Est. reading time\" \/>\n\t<meta name=\"twitter:data2\" content=\"3 minuti\" \/>\n<script type=\"application\/ld+json\" class=\"yoast-schema-graph\">{\"@context\":\"https:\/\/schema.org\",\"@graph\":[{\"@type\":\"WebPage\",\"@id\":\"https:\/\/www.intoscana.it\/it\/percorsi-di-liberta-per-uscire-dalla-violenza-la-regione-sostiene-lautonomia-delle-donne\/\",\"url\":\"https:\/\/www.intoscana.it\/it\/percorsi-di-liberta-per-uscire-dalla-violenza-la-regione-sostiene-lautonomia-delle-donne\/\",\"name\":\"Percorsi di libert\u00e0 per uscire dalla violenza: la Regione sostiene l'autonomia delle donne - intoscana\",\"isPartOf\":{\"@id\":\"https:\/\/www.intoscana.it\/it\/#website\"},\"primaryImageOfPage\":{\"@id\":\"https:\/\/www.intoscana.it\/it\/percorsi-di-liberta-per-uscire-dalla-violenza-la-regione-sostiene-lautonomia-delle-donne\/#primaryimage\"},\"image\":{\"@id\":\"https:\/\/www.intoscana.it\/it\/percorsi-di-liberta-per-uscire-dalla-violenza-la-regione-sostiene-lautonomia-delle-donne\/#primaryimage\"},\"thumbnailUrl\":\"https:\/\/www.intoscana.it\/wp-content\/uploads\/PRT_1905.jpg\",\"datePublished\":\"2023-11-24T09:00:55+00:00\",\"dateModified\":\"2023-11-24T09:04:02+00:00\",\"author\":{\"@id\":\"https:\/\/www.intoscana.it\/it\/#\/schema\/person\/9223810753230f20bd670fdd322661f8\"},\"breadcrumb\":{\"@id\":\"https:\/\/www.intoscana.it\/it\/percorsi-di-liberta-per-uscire-dalla-violenza-la-regione-sostiene-lautonomia-delle-donne\/#breadcrumb\"},\"inLanguage\":\"it-IT\",\"potentialAction\":[{\"@type\":\"ReadAction\",\"target\":[\"https:\/\/www.intoscana.it\/it\/percorsi-di-liberta-per-uscire-dalla-violenza-la-regione-sostiene-lautonomia-delle-donne\/\"]}]},{\"@type\":\"ImageObject\",\"inLanguage\":\"it-IT\",\"@id\":\"https:\/\/www.intoscana.it\/it\/percorsi-di-liberta-per-uscire-dalla-violenza-la-regione-sostiene-lautonomia-delle-donne\/#primaryimage\",\"url\":\"https:\/\/www.intoscana.it\/wp-content\/uploads\/PRT_1905.jpg\",\"contentUrl\":\"https:\/\/www.intoscana.it\/wp-content\/uploads\/PRT_1905.jpg\",\"width\":1200,\"height\":800},{\"@type\":\"BreadcrumbList\",\"@id\":\"https:\/\/www.intoscana.it\/it\/percorsi-di-liberta-per-uscire-dalla-violenza-la-regione-sostiene-lautonomia-delle-donne\/#breadcrumb\",\"itemListElement\":[{\"@type\":\"ListItem\",\"position\":1,\"name\":\"Home\",\"item\":\"https:\/\/www.intoscana.it\/it\/\"},{\"@type\":\"ListItem\",\"position\":2,\"name\":\"Percorsi di libert\u00e0 per uscire dalla violenza: la Regione sostiene l&#8217;autonomia delle donne\"}]},{\"@type\":\"WebSite\",\"@id\":\"https:\/\/www.intoscana.it\/it\/#website\",\"url\":\"https:\/\/www.intoscana.it\/it\/\",\"name\":\"intoscana\",\"description\":\"\",\"potentialAction\":[{\"@type\":\"SearchAction\",\"target\":{\"@type\":\"EntryPoint\",\"urlTemplate\":\"https:\/\/www.intoscana.it\/it\/?s={search_term_string}\"},\"query-input\":{\"@type\":\"PropertyValueSpecification\",\"valueRequired\":true,\"valueName\":\"search_term_string\"}}],\"inLanguage\":\"it-IT\"},{\"@type\":\"Person\",\"@id\":\"https:\/\/www.intoscana.it\/it\/#\/schema\/person\/9223810753230f20bd670fdd322661f8\",\"name\":\"Redazione\",\"url\":\"https:\/\/www.intoscana.it\/it\/author\/redazione\/\"}]}<\/script>\n<!-- \/ Yoast SEO Premium plugin. -->","yoast_head_json":{"title":"Percorsi di libert\u00e0 per uscire dalla violenza: la Regione sostiene l'autonomia delle donne - intoscana","robots":{"index":"index","follow":"follow","max-snippet":"max-snippet:-1","max-image-preview":"max-image-preview:large","max-video-preview":"max-video-preview:-1"},"canonical":"https:\/\/www.intoscana.it\/it\/percorsi-di-liberta-per-uscire-dalla-violenza-la-regione-sostiene-lautonomia-delle-donne\/","og_locale":"it_IT","og_type":"article","og_title":"Percorsi di libert\u00e0 per uscire dalla violenza: la Regione sostiene l'autonomia delle donne","og_description":"Oltre 3 milioni e mezzo di euro per i prossimi tre anni per aiutare le vittime di violenza con contributi e voucher per corsi di formazione e studio e incentivi all'occupazione","og_url":"https:\/\/www.intoscana.it\/it\/percorsi-di-liberta-per-uscire-dalla-violenza-la-regione-sostiene-lautonomia-delle-donne\/","og_site_name":"intoscana","article_publisher":"https:\/\/www.facebook.com\/intoscana.it","article_published_time":"2023-11-24T09:00:55+00:00","article_modified_time":"2023-11-24T09:04:02+00:00","og_image":[{"width":1200,"height":800,"url":"https:\/\/www.intoscana.it\/wp-content\/uploads\/PRT_1905.jpg","type":"image\/jpeg"}],"author":"Redazione","twitter_card":"summary_large_image","twitter_creator":"@intoscana","twitter_site":"@intoscana","twitter_misc":{"Written by":"Redazione","Est. reading time":"3 minuti"},"schema":{"@context":"https:\/\/schema.org","@graph":[{"@type":"WebPage","@id":"https:\/\/www.intoscana.it\/it\/percorsi-di-liberta-per-uscire-dalla-violenza-la-regione-sostiene-lautonomia-delle-donne\/","url":"https:\/\/www.intoscana.it\/it\/percorsi-di-liberta-per-uscire-dalla-violenza-la-regione-sostiene-lautonomia-delle-donne\/","name":"Percorsi di libert\u00e0 per uscire dalla violenza: la Regione sostiene l'autonomia delle donne - intoscana","isPartOf":{"@id":"https:\/\/www.intoscana.it\/it\/#website"},"primaryImageOfPage":{"@id":"https:\/\/www.intoscana.it\/it\/percorsi-di-liberta-per-uscire-dalla-violenza-la-regione-sostiene-lautonomia-delle-donne\/#primaryimage"},"image":{"@id":"https:\/\/www.intoscana.it\/it\/percorsi-di-liberta-per-uscire-dalla-violenza-la-regione-sostiene-lautonomia-delle-donne\/#primaryimage"},"thumbnailUrl":"https:\/\/www.intoscana.it\/wp-content\/uploads\/PRT_1905.jpg","datePublished":"2023-11-24T09:00:55+00:00","dateModified":"2023-11-24T09:04:02+00:00","author":{"@id":"https:\/\/www.intoscana.it\/it\/#\/schema\/person\/9223810753230f20bd670fdd322661f8"},"breadcrumb":{"@id":"https:\/\/www.intoscana.it\/it\/percorsi-di-liberta-per-uscire-dalla-violenza-la-regione-sostiene-lautonomia-delle-donne\/#breadcrumb"},"inLanguage":"it-IT","potentialAction":[{"@type":"ReadAction","target":["https:\/\/www.intoscana.it\/it\/percorsi-di-liberta-per-uscire-dalla-violenza-la-regione-sostiene-lautonomia-delle-donne\/"]}]},{"@type":"ImageObject","inLanguage":"it-IT","@id":"https:\/\/www.intoscana.it\/it\/percorsi-di-liberta-per-uscire-dalla-violenza-la-regione-sostiene-lautonomia-delle-donne\/#primaryimage","url":"https:\/\/www.intoscana.it\/wp-content\/uploads\/PRT_1905.jpg","contentUrl":"https:\/\/www.intoscana.it\/wp-content\/uploads\/PRT_1905.jpg","width":1200,"height":800},{"@type":"BreadcrumbList","@id":"https:\/\/www.intoscana.it\/it\/percorsi-di-liberta-per-uscire-dalla-violenza-la-regione-sostiene-lautonomia-delle-donne\/#breadcrumb","itemListElement":[{"@type":"ListItem","position":1,"name":"Home","item":"https:\/\/www.intoscana.it\/it\/"},{"@type":"ListItem","position":2,"name":"Percorsi di libert\u00e0 per uscire dalla violenza: la Regione sostiene l&#8217;autonomia delle donne"}]},{"@type":"WebSite","@id":"https:\/\/www.intoscana.it\/it\/#website","url":"https:\/\/www.intoscana.it\/it\/","name":"intoscana","description":"","potentialAction":[{"@type":"SearchAction","target":{"@type":"EntryPoint","urlTemplate":"https:\/\/www.intoscana.it\/it\/?s={search_term_string}"},"query-input":{"@type":"PropertyValueSpecification","valueRequired":true,"valueName":"search_term_string"}}],"inLanguage":"it-IT"},{"@type":"Person","@id":"https:\/\/www.intoscana.it\/it\/#\/schema\/person\/9223810753230f20bd670fdd322661f8","name":"Redazione","url":"https:\/\/www.intoscana.it\/it\/author\/redazione\/"}]}},"_links":{"self":[{"href":"https:\/\/www.intoscana.it\/it\/wp-json\/wp\/v2\/posts\/316096","targetHints":{"allow":["GET"]}}],"collection":[{"href":"https:\/\/www.intoscana.it\/it\/wp-json\/wp\/v2\/posts"}],"about":[{"href":"https:\/\/www.intoscana.it\/it\/wp-json\/wp\/v2\/types\/post"}],"author":[{"embeddable":true,"href":"https:\/\/www.intoscana.it\/it\/wp-json\/wp\/v2\/users\/525"}],"replies":[{"embeddable":true,"href":"https:\/\/www.intoscana.it\/it\/wp-json\/wp\/v2\/comments?post=316096"}],"version-history":[{"count":0,"href":"https:\/\/www.intoscana.it\/it\/wp-json\/wp\/v2\/posts\/316096\/revisions"}],"wp:featuredmedia":[{"embeddable":true,"href":"https:\/\/www.intoscana.it\/it\/wp-json\/wp\/v2\/media\/316036"}],"wp:attachment":[{"href":"https:\/\/www.intoscana.it\/it\/wp-json\/wp\/v2\/media?parent=316096"}],"wp:term":[{"taxonomy":"category","embeddable":true,"href":"https:\/\/www.intoscana.it\/it\/wp-json\/wp\/v2\/categories?post=316096"},{"taxonomy":"post_tag","embeddable":true,"href":"https:\/\/www.intoscana.it\/it\/wp-json\/wp\/v2\/tags?post=316096"}],"curies":[{"name":"wp","href":"https:\/\/api.w.org\/{rel}","templated":true}]}}