{"id":316110,"date":"2023-11-24T11:13:48","date_gmt":"2023-11-24T10:13:48","guid":{"rendered":"https:\/\/www.intoscana.it\/it\/?p=316110"},"modified":"2023-11-24T11:24:00","modified_gmt":"2023-11-24T10:24:00","slug":"eugenio-sournia-dai-siberia-al-debutto-solista-la-musica-per-me-e-stupore-e-meraviglia","status":"publish","type":"post","link":"https:\/\/www.intoscana.it\/it\/eugenio-sournia-dai-siberia-al-debutto-solista-la-musica-per-me-e-stupore-e-meraviglia\/","title":{"rendered":"Eugenio Sournia dai Siberia al debutto solista: &#8220;La musica per me \u00e8 stupore e meraviglia&#8221;"},"content":{"rendered":"<p><strong>Eugenio Sournia \u00e8 un cantautore livornese<\/strong> che ha esordito nel mondo della musica con la band<strong> Siberia<\/strong> pubblicando con loro tre album.<\/p>\n<p><strong>Dopo un periodo di riflessione durante la pandemia<\/strong> ha dato vita al suo primo progetto solista che si intitoler\u00e0 <em><strong>\u201cEugenio Sournia\u201d<\/strong><\/em> per <strong>Carosello Records.<\/strong><\/p>\n<p>Il disco \u00e8 prodotto da <strong><a href=\"https:\/\/www.intoscana.it\/it\/podcast\/emma-nolde-grazia-e-determinazione-nella-straordinaria-cantautrice-toscana\/\" target=\"_blank\" rel=\"noopener\">Emma Nolde<\/a>,<\/strong> giovane e talentuosa artista toscana. La scelta di Eugenio di lavorare con Emma risale al suo desiderio di ritrovare, in lei, una sorta di <strong>innocenza perduta<\/strong> e <strong>un\u2019idea di musica e di suono che arricchisca e completi le sue canzoni,<\/strong> che sono basate principalmente sulle parole.<\/p>\n<p><strong>Eugenio ha sempre amato scrivere fin da piccolo,<\/strong> e lo ha fatto inizialmente<strong> attraverso la poesia<\/strong> per poi passare, crescendo, alla forma canzone accorgendosi come fosse pi\u00f9 facile farlo da dietro ad un microfono piuttosto che pubblicando raccolte.<\/p>\n<p>Un talento che sente di avere nel sangue (si chiama Eugenio perch\u00e9 sua madre voleva un <strong>emulo di Montale<\/strong>) e una passione coltivata nel corso degli anni a prescindere dagli studi universitari, approfondendo autori come <strong>John Keats e Ungaretti.<\/strong><\/p>\n<p><strong>Una scrittura evocativa, poetica e profonda<\/strong> la sua, che richiama i grandi <strong>classici della tradizione italiana<\/strong> e che si ritrova nei brani che andranno a comporre questo nuovo capitolo del suo percorso discografico nato dall\u2019esigenza di <strong>raccontare il rapporto con il dolore<\/strong> nella musica e nell\u2019arte.<\/p>\n<p>Con questo suo primo progetto solista, Eugenio apre la strada ad <strong>un nuovo percorso discografico<\/strong> che proseguir\u00e0 con un tour di presentazione del nuovo lavoro.<\/p>\n<h3>Ecco la nostra intervista a Eugenio Sournia<\/h3>\n<p><strong>Ciao Eugenio! Com&#8217;\u00e8 nata l&#8217;idea del tuo progetto solista?<\/strong><\/p>\n<p>Con i Siberia <strong>ero l&#8217;autore del 95% dei brani,<\/strong> il fatto di aver scritto canzoni pi\u00f9 intime e personali mi ha imposto di scegliere questo percorso da solo. Banalmente perch\u00e9 queste canzoni uscivano dal classico schema basso, chitarra, batteria, ma anche perch\u00e8 la traiettoria dei <strong>Siberia<\/strong> si era un po&#8217; impantanata su un pop-rock che poteva anche essere legittimo ma poi \u00e8 arrivata la pandemia che ha segato il tour. Doveva essere proprio il tour della consacrazione, con il quale noi avevamo la speranza di mettere un piede nella porta nel mondo del professionismo musicale. Avevamo fatto un disco pi\u00f9 pop, che doveva essere la nostra &#8220;testa di ponte&#8221;. <strong>Con la pandemia mi sono reso conto per\u00f2 che la mia scrittura voleva andare in un&#8217;altra direzione, pi\u00f9 intimista, cantautoriale, <\/strong>quindi mi sono sentito in dovere di prendermi <strong>la responsabilit\u00e0 di questa scelta <\/strong>e farlo a nome mio.<\/p>\n<p><strong>Quando si parla di cantautorato in Italia siamo &#8220;nani sulle spalle dei giganti&#8221; perch\u00e9 alle spalle abbiamo una lunga e importante tradizione con grandissimi musicisti. Chi sono i tuoi &#8220;giganti&#8221;, i tuoi punti di riferimento?<\/strong><\/p>\n<p>Ti faccio tre nomi, uno antico, uno medio e uno recente. <a href=\"https:\/\/www.intoscana.it\/it\/articolo\/unelegantissima-ginevra-di-marco-canta-mi-sono-innamorato-di-te-di-luigi-tenco\/\" target=\"_blank\" rel=\"noopener\"><strong>Luigi Tenco<\/strong> <\/a>\u00e8 il cantautore che sento pi\u00f9 vicino di quelli classici, poi i <strong>CCCP e Giovanni Lindo Ferretti<\/strong> sono quelli che <strong>a livello &#8220;rock&#8221; sento pi\u00f9 vicini,<\/strong> il loro percorso legato alla politica e alla religione mi interessa molto. Poi <strong><a href=\"https:\/\/www.intoscana.it\/it\/articolo\/francesco-bianconi-senza-i-baustelle-arriva-forever-il-suo-primo-disco-solista\/\" target=\"_blank\" rel=\"noopener\">Francesco Bianconi<\/a> dei Baustelle,<\/strong> il suo disco solista io l&#8217;ho macinato e trovo che sia veramente una delle cose pi\u00f9 grandi uscite in Italia negli ultimi anni.<\/p>\n<p><strong>Non hai citato nessun Livornese, la tua citt\u00e0 ha dato vita a una tradizione importante penso a <a href=\"https:\/\/www.intoscana.it\/it\/dettaglio-video\/lironia-tragicomica-di-bobo-rondelli-apre-festambiente-2023\/\" target=\"_blank\" rel=\"noopener\">Bobo Rondelli,<\/a> anche se mi sembra lontano dalla tua musica&#8230;<\/strong><\/p>\n<p>Avrei potuto parlarti tranquillamente anche di <strong>Piero Ciampi<\/strong> per\u00f2 l&#8217;ho scoperto da grande, avevo gi\u00e0 30 anni. <strong>Bobo lo conosco bene anche personalmente<\/strong>, lo vedo e ci chiacchiero spesso. Musicalmente arriviamo a esiti molto diversi,<strong> lui \u00e8 pi\u00f9 scanzonato, io mi prendo molto sul serio<\/strong>. Ma a livello di attitudine c&#8217;\u00e8 sicuramente qualcosa in comune, <strong>lui \u00e8 un artista totale che ha deciso di dedicare la sua vita interamente alla musica<\/strong>, lo trovo<strong> molto punk e molto diretto,<\/strong> per me \u00e8 sicuramente un modello. A Livorno lo \u00e8 per molti,<strong> tutti riconoscono la sua autenticit\u00e0.\u00a0<\/strong><\/p>\n<p><iframe loading=\"lazy\" title=\"YouTube video player\" src=\"https:\/\/www.youtube.com\/embed\/pd0g_qa1iEg?si=9LV6mRMgznmH8p8S\" width=\"800\" height=\"500\" frameborder=\"0\" allowfullscreen=\"allowfullscreen\"><span data-mce-type=\"bookmark\" style=\"display: inline-block; width: 0px; overflow: hidden; line-height: 0;\" class=\"mce_SELRES_start\">\ufeff<\/span><\/iframe><\/p>\n<p><strong>Ho letto che ti sei appassionato alla poesia prima che alla musica, \u00e8 vero?<\/strong><\/p>\n<p><strong>Io &#8220;nasco&#8221; proprio come poeta<\/strong>, da adolescente ho iniziato a trovare il coraggio di far leggere le mie poesie, ho vinto qualche premio a livello giovanile. Sicuramente <strong>\u00e8 stata una tappa importante che mi ha dato la &#8216;self confidence&#8217; necessaria<\/strong> per cominciare a far uscire quello che scrivevo. Poi <strong>a 16 anni mi sono innamorato del rock<\/strong> e da l\u00ec in poi fare le cose dietro una chitarra \u00e8 diventato pi\u00f9 facile, per me era anche una questione di &#8220;figaggine&#8221; (ride). <strong>Ricordo con pi\u00f9 nitidezza la prima volta che ho fatto un accordo sulla chitarra elettrica rispetto alla prima volta che ho avuto un rapporto fisico con una donna. <\/strong>Ricordo questa sensazione di totale stupore e meraviglia.<\/p>\n<p><strong>Com&#8217;\u00e8 nata la collaborazione con Emma Nolde? La conoscevi gi\u00e0 o l&#8217;hai cercata per il disco?<\/strong><\/p>\n<p><strong>Emma la conosco da quando eravamo molto giovani,<\/strong> lei \u00e8 del 2000, i nostri primi scambi sono avvenuti nel 2016-2027 perch\u00e9 lei <strong>veniva spesso a Livorno a fare un open mic<\/strong>. La conosco da tanto, avevamo gi\u00e0 provato a fare qualcosa insieme nel periodo pi\u00f9 buio del Covid tra ottobre 2020 e gennaio 2021, per\u00f2 non era venuto fuori niente, anche se ci eravamo &#8220;annusati&#8221;. Noi abbiamo in comune il Booking che \u00e8 Locusta e grazie a questi addetti ai lavori c&#8217;\u00e8 stata l&#8217;occasione di reincontrarsi. <strong>Emma ha un approccio alla musica pi\u00f9 votato al suono, mentre io sono pi\u00f9 attento al testo e alla canzone,<\/strong> quindi caratteristiche molto diverse. Ma<strong> siamo persone molto simili a livello di attitudine,<\/strong> \u00e8 venuto fuori un lavoro molto semplice e naturale, non ci sono stati colli di bottiglia.<\/p>\n<p><strong>Quando potremo venire a vederti suonare?<\/strong><\/p>\n<p>L&#8217;obiettivo \u00e8 quello di<strong> suonare nei piccoli club a partire da gennaio 2024.<\/strong> Non \u00e8 una stagione facilissima, dopo la pandemia i live club sono un po&#8217; in difficolt\u00e0 ma io ho l&#8217;idea di portare in giro un live con <strong>pianoforte, chitarra e violino.<\/strong> Riprodurre <strong>il disco cos\u00ec com&#8217;\u00e8 in full band \u00e8 difficile,<\/strong> ma credo che l&#8217;importante siano le canzoni, quindi per ora far\u00f2 degli showcase e i live veri e propri arriveranno ad anno nuovo.<\/p>\n<figure id=\"post-316112 media-316112\" class=\"align-none\"><img decoding=\"async\" src=\"https:\/\/www.intoscana.it\/wp-content\/uploads\/Screenshot-2023-11-24-alle-10.14.56.jpeg\" alt=\"\" \/><\/figure>\n<div class=\"titleimg\">Eugenio Sournia<\/div>\n","protected":false},"excerpt":{"rendered":"<p>Il cantautore livornese gi\u00e0 leader dei Siberia ha pubblicato per Carosello Records il suo primo disco solista realizzato in collaborazione con Emma Nolde<\/p>\n","protected":false},"author":518,"featured_media":316135,"comment_status":"open","ping_status":"open","sticky":false,"template":"","format":"standard","meta":{"_acf_changed":false,"footnotes":""},"categories":[14],"tags":[3138,167],"class_list":["post-316110","post","type-post","status-publish","format-standard","has-post-thumbnail","hentry","category-musica","tag-interviste-agli-artisti","tag-musica"],"acf":[],"yoast_head":"<!-- This site is optimized with the Yoast SEO Premium plugin v24.2 (Yoast SEO v25.6) - https:\/\/yoast.com\/wordpress\/plugins\/seo\/ -->\n<title>Eugenio Sournia dai Siberia al debutto solista: &quot;La musica per me \u00e8 stupore e meraviglia&quot; - intoscana<\/title>\n<meta name=\"description\" content=\"Il cantautore livornese gi\u00e0 leader dei Siberia ha pubblicato per Carosello Records il suo primo disco solista realizzato con Emma Nolde\" \/>\n<meta name=\"robots\" content=\"index, follow, max-snippet:-1, max-image-preview:large, max-video-preview:-1\" \/>\n<link rel=\"canonical\" href=\"https:\/\/www.intoscana.it\/it\/eugenio-sournia-dai-siberia-al-debutto-solista-la-musica-per-me-e-stupore-e-meraviglia\/\" \/>\n<meta property=\"og:locale\" content=\"it_IT\" \/>\n<meta property=\"og:type\" content=\"article\" \/>\n<meta property=\"og:title\" content=\"Eugenio Sournia dai Siberia al debutto solista: &quot;La musica per me \u00e8 stupore e meraviglia&quot;\" \/>\n<meta property=\"og:description\" content=\"Il cantautore livornese gi\u00e0 leader dei Siberia ha pubblicato per Carosello Records il suo primo disco solista realizzato con Emma Nolde\" \/>\n<meta property=\"og:url\" content=\"https:\/\/www.intoscana.it\/it\/eugenio-sournia-dai-siberia-al-debutto-solista-la-musica-per-me-e-stupore-e-meraviglia\/\" \/>\n<meta property=\"og:site_name\" content=\"intoscana\" \/>\n<meta property=\"article:publisher\" content=\"https:\/\/www.facebook.com\/intoscana.it\" \/>\n<meta property=\"article:published_time\" content=\"2023-11-24T10:13:48+00:00\" \/>\n<meta property=\"article:modified_time\" content=\"2023-11-24T10:24:00+00:00\" \/>\n<meta property=\"og:image\" content=\"https:\/\/www.intoscana.it\/wp-content\/uploads\/Screenshot-2023-11-24-alle-10.14.49-1.jpeg\" \/>\n\t<meta property=\"og:image:width\" content=\"977\" \/>\n\t<meta property=\"og:image:height\" content=\"633\" \/>\n\t<meta property=\"og:image:type\" content=\"image\/jpeg\" \/>\n<meta name=\"author\" content=\"Costanza Baldini\" \/>\n<meta name=\"twitter:card\" content=\"summary_large_image\" \/>\n<meta name=\"twitter:creator\" content=\"@intoscana\" \/>\n<meta name=\"twitter:site\" content=\"@intoscana\" \/>\n<meta name=\"twitter:label1\" content=\"Written by\" \/>\n\t<meta name=\"twitter:data1\" content=\"Costanza Baldini\" \/>\n\t<meta name=\"twitter:label2\" content=\"Est. reading time\" \/>\n\t<meta name=\"twitter:data2\" content=\"5 minuti\" \/>\n<script type=\"application\/ld+json\" class=\"yoast-schema-graph\">{\"@context\":\"https:\/\/schema.org\",\"@graph\":[{\"@type\":\"WebPage\",\"@id\":\"https:\/\/www.intoscana.it\/it\/eugenio-sournia-dai-siberia-al-debutto-solista-la-musica-per-me-e-stupore-e-meraviglia\/\",\"url\":\"https:\/\/www.intoscana.it\/it\/eugenio-sournia-dai-siberia-al-debutto-solista-la-musica-per-me-e-stupore-e-meraviglia\/\",\"name\":\"Eugenio Sournia dai Siberia al debutto solista: \\\"La musica per me \u00e8 stupore e meraviglia\\\" - intoscana\",\"isPartOf\":{\"@id\":\"https:\/\/www.intoscana.it\/it\/#website\"},\"primaryImageOfPage\":{\"@id\":\"https:\/\/www.intoscana.it\/it\/eugenio-sournia-dai-siberia-al-debutto-solista-la-musica-per-me-e-stupore-e-meraviglia\/#primaryimage\"},\"image\":{\"@id\":\"https:\/\/www.intoscana.it\/it\/eugenio-sournia-dai-siberia-al-debutto-solista-la-musica-per-me-e-stupore-e-meraviglia\/#primaryimage\"},\"thumbnailUrl\":\"https:\/\/www.intoscana.it\/wp-content\/uploads\/Screenshot-2023-11-24-alle-10.14.49-1.jpeg\",\"datePublished\":\"2023-11-24T10:13:48+00:00\",\"dateModified\":\"2023-11-24T10:24:00+00:00\",\"author\":{\"@id\":\"https:\/\/www.intoscana.it\/it\/#\/schema\/person\/d469f35f09739bdf00bf5dd3f0647a82\"},\"description\":\"Il cantautore livornese gi\u00e0 leader dei Siberia ha pubblicato per Carosello Records il suo primo disco solista realizzato con Emma Nolde\",\"breadcrumb\":{\"@id\":\"https:\/\/www.intoscana.it\/it\/eugenio-sournia-dai-siberia-al-debutto-solista-la-musica-per-me-e-stupore-e-meraviglia\/#breadcrumb\"},\"inLanguage\":\"it-IT\",\"potentialAction\":[{\"@type\":\"ReadAction\",\"target\":[\"https:\/\/www.intoscana.it\/it\/eugenio-sournia-dai-siberia-al-debutto-solista-la-musica-per-me-e-stupore-e-meraviglia\/\"]}]},{\"@type\":\"ImageObject\",\"inLanguage\":\"it-IT\",\"@id\":\"https:\/\/www.intoscana.it\/it\/eugenio-sournia-dai-siberia-al-debutto-solista-la-musica-per-me-e-stupore-e-meraviglia\/#primaryimage\",\"url\":\"https:\/\/www.intoscana.it\/wp-content\/uploads\/Screenshot-2023-11-24-alle-10.14.49-1.jpeg\",\"contentUrl\":\"https:\/\/www.intoscana.it\/wp-content\/uploads\/Screenshot-2023-11-24-alle-10.14.49-1.jpeg\",\"width\":977,\"height\":633,\"caption\":\"Eugenio Sournia\"},{\"@type\":\"BreadcrumbList\",\"@id\":\"https:\/\/www.intoscana.it\/it\/eugenio-sournia-dai-siberia-al-debutto-solista-la-musica-per-me-e-stupore-e-meraviglia\/#breadcrumb\",\"itemListElement\":[{\"@type\":\"ListItem\",\"position\":1,\"name\":\"Home\",\"item\":\"https:\/\/www.intoscana.it\/it\/\"},{\"@type\":\"ListItem\",\"position\":2,\"name\":\"Eugenio Sournia dai Siberia al debutto solista: &#8220;La musica per me \u00e8 stupore e meraviglia&#8221;\"}]},{\"@type\":\"WebSite\",\"@id\":\"https:\/\/www.intoscana.it\/it\/#website\",\"url\":\"https:\/\/www.intoscana.it\/it\/\",\"name\":\"intoscana\",\"description\":\"\",\"potentialAction\":[{\"@type\":\"SearchAction\",\"target\":{\"@type\":\"EntryPoint\",\"urlTemplate\":\"https:\/\/www.intoscana.it\/it\/?s={search_term_string}\"},\"query-input\":{\"@type\":\"PropertyValueSpecification\",\"valueRequired\":true,\"valueName\":\"search_term_string\"}}],\"inLanguage\":\"it-IT\"},{\"@type\":\"Person\",\"@id\":\"https:\/\/www.intoscana.it\/it\/#\/schema\/person\/d469f35f09739bdf00bf5dd3f0647a82\",\"name\":\"Costanza Baldini\",\"url\":\"https:\/\/www.intoscana.it\/it\/author\/costanza-baldini\/\"}]}<\/script>\n<!-- \/ Yoast SEO Premium plugin. -->","yoast_head_json":{"title":"Eugenio Sournia dai Siberia al debutto solista: \"La musica per me \u00e8 stupore e meraviglia\" - intoscana","description":"Il cantautore livornese gi\u00e0 leader dei Siberia ha pubblicato per Carosello Records il suo primo disco solista realizzato con Emma Nolde","robots":{"index":"index","follow":"follow","max-snippet":"max-snippet:-1","max-image-preview":"max-image-preview:large","max-video-preview":"max-video-preview:-1"},"canonical":"https:\/\/www.intoscana.it\/it\/eugenio-sournia-dai-siberia-al-debutto-solista-la-musica-per-me-e-stupore-e-meraviglia\/","og_locale":"it_IT","og_type":"article","og_title":"Eugenio Sournia dai Siberia al debutto solista: \"La musica per me \u00e8 stupore e meraviglia\"","og_description":"Il cantautore livornese gi\u00e0 leader dei Siberia ha pubblicato per Carosello Records il suo primo disco solista realizzato con Emma Nolde","og_url":"https:\/\/www.intoscana.it\/it\/eugenio-sournia-dai-siberia-al-debutto-solista-la-musica-per-me-e-stupore-e-meraviglia\/","og_site_name":"intoscana","article_publisher":"https:\/\/www.facebook.com\/intoscana.it","article_published_time":"2023-11-24T10:13:48+00:00","article_modified_time":"2023-11-24T10:24:00+00:00","og_image":[{"width":977,"height":633,"url":"https:\/\/www.intoscana.it\/wp-content\/uploads\/Screenshot-2023-11-24-alle-10.14.49-1.jpeg","type":"image\/jpeg"}],"author":"Costanza Baldini","twitter_card":"summary_large_image","twitter_creator":"@intoscana","twitter_site":"@intoscana","twitter_misc":{"Written by":"Costanza Baldini","Est. reading time":"5 minuti"},"schema":{"@context":"https:\/\/schema.org","@graph":[{"@type":"WebPage","@id":"https:\/\/www.intoscana.it\/it\/eugenio-sournia-dai-siberia-al-debutto-solista-la-musica-per-me-e-stupore-e-meraviglia\/","url":"https:\/\/www.intoscana.it\/it\/eugenio-sournia-dai-siberia-al-debutto-solista-la-musica-per-me-e-stupore-e-meraviglia\/","name":"Eugenio Sournia dai Siberia al debutto solista: \"La musica per me \u00e8 stupore e meraviglia\" - intoscana","isPartOf":{"@id":"https:\/\/www.intoscana.it\/it\/#website"},"primaryImageOfPage":{"@id":"https:\/\/www.intoscana.it\/it\/eugenio-sournia-dai-siberia-al-debutto-solista-la-musica-per-me-e-stupore-e-meraviglia\/#primaryimage"},"image":{"@id":"https:\/\/www.intoscana.it\/it\/eugenio-sournia-dai-siberia-al-debutto-solista-la-musica-per-me-e-stupore-e-meraviglia\/#primaryimage"},"thumbnailUrl":"https:\/\/www.intoscana.it\/wp-content\/uploads\/Screenshot-2023-11-24-alle-10.14.49-1.jpeg","datePublished":"2023-11-24T10:13:48+00:00","dateModified":"2023-11-24T10:24:00+00:00","author":{"@id":"https:\/\/www.intoscana.it\/it\/#\/schema\/person\/d469f35f09739bdf00bf5dd3f0647a82"},"description":"Il cantautore livornese gi\u00e0 leader dei Siberia ha pubblicato per Carosello Records il suo primo disco solista realizzato con Emma Nolde","breadcrumb":{"@id":"https:\/\/www.intoscana.it\/it\/eugenio-sournia-dai-siberia-al-debutto-solista-la-musica-per-me-e-stupore-e-meraviglia\/#breadcrumb"},"inLanguage":"it-IT","potentialAction":[{"@type":"ReadAction","target":["https:\/\/www.intoscana.it\/it\/eugenio-sournia-dai-siberia-al-debutto-solista-la-musica-per-me-e-stupore-e-meraviglia\/"]}]},{"@type":"ImageObject","inLanguage":"it-IT","@id":"https:\/\/www.intoscana.it\/it\/eugenio-sournia-dai-siberia-al-debutto-solista-la-musica-per-me-e-stupore-e-meraviglia\/#primaryimage","url":"https:\/\/www.intoscana.it\/wp-content\/uploads\/Screenshot-2023-11-24-alle-10.14.49-1.jpeg","contentUrl":"https:\/\/www.intoscana.it\/wp-content\/uploads\/Screenshot-2023-11-24-alle-10.14.49-1.jpeg","width":977,"height":633,"caption":"Eugenio Sournia"},{"@type":"BreadcrumbList","@id":"https:\/\/www.intoscana.it\/it\/eugenio-sournia-dai-siberia-al-debutto-solista-la-musica-per-me-e-stupore-e-meraviglia\/#breadcrumb","itemListElement":[{"@type":"ListItem","position":1,"name":"Home","item":"https:\/\/www.intoscana.it\/it\/"},{"@type":"ListItem","position":2,"name":"Eugenio Sournia dai Siberia al debutto solista: &#8220;La musica per me \u00e8 stupore e meraviglia&#8221;"}]},{"@type":"WebSite","@id":"https:\/\/www.intoscana.it\/it\/#website","url":"https:\/\/www.intoscana.it\/it\/","name":"intoscana","description":"","potentialAction":[{"@type":"SearchAction","target":{"@type":"EntryPoint","urlTemplate":"https:\/\/www.intoscana.it\/it\/?s={search_term_string}"},"query-input":{"@type":"PropertyValueSpecification","valueRequired":true,"valueName":"search_term_string"}}],"inLanguage":"it-IT"},{"@type":"Person","@id":"https:\/\/www.intoscana.it\/it\/#\/schema\/person\/d469f35f09739bdf00bf5dd3f0647a82","name":"Costanza Baldini","url":"https:\/\/www.intoscana.it\/it\/author\/costanza-baldini\/"}]}},"_links":{"self":[{"href":"https:\/\/www.intoscana.it\/it\/wp-json\/wp\/v2\/posts\/316110","targetHints":{"allow":["GET"]}}],"collection":[{"href":"https:\/\/www.intoscana.it\/it\/wp-json\/wp\/v2\/posts"}],"about":[{"href":"https:\/\/www.intoscana.it\/it\/wp-json\/wp\/v2\/types\/post"}],"author":[{"embeddable":true,"href":"https:\/\/www.intoscana.it\/it\/wp-json\/wp\/v2\/users\/518"}],"replies":[{"embeddable":true,"href":"https:\/\/www.intoscana.it\/it\/wp-json\/wp\/v2\/comments?post=316110"}],"version-history":[{"count":0,"href":"https:\/\/www.intoscana.it\/it\/wp-json\/wp\/v2\/posts\/316110\/revisions"}],"wp:featuredmedia":[{"embeddable":true,"href":"https:\/\/www.intoscana.it\/it\/wp-json\/wp\/v2\/media\/316135"}],"wp:attachment":[{"href":"https:\/\/www.intoscana.it\/it\/wp-json\/wp\/v2\/media?parent=316110"}],"wp:term":[{"taxonomy":"category","embeddable":true,"href":"https:\/\/www.intoscana.it\/it\/wp-json\/wp\/v2\/categories?post=316110"},{"taxonomy":"post_tag","embeddable":true,"href":"https:\/\/www.intoscana.it\/it\/wp-json\/wp\/v2\/tags?post=316110"}],"curies":[{"name":"wp","href":"https:\/\/api.w.org\/{rel}","templated":true}]}}