{"id":316254,"date":"2023-11-24T17:29:57","date_gmt":"2023-11-24T16:29:57","guid":{"rendered":"https:\/\/www.intoscana.it\/it\/?p=316254"},"modified":"2023-11-25T12:30:23","modified_gmt":"2023-11-25T11:30:23","slug":"astronomia-la-toscana-delle-donne-presenta-lasteroide-ati","status":"publish","type":"post","link":"https:\/\/www.intoscana.it\/it\/astronomia-la-toscana-delle-donne-presenta-lasteroide-ati\/","title":{"rendered":"Astronomia, la Toscana delle donne presenta l\u2019asteroide Ati"},"content":{"rendered":"<p>Sar\u00e0 visibile dalla Terra nella <strong>giornata di Natale 2024<\/strong>, l\u2019<strong>asteroide<\/strong> intitolato ufficialmente lo scorso 30 ottobre ad<strong> Ati, la principessa etrusca<\/strong> simbolo dell\u2019emancipazione femminile e del ruolo rilevante che la donna rivestiva in quell\u2019antica civilt\u00e0. \u00c8 stato dedicato a <strong>Giulia Cecchettin<\/strong>, la ragazza veneta uccisa alcuni giorni fa dal suo ex.<\/p>\n<p>Come ha voluto <strong>Maura Tombelli<\/strong>, direttrice dell\u2019Osservatorio Astronomico \u201c<em>Beppe Forti<\/em>\u201d Montelupo Fiorentino e, assieme a <strong>Fabrizio Bernbardi<\/strong>, co-scopritrice dell\u2019asteroide, al primo posto al mondo tra le astronome donne non professioniste con 199 asteroidi scoperti.<\/p>\n<p>E\u2019 quanto emerso nel corso di un talk organizzato all\u2019interno del festival \u201c<em>La Toscana delle donne\u201d<\/em> e a cui hanno partecipato anche il presidente <strong>Eugenio Giani<\/strong>, la capo di Gabinetto del presidente della Regione Toscana e ideatrice del Festival <strong>Cristina Manetti e Antonella Fioravanti<\/strong>, docente all\u2019Universit\u00e0 libera di Bruxelles e presidente della Fondazione Parsec (il parco delle Scienze e della cultura di Prato), insignita a giugno scorso del titolo di Cavaliere dell\u2019Ordine della stella d\u2019Italia.<\/p>\n<h3>L&#8217;asteroide Ati, simbolo per le donne<\/h3>\n<p>Avvistato per la prima volta il 27 novembre di 21 anni fa da Campo Imperatore, <strong>Ati<\/strong> \u00e8 un corpo celeste di circa circa <strong>700 metri<\/strong>. Disegna un\u2019orbita ellittica e \u201c<em>fa parte della famiglia di asteroidi Amor, ovvero tra quelli che passano vicino alla Terra e spesso sono intitolati a personaggi mitologici<\/em>\u201d, ha spiegato Tombelli.<\/p>\n<p>\u201c<em>L\u2019identificazione dell\u2019asteroide con il nome Ati \u00e8 qualcosa di straordinario, di bello. L\u2019aspirazione allo spazio e all\u2019infinito \u00e8 l\u2019aspirazione di ogni uomo e donna &#8211; <\/em>ha commentato <strong>il presidente Giani<\/strong>, aggiungendo &#8211; <em>Ati \u00e8 un simbolo di ci\u00f2 a cui aspiriamo come valori per una societ\u00e0 dove la donna viene promossa e valorizzata per quello che \u00e8 e quello che merita\u201d.<\/em><\/p>\n<figure id=\"post-316259 media-316259\" class=\"align-none\"><img decoding=\"async\" src=\"https:\/\/www.intoscana.it\/wp-content\/uploads\/La-Toscana-delle-donne-per-il-talk-sullasteroide-Ati.jpeg\" alt=\"\" \/><\/figure>\n<div class=\"titleimg\">La Toscana delle donne per il talk sull\u2019asteroide Ati<\/div>\n<h3>Ati e la Toscana delle donne<\/h3>\n<p>\u201c<em>Nello spazio ci sar\u00e0 Ati a rappresentarci<\/em> \u2013 ha osservato <strong>Cristina Manetti<\/strong> &#8211;<em>, penso che lo faccia al meglio per quello che rappresenta questa antica donna etrusca. Tra l\u2019altro \u00e8 l\u2019unico asteroide che porta il nome di una donna. Quindi c\u2019\u00e8 anche questo primato oltre che l\u2019orgoglio di avere un nome cos\u00ec importante\u201d<\/em>.<\/p>\n<p>Ad attribuire <strong>il nome all\u2019asteroide<\/strong>, su proposta degli scopritori, \u00e8 stato l\u2019organismo internazionale ufficialmente preposto, ovvero il Working Group for Small Bodies Nomenclatures dell\u2019<strong>Unione astronomica internazionale<\/strong> (IAU).<\/p>\n<p>Le motivazioni sono contenute nell\u2019attestato di intitolazione: \u201c<em>Ati \u00e8 un personaggio che simboleggia la donna libera e indipendente dell\u2019antica Etruria. Rappresenta il ritratto di una condizione femminile sorprendente per quell\u2019epoca: emancipata e piena di dignit\u00e0\u201d.<\/em><\/p>\n","protected":false},"excerpt":{"rendered":"<p>Il corpo celeste intitolato alla principessa etrusca simbolo dell&#8217;emancipazione femminile e dedicato al ricordo di Giulia Cecchettin sar\u00e0 visibile dalla Terra a Natale del 2024<\/p>\n","protected":false},"author":525,"featured_media":316258,"comment_status":"open","ping_status":"open","sticky":false,"template":"","format":"standard","meta":{"_acf_changed":false,"footnotes":""},"categories":[494],"tags":[4455,6557],"class_list":["post-316254","post","type-post","status-publish","format-standard","has-post-thumbnail","hentry","category-attualita","tag-astronomia","tag-la-toscana-delle-donne"],"acf":[],"yoast_head":"<!-- This site is optimized with the Yoast SEO Premium plugin v24.2 (Yoast SEO v25.6) - https:\/\/yoast.com\/wordpress\/plugins\/seo\/ -->\n<title>Astronomia, la Toscana delle donne presenta l\u2019asteroide Ati - intoscana<\/title>\n<meta name=\"description\" content=\"Il corpo celeste intitolato alla principessa etrusca simbolo dell&#039;emancipazione femminile si potr\u00e0 ammirare dalla Terra a Natale del 2024\" \/>\n<meta name=\"robots\" content=\"index, follow, max-snippet:-1, max-image-preview:large, max-video-preview:-1\" \/>\n<link rel=\"canonical\" href=\"https:\/\/www.intoscana.it\/it\/astronomia-la-toscana-delle-donne-presenta-lasteroide-ati\/\" \/>\n<meta property=\"og:locale\" content=\"it_IT\" \/>\n<meta property=\"og:type\" content=\"article\" \/>\n<meta property=\"og:title\" content=\"Astronomia, la Toscana delle donne presenta l\u2019asteroide Ati\" \/>\n<meta property=\"og:description\" content=\"Il corpo celeste intitolato alla principessa etrusca simbolo dell&#039;emancipazione femminile si potr\u00e0 ammirare dalla Terra a Natale del 2024\" \/>\n<meta property=\"og:url\" content=\"https:\/\/www.intoscana.it\/it\/astronomia-la-toscana-delle-donne-presenta-lasteroide-ati\/\" \/>\n<meta property=\"og:site_name\" content=\"intoscana\" \/>\n<meta property=\"article:publisher\" content=\"https:\/\/www.facebook.com\/intoscana.it\" \/>\n<meta property=\"article:published_time\" content=\"2023-11-24T16:29:57+00:00\" \/>\n<meta property=\"article:modified_time\" content=\"2023-11-25T11:30:23+00:00\" \/>\n<meta property=\"og:image\" content=\"https:\/\/www.intoscana.it\/wp-content\/uploads\/Lasteroide-Ati-e1700911700246.png\" \/>\n\t<meta property=\"og:image:width\" content=\"559\" \/>\n\t<meta property=\"og:image:height\" content=\"401\" \/>\n\t<meta property=\"og:image:type\" content=\"image\/png\" \/>\n<meta name=\"author\" content=\"Redazione\" \/>\n<meta name=\"twitter:card\" content=\"summary_large_image\" \/>\n<meta name=\"twitter:creator\" content=\"@intoscana\" \/>\n<meta name=\"twitter:site\" content=\"@intoscana\" \/>\n<meta name=\"twitter:label1\" content=\"Written by\" \/>\n\t<meta name=\"twitter:data1\" content=\"Redazione\" \/>\n\t<meta name=\"twitter:label2\" content=\"Est. reading time\" \/>\n\t<meta name=\"twitter:data2\" content=\"2 minuti\" \/>\n<script type=\"application\/ld+json\" class=\"yoast-schema-graph\">{\"@context\":\"https:\/\/schema.org\",\"@graph\":[{\"@type\":\"WebPage\",\"@id\":\"https:\/\/www.intoscana.it\/it\/astronomia-la-toscana-delle-donne-presenta-lasteroide-ati\/\",\"url\":\"https:\/\/www.intoscana.it\/it\/astronomia-la-toscana-delle-donne-presenta-lasteroide-ati\/\",\"name\":\"Astronomia, la Toscana delle donne presenta l\u2019asteroide Ati - intoscana\",\"isPartOf\":{\"@id\":\"https:\/\/www.intoscana.it\/it\/#website\"},\"primaryImageOfPage\":{\"@id\":\"https:\/\/www.intoscana.it\/it\/astronomia-la-toscana-delle-donne-presenta-lasteroide-ati\/#primaryimage\"},\"image\":{\"@id\":\"https:\/\/www.intoscana.it\/it\/astronomia-la-toscana-delle-donne-presenta-lasteroide-ati\/#primaryimage\"},\"thumbnailUrl\":\"https:\/\/www.intoscana.it\/wp-content\/uploads\/Lasteroide-Ati-e1700911700246.png\",\"datePublished\":\"2023-11-24T16:29:57+00:00\",\"dateModified\":\"2023-11-25T11:30:23+00:00\",\"author\":{\"@id\":\"https:\/\/www.intoscana.it\/it\/#\/schema\/person\/9223810753230f20bd670fdd322661f8\"},\"description\":\"Il corpo celeste intitolato alla principessa etrusca simbolo dell'emancipazione femminile si potr\u00e0 ammirare dalla Terra a Natale del 2024\",\"breadcrumb\":{\"@id\":\"https:\/\/www.intoscana.it\/it\/astronomia-la-toscana-delle-donne-presenta-lasteroide-ati\/#breadcrumb\"},\"inLanguage\":\"it-IT\",\"potentialAction\":[{\"@type\":\"ReadAction\",\"target\":[\"https:\/\/www.intoscana.it\/it\/astronomia-la-toscana-delle-donne-presenta-lasteroide-ati\/\"]}]},{\"@type\":\"ImageObject\",\"inLanguage\":\"it-IT\",\"@id\":\"https:\/\/www.intoscana.it\/it\/astronomia-la-toscana-delle-donne-presenta-lasteroide-ati\/#primaryimage\",\"url\":\"https:\/\/www.intoscana.it\/wp-content\/uploads\/Lasteroide-Ati-e1700911700246.png\",\"contentUrl\":\"https:\/\/www.intoscana.it\/wp-content\/uploads\/Lasteroide-Ati-e1700911700246.png\",\"width\":559,\"height\":401},{\"@type\":\"BreadcrumbList\",\"@id\":\"https:\/\/www.intoscana.it\/it\/astronomia-la-toscana-delle-donne-presenta-lasteroide-ati\/#breadcrumb\",\"itemListElement\":[{\"@type\":\"ListItem\",\"position\":1,\"name\":\"Home\",\"item\":\"https:\/\/www.intoscana.it\/it\/\"},{\"@type\":\"ListItem\",\"position\":2,\"name\":\"Astronomia, la Toscana delle donne presenta l\u2019asteroide Ati\"}]},{\"@type\":\"WebSite\",\"@id\":\"https:\/\/www.intoscana.it\/it\/#website\",\"url\":\"https:\/\/www.intoscana.it\/it\/\",\"name\":\"intoscana\",\"description\":\"\",\"potentialAction\":[{\"@type\":\"SearchAction\",\"target\":{\"@type\":\"EntryPoint\",\"urlTemplate\":\"https:\/\/www.intoscana.it\/it\/?s={search_term_string}\"},\"query-input\":{\"@type\":\"PropertyValueSpecification\",\"valueRequired\":true,\"valueName\":\"search_term_string\"}}],\"inLanguage\":\"it-IT\"},{\"@type\":\"Person\",\"@id\":\"https:\/\/www.intoscana.it\/it\/#\/schema\/person\/9223810753230f20bd670fdd322661f8\",\"name\":\"Redazione\",\"url\":\"https:\/\/www.intoscana.it\/it\/author\/redazione\/\"}]}<\/script>\n<!-- \/ Yoast SEO Premium plugin. -->","yoast_head_json":{"title":"Astronomia, la Toscana delle donne presenta l\u2019asteroide Ati - intoscana","description":"Il corpo celeste intitolato alla principessa etrusca simbolo dell'emancipazione femminile si potr\u00e0 ammirare dalla Terra a Natale del 2024","robots":{"index":"index","follow":"follow","max-snippet":"max-snippet:-1","max-image-preview":"max-image-preview:large","max-video-preview":"max-video-preview:-1"},"canonical":"https:\/\/www.intoscana.it\/it\/astronomia-la-toscana-delle-donne-presenta-lasteroide-ati\/","og_locale":"it_IT","og_type":"article","og_title":"Astronomia, la Toscana delle donne presenta l\u2019asteroide Ati","og_description":"Il corpo celeste intitolato alla principessa etrusca simbolo dell'emancipazione femminile si potr\u00e0 ammirare dalla Terra a Natale del 2024","og_url":"https:\/\/www.intoscana.it\/it\/astronomia-la-toscana-delle-donne-presenta-lasteroide-ati\/","og_site_name":"intoscana","article_publisher":"https:\/\/www.facebook.com\/intoscana.it","article_published_time":"2023-11-24T16:29:57+00:00","article_modified_time":"2023-11-25T11:30:23+00:00","og_image":[{"width":559,"height":401,"url":"https:\/\/www.intoscana.it\/wp-content\/uploads\/Lasteroide-Ati-e1700911700246.png","type":"image\/png"}],"author":"Redazione","twitter_card":"summary_large_image","twitter_creator":"@intoscana","twitter_site":"@intoscana","twitter_misc":{"Written by":"Redazione","Est. reading time":"2 minuti"},"schema":{"@context":"https:\/\/schema.org","@graph":[{"@type":"WebPage","@id":"https:\/\/www.intoscana.it\/it\/astronomia-la-toscana-delle-donne-presenta-lasteroide-ati\/","url":"https:\/\/www.intoscana.it\/it\/astronomia-la-toscana-delle-donne-presenta-lasteroide-ati\/","name":"Astronomia, la Toscana delle donne presenta l\u2019asteroide Ati - intoscana","isPartOf":{"@id":"https:\/\/www.intoscana.it\/it\/#website"},"primaryImageOfPage":{"@id":"https:\/\/www.intoscana.it\/it\/astronomia-la-toscana-delle-donne-presenta-lasteroide-ati\/#primaryimage"},"image":{"@id":"https:\/\/www.intoscana.it\/it\/astronomia-la-toscana-delle-donne-presenta-lasteroide-ati\/#primaryimage"},"thumbnailUrl":"https:\/\/www.intoscana.it\/wp-content\/uploads\/Lasteroide-Ati-e1700911700246.png","datePublished":"2023-11-24T16:29:57+00:00","dateModified":"2023-11-25T11:30:23+00:00","author":{"@id":"https:\/\/www.intoscana.it\/it\/#\/schema\/person\/9223810753230f20bd670fdd322661f8"},"description":"Il corpo celeste intitolato alla principessa etrusca simbolo dell'emancipazione femminile si potr\u00e0 ammirare dalla Terra a Natale del 2024","breadcrumb":{"@id":"https:\/\/www.intoscana.it\/it\/astronomia-la-toscana-delle-donne-presenta-lasteroide-ati\/#breadcrumb"},"inLanguage":"it-IT","potentialAction":[{"@type":"ReadAction","target":["https:\/\/www.intoscana.it\/it\/astronomia-la-toscana-delle-donne-presenta-lasteroide-ati\/"]}]},{"@type":"ImageObject","inLanguage":"it-IT","@id":"https:\/\/www.intoscana.it\/it\/astronomia-la-toscana-delle-donne-presenta-lasteroide-ati\/#primaryimage","url":"https:\/\/www.intoscana.it\/wp-content\/uploads\/Lasteroide-Ati-e1700911700246.png","contentUrl":"https:\/\/www.intoscana.it\/wp-content\/uploads\/Lasteroide-Ati-e1700911700246.png","width":559,"height":401},{"@type":"BreadcrumbList","@id":"https:\/\/www.intoscana.it\/it\/astronomia-la-toscana-delle-donne-presenta-lasteroide-ati\/#breadcrumb","itemListElement":[{"@type":"ListItem","position":1,"name":"Home","item":"https:\/\/www.intoscana.it\/it\/"},{"@type":"ListItem","position":2,"name":"Astronomia, la Toscana delle donne presenta l\u2019asteroide Ati"}]},{"@type":"WebSite","@id":"https:\/\/www.intoscana.it\/it\/#website","url":"https:\/\/www.intoscana.it\/it\/","name":"intoscana","description":"","potentialAction":[{"@type":"SearchAction","target":{"@type":"EntryPoint","urlTemplate":"https:\/\/www.intoscana.it\/it\/?s={search_term_string}"},"query-input":{"@type":"PropertyValueSpecification","valueRequired":true,"valueName":"search_term_string"}}],"inLanguage":"it-IT"},{"@type":"Person","@id":"https:\/\/www.intoscana.it\/it\/#\/schema\/person\/9223810753230f20bd670fdd322661f8","name":"Redazione","url":"https:\/\/www.intoscana.it\/it\/author\/redazione\/"}]}},"_links":{"self":[{"href":"https:\/\/www.intoscana.it\/it\/wp-json\/wp\/v2\/posts\/316254","targetHints":{"allow":["GET"]}}],"collection":[{"href":"https:\/\/www.intoscana.it\/it\/wp-json\/wp\/v2\/posts"}],"about":[{"href":"https:\/\/www.intoscana.it\/it\/wp-json\/wp\/v2\/types\/post"}],"author":[{"embeddable":true,"href":"https:\/\/www.intoscana.it\/it\/wp-json\/wp\/v2\/users\/525"}],"replies":[{"embeddable":true,"href":"https:\/\/www.intoscana.it\/it\/wp-json\/wp\/v2\/comments?post=316254"}],"version-history":[{"count":0,"href":"https:\/\/www.intoscana.it\/it\/wp-json\/wp\/v2\/posts\/316254\/revisions"}],"wp:featuredmedia":[{"embeddable":true,"href":"https:\/\/www.intoscana.it\/it\/wp-json\/wp\/v2\/media\/316258"}],"wp:attachment":[{"href":"https:\/\/www.intoscana.it\/it\/wp-json\/wp\/v2\/media?parent=316254"}],"wp:term":[{"taxonomy":"category","embeddable":true,"href":"https:\/\/www.intoscana.it\/it\/wp-json\/wp\/v2\/categories?post=316254"},{"taxonomy":"post_tag","embeddable":true,"href":"https:\/\/www.intoscana.it\/it\/wp-json\/wp\/v2\/tags?post=316254"}],"curies":[{"name":"wp","href":"https:\/\/api.w.org\/{rel}","templated":true}]}}