{"id":316307,"date":"2023-11-25T18:21:30","date_gmt":"2023-11-25T17:21:30","guid":{"rendered":"https:\/\/www.intoscana.it\/it\/?p=316307"},"modified":"2023-11-26T22:23:30","modified_gmt":"2023-11-26T21:23:30","slug":"montopoli-da-bene-confiscato-alla-mafia-ecco-la-casa-rifugio","status":"publish","type":"post","link":"https:\/\/www.intoscana.it\/it\/montopoli-da-bene-confiscato-alla-mafia-ecco-la-casa-rifugio\/","title":{"rendered":"Montopoli, da bene confiscato alla mafia ecco la casa rifugio"},"content":{"rendered":"<p><strong>Un bene confiscato<\/strong> alla mafia diventa <strong>un luogo di protezione<\/strong> e simbolo contro <strong>la violenza di genere<\/strong>. Nella giornata internazionale contro la violenza sulle donne, sono stati presentati i lavori di riqualificazione dell\u2019immobile che il Comune di <strong>Montopoli<\/strong> ha acquisito nel 2015.<\/p>\n<p>&#8220;<em>Unendo la battaglia contro le mafie e contro la violenza sulle donne<\/em> \u2013 ha detto l\u2019assessora regionale alle pari opportunit\u00e0 <strong>Alessandra Nardini<\/strong> \u2013 <em>l&#8217;Amministrazione comunale di Montopoli ha fatto una scelta precisa e chiara, dal doppio valore. Restituisce alla comunit\u00e0 un immobile confiscato alla criminalit\u00e0 sferrando un colpo netto alle mafie, e sceglie di farlo destinando quell&#8217;immobile al rafforzamento delle rete antiviolenza attiva sul territorio&#8221;<\/em>.<\/p>\n<p>Per l&#8217;assessora Nardini <em>&#8220;\u00e8 un messaggio fortissimo e un esempio di governo, di cui siamo orgogliosi e che mi auguro possa essere da esempio anche per altre realt\u00e0 locali&#8221;<\/em>. Per questo ha voluto ringraziare l&#8217;Amministrazione comunale di Montopoli in Val d&#8217;Arno e, in particolar modo, la vicesindaca <strong>Linda Vanni<\/strong>.<\/p>\n<p>La Regione ha convintamente sostenuto questa scelta e &#8220;<em>continuer\u00e0 a sostenerla. La stretta collaborazione tra i vari livelli istituzionali \u00e8 cruciale sia combattere le mafie da cui, purtroppo, il nostro territorio non \u00e8 immune, sia per combattere un fenomeno cos\u00ec drammatico come la violenza di genere, che \u00e8 un fenomeno strutturale e non emergenziale, che non \u00e8 un problema delle donne ma un problema della societ\u00e0 tutta, a partire dagli uomini, a cui chiediamo di essere in prima fila in questa battaglia&#8221;<\/em>.<\/p>\n<p>L\u2019appartamento <strong>sottratto alle mafie<\/strong>, situato a Montopoli in Val d&#8217;Arno, \u00e8 stato completamente ristrutturato grazie ai fondi stanziati dalla Regione Toscana, per un importo di <strong>183 mila euro<\/strong>. I soldi sono serviti per completare la<strong> ristrutturazione<\/strong> e la <strong>manutenzione<\/strong> straordinaria dell&#8217;appartamento.<\/p>\n<p>&#8220;<em>Questo \u00e8 un importante passo avanti nella lotta contro la criminalit\u00e0 organizzata, l\u2019utilizzo dei beni confiscati \u00e8 uno strumento prezioso per consolidare la cultura della legalit\u00e0. L&#8217;appartamento sar\u00e0 destinato a diventare un centro anti violenza e un rifugio per donne e bambini che hanno subito abusi e violenze. Sar\u00e0 un luogo sicuro e accogliente, dove le vittime potranno trovare sostegno, assistenza e protezione&#8221;<\/em> ha detto l\u2019assessore regionale alle Politiche per la sicurezza e cultura della legalit\u00e0 <strong>Stefano Ciuoffo<\/strong>.<\/p>\n<p>L&#8217;assessore, nel sottolineare determinazione e impegno della vicesindaca Linda Vanni e del sindaco <strong>Giovanni Capecchi<\/strong>, ha ribadito che \u00e8 stato restituito alla collettivit\u00e0 &#8220;<em>qualcosa di pi\u00f9 di un semplice bene immobile ristrutturato. Auspico che questo centro possa diventare un punto di riferimento per le donne e i bambini che hanno bisogno di aiuto&#8221;<\/em>.<\/p>\n<p>&#8220;<em>Oggi \u00e8 una giornata importante<\/em> \u2013 ha sottolineato il sindaco <strong>Giovanni Capecchi<\/strong> \u2013 \u00a0<em>di un percorso nato alcuni anni fa da quella telefonata delle Prefettura che mi informava della presenza sul nostro territorio di un bene confiscato. Dopo lo stupore iniziale, abbiamo cominciato a pensare a come poter restituire questo luogo alla comunit\u00e0 e la decisione di destinarlo a chi quotidianamente combatte la violenza di genere&#8221;. <\/em><\/p>\n<p>Anche il sindaco ha voluto ringraziare tutti coloro che si sono spesi per il progetto: la responsabile l&#8217;architetta<strong> Ilaria Bellini<\/strong> e il progettista l&#8217;architetto <strong>Alessandro Bellini<\/strong> che insieme all&#8217;architetto <strong>Giampiero Testai<\/strong> si sono occupati della ristrutturazione dell&#8217;edificio. Grazie anche alla ditta <strong>Fratelli Alderighi<\/strong> Srl di San Miniato.<\/p>\n<p>&#8220;<em>E\u2019 stata un\u2019emozione forte\u00a0<\/em> &#8211; ha detto la vicesindaca e\u00a0assessora alle politiche sociali e legalit\u00e0 del Comune di Montopoli,\u00a0<strong>Linda Vanni<\/strong> &#8211;\u00a0<em> essere presente alla conclusione dei lavori di questo immobile che per noi ha una valenza doppia, non solo il ripristino della legalit\u00e0 ma la possibilit\u00e0 per donne e madri di riprendersi la libert\u00e0 passando da questa casa . Ringrazio le associazioni di volontariato che gestiscono i centri antiviolenza e che si occupano di prevenzione per eliminare la violenza sulle donne, per il lavoro proficuo che stanno facendo sul territorio\u201d.<\/em><\/p>\n<p>A breve sar\u00e0 pubblicato l\u2019avviso per l&#8217;assegnazione dell&#8217;immobile che sar\u00e0 destinato a <strong>casa accoglienza<\/strong> per donne e minori vittime di violenza. Il bene in passato \u00e8 stato affidato all\u2019<strong>associazione Frida<\/strong> e ha visto l\u2019accoglienza di <strong>10 donne e 15 minori<\/strong>. Un luogo di libert\u00e0, in cui dieci donne hanno potuto riprogettarsi e riprendere in mano la propria vita.<\/p>\n","protected":false},"excerpt":{"rendered":"<p>Nardini: \u201cUn gesto fortissimo e un esempio di governo\u201d. Ciuoffo: \u201cAuspico che possa diventare un punto di riferimento per le donne e i bambini che hanno bisogno di aiuto\u201d<\/p>\n","protected":false},"author":525,"featured_media":316308,"comment_status":"open","ping_status":"open","sticky":false,"template":"","format":"standard","meta":{"_acf_changed":false,"footnotes":""},"categories":[494],"tags":[6226,411,3620,5145],"class_list":["post-316307","post","type-post","status-publish","format-standard","has-post-thumbnail","hentry","category-attualita","tag-alessandra-nardini","tag-donne","tag-legalita","tag-stefano-ciuoffo"],"acf":[],"yoast_head":"<!-- This site is optimized with the Yoast SEO Premium plugin v24.2 (Yoast SEO v25.6) - https:\/\/yoast.com\/wordpress\/plugins\/seo\/ -->\n<title>Montopoli, da bene confiscato alla mafia ecco la casa rifugio - intoscana<\/title>\n<meta name=\"description\" content=\"Nardini: \u201cUn gesto fortissimo e un esempio di governo\u201d. Ciuoffo: \u201cUn punto di riferimento per le donne e i bambini in cerca di aiuto\u201d\" \/>\n<meta name=\"robots\" content=\"index, follow, max-snippet:-1, max-image-preview:large, max-video-preview:-1\" \/>\n<link rel=\"canonical\" href=\"https:\/\/www.intoscana.it\/it\/montopoli-da-bene-confiscato-alla-mafia-ecco-la-casa-rifugio\/\" \/>\n<meta property=\"og:locale\" content=\"it_IT\" \/>\n<meta property=\"og:type\" content=\"article\" \/>\n<meta property=\"og:title\" content=\"Montopoli, da bene confiscato alla mafia ecco la casa rifugio\" \/>\n<meta property=\"og:description\" content=\"Nardini: \u201cUn gesto fortissimo e un esempio di governo\u201d. Ciuoffo: \u201cUn punto di riferimento per le donne e i bambini in cerca di aiuto\u201d\" \/>\n<meta property=\"og:url\" content=\"https:\/\/www.intoscana.it\/it\/montopoli-da-bene-confiscato-alla-mafia-ecco-la-casa-rifugio\/\" \/>\n<meta property=\"og:site_name\" content=\"intoscana\" \/>\n<meta property=\"article:publisher\" content=\"https:\/\/www.facebook.com\/intoscana.it\" \/>\n<meta property=\"article:published_time\" content=\"2023-11-25T17:21:30+00:00\" \/>\n<meta property=\"article:modified_time\" content=\"2023-11-26T21:23:30+00:00\" \/>\n<meta property=\"og:image\" content=\"https:\/\/www.intoscana.it\/wp-content\/uploads\/A-Montopoli-la-casa-rifugio-ottenuta-da-un-bene-confiscato-alla-mafia.jpeg\" \/>\n\t<meta property=\"og:image:width\" content=\"1152\" \/>\n\t<meta property=\"og:image:height\" content=\"932\" \/>\n\t<meta property=\"og:image:type\" content=\"image\/jpeg\" \/>\n<meta name=\"author\" content=\"Redazione\" \/>\n<meta name=\"twitter:card\" content=\"summary_large_image\" \/>\n<meta name=\"twitter:creator\" content=\"@intoscana\" \/>\n<meta name=\"twitter:site\" content=\"@intoscana\" \/>\n<meta name=\"twitter:label1\" content=\"Written by\" \/>\n\t<meta name=\"twitter:data1\" content=\"Redazione\" \/>\n\t<meta name=\"twitter:label2\" content=\"Est. reading time\" \/>\n\t<meta name=\"twitter:data2\" content=\"3 minuti\" \/>\n<script type=\"application\/ld+json\" class=\"yoast-schema-graph\">{\"@context\":\"https:\/\/schema.org\",\"@graph\":[{\"@type\":\"WebPage\",\"@id\":\"https:\/\/www.intoscana.it\/it\/montopoli-da-bene-confiscato-alla-mafia-ecco-la-casa-rifugio\/\",\"url\":\"https:\/\/www.intoscana.it\/it\/montopoli-da-bene-confiscato-alla-mafia-ecco-la-casa-rifugio\/\",\"name\":\"Montopoli, da bene confiscato alla mafia ecco la casa rifugio - intoscana\",\"isPartOf\":{\"@id\":\"https:\/\/www.intoscana.it\/it\/#website\"},\"primaryImageOfPage\":{\"@id\":\"https:\/\/www.intoscana.it\/it\/montopoli-da-bene-confiscato-alla-mafia-ecco-la-casa-rifugio\/#primaryimage\"},\"image\":{\"@id\":\"https:\/\/www.intoscana.it\/it\/montopoli-da-bene-confiscato-alla-mafia-ecco-la-casa-rifugio\/#primaryimage\"},\"thumbnailUrl\":\"https:\/\/www.intoscana.it\/wp-content\/uploads\/A-Montopoli-la-casa-rifugio-ottenuta-da-un-bene-confiscato-alla-mafia.jpeg\",\"datePublished\":\"2023-11-25T17:21:30+00:00\",\"dateModified\":\"2023-11-26T21:23:30+00:00\",\"author\":{\"@id\":\"https:\/\/www.intoscana.it\/it\/#\/schema\/person\/9223810753230f20bd670fdd322661f8\"},\"description\":\"Nardini: \u201cUn gesto fortissimo e un esempio di governo\u201d. Ciuoffo: \u201cUn punto di riferimento per le donne e i bambini in cerca di aiuto\u201d\",\"breadcrumb\":{\"@id\":\"https:\/\/www.intoscana.it\/it\/montopoli-da-bene-confiscato-alla-mafia-ecco-la-casa-rifugio\/#breadcrumb\"},\"inLanguage\":\"it-IT\",\"potentialAction\":[{\"@type\":\"ReadAction\",\"target\":[\"https:\/\/www.intoscana.it\/it\/montopoli-da-bene-confiscato-alla-mafia-ecco-la-casa-rifugio\/\"]}]},{\"@type\":\"ImageObject\",\"inLanguage\":\"it-IT\",\"@id\":\"https:\/\/www.intoscana.it\/it\/montopoli-da-bene-confiscato-alla-mafia-ecco-la-casa-rifugio\/#primaryimage\",\"url\":\"https:\/\/www.intoscana.it\/wp-content\/uploads\/A-Montopoli-la-casa-rifugio-ottenuta-da-un-bene-confiscato-alla-mafia.jpeg\",\"contentUrl\":\"https:\/\/www.intoscana.it\/wp-content\/uploads\/A-Montopoli-la-casa-rifugio-ottenuta-da-un-bene-confiscato-alla-mafia.jpeg\",\"width\":1152,\"height\":932},{\"@type\":\"BreadcrumbList\",\"@id\":\"https:\/\/www.intoscana.it\/it\/montopoli-da-bene-confiscato-alla-mafia-ecco-la-casa-rifugio\/#breadcrumb\",\"itemListElement\":[{\"@type\":\"ListItem\",\"position\":1,\"name\":\"Home\",\"item\":\"https:\/\/www.intoscana.it\/it\/\"},{\"@type\":\"ListItem\",\"position\":2,\"name\":\"Montopoli, da bene confiscato alla mafia ecco la casa rifugio\"}]},{\"@type\":\"WebSite\",\"@id\":\"https:\/\/www.intoscana.it\/it\/#website\",\"url\":\"https:\/\/www.intoscana.it\/it\/\",\"name\":\"intoscana\",\"description\":\"\",\"potentialAction\":[{\"@type\":\"SearchAction\",\"target\":{\"@type\":\"EntryPoint\",\"urlTemplate\":\"https:\/\/www.intoscana.it\/it\/?s={search_term_string}\"},\"query-input\":{\"@type\":\"PropertyValueSpecification\",\"valueRequired\":true,\"valueName\":\"search_term_string\"}}],\"inLanguage\":\"it-IT\"},{\"@type\":\"Person\",\"@id\":\"https:\/\/www.intoscana.it\/it\/#\/schema\/person\/9223810753230f20bd670fdd322661f8\",\"name\":\"Redazione\",\"url\":\"https:\/\/www.intoscana.it\/it\/author\/redazione\/\"}]}<\/script>\n<!-- \/ Yoast SEO Premium plugin. -->","yoast_head_json":{"title":"Montopoli, da bene confiscato alla mafia ecco la casa rifugio - intoscana","description":"Nardini: \u201cUn gesto fortissimo e un esempio di governo\u201d. Ciuoffo: \u201cUn punto di riferimento per le donne e i bambini in cerca di aiuto\u201d","robots":{"index":"index","follow":"follow","max-snippet":"max-snippet:-1","max-image-preview":"max-image-preview:large","max-video-preview":"max-video-preview:-1"},"canonical":"https:\/\/www.intoscana.it\/it\/montopoli-da-bene-confiscato-alla-mafia-ecco-la-casa-rifugio\/","og_locale":"it_IT","og_type":"article","og_title":"Montopoli, da bene confiscato alla mafia ecco la casa rifugio","og_description":"Nardini: \u201cUn gesto fortissimo e un esempio di governo\u201d. Ciuoffo: \u201cUn punto di riferimento per le donne e i bambini in cerca di aiuto\u201d","og_url":"https:\/\/www.intoscana.it\/it\/montopoli-da-bene-confiscato-alla-mafia-ecco-la-casa-rifugio\/","og_site_name":"intoscana","article_publisher":"https:\/\/www.facebook.com\/intoscana.it","article_published_time":"2023-11-25T17:21:30+00:00","article_modified_time":"2023-11-26T21:23:30+00:00","og_image":[{"width":1152,"height":932,"url":"https:\/\/www.intoscana.it\/wp-content\/uploads\/A-Montopoli-la-casa-rifugio-ottenuta-da-un-bene-confiscato-alla-mafia.jpeg","type":"image\/jpeg"}],"author":"Redazione","twitter_card":"summary_large_image","twitter_creator":"@intoscana","twitter_site":"@intoscana","twitter_misc":{"Written by":"Redazione","Est. reading time":"3 minuti"},"schema":{"@context":"https:\/\/schema.org","@graph":[{"@type":"WebPage","@id":"https:\/\/www.intoscana.it\/it\/montopoli-da-bene-confiscato-alla-mafia-ecco-la-casa-rifugio\/","url":"https:\/\/www.intoscana.it\/it\/montopoli-da-bene-confiscato-alla-mafia-ecco-la-casa-rifugio\/","name":"Montopoli, da bene confiscato alla mafia ecco la casa rifugio - intoscana","isPartOf":{"@id":"https:\/\/www.intoscana.it\/it\/#website"},"primaryImageOfPage":{"@id":"https:\/\/www.intoscana.it\/it\/montopoli-da-bene-confiscato-alla-mafia-ecco-la-casa-rifugio\/#primaryimage"},"image":{"@id":"https:\/\/www.intoscana.it\/it\/montopoli-da-bene-confiscato-alla-mafia-ecco-la-casa-rifugio\/#primaryimage"},"thumbnailUrl":"https:\/\/www.intoscana.it\/wp-content\/uploads\/A-Montopoli-la-casa-rifugio-ottenuta-da-un-bene-confiscato-alla-mafia.jpeg","datePublished":"2023-11-25T17:21:30+00:00","dateModified":"2023-11-26T21:23:30+00:00","author":{"@id":"https:\/\/www.intoscana.it\/it\/#\/schema\/person\/9223810753230f20bd670fdd322661f8"},"description":"Nardini: \u201cUn gesto fortissimo e un esempio di governo\u201d. Ciuoffo: \u201cUn punto di riferimento per le donne e i bambini in cerca di aiuto\u201d","breadcrumb":{"@id":"https:\/\/www.intoscana.it\/it\/montopoli-da-bene-confiscato-alla-mafia-ecco-la-casa-rifugio\/#breadcrumb"},"inLanguage":"it-IT","potentialAction":[{"@type":"ReadAction","target":["https:\/\/www.intoscana.it\/it\/montopoli-da-bene-confiscato-alla-mafia-ecco-la-casa-rifugio\/"]}]},{"@type":"ImageObject","inLanguage":"it-IT","@id":"https:\/\/www.intoscana.it\/it\/montopoli-da-bene-confiscato-alla-mafia-ecco-la-casa-rifugio\/#primaryimage","url":"https:\/\/www.intoscana.it\/wp-content\/uploads\/A-Montopoli-la-casa-rifugio-ottenuta-da-un-bene-confiscato-alla-mafia.jpeg","contentUrl":"https:\/\/www.intoscana.it\/wp-content\/uploads\/A-Montopoli-la-casa-rifugio-ottenuta-da-un-bene-confiscato-alla-mafia.jpeg","width":1152,"height":932},{"@type":"BreadcrumbList","@id":"https:\/\/www.intoscana.it\/it\/montopoli-da-bene-confiscato-alla-mafia-ecco-la-casa-rifugio\/#breadcrumb","itemListElement":[{"@type":"ListItem","position":1,"name":"Home","item":"https:\/\/www.intoscana.it\/it\/"},{"@type":"ListItem","position":2,"name":"Montopoli, da bene confiscato alla mafia ecco la casa rifugio"}]},{"@type":"WebSite","@id":"https:\/\/www.intoscana.it\/it\/#website","url":"https:\/\/www.intoscana.it\/it\/","name":"intoscana","description":"","potentialAction":[{"@type":"SearchAction","target":{"@type":"EntryPoint","urlTemplate":"https:\/\/www.intoscana.it\/it\/?s={search_term_string}"},"query-input":{"@type":"PropertyValueSpecification","valueRequired":true,"valueName":"search_term_string"}}],"inLanguage":"it-IT"},{"@type":"Person","@id":"https:\/\/www.intoscana.it\/it\/#\/schema\/person\/9223810753230f20bd670fdd322661f8","name":"Redazione","url":"https:\/\/www.intoscana.it\/it\/author\/redazione\/"}]}},"_links":{"self":[{"href":"https:\/\/www.intoscana.it\/it\/wp-json\/wp\/v2\/posts\/316307","targetHints":{"allow":["GET"]}}],"collection":[{"href":"https:\/\/www.intoscana.it\/it\/wp-json\/wp\/v2\/posts"}],"about":[{"href":"https:\/\/www.intoscana.it\/it\/wp-json\/wp\/v2\/types\/post"}],"author":[{"embeddable":true,"href":"https:\/\/www.intoscana.it\/it\/wp-json\/wp\/v2\/users\/525"}],"replies":[{"embeddable":true,"href":"https:\/\/www.intoscana.it\/it\/wp-json\/wp\/v2\/comments?post=316307"}],"version-history":[{"count":0,"href":"https:\/\/www.intoscana.it\/it\/wp-json\/wp\/v2\/posts\/316307\/revisions"}],"wp:featuredmedia":[{"embeddable":true,"href":"https:\/\/www.intoscana.it\/it\/wp-json\/wp\/v2\/media\/316308"}],"wp:attachment":[{"href":"https:\/\/www.intoscana.it\/it\/wp-json\/wp\/v2\/media?parent=316307"}],"wp:term":[{"taxonomy":"category","embeddable":true,"href":"https:\/\/www.intoscana.it\/it\/wp-json\/wp\/v2\/categories?post=316307"},{"taxonomy":"post_tag","embeddable":true,"href":"https:\/\/www.intoscana.it\/it\/wp-json\/wp\/v2\/tags?post=316307"}],"curies":[{"name":"wp","href":"https:\/\/api.w.org\/{rel}","templated":true}]}}