{"id":316435,"date":"2023-11-27T15:23:01","date_gmt":"2023-11-27T14:23:01","guid":{"rendered":"https:\/\/www.intoscana.it\/it\/?p=316435"},"modified":"2023-11-27T15:56:38","modified_gmt":"2023-11-27T14:56:38","slug":"galileo-chini-a-porte-aperte-due-giorni-di-eventi-per-celebrare-lartista-rivoluzionario","status":"publish","type":"post","link":"https:\/\/www.intoscana.it\/it\/galileo-chini-a-porte-aperte-due-giorni-di-eventi-per-celebrare-lartista-rivoluzionario\/","title":{"rendered":"&#8220;Galileo Chini a porte aperte&#8221;: due giorni di eventi per celebrare l&#8217;artista rivoluzionario"},"content":{"rendered":"<p>Pittore, artigiano, imprenditore, viaggiatore, decoratore, grafico e ceramista : <strong>Galileo Andrea Maria Chini<\/strong> \u00e8 stato un artista unico nel panorama dell\u2019arte italiana e <strong>tra i protagonisti dello stile Liberty.<\/strong><\/p>\n<p><strong>Poliedrico e precoce, geniale e versatile<\/strong>, \u00e8 stato protagonista indiscusso dell&#8217;arte italiana della prima met\u00e0 del Novecento, Chini \u00e8 senza dubbio uno dei massimi esponenti della ricca stagione delle arti decorative italiane <strong>fra Liberty e Art D\u00e9co<\/strong>, che dalla fine dell\u2019Ottocento arriva fino agli anni Trenta.<\/p>\n<p>In occasione del <strong>150\u00b0 anniversario della nascita dell&#8217;artista<\/strong> (Firenze, 2 dicembre 1873) la <strong>Regione Toscana<\/strong> ha presentato un programma di iniziative che si svolgeranno <strong>il 2 e 3 dicembre in tutti i luoghi dove l&#8217;artista ha lasciato le sue opere.<\/strong><\/p>\n<p><a href=\"https:\/\/www.galileochini.it\" target=\"_blank\" rel=\"noopener\"><strong><em>&#8220;Galileo Chini a porte aperte&#8221;<\/em> <\/strong><\/a>offre un ricco calendario di iniziative tra cui <strong>mostre, incontri, visite guidate, aperture straordinarie, convegni<\/strong> e molto altro, per celebrare il suo spirito innovativo e il suo<strong> impatto sull\u2019arte e sul design<\/strong>, ma anche per valorizzare le sue produzioni ancora poco conosciute, come <strong>quella architettonica e scenografica-teatrale.<\/strong><\/p>\n<p>Per l\u2019occasione il<strong> sito web dell\u2019Archivio Chini<a href=\"https:\/\/www.galileochini.it\" target=\"_blank\" rel=\"noopener\"> www.galileochini.it<\/a><\/strong> si rinnova, e accanto alle carte del Maestro accoglie nuove sezioni con approfondimenti, articoli, luoghi ed eventi per promuoverne figura come artista, uomo, imprenditore.<p><span class=\"citazione\"><em>Chini ebbe la forza di guardare oltre l\u2019Italia per confrontarsi con le tendenze pi\u00f9 in auge in ambito europeo, e con i maggiori artisti che meglio rappresentavano quell\u2019onda di rinnovamento che invest\u00ec e ispir\u00f2 tutta l\u2019arte europea del suo tempo<\/em><\/span><\/p><\/p>\n<p><em>\u201c\u00c8 un dovere \u2013<\/em> ha detto<strong> il presidente della Regione Toscana Eugenio Giani<\/strong> &#8211;<em> oltre che un onore e un piacere valorizzare figure come Galileo Chini pittore, illustratore e ceramista fiorentino, che ha contribuito a scrivere la storia dell\u2019arte italiana. La celebrazione dei suoi 150 anni ci racconta lo spirito innovativo e moderno grazie al quale Chini ebbe la forza di guardare oltre l\u2019Italia per confrontarsi con le tendenze pi\u00f9 in auge in ambito europeo, e con i maggiori artisti che meglio rappresentavano quell\u2019onda di rinnovamento che invest\u00ec e ispir\u00f2 tutta l\u2019arte europea del suo tempo. E per questo Galileo Chini, con il suo eclettismo, la curiosit\u00e0 e la voglia di innovare, ha portato la bellezza e la Toscana oltre i nostri confini e in Europa. Come Regione Toscana abbiamo sostenuto convintamente l\u2019iniziativa che celebra i 150 anni dalla sua nascita avvenuta a Firenze il 2 dicembre 1873, certi di portare il grande pubblico a familiarizzare con il grande artista<\/em>\u201d.<\/p>\n<p><em>\u201c\u00c8 con grande commozione che celebro quest&#8217;anno i 150 anni dalla nascita di Galileo Chini\u201d \u2013<\/em><strong> ha commentato la nipote dell\u2019artista Paola Chini.<\/strong><em> \u201cMio nonno, fiero e orgoglioso delle sue origini, era nato a Firenze e per tutta la vita ha vissuto e lavorato in Toscana, quella Toscana che oggi lo celebra e lo omaggia. Ricordo che nel 1945 don\u00f2 al Comune di Firenze una serie di dipinti che rappresentavano vedute di zone della citt\u00e0 distrutte nel corso della guerra, alle quali era molto affezionato; un gesto d&#8217;amore verso la sua citt\u00e0 natale. Ringrazio la Regione Toscana e in particolare il presidente Eugenio Giani per aver fortemente voluto celebrare la vita e le opere di mio nonno in questo anniversario importante e Promo PA Fondazione nella persona di Francesca Velani, con la quale avevo gi\u00e0 collaborato per dare vita all&#8217;Archivio, per essere riuscita a creare una rete virtuosa capace di unire enti, comuni e fondazioni toscane in nome di Galileo Chini. Mio nonno ne sarebbe stato felice\u201d.<\/em><\/p>\n<figure id=\"post-211849 media-211849\" class=\"align-none\"><img decoding=\"async\" src=\"https:\/\/www.intoscana.it\/wp-content\/uploads\/Galileo-Chini-Primavera.jpg\" alt=\"\" \/><\/figure>\n<div class=\"titleimg\"><em>Galileo Chini, Primavera<\/em><\/div>\n<h3>Galileo Chini a porte aperte: tutte le iniziative<\/h3>\n<p>Tante le iniziative previste da<strong> sabato 2 e domenica 3 dicembre<\/strong>: visite guidate, incontri, mostre, convegni e aperture straordinarie in quello che sar\u00e0 un compleanno esteso in tutto il territorio toscano, <strong>da Firenze a Lucca, da Pistoia ad Arezzo passando per Pisa.<\/strong><\/p>\n<p><strong>Le mostre<\/strong><\/p>\n<p>Tra le mostre dedicate all&#8217;artista segnaliamo: <em><strong>Galileo Chini \u2013 Opere nelle collezioni pubbliche e private<\/strong> <strong>di Montecatini Terme<\/strong><\/em> al Mo.C.A. \u2013 Montecatini Terme Contemporary Art di Montecatini Terme (Pt), presso cui si volger\u00e0 anche un visita guidata il 3 dicembre.<\/p>\n<p>La mostra <em><strong>Paesaggio d&#8217;autore. Viareggio, citt\u00e0 sognata da Chini e Puccini a Viareggio<\/strong><\/em> (Lu); la mostra<strong><em> Galileo Chini &#8220;Unico atto&#8221;<\/em><\/strong> presso il Chini Museo &#8211; Villa Pecori Giraldi nel Comune di Borgo San Lorenzo (Fi).<\/p>\n<p>L\u2019esposizione <strong><em>Galileo Chini a Lucca: il Padiglione Italia dell\u2019Esposizione Internazionale di Bruxelles (1910) e il suo Archivio privato<\/em><\/strong> promossa dalla Fondazione Banca del Monte di Lucca.<\/p>\n<p><strong>Incontri, convegni e laboratori<\/strong><\/p>\n<p>Il ciclo di incontri <strong><em>Sogno di un\u2019epoca \u2013 Galileo Chini e la Versilia nei primi del \u2018900<\/em> <\/strong>\u00e8 organizzato a Viareggio presso Villa Argentina e promossi dalla provincia di Lucca, fino al 5 dicembre.<\/p>\n<p>Il laboratorio per bambini <strong><em>&#8220;Buon compleanno Galileo!&#8221;<\/em> <\/strong>si terr\u00e0 il <strong>2 dicembre<\/strong> al Mo.C.A e promosso dal Comune di Montecatini Terme, promotore anche della proiezione del film documentario sempre il 2 dicembre<strong><em> &#8220;Via del Ghirlandaio&#8221;<\/em> <\/strong>presso il <strong>Palazzo del Turismo a Montecatini Terme.<\/strong><\/p>\n<p>Il convegno <strong>Galileo Chini accademico del Disegno. Un bilancio per i 150 anni<\/strong> si svolger\u00e0 il <strong>4 dicembre<\/strong> presso l\u2019<strong>Accademia delle Arti del Disegno a Firenze.\u00a0<div class=\"focuson\"><a href=\"https:\/\/www.intoscana.it\/it\/articolo\/alla-scoperta-di-galileo-chini-viaggio-nei-luoghi-dellartista\/\"><img decoding=\"async\" class=\"lazy\" src=\"https:\/\/www.intoscana.it\/wp-content\/uploads\/Villa_argentina_01.jpeg\" style=\"\">\n                <div class=\"cat\">Alla scoperta di Galileo Chini<\/div>\n                <h4>Viaggio nei luoghi dell'artista<\/h4><\/a>\n              <\/div><\/strong><\/p>\n<p><strong>Aperture straordinarie e visite guidate<\/strong><\/p>\n<p>In occasione della due giorni dedicata a Chini ci saranno: l\u2019apertura straordinaria de <strong>La Casa delle Vacanze di Galileo Chini<\/strong> a <strong>Lido di Camaiore<\/strong> (Lu); l\u2019apertura straordinaria promossa dall\u2019ASP Firenze Montedomini <strong>Le opere di Galileo Chini a Montedomini,<\/strong> l\u2019apertura straordinaria di<strong> Galileo Chini e la scoperta della Versilia a Villa Argentina di Viareggio,<\/strong> promossa dalla Provincia di Lucca.<\/p>\n<p>Tra le <strong>visite guidate<\/strong> ricordiamo dal 2 al 21 dicembre <strong>Galileo Chini e la Felicit\u00e0 del Liberty<\/strong> nel centro storico di <strong>Montecatini Terme<\/strong> (Pt); il 1\u00b0 dicembre <strong>La Villa Chini e il quartiere Costa Fiorita<\/strong> a <strong>Lido di Camaiore<\/strong> nel Quartiere Costa Fiorita e Residenza d&#8217;epoca Club i Pini a Lido di Camaiore (Lu); il 2 dicembre <strong>Chini a Casa Puccini<\/strong>, visita guidata presso la Villa Museo Giacomo Puccini a <strong>Torre del Lago<\/strong> (Lu) promossa dalla Fondazione Simonetta Puccini.<\/p>\n<p>Sempre il 2 dicembre <strong>Galileo Chini a Palazzo Grifoni Budini Gattai e la Fototeca del Kunsthistorisches Institut a Firenze.<\/strong><\/p>\n<p>Il 2 dicembre<strong> Un caff\u00e8 con Galileo Chini e Giacomo Puccini<\/strong> al Margherita di Viareggio (Lu) promossa dall\u2019Associazione culturale Ville Borbone e dimore Storiche Versilia aps; il 2 e 3 dicembre <strong>Alla scoperta del giovane Galileo Chini<\/strong> nel Palazzo Comunale di San Miniato (Pi).<\/p>\n<p>Dal 2 al 17 dicembre<strong> 150\u00b0 Galileo Chini: Il Cimitero Monumentale della Misericordia dell&#8217;Antella<\/strong>, promossa dal Comune di Bagno a Ripoli (Fi) e dalla Confraternita della Misericordia dell&#8217;Antella.<\/p>\n<p>Il 3 dicembre <strong>La Viareggio della Bella \u00c9poque,<\/strong> promossa dall\u2019Associazione culturale Ville Borbone e dimore Storiche Versilia aps;\u00a0e infine <strong>Le decorazioni di Galileo Chini per Palazzo Albergotti,<\/strong> promossa dall\u2019Archivio Storico di Stato di Arezzo che si svolger\u00e0 il 3 dicembre.<\/p>\n<p>Per restare aggiornati sugli eventi consultare il sito <a href=\"http:\/\/www.galileochini.it\" target=\"_blank\" rel=\"noopener\"><strong>www.galileochini.it.<\/strong><\/a><\/p>\n<figure id=\"post-316464 media-316464\" class=\"align-none\"><img decoding=\"async\" src=\"https:\/\/www.intoscana.it\/wp-content\/uploads\/Galileo_Chini_03.jpeg\" alt=\"\" \/><\/figure>\n<div class=\"titleimg\">Galileo Chini<\/div>\n","protected":false},"excerpt":{"rendered":"<p>Tante le iniziative previste da sabato 2 e domenica 3 dicembre: visite guidate, incontri, mostre, convegni e aperture straordinarie in quello che sar\u00e0 un compleanno esteso in tutto il territorio toscano, da Firenze a Lucca, da Pistoia ad Arezzo passando per Pisa<\/p>\n","protected":false},"author":518,"featured_media":316437,"comment_status":"open","ping_status":"open","sticky":false,"template":"","format":"standard","meta":{"_acf_changed":false,"footnotes":""},"categories":[493],"tags":[222,151],"class_list":["post-316435","post","type-post","status-publish","format-standard","has-post-thumbnail","hentry","category-cultura","tag-mostre","tag-regione-toscana"],"acf":[],"yoast_head":"<!-- This site is optimized with the Yoast SEO Premium plugin v24.2 (Yoast SEO v25.6) - https:\/\/yoast.com\/wordpress\/plugins\/seo\/ -->\n<title>&quot;Galileo Chini a porte aperte&quot;: due giorni di eventi per celebrare l&#039;artista rivoluzionario - intoscana<\/title>\n<meta name=\"description\" content=\"Tante le iniziative il 2 e 3 dicembre: visite guidate, incontri, mostre, convegni e aperture straordinarie da Firenze a Lucca\" \/>\n<meta name=\"robots\" content=\"index, follow, max-snippet:-1, max-image-preview:large, max-video-preview:-1\" \/>\n<link rel=\"canonical\" href=\"https:\/\/www.intoscana.it\/it\/galileo-chini-a-porte-aperte-due-giorni-di-eventi-per-celebrare-lartista-rivoluzionario\/\" \/>\n<meta property=\"og:locale\" content=\"it_IT\" \/>\n<meta property=\"og:type\" content=\"article\" \/>\n<meta property=\"og:title\" content=\"&quot;Galileo Chini a porte aperte&quot;: due giorni di eventi per celebrare l&#039;artista rivoluzionario\" \/>\n<meta property=\"og:description\" content=\"Tante le iniziative il 2 e 3 dicembre: visite guidate, incontri, mostre, convegni e aperture straordinarie da Firenze a Lucca\" \/>\n<meta property=\"og:url\" content=\"https:\/\/www.intoscana.it\/it\/galileo-chini-a-porte-aperte-due-giorni-di-eventi-per-celebrare-lartista-rivoluzionario\/\" \/>\n<meta property=\"og:site_name\" content=\"intoscana\" \/>\n<meta property=\"article:publisher\" content=\"https:\/\/www.facebook.com\/intoscana.it\" \/>\n<meta property=\"article:published_time\" content=\"2023-11-27T14:23:01+00:00\" \/>\n<meta property=\"article:modified_time\" content=\"2023-11-27T14:56:38+00:00\" \/>\n<meta property=\"og:image\" content=\"https:\/\/www.intoscana.it\/wp-content\/uploads\/03-galileo-chini-la-primavera-classica-I-montecatini-terme-fondazione-vival-banca.jpg\" \/>\n\t<meta property=\"og:image:width\" content=\"886\" \/>\n\t<meta property=\"og:image:height\" content=\"886\" \/>\n\t<meta property=\"og:image:type\" content=\"image\/jpeg\" \/>\n<meta name=\"author\" content=\"Costanza Baldini\" \/>\n<meta name=\"twitter:card\" content=\"summary_large_image\" \/>\n<meta name=\"twitter:creator\" content=\"@intoscana\" \/>\n<meta name=\"twitter:site\" content=\"@intoscana\" \/>\n<meta name=\"twitter:label1\" content=\"Written by\" \/>\n\t<meta name=\"twitter:data1\" content=\"Costanza Baldini\" \/>\n\t<meta name=\"twitter:label2\" content=\"Est. reading time\" \/>\n\t<meta name=\"twitter:data2\" content=\"6 minuti\" \/>\n<script type=\"application\/ld+json\" class=\"yoast-schema-graph\">{\"@context\":\"https:\/\/schema.org\",\"@graph\":[{\"@type\":\"WebPage\",\"@id\":\"https:\/\/www.intoscana.it\/it\/galileo-chini-a-porte-aperte-due-giorni-di-eventi-per-celebrare-lartista-rivoluzionario\/\",\"url\":\"https:\/\/www.intoscana.it\/it\/galileo-chini-a-porte-aperte-due-giorni-di-eventi-per-celebrare-lartista-rivoluzionario\/\",\"name\":\"\\\"Galileo Chini a porte aperte\\\": due giorni di eventi per celebrare l'artista rivoluzionario - intoscana\",\"isPartOf\":{\"@id\":\"https:\/\/www.intoscana.it\/it\/#website\"},\"primaryImageOfPage\":{\"@id\":\"https:\/\/www.intoscana.it\/it\/galileo-chini-a-porte-aperte-due-giorni-di-eventi-per-celebrare-lartista-rivoluzionario\/#primaryimage\"},\"image\":{\"@id\":\"https:\/\/www.intoscana.it\/it\/galileo-chini-a-porte-aperte-due-giorni-di-eventi-per-celebrare-lartista-rivoluzionario\/#primaryimage\"},\"thumbnailUrl\":\"https:\/\/www.intoscana.it\/wp-content\/uploads\/03-galileo-chini-la-primavera-classica-I-montecatini-terme-fondazione-vival-banca.jpg\",\"datePublished\":\"2023-11-27T14:23:01+00:00\",\"dateModified\":\"2023-11-27T14:56:38+00:00\",\"author\":{\"@id\":\"https:\/\/www.intoscana.it\/it\/#\/schema\/person\/d469f35f09739bdf00bf5dd3f0647a82\"},\"description\":\"Tante le iniziative il 2 e 3 dicembre: visite guidate, incontri, mostre, convegni e aperture straordinarie da Firenze a Lucca\",\"breadcrumb\":{\"@id\":\"https:\/\/www.intoscana.it\/it\/galileo-chini-a-porte-aperte-due-giorni-di-eventi-per-celebrare-lartista-rivoluzionario\/#breadcrumb\"},\"inLanguage\":\"it-IT\",\"potentialAction\":[{\"@type\":\"ReadAction\",\"target\":[\"https:\/\/www.intoscana.it\/it\/galileo-chini-a-porte-aperte-due-giorni-di-eventi-per-celebrare-lartista-rivoluzionario\/\"]}]},{\"@type\":\"ImageObject\",\"inLanguage\":\"it-IT\",\"@id\":\"https:\/\/www.intoscana.it\/it\/galileo-chini-a-porte-aperte-due-giorni-di-eventi-per-celebrare-lartista-rivoluzionario\/#primaryimage\",\"url\":\"https:\/\/www.intoscana.it\/wp-content\/uploads\/03-galileo-chini-la-primavera-classica-I-montecatini-terme-fondazione-vival-banca.jpg\",\"contentUrl\":\"https:\/\/www.intoscana.it\/wp-content\/uploads\/03-galileo-chini-la-primavera-classica-I-montecatini-terme-fondazione-vival-banca.jpg\",\"width\":886,\"height\":886},{\"@type\":\"BreadcrumbList\",\"@id\":\"https:\/\/www.intoscana.it\/it\/galileo-chini-a-porte-aperte-due-giorni-di-eventi-per-celebrare-lartista-rivoluzionario\/#breadcrumb\",\"itemListElement\":[{\"@type\":\"ListItem\",\"position\":1,\"name\":\"Home\",\"item\":\"https:\/\/www.intoscana.it\/it\/\"},{\"@type\":\"ListItem\",\"position\":2,\"name\":\"&#8220;Galileo Chini a porte aperte&#8221;: due giorni di eventi per celebrare l&#8217;artista rivoluzionario\"}]},{\"@type\":\"WebSite\",\"@id\":\"https:\/\/www.intoscana.it\/it\/#website\",\"url\":\"https:\/\/www.intoscana.it\/it\/\",\"name\":\"intoscana\",\"description\":\"\",\"potentialAction\":[{\"@type\":\"SearchAction\",\"target\":{\"@type\":\"EntryPoint\",\"urlTemplate\":\"https:\/\/www.intoscana.it\/it\/?s={search_term_string}\"},\"query-input\":{\"@type\":\"PropertyValueSpecification\",\"valueRequired\":true,\"valueName\":\"search_term_string\"}}],\"inLanguage\":\"it-IT\"},{\"@type\":\"Person\",\"@id\":\"https:\/\/www.intoscana.it\/it\/#\/schema\/person\/d469f35f09739bdf00bf5dd3f0647a82\",\"name\":\"Costanza Baldini\",\"url\":\"https:\/\/www.intoscana.it\/it\/author\/costanza-baldini\/\"}]}<\/script>\n<!-- \/ Yoast SEO Premium plugin. -->","yoast_head_json":{"title":"\"Galileo Chini a porte aperte\": due giorni di eventi per celebrare l'artista rivoluzionario - intoscana","description":"Tante le iniziative il 2 e 3 dicembre: visite guidate, incontri, mostre, convegni e aperture straordinarie da Firenze a Lucca","robots":{"index":"index","follow":"follow","max-snippet":"max-snippet:-1","max-image-preview":"max-image-preview:large","max-video-preview":"max-video-preview:-1"},"canonical":"https:\/\/www.intoscana.it\/it\/galileo-chini-a-porte-aperte-due-giorni-di-eventi-per-celebrare-lartista-rivoluzionario\/","og_locale":"it_IT","og_type":"article","og_title":"\"Galileo Chini a porte aperte\": due giorni di eventi per celebrare l'artista rivoluzionario","og_description":"Tante le iniziative il 2 e 3 dicembre: visite guidate, incontri, mostre, convegni e aperture straordinarie da Firenze a Lucca","og_url":"https:\/\/www.intoscana.it\/it\/galileo-chini-a-porte-aperte-due-giorni-di-eventi-per-celebrare-lartista-rivoluzionario\/","og_site_name":"intoscana","article_publisher":"https:\/\/www.facebook.com\/intoscana.it","article_published_time":"2023-11-27T14:23:01+00:00","article_modified_time":"2023-11-27T14:56:38+00:00","og_image":[{"width":886,"height":886,"url":"https:\/\/www.intoscana.it\/wp-content\/uploads\/03-galileo-chini-la-primavera-classica-I-montecatini-terme-fondazione-vival-banca.jpg","type":"image\/jpeg"}],"author":"Costanza Baldini","twitter_card":"summary_large_image","twitter_creator":"@intoscana","twitter_site":"@intoscana","twitter_misc":{"Written by":"Costanza Baldini","Est. reading time":"6 minuti"},"schema":{"@context":"https:\/\/schema.org","@graph":[{"@type":"WebPage","@id":"https:\/\/www.intoscana.it\/it\/galileo-chini-a-porte-aperte-due-giorni-di-eventi-per-celebrare-lartista-rivoluzionario\/","url":"https:\/\/www.intoscana.it\/it\/galileo-chini-a-porte-aperte-due-giorni-di-eventi-per-celebrare-lartista-rivoluzionario\/","name":"\"Galileo Chini a porte aperte\": due giorni di eventi per celebrare l'artista rivoluzionario - intoscana","isPartOf":{"@id":"https:\/\/www.intoscana.it\/it\/#website"},"primaryImageOfPage":{"@id":"https:\/\/www.intoscana.it\/it\/galileo-chini-a-porte-aperte-due-giorni-di-eventi-per-celebrare-lartista-rivoluzionario\/#primaryimage"},"image":{"@id":"https:\/\/www.intoscana.it\/it\/galileo-chini-a-porte-aperte-due-giorni-di-eventi-per-celebrare-lartista-rivoluzionario\/#primaryimage"},"thumbnailUrl":"https:\/\/www.intoscana.it\/wp-content\/uploads\/03-galileo-chini-la-primavera-classica-I-montecatini-terme-fondazione-vival-banca.jpg","datePublished":"2023-11-27T14:23:01+00:00","dateModified":"2023-11-27T14:56:38+00:00","author":{"@id":"https:\/\/www.intoscana.it\/it\/#\/schema\/person\/d469f35f09739bdf00bf5dd3f0647a82"},"description":"Tante le iniziative il 2 e 3 dicembre: visite guidate, incontri, mostre, convegni e aperture straordinarie da Firenze a Lucca","breadcrumb":{"@id":"https:\/\/www.intoscana.it\/it\/galileo-chini-a-porte-aperte-due-giorni-di-eventi-per-celebrare-lartista-rivoluzionario\/#breadcrumb"},"inLanguage":"it-IT","potentialAction":[{"@type":"ReadAction","target":["https:\/\/www.intoscana.it\/it\/galileo-chini-a-porte-aperte-due-giorni-di-eventi-per-celebrare-lartista-rivoluzionario\/"]}]},{"@type":"ImageObject","inLanguage":"it-IT","@id":"https:\/\/www.intoscana.it\/it\/galileo-chini-a-porte-aperte-due-giorni-di-eventi-per-celebrare-lartista-rivoluzionario\/#primaryimage","url":"https:\/\/www.intoscana.it\/wp-content\/uploads\/03-galileo-chini-la-primavera-classica-I-montecatini-terme-fondazione-vival-banca.jpg","contentUrl":"https:\/\/www.intoscana.it\/wp-content\/uploads\/03-galileo-chini-la-primavera-classica-I-montecatini-terme-fondazione-vival-banca.jpg","width":886,"height":886},{"@type":"BreadcrumbList","@id":"https:\/\/www.intoscana.it\/it\/galileo-chini-a-porte-aperte-due-giorni-di-eventi-per-celebrare-lartista-rivoluzionario\/#breadcrumb","itemListElement":[{"@type":"ListItem","position":1,"name":"Home","item":"https:\/\/www.intoscana.it\/it\/"},{"@type":"ListItem","position":2,"name":"&#8220;Galileo Chini a porte aperte&#8221;: due giorni di eventi per celebrare l&#8217;artista rivoluzionario"}]},{"@type":"WebSite","@id":"https:\/\/www.intoscana.it\/it\/#website","url":"https:\/\/www.intoscana.it\/it\/","name":"intoscana","description":"","potentialAction":[{"@type":"SearchAction","target":{"@type":"EntryPoint","urlTemplate":"https:\/\/www.intoscana.it\/it\/?s={search_term_string}"},"query-input":{"@type":"PropertyValueSpecification","valueRequired":true,"valueName":"search_term_string"}}],"inLanguage":"it-IT"},{"@type":"Person","@id":"https:\/\/www.intoscana.it\/it\/#\/schema\/person\/d469f35f09739bdf00bf5dd3f0647a82","name":"Costanza Baldini","url":"https:\/\/www.intoscana.it\/it\/author\/costanza-baldini\/"}]}},"_links":{"self":[{"href":"https:\/\/www.intoscana.it\/it\/wp-json\/wp\/v2\/posts\/316435","targetHints":{"allow":["GET"]}}],"collection":[{"href":"https:\/\/www.intoscana.it\/it\/wp-json\/wp\/v2\/posts"}],"about":[{"href":"https:\/\/www.intoscana.it\/it\/wp-json\/wp\/v2\/types\/post"}],"author":[{"embeddable":true,"href":"https:\/\/www.intoscana.it\/it\/wp-json\/wp\/v2\/users\/518"}],"replies":[{"embeddable":true,"href":"https:\/\/www.intoscana.it\/it\/wp-json\/wp\/v2\/comments?post=316435"}],"version-history":[{"count":0,"href":"https:\/\/www.intoscana.it\/it\/wp-json\/wp\/v2\/posts\/316435\/revisions"}],"wp:featuredmedia":[{"embeddable":true,"href":"https:\/\/www.intoscana.it\/it\/wp-json\/wp\/v2\/media\/316437"}],"wp:attachment":[{"href":"https:\/\/www.intoscana.it\/it\/wp-json\/wp\/v2\/media?parent=316435"}],"wp:term":[{"taxonomy":"category","embeddable":true,"href":"https:\/\/www.intoscana.it\/it\/wp-json\/wp\/v2\/categories?post=316435"},{"taxonomy":"post_tag","embeddable":true,"href":"https:\/\/www.intoscana.it\/it\/wp-json\/wp\/v2\/tags?post=316435"}],"curies":[{"name":"wp","href":"https:\/\/api.w.org\/{rel}","templated":true}]}}