{"id":316521,"date":"2023-11-27T16:59:15","date_gmt":"2023-11-27T15:59:15","guid":{"rendered":"https:\/\/www.intoscana.it\/it\/?p=316521"},"modified":"2023-11-27T17:06:15","modified_gmt":"2023-11-27T16:06:15","slug":"expo-del-consorzio-chianti-colli-fiorentini-allistituto-degli-innocenti","status":"publish","type":"post","link":"https:\/\/www.intoscana.it\/it\/expo-del-consorzio-chianti-colli-fiorentini-allistituto-degli-innocenti\/","title":{"rendered":"Expo del Consorzio Chianti Colli Fiorentini all&#8217;istituto degli Innocenti"},"content":{"rendered":"<p>Seconda edizione dell\u2019Expo del\u00a0<a href=\"https:\/\/www.chianti-collifiorentini.it\/\" target=\"_blank\" rel=\"noopener\"><strong>Consorzio Chianti Colli Fiorentini<\/strong><\/a>. L\u2019evento, che lo scorso anno registr\u00f2 un importante gradimento sia tra gli operatori che tra gli appassionati e i curiosi, si svolger\u00e0 nel Salone Brunelleschi dell\u2019<strong>Istituto degli Innocenti<\/strong> venerd\u00ec <strong>1\u00b0 dicembre<\/strong>.<\/p>\n<p><mark>Una rassegna dedicata al vino di qualit\u00e0 e alla cultura del buon vivere<\/mark> pensata ed organizzata per far conoscere le specificit\u00e0 del <strong>Chianti Colli Fiorentini<\/strong> e delle suggestive zone che lo ospitano.<\/p>\n<h3>Degustazioni e incontri con i produttori<\/h3>\n<p>Una giornata intera dedicata al <strong>vino di Firenze<\/strong> per approfondirne la conoscenza, con <strong>degustazioni<\/strong> e occasioni di incontro e <strong>scambio con i singoli produttori<\/strong>, oltre a momenti specifici destinati alla stampa e agli operatori di settore. Un momento fondamentale in cui verranno coinvolti i vari attori del mercato del vino, con segmenti specifici per ciascuna categoria.<\/p>\n<p>L\u2019iniziativa \u00e8 nata dall\u2019idea e dall\u2019intuizione dei membri del <strong>Consorzio Chianti Colli Fiorentini<\/strong> che, in questo modo, avranno la possibilit\u00e0 di poter far conoscere a giornalisti, esperti del settore e semplici appassionati, <mark>le qualit\u00e0 e le peculiarit\u00e0 dei vini prodotti<\/mark> e di tutte le attivit\u00e0 che quotidianamente queste aziende portano avanti.<\/p>\n<figure id=\"post-222356 media-222356\" class=\"align-none\"><img decoding=\"async\" src=\"https:\/\/www.intoscana.it\/wp-content\/uploads\/Il-Consorzio-Chianti-Colli-Fiorentini.jpeg\" alt=\"\" \/><\/figure>\n<div class=\"titleimg\">Il Consorzio Chianti Colli Fiorentini &#8211; \u00a9 pagina Facebook Consorzio Chianti Colli Fiorentini<\/div>\n<h3>Expo, il supporto di Vetrina Toscana<\/h3>\n<p>L&#8217;evento ha il supporto di <a href=\"https:\/\/www.vetrina.toscana.it\/\" target=\"_blank\" rel=\"noopener\"><strong>Vetrina Toscana<\/strong><\/a>: il progetto della Regione, in collaborazione con Unioncamere Toscana, che promuove il turismo enogastronomico; con la regia di <strong>Toscana Promozione Turistica<\/strong> coadiuvata da <strong>Fondazione Sistema Toscana<\/strong>.<\/p>\n<p>La giornata prender\u00e0 il via la mattina con appuntamenti dedicati alla stampa italiana ed estera, con i giornalisti che avranno la possibilit\u00e0 di degustare<strong> i prodotti del Consorzio<\/strong> ma, anche, conoscere uno dei territori pi\u00f9 suggestivi della Toscana.\u00a0Nel pomeriggio, dalle 14 alle 20,\u00a0la manifestazione aprir\u00e0 al pubblico, che potr\u00e0 assaggiare <strong>i vini dei produttori<\/strong> del Consorzio presenti.<\/p>\n<h3>Un aiuto alla Fondazione Istituto degli Innocenti<\/h3>\n<p>Al pubblico per partecipare alla degustazione \u00e8 richiesta <strong>un\u2019offerta minima<\/strong> pari a 10 euro a persona che sar\u00e0 devoluta alla <strong>Fondazione Istituto degli Innocenti Ets<\/strong> per sostenere le diverse attivit\u00e0 di accoglienza ed educazione per <strong>bambini e famiglie in difficolt\u00e0<\/strong>. Si pu\u00f2 <a href=\"https:\/\/bit.ly\/ChiantiColliFiorentini\" target=\"_blank\" rel=\"noopener\">prenotare qui<\/a> attraverso la piattaforma eventbrite.<\/p>\n<h3>Saccardi: la forza di un prodotto e di un territorio<\/h3>\n<p>\u201c<em>Siamo alla seconda edizione di un evento che valorizza e fa conoscere un territorio e una parte di identit\u00e0 forte della Toscana<\/em> \u2013 ha detto la vicepresidente e assessora all\u2019agroalimentare <strong>Stefania Saccardi<\/strong> \u2013 <em>con un prodotto importante del patrimonio culturale della nostra zona: il vino. Il vino Chianti Colli Fiorentini non \u00e8 solo un prodotto di grande qualit\u00e0 che porta il nome della Toscana nel mondo, ma \u00e8 anche un elemento di valore e di ricchezza e questa manifestazione, che gi\u00e0 l\u2019anno scorso ha riscosso successo, dimostra quanto pi\u00f9 grande sia la forza di un prodotto se i territori sono uniti e, uniti, lavorano insieme, come in questo caso\u201d<\/em>.<\/p>\n<h3>Rocchi: l&#8217;occasione per conoscere il Chianti Colli Fiorentini<\/h3>\n<p><strong>Filippo Rocchi<\/strong>, vicepresidente del <strong>Consorzio Chianti Colli Fiorentini<\/strong>\u00a0afferma: \u201c<em>Siamo davvero orgogliosi di aver organizzato per la seconda volta, in un luogo cos\u00ec suggestivo, il secondo Expo del Consorzio. Per noi rappresenta un momento di altissimo valore per far conoscere l\u2019alta qualit\u00e0 dei nostri prodotti. Aspettiamo con grande piacere, nel pomeriggio, tantissimi appassionati ed amanti del vino, che avranno la possibilit\u00e0 di conoscere le diverse sfumature del Chianti Colli Fiorentinii. Ci auguriamo infine che, grazie anche al sostegno delle istituzioni, questo possa diventare un appuntamento fisso del mese di dicembre a Firenze\u201d.<\/em><\/p>\n<h3>Expo, il sostegno dei 16 comuni<\/h3>\n<p>La manifestazione ha avuto il sostegno dei <strong>16 Comuni<\/strong> che ospitano <strong>i produttori del Consorzio<\/strong> Chianti Colli Fiorentini, a dimostrazione dell\u2019alto valore della manifestazione in termini di visibilit\u00e0 e di valore. I Comuni sono: <mark>Bagno a Ripoli, Barberino Tavarnelle, Certaldo, Fiesole, Figline ed Incisa Val d\u2019Arno, Firenze, Impruneta, Lastra a Signa, Montelupo Fiorentino, Montespertoli, Pelago, Pontassieve, Reggello, Rignano sull\u2019Arno, San Casciano Val di Pesa, Scandicci<\/mark>.<\/p>\n<p>I partner dell\u2019iniziativa sono: <mark>Vetrina Toscana, Fustelgrafica, Verallia, Amorim Cork Italia, Pulltex, Codex49rosso, B&amp;T Vinum, Banco Fiorentino e Fisar Firenze<\/mark>.<\/p>\n","protected":false},"excerpt":{"rendered":"<p>La seconda edizione dell&#8217;esposizione dei produttori di vino del Consorzio in programma venerd\u00ec 1 dicembre a Firenze. Saccardi: &#8220;La forza di un prodotto e di un territorio&#8221;<\/p>\n","protected":false},"author":525,"featured_media":316528,"comment_status":"open","ping_status":"open","sticky":false,"template":"","format":"standard","meta":{"_acf_changed":false,"footnotes":""},"categories":[8],"tags":[6422,168,4769,4706,146],"class_list":["post-316521","post","type-post","status-publish","format-standard","has-post-thumbnail","hentry","category-enogastronomia","tag-chianti-colli-fiorentini","tag-fondazione-sistema-toscana","tag-stefania-saccardi","tag-toscana-promozione-turistica","tag-vetrina-toscana"],"acf":[],"yoast_head":"<!-- This site is optimized with the Yoast SEO Premium plugin v24.2 (Yoast SEO v25.6) - https:\/\/yoast.com\/wordpress\/plugins\/seo\/ -->\n<title>Expo del Consorzio Chianti Colli Fiorentini all&#039;istituto degli Innocenti - intoscana<\/title>\n<meta name=\"description\" content=\"La seconda edizione dell&#039;esposizione dei produttori di vino del Consorzio in programma venerd\u00ec 1 dicembre a Firenze\" \/>\n<meta name=\"robots\" content=\"index, follow, max-snippet:-1, max-image-preview:large, max-video-preview:-1\" \/>\n<link rel=\"canonical\" href=\"https:\/\/www.intoscana.it\/it\/expo-del-consorzio-chianti-colli-fiorentini-allistituto-degli-innocenti\/\" \/>\n<meta property=\"og:locale\" content=\"it_IT\" \/>\n<meta property=\"og:type\" content=\"article\" \/>\n<meta property=\"og:title\" content=\"Expo del Consorzio Chianti Colli Fiorentini all&#039;istituto degli Innocenti\" \/>\n<meta property=\"og:description\" content=\"La seconda edizione dell&#039;esposizione dei produttori di vino del Consorzio in programma venerd\u00ec 1 dicembre a Firenze\" \/>\n<meta property=\"og:url\" content=\"https:\/\/www.intoscana.it\/it\/expo-del-consorzio-chianti-colli-fiorentini-allistituto-degli-innocenti\/\" \/>\n<meta property=\"og:site_name\" content=\"intoscana\" \/>\n<meta property=\"article:publisher\" content=\"https:\/\/www.facebook.com\/intoscana.it\" \/>\n<meta property=\"article:published_time\" content=\"2023-11-27T15:59:15+00:00\" \/>\n<meta property=\"article:modified_time\" content=\"2023-11-27T16:06:15+00:00\" \/>\n<meta property=\"og:image\" content=\"https:\/\/www.intoscana.it\/wp-content\/uploads\/Le-etichette-del-Chianti-Colli-Fiorentini-\u00a9-Ais.jpeg\" \/>\n\t<meta property=\"og:image:width\" content=\"1110\" \/>\n\t<meta property=\"og:image:height\" content=\"740\" \/>\n\t<meta property=\"og:image:type\" content=\"image\/jpeg\" \/>\n<meta name=\"author\" content=\"Redazione\" \/>\n<meta name=\"twitter:card\" content=\"summary_large_image\" \/>\n<meta name=\"twitter:creator\" content=\"@intoscana\" \/>\n<meta name=\"twitter:site\" content=\"@intoscana\" \/>\n<meta name=\"twitter:label1\" content=\"Written by\" \/>\n\t<meta name=\"twitter:data1\" content=\"Redazione\" \/>\n\t<meta name=\"twitter:label2\" content=\"Est. reading time\" \/>\n\t<meta name=\"twitter:data2\" content=\"3 minuti\" \/>\n<script type=\"application\/ld+json\" class=\"yoast-schema-graph\">{\"@context\":\"https:\/\/schema.org\",\"@graph\":[{\"@type\":\"WebPage\",\"@id\":\"https:\/\/www.intoscana.it\/it\/expo-del-consorzio-chianti-colli-fiorentini-allistituto-degli-innocenti\/\",\"url\":\"https:\/\/www.intoscana.it\/it\/expo-del-consorzio-chianti-colli-fiorentini-allistituto-degli-innocenti\/\",\"name\":\"Expo del Consorzio Chianti Colli Fiorentini all'istituto degli Innocenti - intoscana\",\"isPartOf\":{\"@id\":\"https:\/\/www.intoscana.it\/it\/#website\"},\"primaryImageOfPage\":{\"@id\":\"https:\/\/www.intoscana.it\/it\/expo-del-consorzio-chianti-colli-fiorentini-allistituto-degli-innocenti\/#primaryimage\"},\"image\":{\"@id\":\"https:\/\/www.intoscana.it\/it\/expo-del-consorzio-chianti-colli-fiorentini-allistituto-degli-innocenti\/#primaryimage\"},\"thumbnailUrl\":\"https:\/\/www.intoscana.it\/wp-content\/uploads\/Le-etichette-del-Chianti-Colli-Fiorentini-\u00a9-Ais.jpeg\",\"datePublished\":\"2023-11-27T15:59:15+00:00\",\"dateModified\":\"2023-11-27T16:06:15+00:00\",\"author\":{\"@id\":\"https:\/\/www.intoscana.it\/it\/#\/schema\/person\/9223810753230f20bd670fdd322661f8\"},\"description\":\"La seconda edizione dell'esposizione dei produttori di vino del Consorzio in programma venerd\u00ec 1 dicembre a Firenze\",\"breadcrumb\":{\"@id\":\"https:\/\/www.intoscana.it\/it\/expo-del-consorzio-chianti-colli-fiorentini-allistituto-degli-innocenti\/#breadcrumb\"},\"inLanguage\":\"it-IT\",\"potentialAction\":[{\"@type\":\"ReadAction\",\"target\":[\"https:\/\/www.intoscana.it\/it\/expo-del-consorzio-chianti-colli-fiorentini-allistituto-degli-innocenti\/\"]}]},{\"@type\":\"ImageObject\",\"inLanguage\":\"it-IT\",\"@id\":\"https:\/\/www.intoscana.it\/it\/expo-del-consorzio-chianti-colli-fiorentini-allistituto-degli-innocenti\/#primaryimage\",\"url\":\"https:\/\/www.intoscana.it\/wp-content\/uploads\/Le-etichette-del-Chianti-Colli-Fiorentini-\u00a9-Ais.jpeg\",\"contentUrl\":\"https:\/\/www.intoscana.it\/wp-content\/uploads\/Le-etichette-del-Chianti-Colli-Fiorentini-\u00a9-Ais.jpeg\",\"width\":1110,\"height\":740},{\"@type\":\"BreadcrumbList\",\"@id\":\"https:\/\/www.intoscana.it\/it\/expo-del-consorzio-chianti-colli-fiorentini-allistituto-degli-innocenti\/#breadcrumb\",\"itemListElement\":[{\"@type\":\"ListItem\",\"position\":1,\"name\":\"Home\",\"item\":\"https:\/\/www.intoscana.it\/it\/\"},{\"@type\":\"ListItem\",\"position\":2,\"name\":\"Expo del Consorzio Chianti Colli Fiorentini all&#8217;istituto degli Innocenti\"}]},{\"@type\":\"WebSite\",\"@id\":\"https:\/\/www.intoscana.it\/it\/#website\",\"url\":\"https:\/\/www.intoscana.it\/it\/\",\"name\":\"intoscana\",\"description\":\"\",\"potentialAction\":[{\"@type\":\"SearchAction\",\"target\":{\"@type\":\"EntryPoint\",\"urlTemplate\":\"https:\/\/www.intoscana.it\/it\/?s={search_term_string}\"},\"query-input\":{\"@type\":\"PropertyValueSpecification\",\"valueRequired\":true,\"valueName\":\"search_term_string\"}}],\"inLanguage\":\"it-IT\"},{\"@type\":\"Person\",\"@id\":\"https:\/\/www.intoscana.it\/it\/#\/schema\/person\/9223810753230f20bd670fdd322661f8\",\"name\":\"Redazione\",\"url\":\"https:\/\/www.intoscana.it\/it\/author\/redazione\/\"}]}<\/script>\n<!-- \/ Yoast SEO Premium plugin. -->","yoast_head_json":{"title":"Expo del Consorzio Chianti Colli Fiorentini all'istituto degli Innocenti - intoscana","description":"La seconda edizione dell'esposizione dei produttori di vino del Consorzio in programma venerd\u00ec 1 dicembre a Firenze","robots":{"index":"index","follow":"follow","max-snippet":"max-snippet:-1","max-image-preview":"max-image-preview:large","max-video-preview":"max-video-preview:-1"},"canonical":"https:\/\/www.intoscana.it\/it\/expo-del-consorzio-chianti-colli-fiorentini-allistituto-degli-innocenti\/","og_locale":"it_IT","og_type":"article","og_title":"Expo del Consorzio Chianti Colli Fiorentini all'istituto degli Innocenti","og_description":"La seconda edizione dell'esposizione dei produttori di vino del Consorzio in programma venerd\u00ec 1 dicembre a Firenze","og_url":"https:\/\/www.intoscana.it\/it\/expo-del-consorzio-chianti-colli-fiorentini-allistituto-degli-innocenti\/","og_site_name":"intoscana","article_publisher":"https:\/\/www.facebook.com\/intoscana.it","article_published_time":"2023-11-27T15:59:15+00:00","article_modified_time":"2023-11-27T16:06:15+00:00","og_image":[{"width":1110,"height":740,"url":"https:\/\/www.intoscana.it\/wp-content\/uploads\/Le-etichette-del-Chianti-Colli-Fiorentini-\u00a9-Ais.jpeg","type":"image\/jpeg"}],"author":"Redazione","twitter_card":"summary_large_image","twitter_creator":"@intoscana","twitter_site":"@intoscana","twitter_misc":{"Written by":"Redazione","Est. reading time":"3 minuti"},"schema":{"@context":"https:\/\/schema.org","@graph":[{"@type":"WebPage","@id":"https:\/\/www.intoscana.it\/it\/expo-del-consorzio-chianti-colli-fiorentini-allistituto-degli-innocenti\/","url":"https:\/\/www.intoscana.it\/it\/expo-del-consorzio-chianti-colli-fiorentini-allistituto-degli-innocenti\/","name":"Expo del Consorzio Chianti Colli Fiorentini all'istituto degli Innocenti - intoscana","isPartOf":{"@id":"https:\/\/www.intoscana.it\/it\/#website"},"primaryImageOfPage":{"@id":"https:\/\/www.intoscana.it\/it\/expo-del-consorzio-chianti-colli-fiorentini-allistituto-degli-innocenti\/#primaryimage"},"image":{"@id":"https:\/\/www.intoscana.it\/it\/expo-del-consorzio-chianti-colli-fiorentini-allistituto-degli-innocenti\/#primaryimage"},"thumbnailUrl":"https:\/\/www.intoscana.it\/wp-content\/uploads\/Le-etichette-del-Chianti-Colli-Fiorentini-\u00a9-Ais.jpeg","datePublished":"2023-11-27T15:59:15+00:00","dateModified":"2023-11-27T16:06:15+00:00","author":{"@id":"https:\/\/www.intoscana.it\/it\/#\/schema\/person\/9223810753230f20bd670fdd322661f8"},"description":"La seconda edizione dell'esposizione dei produttori di vino del Consorzio in programma venerd\u00ec 1 dicembre a Firenze","breadcrumb":{"@id":"https:\/\/www.intoscana.it\/it\/expo-del-consorzio-chianti-colli-fiorentini-allistituto-degli-innocenti\/#breadcrumb"},"inLanguage":"it-IT","potentialAction":[{"@type":"ReadAction","target":["https:\/\/www.intoscana.it\/it\/expo-del-consorzio-chianti-colli-fiorentini-allistituto-degli-innocenti\/"]}]},{"@type":"ImageObject","inLanguage":"it-IT","@id":"https:\/\/www.intoscana.it\/it\/expo-del-consorzio-chianti-colli-fiorentini-allistituto-degli-innocenti\/#primaryimage","url":"https:\/\/www.intoscana.it\/wp-content\/uploads\/Le-etichette-del-Chianti-Colli-Fiorentini-\u00a9-Ais.jpeg","contentUrl":"https:\/\/www.intoscana.it\/wp-content\/uploads\/Le-etichette-del-Chianti-Colli-Fiorentini-\u00a9-Ais.jpeg","width":1110,"height":740},{"@type":"BreadcrumbList","@id":"https:\/\/www.intoscana.it\/it\/expo-del-consorzio-chianti-colli-fiorentini-allistituto-degli-innocenti\/#breadcrumb","itemListElement":[{"@type":"ListItem","position":1,"name":"Home","item":"https:\/\/www.intoscana.it\/it\/"},{"@type":"ListItem","position":2,"name":"Expo del Consorzio Chianti Colli Fiorentini all&#8217;istituto degli Innocenti"}]},{"@type":"WebSite","@id":"https:\/\/www.intoscana.it\/it\/#website","url":"https:\/\/www.intoscana.it\/it\/","name":"intoscana","description":"","potentialAction":[{"@type":"SearchAction","target":{"@type":"EntryPoint","urlTemplate":"https:\/\/www.intoscana.it\/it\/?s={search_term_string}"},"query-input":{"@type":"PropertyValueSpecification","valueRequired":true,"valueName":"search_term_string"}}],"inLanguage":"it-IT"},{"@type":"Person","@id":"https:\/\/www.intoscana.it\/it\/#\/schema\/person\/9223810753230f20bd670fdd322661f8","name":"Redazione","url":"https:\/\/www.intoscana.it\/it\/author\/redazione\/"}]}},"_links":{"self":[{"href":"https:\/\/www.intoscana.it\/it\/wp-json\/wp\/v2\/posts\/316521","targetHints":{"allow":["GET"]}}],"collection":[{"href":"https:\/\/www.intoscana.it\/it\/wp-json\/wp\/v2\/posts"}],"about":[{"href":"https:\/\/www.intoscana.it\/it\/wp-json\/wp\/v2\/types\/post"}],"author":[{"embeddable":true,"href":"https:\/\/www.intoscana.it\/it\/wp-json\/wp\/v2\/users\/525"}],"replies":[{"embeddable":true,"href":"https:\/\/www.intoscana.it\/it\/wp-json\/wp\/v2\/comments?post=316521"}],"version-history":[{"count":0,"href":"https:\/\/www.intoscana.it\/it\/wp-json\/wp\/v2\/posts\/316521\/revisions"}],"wp:featuredmedia":[{"embeddable":true,"href":"https:\/\/www.intoscana.it\/it\/wp-json\/wp\/v2\/media\/316528"}],"wp:attachment":[{"href":"https:\/\/www.intoscana.it\/it\/wp-json\/wp\/v2\/media?parent=316521"}],"wp:term":[{"taxonomy":"category","embeddable":true,"href":"https:\/\/www.intoscana.it\/it\/wp-json\/wp\/v2\/categories?post=316521"},{"taxonomy":"post_tag","embeddable":true,"href":"https:\/\/www.intoscana.it\/it\/wp-json\/wp\/v2\/tags?post=316521"}],"curies":[{"name":"wp","href":"https:\/\/api.w.org\/{rel}","templated":true}]}}