{"id":316752,"date":"2023-11-28T17:33:27","date_gmt":"2023-11-28T16:33:27","guid":{"rendered":"https:\/\/www.intoscana.it\/it\/?p=316752"},"modified":"2025-05-27T15:42:35","modified_gmt":"2025-05-27T13:42:35","slug":"cultura-gli-stati-generali-verso-il-salone-del-libro-di-torino","status":"publish","type":"post","link":"https:\/\/www.intoscana.it\/it\/cultura-gli-stati-generali-verso-il-salone-del-libro-di-torino\/","title":{"rendered":"Cultura: gli Stati Generali \u2018Verso il Salone del Libro di Torino\u2019"},"content":{"rendered":"<p>Toscana gi\u00e0 al lavoro verso il <strong>Salone del Libro<\/strong> di Torino. Giornata di riflessione e confronto ricca di interventi e con un approfondito dibattito nell\u2019Auditorium Spadolini di palazzo del Pegaso.\u00a0Un modo per organizzare nel modo migliore possibile la <strong>partecipazione degli stakeholder<\/strong> del settore al prossimo Salone del Libro di Torino del 2024. Sono intervenuti anche i tecnici della Giunta regionale.<\/p>\n<p>La commissione Istruzione e cultura presieduta da <strong>Cristina Giachi<\/strong> (Pd) ha incontrato un\u2019ampia rappresentanza di <mark>editori toscani, associazioni di promozione della lettura, fondazioni, organizzatori di eventi, universit\u00e0 e istituzioni come l\u2019Accademia della Crusca<\/mark>.<\/p>\n<p>\u201c<em>Gli Stati Generali della Cultura<\/em> \u2013 ha spiegato <strong>la presidente Giachi<\/strong> &#8211; <em>sono arrivati a toccare il tema dell\u2019editoria in Toscana, un settore che ha una storia prestigiosa, alla quale vorremmo associare un presente degno di questa storia. La Regione Toscana tradizionalmente ha sempre partecipato al Salone del Libro di Torino, e preparare la nostra prossima presenza in quel contesto \u00e8 stata la giusta occasione per riunire una rappresentanza ampia degli editori toscani a cui abbiamo chiesto di dire la loro. Abbiamo ascoltato i loro bisogni e le loro aspettative in un settore produttivo importante&#8221;. <\/em><\/p>\n<p>Giachi ha sottolineato che <em>&#8220;la cultura in Toscana non \u00e8 soltanto un lusso che ci possiamo concedere, ma un settore strategico che crea lavoro e occupazione, che fa salire i punti del pil regionale, e che porta una crescita economica e della societ\u00e0 civile. Per questo cerchiamo di investire e di migliorare i nostri strumenti. La partecipazione al Salone di Torino \u00e8 uno di questi strumenti di promozione dell\u2019editoria toscana ed \u00e8 bello secondo me e significativo organizzarla tutti insieme con i maggiori rappresentanti del settore\u201d.<\/em><\/p>\n<p>\u201c<em>\u00c8 un bene essere partiti presto<\/em> \u2013 aggiunge la vicepresidente <strong>Luciana Bartolini (Lega)<\/strong> -,<em> perch\u00e9 quest\u2019anno la Toscana deve brillare al Salone del Libro di Torino. Deve avere uno tra gli stand pi\u00f9 belli e noi come commissione Istruzione e cultura con la presidente Giachi ci stiamo lavorando. In Toscana abbiamo tante case editrici e hanno tutte voglia di fare. \u00c8 necessario scoprire gli argomenti che trattano e per farlo sarebbe importante un\u2019indagine. E io aggiungo che bisogna fare di tutto perch\u00e9 i bambini abbiamo la passione della lettura\u201d.<\/em><\/p>\n<p>\u201c<em>Si tratta di un evento molto importante<\/em> \u2013 spiega la vicepresidente della commissione Istruzione e cultura <strong>Elena Rosignoli (Pd)<\/strong> &#8211; <em>perch\u00e9 l\u2019ascolto degli operatori principali che partecipano al Salone del Libro di Torino \u00e8 fondamentale per capire le loro esigenze e per dare risalto alla regione Toscana. Ci vuole pi\u00f9 attenzione per quello che proponiamo. Questa \u00e8 una tappa degli Stati Generali della Cultura fondamentale per lo sviluppo di quelle che sono le modifiche legislative che andremo a fare e anche per organizzare gli eventi dei prossimi anni\u201d.<\/em><\/p>\n<p>Il presidente del Consiglio regionale <strong>Antonio Mazzeo<\/strong>, in missione a Bruxelles per il Comitato europeo delle regioni, non ha fatto mancare il suo sostegno convinto all\u2019iniziativa: \u201c<em>Un ringraziamento agli editori toscani &#8211;<\/em> ha spiegato in un video &#8211; <em>per un lavoro di qualit\u00e0 che fa distinguere nel mercato del libro la nostra regione. Su questo tema ci sono sintonia e collaborazione con la Giunta e quest\u2019anno l\u2019Assemblea legislativa ha voluto dare un grande contributo alla promozione della lettura. Una scelta che va nella direzione di considerare cultura, sapere e formazione, non un costo ma un investimento per la crescita delle nostre ragazze e dei nostri ragazzi. Abbiamo destinato oltre un milione di euro, derivante dal risparmio dei costi della politica, a un bando dedicato ai comuni che si articolava su tre linee di intervento, una delle quali era dedicata alla ideazione e realizzazione di iniziative volte alla promozione della lettura. Le domande pervenute sono state circa 80 e le iniz<\/em>iative sono in corso di attuazione\u201d.<\/p>\n<p>\u201c<em>Abbiamo votato e approvato<\/em> &#8211; ha proseguito <strong>il presidente Mazzeo<\/strong> &#8211;<em> una proposta di legge al parlamento, di cui proprio Cristina Giachi \u00e8 prima firmataria, per istituire un tempo di quindici o venti minuti dedicato tutti i giorni alla lettura libera nelle scuole del primo e secondo ciclo di istruzione con l\u2019obiettivo di creare uno spazio di libert\u00e0 all\u2019interno del calendario scolastico\u201d.<\/em><\/p>\n<p>Per il vicepresidente del Consiglio regionale e membro della commissione <strong>Stefano Scaramelli<\/strong> <em>\u201cl\u2019Assemblea legislativa toscana si dimostra sensibile nei confronti di un\u2019iniziativa culturale di altissimo livello. L\u2019Ufficio di presidenza e la commissione Cultura lavorano insieme per essere presenti insieme ai nostri editori e fare della Toscana il centro delle iniziative culturali a livello nazionale. Ci stiamo lavorando, lo scorso anno c\u2019\u00e8 stata una presenza importante che nel 2024 vogliamo fare crescere\u201d.<\/em><\/p>\n<p>Intervenuto durante i lavori il presidente della Giunta <strong>Eugenio Giani<\/strong> ha chiesto <em>\u201cun salto di qualit\u00e0 a tutta la Regione nella presenza al Salone del Libro di Torino\u201d aggiungendo che \u201cil 2024 \u00e8 l\u2019anno giusto. Vorrei dare pi\u00f9 forza, pi\u00f9 luce e pi\u00f9 visibilit\u00e0 a un\u2019editoria toscana che \u00e8 di eccellenza e che si staglia nel panorama nazionale e internazionale. \u00c8 importante vivere la letteratura attraverso case editrici che valorizzano gli aspetti della storia, della narrativa, della letteratura e della poesia toscana\u201d.<\/em><\/p>\n<p>\u201c<em>La Toscana ha una tradizione straordinaria dall\u2019Ottocento che si \u00e8 piano piano dispersa per rifiorire all\u2019inizio di questo nuovo millennio. Che la Regione metta a disposizione idee e spazi per Torino, che \u00e8 uno dei pi\u00f9 grandi saloni europei dopo Francoforte, \u00e8 assolutamente straordinario e ci saremo anche noi come Gabinetto Vieusseux\u201d:<\/em> queste le parole del presidente <strong>Riccardo Nencini<\/strong> intervenuto alla giornata di riflessione.<\/p>\n<p><strong>Valdo Spini<\/strong> presidente del Coordinamento delle riviste italiane di cultura ha aggiunto: \u201c<em>Noi dobbiamo potenziare le strutture espositive regionali, &#8211;<\/em> ha spiegato <em>&#8211; ma dobbiamo essere presenti con grande dignit\u00e0 agli appuntamenti pi\u00f9 importanti come il Salone del Libro di Torino. Le medie e piccole case editrici hanno un grande beneficio nell\u2019avere a disposizione lo stand della Toscana a cui potersi appoggiare per presentazioni, esposizione e vendita. Io ho portato il contributo specifico come presidente del Coordinamento delle riviste italiane di cultura. Una buona parte dei miei associati sono toscani, e mi impegno perch\u00e9 tutte le riviste italiane possano essere presenti nello stand toscano per dargli una dimensione nazionale a cui \u00e8 giusto che aspiri\u201d.<\/em><\/p>\n<p>Chiudendo la giornata degli \u2018<em>Stati Generali della Cultura. Verso il Salone del Libro di Torino\u2019<\/em>, <strong>la presidente Giachi<\/strong> ha ringraziato tutti i convenuti per il prezioso contributo e ha proposto di stabilizzare il rapporto con tutti i protagonisti di un settore strategico per la Toscana come l\u2019editoria annunciando poi la creazione di un <strong>tavolo di lavoro operativo<\/strong> e ristretto per programmare e potenziare la partecipazione toscana al Salone del Libro 2024.<\/p>\n","protected":false},"excerpt":{"rendered":"<p>A Palazzo del Pegaso annunciata la creazione di un tavolo di lavoro operativo per programmare e potenziare la partecipazione toscana all&#8217;edizione 2024<\/p>\n","protected":false},"author":525,"featured_media":316755,"comment_status":"open","ping_status":"open","sticky":false,"template":"","format":"standard","meta":{"_acf_changed":false,"footnotes":""},"categories":[493],"tags":[4753,1626],"class_list":["post-316752","post","type-post","status-publish","format-standard","has-post-thumbnail","hentry","category-cultura","tag-consiglio-regionale-della-toscana","tag-salone-libro-torino"],"acf":[],"yoast_head":"<!-- This site is optimized with the Yoast SEO Premium plugin v24.2 (Yoast SEO v25.6) - https:\/\/yoast.com\/wordpress\/plugins\/seo\/ -->\n<title>Cultura: gli Stati Generali \u2018Verso il Salone del Libro di Torino\u2019 - intoscana<\/title>\n<meta name=\"description\" content=\"Annunciata la creazione di un tavolo di lavoro operativo per programmare e potenziare la partecipazione toscana all&#039;edizione 2024\" \/>\n<meta name=\"robots\" content=\"index, follow, max-snippet:-1, max-image-preview:large, max-video-preview:-1\" \/>\n<link rel=\"canonical\" href=\"https:\/\/www.intoscana.it\/it\/cultura-gli-stati-generali-verso-il-salone-del-libro-di-torino\/\" \/>\n<meta property=\"og:locale\" content=\"it_IT\" \/>\n<meta property=\"og:type\" content=\"article\" \/>\n<meta property=\"og:title\" content=\"Cultura: gli Stati Generali \u2018Verso il Salone del Libro di Torino\u2019\" \/>\n<meta property=\"og:description\" content=\"Annunciata la creazione di un tavolo di lavoro operativo per programmare e potenziare la partecipazione toscana all&#039;edizione 2024\" \/>\n<meta property=\"og:url\" content=\"https:\/\/www.intoscana.it\/it\/cultura-gli-stati-generali-verso-il-salone-del-libro-di-torino\/\" \/>\n<meta property=\"og:site_name\" content=\"intoscana\" \/>\n<meta property=\"article:publisher\" content=\"https:\/\/www.facebook.com\/intoscana.it\" \/>\n<meta property=\"article:published_time\" content=\"2023-11-28T16:33:27+00:00\" \/>\n<meta property=\"article:modified_time\" content=\"2025-05-27T13:42:35+00:00\" \/>\n<meta property=\"og:image\" content=\"https:\/\/www.intoscana.it\/wp-content\/uploads\/Gli-Stati-Generali-verso-il-Salone-del-Libro.jpeg\" \/>\n\t<meta property=\"og:image:width\" content=\"1024\" \/>\n\t<meta property=\"og:image:height\" content=\"768\" \/>\n\t<meta property=\"og:image:type\" content=\"image\/jpeg\" \/>\n<meta name=\"author\" content=\"Redazione\" \/>\n<meta name=\"twitter:card\" content=\"summary_large_image\" \/>\n<meta name=\"twitter:creator\" content=\"@intoscana\" \/>\n<meta name=\"twitter:site\" content=\"@intoscana\" \/>\n<meta name=\"twitter:label1\" content=\"Written by\" \/>\n\t<meta name=\"twitter:data1\" content=\"Redazione\" \/>\n\t<meta name=\"twitter:label2\" content=\"Est. reading time\" \/>\n\t<meta name=\"twitter:data2\" content=\"5 minuti\" \/>\n<script type=\"application\/ld+json\" class=\"yoast-schema-graph\">{\"@context\":\"https:\/\/schema.org\",\"@graph\":[{\"@type\":\"WebPage\",\"@id\":\"https:\/\/www.intoscana.it\/it\/cultura-gli-stati-generali-verso-il-salone-del-libro-di-torino\/\",\"url\":\"https:\/\/www.intoscana.it\/it\/cultura-gli-stati-generali-verso-il-salone-del-libro-di-torino\/\",\"name\":\"Cultura: gli Stati Generali \u2018Verso il Salone del Libro di Torino\u2019 - intoscana\",\"isPartOf\":{\"@id\":\"https:\/\/www.intoscana.it\/it\/#website\"},\"primaryImageOfPage\":{\"@id\":\"https:\/\/www.intoscana.it\/it\/cultura-gli-stati-generali-verso-il-salone-del-libro-di-torino\/#primaryimage\"},\"image\":{\"@id\":\"https:\/\/www.intoscana.it\/it\/cultura-gli-stati-generali-verso-il-salone-del-libro-di-torino\/#primaryimage\"},\"thumbnailUrl\":\"https:\/\/www.intoscana.it\/wp-content\/uploads\/Gli-Stati-Generali-verso-il-Salone-del-Libro.jpeg\",\"datePublished\":\"2023-11-28T16:33:27+00:00\",\"dateModified\":\"2025-05-27T13:42:35+00:00\",\"author\":{\"@id\":\"https:\/\/www.intoscana.it\/it\/#\/schema\/person\/9223810753230f20bd670fdd322661f8\"},\"description\":\"Annunciata la creazione di un tavolo di lavoro operativo per programmare e potenziare la partecipazione toscana all'edizione 2024\",\"breadcrumb\":{\"@id\":\"https:\/\/www.intoscana.it\/it\/cultura-gli-stati-generali-verso-il-salone-del-libro-di-torino\/#breadcrumb\"},\"inLanguage\":\"it-IT\",\"potentialAction\":[{\"@type\":\"ReadAction\",\"target\":[\"https:\/\/www.intoscana.it\/it\/cultura-gli-stati-generali-verso-il-salone-del-libro-di-torino\/\"]}]},{\"@type\":\"ImageObject\",\"inLanguage\":\"it-IT\",\"@id\":\"https:\/\/www.intoscana.it\/it\/cultura-gli-stati-generali-verso-il-salone-del-libro-di-torino\/#primaryimage\",\"url\":\"https:\/\/www.intoscana.it\/wp-content\/uploads\/Gli-Stati-Generali-verso-il-Salone-del-Libro.jpeg\",\"contentUrl\":\"https:\/\/www.intoscana.it\/wp-content\/uploads\/Gli-Stati-Generali-verso-il-Salone-del-Libro.jpeg\",\"width\":1024,\"height\":768},{\"@type\":\"BreadcrumbList\",\"@id\":\"https:\/\/www.intoscana.it\/it\/cultura-gli-stati-generali-verso-il-salone-del-libro-di-torino\/#breadcrumb\",\"itemListElement\":[{\"@type\":\"ListItem\",\"position\":1,\"name\":\"Home\",\"item\":\"https:\/\/www.intoscana.it\/it\/\"},{\"@type\":\"ListItem\",\"position\":2,\"name\":\"Cultura: gli Stati Generali \u2018Verso il Salone del Libro di Torino\u2019\"}]},{\"@type\":\"WebSite\",\"@id\":\"https:\/\/www.intoscana.it\/it\/#website\",\"url\":\"https:\/\/www.intoscana.it\/it\/\",\"name\":\"intoscana\",\"description\":\"\",\"potentialAction\":[{\"@type\":\"SearchAction\",\"target\":{\"@type\":\"EntryPoint\",\"urlTemplate\":\"https:\/\/www.intoscana.it\/it\/?s={search_term_string}\"},\"query-input\":{\"@type\":\"PropertyValueSpecification\",\"valueRequired\":true,\"valueName\":\"search_term_string\"}}],\"inLanguage\":\"it-IT\"},{\"@type\":\"Person\",\"@id\":\"https:\/\/www.intoscana.it\/it\/#\/schema\/person\/9223810753230f20bd670fdd322661f8\",\"name\":\"Redazione\",\"url\":\"https:\/\/www.intoscana.it\/it\/author\/redazione\/\"}]}<\/script>\n<!-- \/ Yoast SEO Premium plugin. -->","yoast_head_json":{"title":"Cultura: gli Stati Generali \u2018Verso il Salone del Libro di Torino\u2019 - intoscana","description":"Annunciata la creazione di un tavolo di lavoro operativo per programmare e potenziare la partecipazione toscana all'edizione 2024","robots":{"index":"index","follow":"follow","max-snippet":"max-snippet:-1","max-image-preview":"max-image-preview:large","max-video-preview":"max-video-preview:-1"},"canonical":"https:\/\/www.intoscana.it\/it\/cultura-gli-stati-generali-verso-il-salone-del-libro-di-torino\/","og_locale":"it_IT","og_type":"article","og_title":"Cultura: gli Stati Generali \u2018Verso il Salone del Libro di Torino\u2019","og_description":"Annunciata la creazione di un tavolo di lavoro operativo per programmare e potenziare la partecipazione toscana all'edizione 2024","og_url":"https:\/\/www.intoscana.it\/it\/cultura-gli-stati-generali-verso-il-salone-del-libro-di-torino\/","og_site_name":"intoscana","article_publisher":"https:\/\/www.facebook.com\/intoscana.it","article_published_time":"2023-11-28T16:33:27+00:00","article_modified_time":"2025-05-27T13:42:35+00:00","og_image":[{"width":1024,"height":768,"url":"https:\/\/www.intoscana.it\/wp-content\/uploads\/Gli-Stati-Generali-verso-il-Salone-del-Libro.jpeg","type":"image\/jpeg"}],"author":"Redazione","twitter_card":"summary_large_image","twitter_creator":"@intoscana","twitter_site":"@intoscana","twitter_misc":{"Written by":"Redazione","Est. reading time":"5 minuti"},"schema":{"@context":"https:\/\/schema.org","@graph":[{"@type":"WebPage","@id":"https:\/\/www.intoscana.it\/it\/cultura-gli-stati-generali-verso-il-salone-del-libro-di-torino\/","url":"https:\/\/www.intoscana.it\/it\/cultura-gli-stati-generali-verso-il-salone-del-libro-di-torino\/","name":"Cultura: gli Stati Generali \u2018Verso il Salone del Libro di Torino\u2019 - intoscana","isPartOf":{"@id":"https:\/\/www.intoscana.it\/it\/#website"},"primaryImageOfPage":{"@id":"https:\/\/www.intoscana.it\/it\/cultura-gli-stati-generali-verso-il-salone-del-libro-di-torino\/#primaryimage"},"image":{"@id":"https:\/\/www.intoscana.it\/it\/cultura-gli-stati-generali-verso-il-salone-del-libro-di-torino\/#primaryimage"},"thumbnailUrl":"https:\/\/www.intoscana.it\/wp-content\/uploads\/Gli-Stati-Generali-verso-il-Salone-del-Libro.jpeg","datePublished":"2023-11-28T16:33:27+00:00","dateModified":"2025-05-27T13:42:35+00:00","author":{"@id":"https:\/\/www.intoscana.it\/it\/#\/schema\/person\/9223810753230f20bd670fdd322661f8"},"description":"Annunciata la creazione di un tavolo di lavoro operativo per programmare e potenziare la partecipazione toscana all'edizione 2024","breadcrumb":{"@id":"https:\/\/www.intoscana.it\/it\/cultura-gli-stati-generali-verso-il-salone-del-libro-di-torino\/#breadcrumb"},"inLanguage":"it-IT","potentialAction":[{"@type":"ReadAction","target":["https:\/\/www.intoscana.it\/it\/cultura-gli-stati-generali-verso-il-salone-del-libro-di-torino\/"]}]},{"@type":"ImageObject","inLanguage":"it-IT","@id":"https:\/\/www.intoscana.it\/it\/cultura-gli-stati-generali-verso-il-salone-del-libro-di-torino\/#primaryimage","url":"https:\/\/www.intoscana.it\/wp-content\/uploads\/Gli-Stati-Generali-verso-il-Salone-del-Libro.jpeg","contentUrl":"https:\/\/www.intoscana.it\/wp-content\/uploads\/Gli-Stati-Generali-verso-il-Salone-del-Libro.jpeg","width":1024,"height":768},{"@type":"BreadcrumbList","@id":"https:\/\/www.intoscana.it\/it\/cultura-gli-stati-generali-verso-il-salone-del-libro-di-torino\/#breadcrumb","itemListElement":[{"@type":"ListItem","position":1,"name":"Home","item":"https:\/\/www.intoscana.it\/it\/"},{"@type":"ListItem","position":2,"name":"Cultura: gli Stati Generali \u2018Verso il Salone del Libro di Torino\u2019"}]},{"@type":"WebSite","@id":"https:\/\/www.intoscana.it\/it\/#website","url":"https:\/\/www.intoscana.it\/it\/","name":"intoscana","description":"","potentialAction":[{"@type":"SearchAction","target":{"@type":"EntryPoint","urlTemplate":"https:\/\/www.intoscana.it\/it\/?s={search_term_string}"},"query-input":{"@type":"PropertyValueSpecification","valueRequired":true,"valueName":"search_term_string"}}],"inLanguage":"it-IT"},{"@type":"Person","@id":"https:\/\/www.intoscana.it\/it\/#\/schema\/person\/9223810753230f20bd670fdd322661f8","name":"Redazione","url":"https:\/\/www.intoscana.it\/it\/author\/redazione\/"}]}},"_links":{"self":[{"href":"https:\/\/www.intoscana.it\/it\/wp-json\/wp\/v2\/posts\/316752","targetHints":{"allow":["GET"]}}],"collection":[{"href":"https:\/\/www.intoscana.it\/it\/wp-json\/wp\/v2\/posts"}],"about":[{"href":"https:\/\/www.intoscana.it\/it\/wp-json\/wp\/v2\/types\/post"}],"author":[{"embeddable":true,"href":"https:\/\/www.intoscana.it\/it\/wp-json\/wp\/v2\/users\/525"}],"replies":[{"embeddable":true,"href":"https:\/\/www.intoscana.it\/it\/wp-json\/wp\/v2\/comments?post=316752"}],"version-history":[{"count":1,"href":"https:\/\/www.intoscana.it\/it\/wp-json\/wp\/v2\/posts\/316752\/revisions"}],"predecessor-version":[{"id":386920,"href":"https:\/\/www.intoscana.it\/it\/wp-json\/wp\/v2\/posts\/316752\/revisions\/386920"}],"wp:featuredmedia":[{"embeddable":true,"href":"https:\/\/www.intoscana.it\/it\/wp-json\/wp\/v2\/media\/316755"}],"wp:attachment":[{"href":"https:\/\/www.intoscana.it\/it\/wp-json\/wp\/v2\/media?parent=316752"}],"wp:term":[{"taxonomy":"category","embeddable":true,"href":"https:\/\/www.intoscana.it\/it\/wp-json\/wp\/v2\/categories?post=316752"},{"taxonomy":"post_tag","embeddable":true,"href":"https:\/\/www.intoscana.it\/it\/wp-json\/wp\/v2\/tags?post=316752"}],"curies":[{"name":"wp","href":"https:\/\/api.w.org\/{rel}","templated":true}]}}