{"id":316840,"date":"2023-11-29T13:03:25","date_gmt":"2023-11-29T12:03:25","guid":{"rendered":"https:\/\/www.intoscana.it\/it\/?p=316840"},"modified":"2023-11-29T13:03:25","modified_gmt":"2023-11-29T12:03:25","slug":"alla-crumb-gallery-di-firenze-torna-small-size-opere-darte-in-piccolo-formato","status":"publish","type":"post","link":"https:\/\/www.intoscana.it\/it\/alla-crumb-gallery-di-firenze-torna-small-size-opere-darte-in-piccolo-formato\/","title":{"rendered":"Alla Crumb Gallery di Firenze torna &#8220;Small Size&#8221;: opere d&#8217;arte in piccolo formato"},"content":{"rendered":"<p><strong>Dal 1\u00b0 al 30 dicembre<\/strong> alla <strong>Crumb Gallery<\/strong> di Firenze torna l&#8217;iniziativa <strong><em>&#8220;Small Size&#8221;<\/em><\/strong>.<\/p>\n<p>Si chiama cos\u00ec perch\u00e9 raccoglie <strong>opere dal piccolo formato:<\/strong> piccoli <strong>dipinti, piccole foto, piccole sculture<\/strong> che vengono messe in vendita con <strong>un prezzo contenuto<\/strong> perch\u00e9 l&#8217;arte non \u00e8 ale se non \u00e8 per tutti.<\/p>\n<p>In mostra <strong>voci diverse di donne con storie diverse,<\/strong> che provengono da varie parti del mondo,<strong> ognuna con il proprio linguaggio,<\/strong> con la propria poetica che affonda la pratica del fare in terreni e radici culturalmente differenti.<\/p>\n<p><strong>Singole tonalit\u00e0 e vibrazioni<\/strong> che insieme si uniscono in <strong>una narrazione tutta al femminile del contemporaneo<\/strong>, un ritratto a volte pi\u00f9 crudo, a volte lasciato alla cronaca, a volte pi\u00f9 intimistico e delicato dell\u2019attualit\u00e0.<\/p>\n<p>Le artiste in mostra sono otto: <strong>Roberta Conigliaro, Cecilia Cosci, Sophie Dickens, Lucy Jochamowitz, Laura Lezza, Adriana Luperto, Federica Ricotti e Regan Wheat.<\/strong><\/p>\n<p><a href=\"https:\/\/www.crumbgallery.com\" target=\"_blank\" rel=\"noopener\"><strong>Crumb Gallery<\/strong><\/a> \u00e8 stata fondata nel 2019 da <strong>Rory Cappelli, Lea Codognato, Adriana Luperto e Emanuela Mollica, <\/strong>nasce come<strong> spazio esclusivo per artiste donne.<\/strong> Promuove, divulga, sostiene ed espone pittura, sculture, fotografie, installazioni e performance di artiste.<\/p>\n<h3>Le artiste in mostra alla Crumb Gallery<\/h3>\n<p>Della serie<strong><em> Sogni<\/em><\/strong> del 2023, in mostra,<strong> Cecilia Cosci<\/strong> presenta alcuni dei suoi montage, con personaggi e immagini, ritagliati da dipinti acquisiti dalla storia dell\u2019arte, dal Trecento al Novecento, e riformulati in nuove composizioni. La dimensione onirica pervade questa personale riscrittura, in parte autobiografica. Cosci gioca con queste immagini, le decontestualizza, ne prende in prestito i simboli per creare significati altri, accompagnandoli con titoli volutamente ironici, che sono imprescindibili dall\u2019opera stessa. E cos\u00ec in <strong><em>Patriarcato,<\/em> <\/strong>i personaggi tratti dalle <strong>Storie di San Silvestro e Costantino di Maso di Banco,<\/strong> affrescati nella chiesa di Santa Croce a Firenze, di cui si vede solo i calzari e le nobili vesti, pestano la<strong> Venere nuda di Alexandre Cabanel;<\/strong> oppure in<strong><em> Spred your wings<\/em><\/strong>, uno degli angeli di <strong>Lorenzo Lotto,<\/strong> dischiude le sue ali, come una neonata farfalla, uscendo con forza e grazia, allo stesso tempo, da una delle metafisiche bottiglie di Carlo Carr\u00e0.<\/p>\n<p><strong>Regan Wheat,<\/strong> artista americana, propone <strong><em>Edge State,<\/em> <\/strong>un progetto sul quale lavora da tempo, un progetto che purtroppo non si interrompe mai perch\u00e9 le zone di guerra non hanno fine. Evanescenti, realizzati con inchiostro su carta, Regan ritrae i bambini vittime di queste atrocit\u00e0, destinati a spostamenti obbligati. In questo caso sono i volti degli innocenti coinvolti dai <strong>conflitti che si consumano in questi giorni a Gaza<\/strong>, ripresi dalle immagini di cronaca dei quotidiani e dei media televisivi. Sono ritratti delicati e forti allo stesso tempo, che ti colpiscono, letteralmente, impossibile rimanere indifferenti a quegli sguardi, a quelle espressioni attonite e disperate!<\/p>\n<p>Sempre legate alla cronaca sono gli scatti di <strong>Laura Lezza<\/strong>. Nata a Nola ma livornese di adozione, fotografa e fotogiornalista, mette in quello che fa una grande passione ed energia, come si evince dalla sua capacit\u00e0 di raffigurare la realt\u00e0, di cogliere dettagli e gesti del quotidiano. Le sue foto sono state pubblicate dai principali quotidiani e magazine italiani e internazionali. Per<strong> Crumb Gallery<\/strong>, ha scelto una selezione di due recentissimi lavori (realizzati per le News di Getty Images). Il primo dedicato a<strong><em> Queen Elisabeth ||, Floral Tribute,<\/em> <em>Londra 2022,<\/em><\/strong> dove, durante i recenti funerali della Regina d\u2019Inghilterra, a Londra, ha documentato il tributo e la devozione degli inglesi, e non solo, verso la loro sovrana, un\u2019icona di questo secolo. Usando le parole di Lezza <em>\u201cguardare ai dettagli dell\u2019immenso Floral per capire quel legame tra inglesi e Regina\u201d.<\/em> Il secondo, dal titolo <strong><em>Il popolo di Vasco, Roma 2022,<\/em><\/strong> si concentra sui fan di <strong>Vasco Rossi<\/strong>, sul trasporto delle emozioni che si scatenano in concerti come questi dove si balla, si piange, si ride e ci si abbraccia, rapiti dalla musica: Lezza con i suoi scatti indaga <em>\u201ci meccanismi di questo particolare legame tra Vasco e il suo pubblico, che \u00e8 un popolo\u201d.<\/em><\/p>\n<p>Con<strong> Adriana Luperto<\/strong> torniamo alla pittura. <strong><em>Paesaggi Urbani<\/em><\/strong> \u00e8 il titolo di questi olii su carta: scorci di citt\u00e0, scatti quasi fotografici, anche se definiti da colpi di pennello, fermoimmagine come fossero piccole sequenze di un film, che ricordano vagamente \u201c<strong>Il cielo sopra Berlino\u201d di Wim Wenders.<\/strong> Potremmo essere appunto a Berlino oppure a Milano, a New York, in una grande metropoli, ma poco importa. Ci sono<strong> strade, palazzi, grattacieli, accarezzati dalla luce<\/strong>, elemento fondamentale in questi paesaggi urbani, dove i raggi del sole cambiano come cambiano le stagioni, a volte radenti, a volte ovattati, a volte diretti, oppure si spengono lasciando il posto alla notte ma non perdono mai quell\u2019<strong>atmosfera un po\u2019 magica.<\/strong><\/p>\n<figure id=\"post-316844 media-316844\" class=\"align-none\"><img decoding=\"async\" src=\"https:\/\/www.intoscana.it\/wp-content\/uploads\/Laura-Lezza_Floral-Tribute_Queen-Elizabeth-II_Getty-Images-2022.jpg\" alt=\"\" \/><\/figure>\n<div class=\"titleimg\"><em>Laura Lezza, Floral Tribute, Queen Elizabeth II, 2022<\/em><\/div>\n<p>In <strong><em>Perdere la testa o Perder la cabeza<\/em><\/strong>, <strong>Lucy Jochamowitz<\/strong> ci fa entrare nel suo universo femminile attraverso una teoria di bamboline di carta, figurine che ci catturano con la loro grazia, l\u2019attenzione posta ai dettagli, ai monili che indossano, all\u2019abbigliamento, vestitini contraddistinti da quei rami rossi, tipici della Jochamowitz, disegnati sulle vesti, che sembrano coralli, ramificazioni sanguigne. Ma a guardarle bene, queste <strong>bamboline<\/strong>, ti accorgi che mancano della testa, oppure la testa non \u00e8 al posto giusto, sopra al collo. Il titolo \u00e8 ovviamente una provocazione, come dice l\u2019artista stessa <em>\u201cSiamo abituati a credere nella ragione come unica verit\u00e0. E, oltre alle ragioni della testa, ci sono le ragioni del cuore. Sono le ragioni del cuore che aprono la porta al mondo dell&#8217;arte. Se vogliamo che il nostro io del cuore si faccia strada, dovremo permetterci di perdere o almeno di far tacere la nostra testa.\u201d<\/em><\/p>\n<p>Le piccole sculture di<strong> Sophie Dickens<\/strong>, artista britannica,<strong> trisnipote di Charles Dickens,<\/strong> sono realizzate in metallo e legno, accompagnate da alcuni disegni. Sophie, aiutata da un meticoloso studio dell\u2019anatomia, appreso in dissezioni cliniche reali (per artisti), costruisce <strong>armature con barre di metallo,<\/strong> come fossero degli scheletri, su cui poi applica pezzi di materiale appositamente lavorato. I suoi soggetti riflettono un <strong>primitivismo moderno<\/strong>, sono immagini fantastiche che fanno riferimento alla natura, alla mitologia &#8211; a cui \u00e8 arrivata grazie alla Storia dell\u2019Arte, attraverso pittori come <strong>Tiziano<\/strong> &#8211; ma anche agli elementi umani. Crea movimenti muscolari, fatti di ossa, muscoli e tendini che ricordano gli studi classici di <strong>Eadweard Muybridge<\/strong> che, come racconta, l\u2019hanno influenzata nel suo percorso.<\/p>\n<p><strong>Federica Ricotti<\/strong> \u00e8 artista e performer, esponente della <strong>Paper Art.<\/strong> Crea sculture in fibre naturali, lavora la cellulosa con rilievi e trasparenze, utilizzando la luce come parte fondamentale delle sue opere che, a volte, presenta con performances in forma di spettacolo e installazioni in chiese, castelli, spazi di archeologia industriale. Qui, alla <strong>Crumb Gallery,<\/strong> avremo piccoli bassorilievi contenuti in scatole trasparenti di vetro che rappresentano l\u2019archetipo numero tre, <strong>GIMEL, il principio della Vita<\/strong> e anche la connessione tra il Cielo e la Terra. I bassorilievi luminosi, come gli altri suoi lavori, hanno un ch\u00e9, non tanto di sacro, ma piuttosto di spirituale, intimo, dove \u201cla luce calda della carta, rappresenta l\u2019espansione dell\u2019umano evoluto\u201d per dirlo con le parole della Ricotti stessa.<\/p>\n<p>Infine i gioielli\/scultura di <strong>Roberta Conigliaro<\/strong> chiudono questa carrellata sulle artiste presenti in questa seconda edizione di <strong>Small Size.<\/strong> Un\u2019arte antica, quella della lavorazione del bronzo per ottenere anelli, monili, una lavorazione intrisa di fascino, che perdura nel tempo. La Conigliaro che in genere usa la pietra &#8211; marmo, pietra calcarea, pietra saponaria \u2013 per le sue sculture di altro formato, si cimenta con una<strong> tecnica artigiana preziosa<\/strong> dove il materiale viene plasmato con la fusione a cera persa e ogni gioiello creato rimane un unico, un\u2019unica opera d\u2019arte.<\/p>\n<figure id=\"post-316842 media-316842\" class=\"align-none\"><img decoding=\"async\" src=\"https:\/\/www.intoscana.it\/wp-content\/uploads\/Cecilia-Cosci_Patriarcato-scaled.jpg\" alt=\"\" \/><\/figure>\n<div class=\"titleimg\">Cecilia Cosci, Patriarcato<\/div>\n","protected":false},"excerpt":{"rendered":"<p>Dal 1\u00b0 al 30 dicembre in mostra e acquistabili le opere delle artiste: Roberta Conigliaro, Cecilia Cosci, Sophie Dickens, Lucy Jochamowitz, Laura Lezza, Adriana Luperto, Federica Ricotti e Regan Wheat<\/p>\n","protected":false},"author":525,"featured_media":316847,"comment_status":"open","ping_status":"open","sticky":false,"template":"","format":"standard","meta":{"_acf_changed":false,"footnotes":""},"categories":[493],"tags":[227,222,409],"class_list":["post-316840","post","type-post","status-publish","format-standard","has-post-thumbnail","hentry","category-cultura","tag-arte-contemporanea","tag-mostre","tag-natale"],"acf":[],"yoast_head":"<!-- This site is optimized with the Yoast SEO Premium plugin v24.2 (Yoast SEO v25.6) - https:\/\/yoast.com\/wordpress\/plugins\/seo\/ -->\n<title>Alla Crumb Gallery di Firenze torna &quot;Small Size&quot;: opere d&#039;arte in piccolo formato - intoscana<\/title>\n<meta name=\"robots\" content=\"index, follow, max-snippet:-1, max-image-preview:large, max-video-preview:-1\" \/>\n<link rel=\"canonical\" href=\"https:\/\/www.intoscana.it\/it\/alla-crumb-gallery-di-firenze-torna-small-size-opere-darte-in-piccolo-formato\/\" \/>\n<meta property=\"og:locale\" content=\"it_IT\" \/>\n<meta property=\"og:type\" content=\"article\" \/>\n<meta property=\"og:title\" content=\"Alla Crumb Gallery di Firenze torna &quot;Small Size&quot;: opere d&#039;arte in piccolo formato\" \/>\n<meta property=\"og:description\" content=\"Dal 1\u00b0 al 30 dicembre in mostra e acquistabili le opere delle artiste: Roberta Conigliaro, Cecilia Cosci, Sophie Dickens, Lucy Jochamowitz, Laura Lezza, Adriana Luperto, Federica Ricotti e Regan Wheat\" \/>\n<meta property=\"og:url\" content=\"https:\/\/www.intoscana.it\/it\/alla-crumb-gallery-di-firenze-torna-small-size-opere-darte-in-piccolo-formato\/\" \/>\n<meta property=\"og:site_name\" content=\"intoscana\" \/>\n<meta property=\"article:publisher\" content=\"https:\/\/www.facebook.com\/intoscana.it\" \/>\n<meta property=\"article:published_time\" content=\"2023-11-29T12:03:25+00:00\" \/>\n<meta property=\"og:image\" content=\"https:\/\/www.intoscana.it\/wp-content\/uploads\/Screenshot-2023-11-29-alle-12.45.34.jpeg\" \/>\n\t<meta property=\"og:image:width\" content=\"942\" \/>\n\t<meta property=\"og:image:height\" content=\"580\" \/>\n\t<meta property=\"og:image:type\" content=\"image\/jpeg\" \/>\n<meta name=\"author\" content=\"Redazione\" \/>\n<meta name=\"twitter:card\" content=\"summary_large_image\" \/>\n<meta name=\"twitter:creator\" content=\"@intoscana\" \/>\n<meta name=\"twitter:site\" content=\"@intoscana\" \/>\n<meta name=\"twitter:label1\" content=\"Written by\" \/>\n\t<meta name=\"twitter:data1\" content=\"Redazione\" \/>\n\t<meta name=\"twitter:label2\" content=\"Est. reading time\" \/>\n\t<meta name=\"twitter:data2\" content=\"6 minuti\" \/>\n<script type=\"application\/ld+json\" class=\"yoast-schema-graph\">{\"@context\":\"https:\/\/schema.org\",\"@graph\":[{\"@type\":\"WebPage\",\"@id\":\"https:\/\/www.intoscana.it\/it\/alla-crumb-gallery-di-firenze-torna-small-size-opere-darte-in-piccolo-formato\/\",\"url\":\"https:\/\/www.intoscana.it\/it\/alla-crumb-gallery-di-firenze-torna-small-size-opere-darte-in-piccolo-formato\/\",\"name\":\"Alla Crumb Gallery di Firenze torna \\\"Small Size\\\": opere d'arte in piccolo formato - intoscana\",\"isPartOf\":{\"@id\":\"https:\/\/www.intoscana.it\/it\/#website\"},\"primaryImageOfPage\":{\"@id\":\"https:\/\/www.intoscana.it\/it\/alla-crumb-gallery-di-firenze-torna-small-size-opere-darte-in-piccolo-formato\/#primaryimage\"},\"image\":{\"@id\":\"https:\/\/www.intoscana.it\/it\/alla-crumb-gallery-di-firenze-torna-small-size-opere-darte-in-piccolo-formato\/#primaryimage\"},\"thumbnailUrl\":\"https:\/\/www.intoscana.it\/wp-content\/uploads\/Screenshot-2023-11-29-alle-12.45.34.jpeg\",\"datePublished\":\"2023-11-29T12:03:25+00:00\",\"author\":{\"@id\":\"https:\/\/www.intoscana.it\/it\/#\/schema\/person\/9223810753230f20bd670fdd322661f8\"},\"breadcrumb\":{\"@id\":\"https:\/\/www.intoscana.it\/it\/alla-crumb-gallery-di-firenze-torna-small-size-opere-darte-in-piccolo-formato\/#breadcrumb\"},\"inLanguage\":\"it-IT\",\"potentialAction\":[{\"@type\":\"ReadAction\",\"target\":[\"https:\/\/www.intoscana.it\/it\/alla-crumb-gallery-di-firenze-torna-small-size-opere-darte-in-piccolo-formato\/\"]}]},{\"@type\":\"ImageObject\",\"inLanguage\":\"it-IT\",\"@id\":\"https:\/\/www.intoscana.it\/it\/alla-crumb-gallery-di-firenze-torna-small-size-opere-darte-in-piccolo-formato\/#primaryimage\",\"url\":\"https:\/\/www.intoscana.it\/wp-content\/uploads\/Screenshot-2023-11-29-alle-12.45.34.jpeg\",\"contentUrl\":\"https:\/\/www.intoscana.it\/wp-content\/uploads\/Screenshot-2023-11-29-alle-12.45.34.jpeg\",\"width\":942,\"height\":580,\"caption\":\"Lucy Jochamowitz\"},{\"@type\":\"BreadcrumbList\",\"@id\":\"https:\/\/www.intoscana.it\/it\/alla-crumb-gallery-di-firenze-torna-small-size-opere-darte-in-piccolo-formato\/#breadcrumb\",\"itemListElement\":[{\"@type\":\"ListItem\",\"position\":1,\"name\":\"Home\",\"item\":\"https:\/\/www.intoscana.it\/it\/\"},{\"@type\":\"ListItem\",\"position\":2,\"name\":\"Alla Crumb Gallery di Firenze torna &#8220;Small Size&#8221;: opere d&#8217;arte in piccolo formato\"}]},{\"@type\":\"WebSite\",\"@id\":\"https:\/\/www.intoscana.it\/it\/#website\",\"url\":\"https:\/\/www.intoscana.it\/it\/\",\"name\":\"intoscana\",\"description\":\"\",\"potentialAction\":[{\"@type\":\"SearchAction\",\"target\":{\"@type\":\"EntryPoint\",\"urlTemplate\":\"https:\/\/www.intoscana.it\/it\/?s={search_term_string}\"},\"query-input\":{\"@type\":\"PropertyValueSpecification\",\"valueRequired\":true,\"valueName\":\"search_term_string\"}}],\"inLanguage\":\"it-IT\"},{\"@type\":\"Person\",\"@id\":\"https:\/\/www.intoscana.it\/it\/#\/schema\/person\/9223810753230f20bd670fdd322661f8\",\"name\":\"Redazione\",\"url\":\"https:\/\/www.intoscana.it\/it\/author\/redazione\/\"}]}<\/script>\n<!-- \/ Yoast SEO Premium plugin. -->","yoast_head_json":{"title":"Alla Crumb Gallery di Firenze torna \"Small Size\": opere d'arte in piccolo formato - intoscana","robots":{"index":"index","follow":"follow","max-snippet":"max-snippet:-1","max-image-preview":"max-image-preview:large","max-video-preview":"max-video-preview:-1"},"canonical":"https:\/\/www.intoscana.it\/it\/alla-crumb-gallery-di-firenze-torna-small-size-opere-darte-in-piccolo-formato\/","og_locale":"it_IT","og_type":"article","og_title":"Alla Crumb Gallery di Firenze torna \"Small Size\": opere d'arte in piccolo formato","og_description":"Dal 1\u00b0 al 30 dicembre in mostra e acquistabili le opere delle artiste: Roberta Conigliaro, Cecilia Cosci, Sophie Dickens, Lucy Jochamowitz, Laura Lezza, Adriana Luperto, Federica Ricotti e Regan Wheat","og_url":"https:\/\/www.intoscana.it\/it\/alla-crumb-gallery-di-firenze-torna-small-size-opere-darte-in-piccolo-formato\/","og_site_name":"intoscana","article_publisher":"https:\/\/www.facebook.com\/intoscana.it","article_published_time":"2023-11-29T12:03:25+00:00","og_image":[{"width":942,"height":580,"url":"https:\/\/www.intoscana.it\/wp-content\/uploads\/Screenshot-2023-11-29-alle-12.45.34.jpeg","type":"image\/jpeg"}],"author":"Redazione","twitter_card":"summary_large_image","twitter_creator":"@intoscana","twitter_site":"@intoscana","twitter_misc":{"Written by":"Redazione","Est. reading time":"6 minuti"},"schema":{"@context":"https:\/\/schema.org","@graph":[{"@type":"WebPage","@id":"https:\/\/www.intoscana.it\/it\/alla-crumb-gallery-di-firenze-torna-small-size-opere-darte-in-piccolo-formato\/","url":"https:\/\/www.intoscana.it\/it\/alla-crumb-gallery-di-firenze-torna-small-size-opere-darte-in-piccolo-formato\/","name":"Alla Crumb Gallery di Firenze torna \"Small Size\": opere d'arte in piccolo formato - intoscana","isPartOf":{"@id":"https:\/\/www.intoscana.it\/it\/#website"},"primaryImageOfPage":{"@id":"https:\/\/www.intoscana.it\/it\/alla-crumb-gallery-di-firenze-torna-small-size-opere-darte-in-piccolo-formato\/#primaryimage"},"image":{"@id":"https:\/\/www.intoscana.it\/it\/alla-crumb-gallery-di-firenze-torna-small-size-opere-darte-in-piccolo-formato\/#primaryimage"},"thumbnailUrl":"https:\/\/www.intoscana.it\/wp-content\/uploads\/Screenshot-2023-11-29-alle-12.45.34.jpeg","datePublished":"2023-11-29T12:03:25+00:00","author":{"@id":"https:\/\/www.intoscana.it\/it\/#\/schema\/person\/9223810753230f20bd670fdd322661f8"},"breadcrumb":{"@id":"https:\/\/www.intoscana.it\/it\/alla-crumb-gallery-di-firenze-torna-small-size-opere-darte-in-piccolo-formato\/#breadcrumb"},"inLanguage":"it-IT","potentialAction":[{"@type":"ReadAction","target":["https:\/\/www.intoscana.it\/it\/alla-crumb-gallery-di-firenze-torna-small-size-opere-darte-in-piccolo-formato\/"]}]},{"@type":"ImageObject","inLanguage":"it-IT","@id":"https:\/\/www.intoscana.it\/it\/alla-crumb-gallery-di-firenze-torna-small-size-opere-darte-in-piccolo-formato\/#primaryimage","url":"https:\/\/www.intoscana.it\/wp-content\/uploads\/Screenshot-2023-11-29-alle-12.45.34.jpeg","contentUrl":"https:\/\/www.intoscana.it\/wp-content\/uploads\/Screenshot-2023-11-29-alle-12.45.34.jpeg","width":942,"height":580,"caption":"Lucy Jochamowitz"},{"@type":"BreadcrumbList","@id":"https:\/\/www.intoscana.it\/it\/alla-crumb-gallery-di-firenze-torna-small-size-opere-darte-in-piccolo-formato\/#breadcrumb","itemListElement":[{"@type":"ListItem","position":1,"name":"Home","item":"https:\/\/www.intoscana.it\/it\/"},{"@type":"ListItem","position":2,"name":"Alla Crumb Gallery di Firenze torna &#8220;Small Size&#8221;: opere d&#8217;arte in piccolo formato"}]},{"@type":"WebSite","@id":"https:\/\/www.intoscana.it\/it\/#website","url":"https:\/\/www.intoscana.it\/it\/","name":"intoscana","description":"","potentialAction":[{"@type":"SearchAction","target":{"@type":"EntryPoint","urlTemplate":"https:\/\/www.intoscana.it\/it\/?s={search_term_string}"},"query-input":{"@type":"PropertyValueSpecification","valueRequired":true,"valueName":"search_term_string"}}],"inLanguage":"it-IT"},{"@type":"Person","@id":"https:\/\/www.intoscana.it\/it\/#\/schema\/person\/9223810753230f20bd670fdd322661f8","name":"Redazione","url":"https:\/\/www.intoscana.it\/it\/author\/redazione\/"}]}},"_links":{"self":[{"href":"https:\/\/www.intoscana.it\/it\/wp-json\/wp\/v2\/posts\/316840","targetHints":{"allow":["GET"]}}],"collection":[{"href":"https:\/\/www.intoscana.it\/it\/wp-json\/wp\/v2\/posts"}],"about":[{"href":"https:\/\/www.intoscana.it\/it\/wp-json\/wp\/v2\/types\/post"}],"author":[{"embeddable":true,"href":"https:\/\/www.intoscana.it\/it\/wp-json\/wp\/v2\/users\/525"}],"replies":[{"embeddable":true,"href":"https:\/\/www.intoscana.it\/it\/wp-json\/wp\/v2\/comments?post=316840"}],"version-history":[{"count":0,"href":"https:\/\/www.intoscana.it\/it\/wp-json\/wp\/v2\/posts\/316840\/revisions"}],"wp:featuredmedia":[{"embeddable":true,"href":"https:\/\/www.intoscana.it\/it\/wp-json\/wp\/v2\/media\/316847"}],"wp:attachment":[{"href":"https:\/\/www.intoscana.it\/it\/wp-json\/wp\/v2\/media?parent=316840"}],"wp:term":[{"taxonomy":"category","embeddable":true,"href":"https:\/\/www.intoscana.it\/it\/wp-json\/wp\/v2\/categories?post=316840"},{"taxonomy":"post_tag","embeddable":true,"href":"https:\/\/www.intoscana.it\/it\/wp-json\/wp\/v2\/tags?post=316840"}],"curies":[{"name":"wp","href":"https:\/\/api.w.org\/{rel}","templated":true}]}}