{"id":317130,"date":"2023-12-01T08:52:35","date_gmt":"2023-12-01T07:52:35","guid":{"rendered":"https:\/\/www.intoscana.it\/it\/?p=317130"},"modified":"2023-12-01T09:19:50","modified_gmt":"2023-12-01T08:19:50","slug":"sara-parigi-dai-lady-in-the-radiator-allesordio-solista-con-il-singolo-rive","status":"publish","type":"post","link":"https:\/\/www.intoscana.it\/it\/sara-parigi-dai-lady-in-the-radiator-allesordio-solista-con-il-singolo-rive\/","title":{"rendered":"Sara Parigi dai Lady in the Radiator all&#8217;esordio solista con il singolo &#8220;Rive&#8221;"},"content":{"rendered":"<p>Era il dicembre 2020 i <strong>Lady in The Radiator<\/strong> avevano appena vinto il<strong> 31\u00b0 Rock Contest<\/strong> e suonavano a <strong>Officina Giovani a Prato<\/strong>, poco dopo il Covid avrebbe cambiato tutto, obbligando band e locali a uno stop forzato di cui ancora oggi paghiamo tutti il prezzo: chi fa musica e chi l&#8217;ascolta.<\/p>\n<p>Quasi tre anni dopo <strong>Sara Parigi riparte da se stessa<\/strong> presentando il suo esordio solista all&#8217;<strong>Ex Chiesa di San Giovanni a Prato\u00a0<\/strong>con un concerto<strong> venerd\u00ec 15 dicembre 2023.\u00a0<\/strong><\/p>\n<p>A gennaio arriver\u00e0<strong><em> &#8220;Stanza&#8221;<\/em> <\/strong>(Viceversa Records) il suo primo disco realizzato in collaborazione con il cantautore <strong>Alessandro Fiori, <\/strong>un disco con un linguaggio musicale <strong>coraggioso, maturo e compiuto,<\/strong> improntato a una spiccata originalit\u00e0, che mescola <strong>sonorit\u00e0 Art Pop e atmosfere intime e profonde.<\/strong><\/p>\n<p><strong>L\u2019eccentrico artista aretino<\/strong> ha interpretato al meglio le<strong> suggestioni di matrice internazionale<\/strong> della cantautrice, grazie a un <strong>utilizzo visionario dell\u2019elettronica,<\/strong> unita agli strumenti pi\u00f9 tradizionali del <strong>pop\/rock<\/strong>. La splendida voce di Sara ha fatto il resto.<\/p>\n<p>In attesa del disco per adesso possiamo goderci il primo singolo<strong><em> &#8220;Rive&#8221;<\/em> <\/strong>e il bellissimo video girato dal collettivo<strong> Snellinberg.<\/strong><\/p>\n<figure id=\"post-316392 media-316392\" class=\"align-none\"><img decoding=\"async\" src=\"https:\/\/www.intoscana.it\/wp-content\/uploads\/404430790_357666930104394_3306181358130358640_n.jpeg\" alt=\"\" \/><\/figure>\n<h3>Ecco la nostra intervista a Sara Parigi<\/h3>\n<p><strong>Ciao Sara! Come nasce l&#8217;idea del tuo progetto solista, temo ci sia lo zampino del Covid<\/strong><\/p>\n<p>S\u00ec la scrittura di quasi tutto il disco \u00e8 avvenuta nel mezzo della pandemia, da una parte perch\u00e9 il gruppo stava giungendo alla fine, dall&#8217;altra invece <strong>questa situazione di solitudine obbligata, di isolamento fisico<\/strong> sicuramente ha portato a una mia <strong>necessit\u00e0 di scrivere cose pi\u00f9 per me,<\/strong> che si slegassero alla scrittura per un gruppo che comunque \u00e8 diversa. Ho composto tutto da sola con chitarra e mellotron.<\/p>\n<p><strong>Esce &#8220;Rive&#8221; il tuo primo singolo con un video molto bello, girato dal collettivo <a href=\"https:\/\/www.youtube.com\/user\/jsnellinberg\" target=\"_blank\" rel=\"noopener\">John Snellinberg<\/a> in cui mi sembra di aver riconosciuto il Lago di Massaciuccoli, ma non vorrei sbagliarmi&#8230;<\/strong><\/p>\n<p><strong>Abbiamo scelto questo paesaggio un po&#8217; surreale.<\/strong> Sono molto legata a questo pezzo anche perch\u00e9 \u00e8 lo specchio di <strong>un momento di passaggio<\/strong> in cui mi dovevo lasciare alle spalle le vecchie cose. Hai presente quei momenti in cui non sei n\u00e8 da una parte n\u00e8 dall&#8217;altra e<strong> c&#8217;\u00e8 questa elettricit\u00e0 nell&#8217;aria che spero si percepisca nel video.<\/strong> Accade quando <strong>devi lasciare andare delle cose e devi fare un passo in avanti.<\/strong> In quel periodo mi sono ispirata a due film degli anni &#8217;50 che parlano del concetto di morte. Sono: <strong><em>&#8220;La morte corre sul fiume&#8221;<\/em> <\/strong>di Charles Laughton e <strong><em>&#8220;Il settimo sigillo&#8221;<\/em><\/strong> di Ingmar Bergman. Mi sono serviti tanti a instradare l&#8217;atmosfera che volevo ottenere, penso che sia anche un tema non cos\u00ec facile, <strong>non volevo che fosse pesante ma neanche frivolo.<\/strong><\/p>\n<p><iframe loading=\"lazy\" title=\"YouTube video player\" src=\"https:\/\/www.youtube.com\/embed\/N_iEl-jEAYk?si=yGpxG0Dqdzf5eU3_\" width=\"800\" height=\"500\" frameborder=\"0\" allowfullscreen=\"allowfullscreen\"><\/iframe><\/p>\n<p><strong>Il tuo nuovo disco &#8220;Stanza&#8221; uscir\u00e0 a gennaio 2024 e vede la collaborazione dell&#8217;ormai leggendario<a href=\"https:\/\/www.intoscana.it\/it\/articolo\/mi-sono-perso-nel-bosco-il-viaggio-nel-sogno-di-alessandro-fiori\/\" target=\"_blank\" rel=\"noopener\"> Alessandro Fiori<\/a>, come vi siete conosciuti?<\/strong><\/p>\n<p>Le cose che gli ho mandato gli sono piaciute molto e <strong>col suo classico entusiasmo ha accettato di lavorare a questo progetto.<\/strong> Ci siamo subito tuffati nel lavoro.<\/p>\n<p><strong>Sei andata a trovarlo in mezzo al bosco?<\/strong><\/p>\n<p>Si sono andata nel bosco a casa sua ma poi abbiamo registrato\u00a0nello studio<a href=\"https:\/\/www.facebook.com\/cottonfactory21\/\" target=\"_blank\" rel=\"noopener\"><strong> Cotton Factory<\/strong> <\/a>di <strong>Emanuele Para a Sarsina<\/strong>. Insieme abbiamo guidato attraversando\u00a0l&#8217;appennino, abbiamo scollinato, tutta <strong>un&#8217;atmosfera che aveva il suo perch\u00e9.<\/strong><\/p>\n<p><strong>Il 15 dicembre tornerai in concerto a Prato, dopo tanto tempo, chi ci sar\u00e0 sul palco con te?<\/strong><\/p>\n<p>Ci sar\u00e0 <a href=\"https:\/\/www.intoscana.it\/it\/articolo\/scary-movies-francesco-delia-film-horror\/\" target=\"_blank\" rel=\"noopener\"><strong>Francesco D&#8217;Elia<\/strong> <\/a>che suoner\u00e0 violino, mellotron e synth e poi ci sar\u00e0 <strong>Matteo Lenzi<\/strong> che invece si occuper\u00e0 della parte delle percussioni. Suoner\u00f2 il disco nuovo e forse anche qualche anticipazione, perch\u00e9 sto continuando a scrivere nuovi pezzi.<\/p>\n<figure id=\"post-98093 media-98093\" class=\"align-none\"><img decoding=\"async\" src=\"https:\/\/www.intoscana.it\/wp-content\/uploads\/anteprima-finale-rc-2019-11-1024x683-1.jpg\" alt=\"\" \/><\/figure>\n<div class=\"titleimg\"><em>Lady in The Radiator nel 2020- \u00a9 SunStudio.it<\/em><\/div>\n","protected":false},"excerpt":{"rendered":"<p>Il 15 dicembre Sara Parigi sar\u00e0 in concerto all&#8217;Ex Chiesa di San Giovanni a Prato per il release party del suo primo disco solista &#8220;Stanza&#8221; realizzato in collaborazione con Alessandro Fiori<\/p>\n","protected":false},"author":518,"featured_media":316393,"comment_status":"open","ping_status":"open","sticky":false,"template":"","format":"standard","meta":{"_acf_changed":false,"footnotes":""},"categories":[14],"tags":[216,4474,3138,167,259],"class_list":["post-317130","post","type-post","status-publish","format-standard","has-post-thumbnail","hentry","category-musica","tag-concerti","tag-eventi","tag-interviste-agli-artisti","tag-musica","tag-prato"],"acf":[],"yoast_head":"<!-- This site is optimized with the Yoast SEO Premium plugin v24.2 (Yoast SEO v25.6) - https:\/\/yoast.com\/wordpress\/plugins\/seo\/ -->\n<title>Sara Parigi dai Lady in the Radiator all&#039;esordio solista con il singolo &quot;Rive&quot; - intoscana<\/title>\n<meta name=\"description\" content=\"Il 15 dicembre Sara Parigi sar\u00e0 in concerto all&#039;Ex Chiesa di San Giovanni a Prato per il release party del suo primo disco solista &quot;Stanza&quot;\" \/>\n<meta name=\"robots\" content=\"index, follow, max-snippet:-1, max-image-preview:large, max-video-preview:-1\" \/>\n<link rel=\"canonical\" href=\"https:\/\/www.intoscana.it\/it\/sara-parigi-dai-lady-in-the-radiator-allesordio-solista-con-il-singolo-rive\/\" \/>\n<meta property=\"og:locale\" content=\"it_IT\" \/>\n<meta property=\"og:type\" content=\"article\" \/>\n<meta property=\"og:title\" content=\"Sara Parigi dai Lady in the Radiator all&#039;esordio solista con il singolo &quot;Rive&quot;\" \/>\n<meta property=\"og:description\" content=\"Il 15 dicembre Sara Parigi sar\u00e0 in concerto all&#039;Ex Chiesa di San Giovanni a Prato per il release party del suo primo disco solista &quot;Stanza&quot;\" \/>\n<meta property=\"og:url\" content=\"https:\/\/www.intoscana.it\/it\/sara-parigi-dai-lady-in-the-radiator-allesordio-solista-con-il-singolo-rive\/\" \/>\n<meta property=\"og:site_name\" content=\"intoscana\" \/>\n<meta property=\"article:publisher\" content=\"https:\/\/www.facebook.com\/intoscana.it\" \/>\n<meta property=\"article:published_time\" content=\"2023-12-01T07:52:35+00:00\" \/>\n<meta property=\"article:modified_time\" content=\"2023-12-01T08:19:50+00:00\" \/>\n<meta property=\"og:image\" content=\"https:\/\/www.intoscana.it\/wp-content\/uploads\/359773414_288462373691517_4698969032755072458_n.jpeg\" \/>\n\t<meta property=\"og:image:width\" content=\"1194\" \/>\n\t<meta property=\"og:image:height\" content=\"843\" \/>\n\t<meta property=\"og:image:type\" content=\"image\/jpeg\" \/>\n<meta name=\"author\" content=\"Costanza Baldini\" \/>\n<meta name=\"twitter:card\" content=\"summary_large_image\" \/>\n<meta name=\"twitter:creator\" content=\"@intoscana\" \/>\n<meta name=\"twitter:site\" content=\"@intoscana\" \/>\n<meta name=\"twitter:label1\" content=\"Written by\" \/>\n\t<meta name=\"twitter:data1\" content=\"Costanza Baldini\" \/>\n\t<meta name=\"twitter:label2\" content=\"Est. reading time\" \/>\n\t<meta name=\"twitter:data2\" content=\"3 minuti\" \/>\n<script type=\"application\/ld+json\" class=\"yoast-schema-graph\">{\"@context\":\"https:\/\/schema.org\",\"@graph\":[{\"@type\":\"WebPage\",\"@id\":\"https:\/\/www.intoscana.it\/it\/sara-parigi-dai-lady-in-the-radiator-allesordio-solista-con-il-singolo-rive\/\",\"url\":\"https:\/\/www.intoscana.it\/it\/sara-parigi-dai-lady-in-the-radiator-allesordio-solista-con-il-singolo-rive\/\",\"name\":\"Sara Parigi dai Lady in the Radiator all'esordio solista con il singolo \\\"Rive\\\" - intoscana\",\"isPartOf\":{\"@id\":\"https:\/\/www.intoscana.it\/it\/#website\"},\"primaryImageOfPage\":{\"@id\":\"https:\/\/www.intoscana.it\/it\/sara-parigi-dai-lady-in-the-radiator-allesordio-solista-con-il-singolo-rive\/#primaryimage\"},\"image\":{\"@id\":\"https:\/\/www.intoscana.it\/it\/sara-parigi-dai-lady-in-the-radiator-allesordio-solista-con-il-singolo-rive\/#primaryimage\"},\"thumbnailUrl\":\"https:\/\/www.intoscana.it\/wp-content\/uploads\/359773414_288462373691517_4698969032755072458_n.jpeg\",\"datePublished\":\"2023-12-01T07:52:35+00:00\",\"dateModified\":\"2023-12-01T08:19:50+00:00\",\"author\":{\"@id\":\"https:\/\/www.intoscana.it\/it\/#\/schema\/person\/d469f35f09739bdf00bf5dd3f0647a82\"},\"description\":\"Il 15 dicembre Sara Parigi sar\u00e0 in concerto all'Ex Chiesa di San Giovanni a Prato per il release party del suo primo disco solista \\\"Stanza\\\"\",\"breadcrumb\":{\"@id\":\"https:\/\/www.intoscana.it\/it\/sara-parigi-dai-lady-in-the-radiator-allesordio-solista-con-il-singolo-rive\/#breadcrumb\"},\"inLanguage\":\"it-IT\",\"potentialAction\":[{\"@type\":\"ReadAction\",\"target\":[\"https:\/\/www.intoscana.it\/it\/sara-parigi-dai-lady-in-the-radiator-allesordio-solista-con-il-singolo-rive\/\"]}]},{\"@type\":\"ImageObject\",\"inLanguage\":\"it-IT\",\"@id\":\"https:\/\/www.intoscana.it\/it\/sara-parigi-dai-lady-in-the-radiator-allesordio-solista-con-il-singolo-rive\/#primaryimage\",\"url\":\"https:\/\/www.intoscana.it\/wp-content\/uploads\/359773414_288462373691517_4698969032755072458_n.jpeg\",\"contentUrl\":\"https:\/\/www.intoscana.it\/wp-content\/uploads\/359773414_288462373691517_4698969032755072458_n.jpeg\",\"width\":1194,\"height\":843,\"caption\":\"Sara Parigi\"},{\"@type\":\"BreadcrumbList\",\"@id\":\"https:\/\/www.intoscana.it\/it\/sara-parigi-dai-lady-in-the-radiator-allesordio-solista-con-il-singolo-rive\/#breadcrumb\",\"itemListElement\":[{\"@type\":\"ListItem\",\"position\":1,\"name\":\"Home\",\"item\":\"https:\/\/www.intoscana.it\/it\/\"},{\"@type\":\"ListItem\",\"position\":2,\"name\":\"Sara Parigi dai Lady in the Radiator all&#8217;esordio solista con il singolo &#8220;Rive&#8221;\"}]},{\"@type\":\"WebSite\",\"@id\":\"https:\/\/www.intoscana.it\/it\/#website\",\"url\":\"https:\/\/www.intoscana.it\/it\/\",\"name\":\"intoscana\",\"description\":\"\",\"potentialAction\":[{\"@type\":\"SearchAction\",\"target\":{\"@type\":\"EntryPoint\",\"urlTemplate\":\"https:\/\/www.intoscana.it\/it\/?s={search_term_string}\"},\"query-input\":{\"@type\":\"PropertyValueSpecification\",\"valueRequired\":true,\"valueName\":\"search_term_string\"}}],\"inLanguage\":\"it-IT\"},{\"@type\":\"Person\",\"@id\":\"https:\/\/www.intoscana.it\/it\/#\/schema\/person\/d469f35f09739bdf00bf5dd3f0647a82\",\"name\":\"Costanza Baldini\",\"url\":\"https:\/\/www.intoscana.it\/it\/author\/costanza-baldini\/\"}]}<\/script>\n<!-- \/ Yoast SEO Premium plugin. -->","yoast_head_json":{"title":"Sara Parigi dai Lady in the Radiator all'esordio solista con il singolo \"Rive\" - intoscana","description":"Il 15 dicembre Sara Parigi sar\u00e0 in concerto all'Ex Chiesa di San Giovanni a Prato per il release party del suo primo disco solista \"Stanza\"","robots":{"index":"index","follow":"follow","max-snippet":"max-snippet:-1","max-image-preview":"max-image-preview:large","max-video-preview":"max-video-preview:-1"},"canonical":"https:\/\/www.intoscana.it\/it\/sara-parigi-dai-lady-in-the-radiator-allesordio-solista-con-il-singolo-rive\/","og_locale":"it_IT","og_type":"article","og_title":"Sara Parigi dai Lady in the Radiator all'esordio solista con il singolo \"Rive\"","og_description":"Il 15 dicembre Sara Parigi sar\u00e0 in concerto all'Ex Chiesa di San Giovanni a Prato per il release party del suo primo disco solista \"Stanza\"","og_url":"https:\/\/www.intoscana.it\/it\/sara-parigi-dai-lady-in-the-radiator-allesordio-solista-con-il-singolo-rive\/","og_site_name":"intoscana","article_publisher":"https:\/\/www.facebook.com\/intoscana.it","article_published_time":"2023-12-01T07:52:35+00:00","article_modified_time":"2023-12-01T08:19:50+00:00","og_image":[{"width":1194,"height":843,"url":"https:\/\/www.intoscana.it\/wp-content\/uploads\/359773414_288462373691517_4698969032755072458_n.jpeg","type":"image\/jpeg"}],"author":"Costanza Baldini","twitter_card":"summary_large_image","twitter_creator":"@intoscana","twitter_site":"@intoscana","twitter_misc":{"Written by":"Costanza Baldini","Est. reading time":"3 minuti"},"schema":{"@context":"https:\/\/schema.org","@graph":[{"@type":"WebPage","@id":"https:\/\/www.intoscana.it\/it\/sara-parigi-dai-lady-in-the-radiator-allesordio-solista-con-il-singolo-rive\/","url":"https:\/\/www.intoscana.it\/it\/sara-parigi-dai-lady-in-the-radiator-allesordio-solista-con-il-singolo-rive\/","name":"Sara Parigi dai Lady in the Radiator all'esordio solista con il singolo \"Rive\" - intoscana","isPartOf":{"@id":"https:\/\/www.intoscana.it\/it\/#website"},"primaryImageOfPage":{"@id":"https:\/\/www.intoscana.it\/it\/sara-parigi-dai-lady-in-the-radiator-allesordio-solista-con-il-singolo-rive\/#primaryimage"},"image":{"@id":"https:\/\/www.intoscana.it\/it\/sara-parigi-dai-lady-in-the-radiator-allesordio-solista-con-il-singolo-rive\/#primaryimage"},"thumbnailUrl":"https:\/\/www.intoscana.it\/wp-content\/uploads\/359773414_288462373691517_4698969032755072458_n.jpeg","datePublished":"2023-12-01T07:52:35+00:00","dateModified":"2023-12-01T08:19:50+00:00","author":{"@id":"https:\/\/www.intoscana.it\/it\/#\/schema\/person\/d469f35f09739bdf00bf5dd3f0647a82"},"description":"Il 15 dicembre Sara Parigi sar\u00e0 in concerto all'Ex Chiesa di San Giovanni a Prato per il release party del suo primo disco solista \"Stanza\"","breadcrumb":{"@id":"https:\/\/www.intoscana.it\/it\/sara-parigi-dai-lady-in-the-radiator-allesordio-solista-con-il-singolo-rive\/#breadcrumb"},"inLanguage":"it-IT","potentialAction":[{"@type":"ReadAction","target":["https:\/\/www.intoscana.it\/it\/sara-parigi-dai-lady-in-the-radiator-allesordio-solista-con-il-singolo-rive\/"]}]},{"@type":"ImageObject","inLanguage":"it-IT","@id":"https:\/\/www.intoscana.it\/it\/sara-parigi-dai-lady-in-the-radiator-allesordio-solista-con-il-singolo-rive\/#primaryimage","url":"https:\/\/www.intoscana.it\/wp-content\/uploads\/359773414_288462373691517_4698969032755072458_n.jpeg","contentUrl":"https:\/\/www.intoscana.it\/wp-content\/uploads\/359773414_288462373691517_4698969032755072458_n.jpeg","width":1194,"height":843,"caption":"Sara Parigi"},{"@type":"BreadcrumbList","@id":"https:\/\/www.intoscana.it\/it\/sara-parigi-dai-lady-in-the-radiator-allesordio-solista-con-il-singolo-rive\/#breadcrumb","itemListElement":[{"@type":"ListItem","position":1,"name":"Home","item":"https:\/\/www.intoscana.it\/it\/"},{"@type":"ListItem","position":2,"name":"Sara Parigi dai Lady in the Radiator all&#8217;esordio solista con il singolo &#8220;Rive&#8221;"}]},{"@type":"WebSite","@id":"https:\/\/www.intoscana.it\/it\/#website","url":"https:\/\/www.intoscana.it\/it\/","name":"intoscana","description":"","potentialAction":[{"@type":"SearchAction","target":{"@type":"EntryPoint","urlTemplate":"https:\/\/www.intoscana.it\/it\/?s={search_term_string}"},"query-input":{"@type":"PropertyValueSpecification","valueRequired":true,"valueName":"search_term_string"}}],"inLanguage":"it-IT"},{"@type":"Person","@id":"https:\/\/www.intoscana.it\/it\/#\/schema\/person\/d469f35f09739bdf00bf5dd3f0647a82","name":"Costanza Baldini","url":"https:\/\/www.intoscana.it\/it\/author\/costanza-baldini\/"}]}},"_links":{"self":[{"href":"https:\/\/www.intoscana.it\/it\/wp-json\/wp\/v2\/posts\/317130","targetHints":{"allow":["GET"]}}],"collection":[{"href":"https:\/\/www.intoscana.it\/it\/wp-json\/wp\/v2\/posts"}],"about":[{"href":"https:\/\/www.intoscana.it\/it\/wp-json\/wp\/v2\/types\/post"}],"author":[{"embeddable":true,"href":"https:\/\/www.intoscana.it\/it\/wp-json\/wp\/v2\/users\/518"}],"replies":[{"embeddable":true,"href":"https:\/\/www.intoscana.it\/it\/wp-json\/wp\/v2\/comments?post=317130"}],"version-history":[{"count":0,"href":"https:\/\/www.intoscana.it\/it\/wp-json\/wp\/v2\/posts\/317130\/revisions"}],"wp:featuredmedia":[{"embeddable":true,"href":"https:\/\/www.intoscana.it\/it\/wp-json\/wp\/v2\/media\/316393"}],"wp:attachment":[{"href":"https:\/\/www.intoscana.it\/it\/wp-json\/wp\/v2\/media?parent=317130"}],"wp:term":[{"taxonomy":"category","embeddable":true,"href":"https:\/\/www.intoscana.it\/it\/wp-json\/wp\/v2\/categories?post=317130"},{"taxonomy":"post_tag","embeddable":true,"href":"https:\/\/www.intoscana.it\/it\/wp-json\/wp\/v2\/tags?post=317130"}],"curies":[{"name":"wp","href":"https:\/\/api.w.org\/{rel}","templated":true}]}}