{"id":317192,"date":"2023-12-01T13:37:21","date_gmt":"2023-12-01T12:37:21","guid":{"rendered":"https:\/\/www.intoscana.it\/it\/?p=317192"},"modified":"2023-12-01T13:37:21","modified_gmt":"2023-12-01T12:37:21","slug":"gli-uffizi-al-fianco-delle-persone-con-disabilita-due-nuove-sale-e-il-libro-tattile-sulla-velata-di-raffaello","status":"publish","type":"post","link":"https:\/\/www.intoscana.it\/it\/gli-uffizi-al-fianco-delle-persone-con-disabilita-due-nuove-sale-e-il-libro-tattile-sulla-velata-di-raffaello\/","title":{"rendered":"Gli Uffizi al fianco delle persone con disabilit\u00e0: due nuove sale e il libro tattile sulla Velata di Raffaello"},"content":{"rendered":"<p>In occasione della <strong>Giornata Internazionale dei Diritti delle Persone con Disabilit\u00e0<\/strong> doppia iniziativa agli <strong>Uffizi<\/strong>.<\/p>\n<p>Sono state inaugurate<strong> venerd\u00ec 1 dicembre 2023<\/strong> due <strong>nuove sale multifunzionali<\/strong> intitolate a<strong> Maria Fossi Todorow,<\/strong> fondatrice nel 1970 della sezione didattica della Galleria, e progettate per accogliere progetti educativi destinati a<strong> famiglie, scuole, bambini e diversamente abili.<\/strong><\/p>\n<p>Collocate al piano terreno ed <strong>arredate appositamente per svolgere attivit\u00e0 di vario tipo<\/strong>, dalle lezioni ai<strong> laboratori alle letture<\/strong> per i pi\u00f9 piccoli, sono state realizzate secondo i pi\u00f9 <strong>innovativi criteri del design<\/strong> degli ambienti di apprendimento, con l\u2019obiettivo di predisporre nel modo pi\u00f9 confortevole all\u2019esperienza del museo, <strong>stimolando la curiosit\u00e0 e la creativit\u00e0.<\/strong><\/p>\n<p>Non solo: \u00e8 stato presentato <strong>il secondo volume della collana dei<a href=\"https:\/\/www.intoscana.it\/it\/articolo\/nascono-al-liceo-artistico-le-fiabe-tattili-per-bambini-non-vedenti\/\" target=\"_blank\" rel=\"noopener\"> libri tattili<\/a><\/strong> promossa dagli Uffizi: il libro \u00e8 dedicato al celebre ritratto femminile di Raffaello conosciuto come <strong><em>La Velata<\/em> <\/strong>ed esposto nella <strong>Galleria Palatina di Palazzo Pitti.<\/strong><\/p>\n<p><strong>La raccolta dei libri tattili,<\/strong> avviata nel 2021 con il volume sulla<strong> Primavera di Botticelli,<\/strong> \u00e8 parte di un progetto di ampliamento dell\u2019accessibilit\u00e0 culturale delle collezioni del museo ed ha lo scopo di <strong>agevolare le persone cieche e ipovedenti nella fruizione delle opere pittoriche.<\/strong><\/p>\n<figure id=\"post-317195 media-317195\" class=\"align-none\"><img decoding=\"async\" src=\"https:\/\/www.intoscana.it\/wp-content\/uploads\/Screenshot-2023-12-01-alle-12.41.11.jpeg\" alt=\"\" \/><\/figure>\n<div class=\"titleimg\">Uffizi<\/div>\n<p>La struttura del libro segue la metodologia gi\u00e0 sperimentata con la Primavera e presenta <strong>contenuti accessibili su tre diversi livelli<\/strong>: quello <strong>tattile, tramite i testi in Braille<\/strong> e le dettagliate tavole a rilievo, quello<strong> visivo, attraverso la presenza di immagini e caratteri ingranditi<\/strong> e quell<strong>o uditivo grazie ai QR codes<\/strong> che rimandano alle audio-descrizioni presenti sul sito ufficiale degli <strong>Uffizi.<\/strong><\/p>\n<p>Il lettore avr\u00e0 cos\u00ec la possibilit\u00e0 di conoscere storia e curiosit\u00e0 di <strong>uno dei quadri pi\u00f9 amati dalla famiglia Medici,<\/strong> immergersi nei suoi dettagli, approfondire la simbologia degli oggetti rappresentati e apprezzare la straordinaria maestria di <strong>Raffaello<\/strong> nell\u2019immortalare<strong> la bellezza di questa sconosciuta dama al punto da farla sembrare \u201cviva viva\u201d,<\/strong> come scrisse <strong>Giorgio Vasari. <\/strong><\/p>\n<p>Il libro, realizzato con la collaborazione scientifica dell\u2019<strong>Unione italiana Ciechi e Ipovedenti di Firenze<\/strong> e stampato da Zamorani Editore, \u00e8 acquistabile nei bookshop delle Gallerie degli Uffizi e sul sito del museo.<\/p>\n<p><strong>Il direttore delle Gallerie degli Uffizi Eike Schmidt<\/strong> ha dichiarato: <em>\u201cL&#8217;inaugurazione oggi delle due sale che rendono omaggio alla grande educatrice fiorentina Maria Fossi Todorow, insieme alla presentazione di questo secondo libro tattile della collana pubblicata dagli Uffizi, conferma il nostro impegno per l&#8217;educazione, chiave e fondamento di ogni esperienza museale\u201d.<\/em><\/p>\n<figure id=\"post-317209 media-317209\" class=\"align-none\"><img decoding=\"async\" src=\"https:\/\/www.intoscana.it\/wp-content\/uploads\/Screenshot-2023-12-01-alle-13.33.30.jpeg\" alt=\"\" \/><\/figure>\n<div class=\"titleimg\"><\/div>\n","protected":false},"excerpt":{"rendered":"<p>Sono state inaugurate venerd\u00ec 1 dicembre 2023 due nuove sale multifunzionali intitolate a Maria Fossi Todorow, fondatrice nel 1970 della sezione didattica della Galleria, e progettate per accogliere progetti educativi destinati a famiglie, scuole, bambini e diversamente abili<\/p>\n","protected":false},"author":525,"featured_media":317196,"comment_status":"open","ping_status":"open","sticky":false,"template":"","format":"standard","meta":{"_acf_changed":false,"footnotes":""},"categories":[493],"tags":[406,207],"class_list":["post-317192","post","type-post","status-publish","format-standard","has-post-thumbnail","hentry","category-cultura","tag-disabilita","tag-uffizi"],"acf":[],"yoast_head":"<!-- This site is optimized with the Yoast SEO Premium plugin v24.2 (Yoast SEO v25.6) - https:\/\/yoast.com\/wordpress\/plugins\/seo\/ -->\n<title>Gli Uffizi al fianco delle persone con disabilit\u00e0: due nuove sale e il libro tattile sulla Velata di Raffaello - intoscana<\/title>\n<meta name=\"description\" content=\"Sono state inaugurate il 1\u00b0 dicembre 2023 due nuove sale multifunzionali intitolate a Maria Fossi Todorow, fondatrice della sezione didattica\" \/>\n<meta name=\"robots\" content=\"index, follow, max-snippet:-1, max-image-preview:large, max-video-preview:-1\" \/>\n<link rel=\"canonical\" href=\"https:\/\/www.intoscana.it\/it\/gli-uffizi-al-fianco-delle-persone-con-disabilita-due-nuove-sale-e-il-libro-tattile-sulla-velata-di-raffaello\/\" \/>\n<meta property=\"og:locale\" content=\"it_IT\" \/>\n<meta property=\"og:type\" content=\"article\" \/>\n<meta property=\"og:title\" content=\"Gli Uffizi al fianco delle persone con disabilit\u00e0: due nuove sale e il libro tattile sulla Velata di Raffaello\" \/>\n<meta property=\"og:description\" content=\"Sono state inaugurate il 1\u00b0 dicembre 2023 due nuove sale multifunzionali intitolate a Maria Fossi Todorow, fondatrice della sezione didattica\" \/>\n<meta property=\"og:url\" content=\"https:\/\/www.intoscana.it\/it\/gli-uffizi-al-fianco-delle-persone-con-disabilita-due-nuove-sale-e-il-libro-tattile-sulla-velata-di-raffaello\/\" \/>\n<meta property=\"og:site_name\" content=\"intoscana\" \/>\n<meta property=\"article:publisher\" content=\"https:\/\/www.facebook.com\/intoscana.it\" \/>\n<meta property=\"article:published_time\" content=\"2023-12-01T12:37:21+00:00\" \/>\n<meta property=\"og:image\" content=\"https:\/\/www.intoscana.it\/wp-content\/uploads\/Screenshot-2023-12-01-alle-12.41.04.jpeg\" \/>\n\t<meta property=\"og:image:width\" content=\"1056\" \/>\n\t<meta property=\"og:image:height\" content=\"716\" \/>\n\t<meta property=\"og:image:type\" content=\"image\/jpeg\" \/>\n<meta name=\"author\" content=\"Redazione\" \/>\n<meta name=\"twitter:card\" content=\"summary_large_image\" \/>\n<meta name=\"twitter:creator\" content=\"@intoscana\" \/>\n<meta name=\"twitter:site\" content=\"@intoscana\" \/>\n<meta name=\"twitter:label1\" content=\"Written by\" \/>\n\t<meta name=\"twitter:data1\" content=\"Redazione\" \/>\n\t<meta name=\"twitter:label2\" content=\"Est. reading time\" \/>\n\t<meta name=\"twitter:data2\" content=\"2 minuti\" \/>\n<script type=\"application\/ld+json\" class=\"yoast-schema-graph\">{\"@context\":\"https:\/\/schema.org\",\"@graph\":[{\"@type\":\"WebPage\",\"@id\":\"https:\/\/www.intoscana.it\/it\/gli-uffizi-al-fianco-delle-persone-con-disabilita-due-nuove-sale-e-il-libro-tattile-sulla-velata-di-raffaello\/\",\"url\":\"https:\/\/www.intoscana.it\/it\/gli-uffizi-al-fianco-delle-persone-con-disabilita-due-nuove-sale-e-il-libro-tattile-sulla-velata-di-raffaello\/\",\"name\":\"Gli Uffizi al fianco delle persone con disabilit\u00e0: due nuove sale e il libro tattile sulla Velata di Raffaello - intoscana\",\"isPartOf\":{\"@id\":\"https:\/\/www.intoscana.it\/it\/#website\"},\"primaryImageOfPage\":{\"@id\":\"https:\/\/www.intoscana.it\/it\/gli-uffizi-al-fianco-delle-persone-con-disabilita-due-nuove-sale-e-il-libro-tattile-sulla-velata-di-raffaello\/#primaryimage\"},\"image\":{\"@id\":\"https:\/\/www.intoscana.it\/it\/gli-uffizi-al-fianco-delle-persone-con-disabilita-due-nuove-sale-e-il-libro-tattile-sulla-velata-di-raffaello\/#primaryimage\"},\"thumbnailUrl\":\"https:\/\/www.intoscana.it\/wp-content\/uploads\/Screenshot-2023-12-01-alle-12.41.04.jpeg\",\"datePublished\":\"2023-12-01T12:37:21+00:00\",\"author\":{\"@id\":\"https:\/\/www.intoscana.it\/it\/#\/schema\/person\/9223810753230f20bd670fdd322661f8\"},\"description\":\"Sono state inaugurate il 1\u00b0 dicembre 2023 due nuove sale multifunzionali intitolate a Maria Fossi Todorow, fondatrice della sezione didattica\",\"breadcrumb\":{\"@id\":\"https:\/\/www.intoscana.it\/it\/gli-uffizi-al-fianco-delle-persone-con-disabilita-due-nuove-sale-e-il-libro-tattile-sulla-velata-di-raffaello\/#breadcrumb\"},\"inLanguage\":\"it-IT\",\"potentialAction\":[{\"@type\":\"ReadAction\",\"target\":[\"https:\/\/www.intoscana.it\/it\/gli-uffizi-al-fianco-delle-persone-con-disabilita-due-nuove-sale-e-il-libro-tattile-sulla-velata-di-raffaello\/\"]}]},{\"@type\":\"ImageObject\",\"inLanguage\":\"it-IT\",\"@id\":\"https:\/\/www.intoscana.it\/it\/gli-uffizi-al-fianco-delle-persone-con-disabilita-due-nuove-sale-e-il-libro-tattile-sulla-velata-di-raffaello\/#primaryimage\",\"url\":\"https:\/\/www.intoscana.it\/wp-content\/uploads\/Screenshot-2023-12-01-alle-12.41.04.jpeg\",\"contentUrl\":\"https:\/\/www.intoscana.it\/wp-content\/uploads\/Screenshot-2023-12-01-alle-12.41.04.jpeg\",\"width\":1056,\"height\":716},{\"@type\":\"BreadcrumbList\",\"@id\":\"https:\/\/www.intoscana.it\/it\/gli-uffizi-al-fianco-delle-persone-con-disabilita-due-nuove-sale-e-il-libro-tattile-sulla-velata-di-raffaello\/#breadcrumb\",\"itemListElement\":[{\"@type\":\"ListItem\",\"position\":1,\"name\":\"Home\",\"item\":\"https:\/\/www.intoscana.it\/it\/\"},{\"@type\":\"ListItem\",\"position\":2,\"name\":\"Gli Uffizi al fianco delle persone con disabilit\u00e0: due nuove sale e il libro tattile sulla Velata di Raffaello\"}]},{\"@type\":\"WebSite\",\"@id\":\"https:\/\/www.intoscana.it\/it\/#website\",\"url\":\"https:\/\/www.intoscana.it\/it\/\",\"name\":\"intoscana\",\"description\":\"\",\"potentialAction\":[{\"@type\":\"SearchAction\",\"target\":{\"@type\":\"EntryPoint\",\"urlTemplate\":\"https:\/\/www.intoscana.it\/it\/?s={search_term_string}\"},\"query-input\":{\"@type\":\"PropertyValueSpecification\",\"valueRequired\":true,\"valueName\":\"search_term_string\"}}],\"inLanguage\":\"it-IT\"},{\"@type\":\"Person\",\"@id\":\"https:\/\/www.intoscana.it\/it\/#\/schema\/person\/9223810753230f20bd670fdd322661f8\",\"name\":\"Redazione\",\"url\":\"https:\/\/www.intoscana.it\/it\/author\/redazione\/\"}]}<\/script>\n<!-- \/ Yoast SEO Premium plugin. -->","yoast_head_json":{"title":"Gli Uffizi al fianco delle persone con disabilit\u00e0: due nuove sale e il libro tattile sulla Velata di Raffaello - intoscana","description":"Sono state inaugurate il 1\u00b0 dicembre 2023 due nuove sale multifunzionali intitolate a Maria Fossi Todorow, fondatrice della sezione didattica","robots":{"index":"index","follow":"follow","max-snippet":"max-snippet:-1","max-image-preview":"max-image-preview:large","max-video-preview":"max-video-preview:-1"},"canonical":"https:\/\/www.intoscana.it\/it\/gli-uffizi-al-fianco-delle-persone-con-disabilita-due-nuove-sale-e-il-libro-tattile-sulla-velata-di-raffaello\/","og_locale":"it_IT","og_type":"article","og_title":"Gli Uffizi al fianco delle persone con disabilit\u00e0: due nuove sale e il libro tattile sulla Velata di Raffaello","og_description":"Sono state inaugurate il 1\u00b0 dicembre 2023 due nuove sale multifunzionali intitolate a Maria Fossi Todorow, fondatrice della sezione didattica","og_url":"https:\/\/www.intoscana.it\/it\/gli-uffizi-al-fianco-delle-persone-con-disabilita-due-nuove-sale-e-il-libro-tattile-sulla-velata-di-raffaello\/","og_site_name":"intoscana","article_publisher":"https:\/\/www.facebook.com\/intoscana.it","article_published_time":"2023-12-01T12:37:21+00:00","og_image":[{"width":1056,"height":716,"url":"https:\/\/www.intoscana.it\/wp-content\/uploads\/Screenshot-2023-12-01-alle-12.41.04.jpeg","type":"image\/jpeg"}],"author":"Redazione","twitter_card":"summary_large_image","twitter_creator":"@intoscana","twitter_site":"@intoscana","twitter_misc":{"Written by":"Redazione","Est. reading time":"2 minuti"},"schema":{"@context":"https:\/\/schema.org","@graph":[{"@type":"WebPage","@id":"https:\/\/www.intoscana.it\/it\/gli-uffizi-al-fianco-delle-persone-con-disabilita-due-nuove-sale-e-il-libro-tattile-sulla-velata-di-raffaello\/","url":"https:\/\/www.intoscana.it\/it\/gli-uffizi-al-fianco-delle-persone-con-disabilita-due-nuove-sale-e-il-libro-tattile-sulla-velata-di-raffaello\/","name":"Gli Uffizi al fianco delle persone con disabilit\u00e0: due nuove sale e il libro tattile sulla Velata di Raffaello - intoscana","isPartOf":{"@id":"https:\/\/www.intoscana.it\/it\/#website"},"primaryImageOfPage":{"@id":"https:\/\/www.intoscana.it\/it\/gli-uffizi-al-fianco-delle-persone-con-disabilita-due-nuove-sale-e-il-libro-tattile-sulla-velata-di-raffaello\/#primaryimage"},"image":{"@id":"https:\/\/www.intoscana.it\/it\/gli-uffizi-al-fianco-delle-persone-con-disabilita-due-nuove-sale-e-il-libro-tattile-sulla-velata-di-raffaello\/#primaryimage"},"thumbnailUrl":"https:\/\/www.intoscana.it\/wp-content\/uploads\/Screenshot-2023-12-01-alle-12.41.04.jpeg","datePublished":"2023-12-01T12:37:21+00:00","author":{"@id":"https:\/\/www.intoscana.it\/it\/#\/schema\/person\/9223810753230f20bd670fdd322661f8"},"description":"Sono state inaugurate il 1\u00b0 dicembre 2023 due nuove sale multifunzionali intitolate a Maria Fossi Todorow, fondatrice della sezione didattica","breadcrumb":{"@id":"https:\/\/www.intoscana.it\/it\/gli-uffizi-al-fianco-delle-persone-con-disabilita-due-nuove-sale-e-il-libro-tattile-sulla-velata-di-raffaello\/#breadcrumb"},"inLanguage":"it-IT","potentialAction":[{"@type":"ReadAction","target":["https:\/\/www.intoscana.it\/it\/gli-uffizi-al-fianco-delle-persone-con-disabilita-due-nuove-sale-e-il-libro-tattile-sulla-velata-di-raffaello\/"]}]},{"@type":"ImageObject","inLanguage":"it-IT","@id":"https:\/\/www.intoscana.it\/it\/gli-uffizi-al-fianco-delle-persone-con-disabilita-due-nuove-sale-e-il-libro-tattile-sulla-velata-di-raffaello\/#primaryimage","url":"https:\/\/www.intoscana.it\/wp-content\/uploads\/Screenshot-2023-12-01-alle-12.41.04.jpeg","contentUrl":"https:\/\/www.intoscana.it\/wp-content\/uploads\/Screenshot-2023-12-01-alle-12.41.04.jpeg","width":1056,"height":716},{"@type":"BreadcrumbList","@id":"https:\/\/www.intoscana.it\/it\/gli-uffizi-al-fianco-delle-persone-con-disabilita-due-nuove-sale-e-il-libro-tattile-sulla-velata-di-raffaello\/#breadcrumb","itemListElement":[{"@type":"ListItem","position":1,"name":"Home","item":"https:\/\/www.intoscana.it\/it\/"},{"@type":"ListItem","position":2,"name":"Gli Uffizi al fianco delle persone con disabilit\u00e0: due nuove sale e il libro tattile sulla Velata di Raffaello"}]},{"@type":"WebSite","@id":"https:\/\/www.intoscana.it\/it\/#website","url":"https:\/\/www.intoscana.it\/it\/","name":"intoscana","description":"","potentialAction":[{"@type":"SearchAction","target":{"@type":"EntryPoint","urlTemplate":"https:\/\/www.intoscana.it\/it\/?s={search_term_string}"},"query-input":{"@type":"PropertyValueSpecification","valueRequired":true,"valueName":"search_term_string"}}],"inLanguage":"it-IT"},{"@type":"Person","@id":"https:\/\/www.intoscana.it\/it\/#\/schema\/person\/9223810753230f20bd670fdd322661f8","name":"Redazione","url":"https:\/\/www.intoscana.it\/it\/author\/redazione\/"}]}},"_links":{"self":[{"href":"https:\/\/www.intoscana.it\/it\/wp-json\/wp\/v2\/posts\/317192","targetHints":{"allow":["GET"]}}],"collection":[{"href":"https:\/\/www.intoscana.it\/it\/wp-json\/wp\/v2\/posts"}],"about":[{"href":"https:\/\/www.intoscana.it\/it\/wp-json\/wp\/v2\/types\/post"}],"author":[{"embeddable":true,"href":"https:\/\/www.intoscana.it\/it\/wp-json\/wp\/v2\/users\/525"}],"replies":[{"embeddable":true,"href":"https:\/\/www.intoscana.it\/it\/wp-json\/wp\/v2\/comments?post=317192"}],"version-history":[{"count":0,"href":"https:\/\/www.intoscana.it\/it\/wp-json\/wp\/v2\/posts\/317192\/revisions"}],"wp:featuredmedia":[{"embeddable":true,"href":"https:\/\/www.intoscana.it\/it\/wp-json\/wp\/v2\/media\/317196"}],"wp:attachment":[{"href":"https:\/\/www.intoscana.it\/it\/wp-json\/wp\/v2\/media?parent=317192"}],"wp:term":[{"taxonomy":"category","embeddable":true,"href":"https:\/\/www.intoscana.it\/it\/wp-json\/wp\/v2\/categories?post=317192"},{"taxonomy":"post_tag","embeddable":true,"href":"https:\/\/www.intoscana.it\/it\/wp-json\/wp\/v2\/tags?post=317192"}],"curies":[{"name":"wp","href":"https:\/\/api.w.org\/{rel}","templated":true}]}}