{"id":317215,"date":"2023-12-01T14:32:04","date_gmt":"2023-12-01T13:32:04","guid":{"rendered":"https:\/\/www.intoscana.it\/it\/?p=317215"},"modified":"2023-12-01T14:50:58","modified_gmt":"2023-12-01T13:50:58","slug":"rigenerazione-urbana-lex-rsa-diventa-una-casa-degli-artisti","status":"publish","type":"post","link":"https:\/\/www.intoscana.it\/it\/rigenerazione-urbana-lex-rsa-diventa-una-casa-degli-artisti\/","title":{"rendered":"Rigenerazione urbana, l&#8217;ex rsa diventa una casa degli artisti"},"content":{"rendered":"<p>Una <strong>casa degli artisti<\/strong> dove una volta c&#8217;era la<strong> rsa Becattini<\/strong>. Un progetto, nell&#8217;ambito dei progetti di &#8220;<em>Rigenerazione urbana nella Toscana diffusa<\/em>&#8220;, che punta a recuperare uno spazio inutilizzato a <strong>Civitella in Val di Chiana<\/strong>.<\/p>\n<p>L&#8217;edificio, un immobile storico nel centro di Civitella in Val di Chiana accanto alla torre civica, \u00e8 <strong>inutilizzato dal 2017<\/strong> quando la residenza sanitaria se ne \u00e8 andata.<\/p>\n<p>Il paese ha sempre avuto una lunga tradizione fin dal dopoguerra in campo artistico: dal <strong>premio nazionale di pittura Citt\u00e0 di Civitella<\/strong> alla <strong>pinacoteca d&#8217;arte contemporanea<\/strong>. Ora la trasformazione dell&#8217;ex rsa.<\/p>\n<p>&#8220;<em>Questo immobile sar\u00e0 ristrutturato<\/em> -sottolinea il sindaco <strong>Andrea Tavarnesi<\/strong>&#8211; <em>e gli artisti potranno realizzare qui le loro opere stare e cederle se vogliono alla collettivit\u00e0. Sono previste collaborazioni con le associazioni del territorio che da tanti anni portano la cultura a Civitella&#8221;.<\/em><\/p>\n<p>L&#8217;obiettivo \u00e8 di puntare sullo <strong>sviluppo turistico<\/strong> del territorio e favorire al tempo stesso <strong>socializzazione, incontro e scambio<\/strong> di conoscenze culturali artistiche e storiche. Cos\u00ec sotto lo stesso tetto saranno organizzate <strong>attivit\u00e0 culturali, educative e didattiche<\/strong>. &#8220;<em>Ci auguriamo che la casa diventi un volano turistico per il paese e la comunit\u00e0<\/em>&#8221; aggiunge Tavarnesi.<\/p>\n<p>L&#8217;immobile sar\u00e0 un modello anche a livello energetico. &#8220;<em>Nella progettazione \u00e8 stata data priorit\u00e0 alla sostenibilit\u00e0 non solo sotto il profilo ambientale ma anche economico. Si prevede la sostituzione degli infissi, il miglioramento dell&#8217;impianto di climatizzazione e l&#8217;utilizzo di lampade a led. Tutti interventi che si propongono di ridurre i costi di gestione&#8221;<\/em> assicura il primo cittadino.<\/p>\n","protected":false},"excerpt":{"rendered":"<p>A Civitella in Val di Chiana si lavora per destinare i locali allo sviluppo turistico del territorio e all&#8217;organizzazione di eventi e attivit\u00e0 culturali<\/p>\n","protected":false},"author":554,"featured_media":317232,"comment_status":"open","ping_status":"open","sticky":false,"template":"","format":"standard","meta":{"_acf_changed":false,"footnotes":""},"categories":[19],"tags":[5290],"class_list":["post-317215","post","type-post","status-publish","format-standard","has-post-thumbnail","hentry","category-ambiente","tag-rigenerazione-urbana"],"acf":[],"yoast_head":"<!-- This site is optimized with the Yoast SEO Premium plugin v24.2 (Yoast SEO v25.6) - https:\/\/yoast.com\/wordpress\/plugins\/seo\/ -->\n<title>Rigenerazione urbana, l&#039;ex rsa diventa una casa degli artisti - intoscana<\/title>\n<meta name=\"description\" content=\"A Civitella in Val di Chiana si lavora per destinare i locali allo sviluppo turistico e all&#039;organizzazione di eventi e attivit\u00e0 culturali\" \/>\n<meta name=\"robots\" content=\"index, follow, max-snippet:-1, max-image-preview:large, max-video-preview:-1\" \/>\n<link rel=\"canonical\" href=\"https:\/\/www.intoscana.it\/it\/rigenerazione-urbana-lex-rsa-diventa-una-casa-degli-artisti\/\" \/>\n<meta property=\"og:locale\" content=\"it_IT\" \/>\n<meta property=\"og:type\" content=\"article\" \/>\n<meta property=\"og:title\" content=\"Rigenerazione urbana, l&#039;ex rsa diventa una casa degli artisti\" \/>\n<meta property=\"og:description\" content=\"A Civitella in Val di Chiana si lavora per destinare i locali allo sviluppo turistico e all&#039;organizzazione di eventi e attivit\u00e0 culturali\" \/>\n<meta property=\"og:url\" content=\"https:\/\/www.intoscana.it\/it\/rigenerazione-urbana-lex-rsa-diventa-una-casa-degli-artisti\/\" \/>\n<meta property=\"og:site_name\" content=\"intoscana\" \/>\n<meta property=\"article:publisher\" content=\"https:\/\/www.facebook.com\/intoscana.it\" \/>\n<meta property=\"article:published_time\" content=\"2023-12-01T13:32:04+00:00\" \/>\n<meta property=\"article:modified_time\" content=\"2023-12-01T13:50:58+00:00\" \/>\n<meta property=\"og:image\" content=\"https:\/\/www.intoscana.it\/wp-content\/uploads\/Il-centro-storico-di-Civitella-in-Val-di-Chiana-e1701437325774.jpeg\" \/>\n\t<meta property=\"og:image:width\" content=\"1536\" \/>\n\t<meta property=\"og:image:height\" content=\"1157\" \/>\n\t<meta property=\"og:image:type\" content=\"image\/jpeg\" \/>\n<meta name=\"author\" content=\"Raffaella Galamini\" \/>\n<meta name=\"twitter:card\" content=\"summary_large_image\" \/>\n<meta name=\"twitter:creator\" content=\"@orio\" \/>\n<meta name=\"twitter:site\" content=\"@intoscana\" \/>\n<meta name=\"twitter:label1\" content=\"Written by\" \/>\n\t<meta name=\"twitter:data1\" content=\"Raffaella Galamini\" \/>\n\t<meta name=\"twitter:label2\" content=\"Est. reading time\" \/>\n\t<meta name=\"twitter:data2\" content=\"1 minuto\" \/>\n<script type=\"application\/ld+json\" class=\"yoast-schema-graph\">{\"@context\":\"https:\/\/schema.org\",\"@graph\":[{\"@type\":\"WebPage\",\"@id\":\"https:\/\/www.intoscana.it\/it\/rigenerazione-urbana-lex-rsa-diventa-una-casa-degli-artisti\/\",\"url\":\"https:\/\/www.intoscana.it\/it\/rigenerazione-urbana-lex-rsa-diventa-una-casa-degli-artisti\/\",\"name\":\"Rigenerazione urbana, l'ex rsa diventa una casa degli artisti - intoscana\",\"isPartOf\":{\"@id\":\"https:\/\/www.intoscana.it\/it\/#website\"},\"primaryImageOfPage\":{\"@id\":\"https:\/\/www.intoscana.it\/it\/rigenerazione-urbana-lex-rsa-diventa-una-casa-degli-artisti\/#primaryimage\"},\"image\":{\"@id\":\"https:\/\/www.intoscana.it\/it\/rigenerazione-urbana-lex-rsa-diventa-una-casa-degli-artisti\/#primaryimage\"},\"thumbnailUrl\":\"https:\/\/www.intoscana.it\/wp-content\/uploads\/Il-centro-storico-di-Civitella-in-Val-di-Chiana-e1701437325774.jpeg\",\"datePublished\":\"2023-12-01T13:32:04+00:00\",\"dateModified\":\"2023-12-01T13:50:58+00:00\",\"author\":{\"@id\":\"https:\/\/www.intoscana.it\/it\/#\/schema\/person\/9eb9daa846a49fe51af39a73d9d1986b\"},\"description\":\"A Civitella in Val di Chiana si lavora per destinare i locali allo sviluppo turistico e all'organizzazione di eventi e attivit\u00e0 culturali\",\"breadcrumb\":{\"@id\":\"https:\/\/www.intoscana.it\/it\/rigenerazione-urbana-lex-rsa-diventa-una-casa-degli-artisti\/#breadcrumb\"},\"inLanguage\":\"it-IT\",\"potentialAction\":[{\"@type\":\"ReadAction\",\"target\":[\"https:\/\/www.intoscana.it\/it\/rigenerazione-urbana-lex-rsa-diventa-una-casa-degli-artisti\/\"]}]},{\"@type\":\"ImageObject\",\"inLanguage\":\"it-IT\",\"@id\":\"https:\/\/www.intoscana.it\/it\/rigenerazione-urbana-lex-rsa-diventa-una-casa-degli-artisti\/#primaryimage\",\"url\":\"https:\/\/www.intoscana.it\/wp-content\/uploads\/Il-centro-storico-di-Civitella-in-Val-di-Chiana-e1701437325774.jpeg\",\"contentUrl\":\"https:\/\/www.intoscana.it\/wp-content\/uploads\/Il-centro-storico-di-Civitella-in-Val-di-Chiana-e1701437325774.jpeg\",\"width\":1536,\"height\":1157},{\"@type\":\"BreadcrumbList\",\"@id\":\"https:\/\/www.intoscana.it\/it\/rigenerazione-urbana-lex-rsa-diventa-una-casa-degli-artisti\/#breadcrumb\",\"itemListElement\":[{\"@type\":\"ListItem\",\"position\":1,\"name\":\"Home\",\"item\":\"https:\/\/www.intoscana.it\/it\/\"},{\"@type\":\"ListItem\",\"position\":2,\"name\":\"Rigenerazione urbana, l&#8217;ex rsa diventa una casa degli artisti\"}]},{\"@type\":\"WebSite\",\"@id\":\"https:\/\/www.intoscana.it\/it\/#website\",\"url\":\"https:\/\/www.intoscana.it\/it\/\",\"name\":\"intoscana\",\"description\":\"\",\"potentialAction\":[{\"@type\":\"SearchAction\",\"target\":{\"@type\":\"EntryPoint\",\"urlTemplate\":\"https:\/\/www.intoscana.it\/it\/?s={search_term_string}\"},\"query-input\":{\"@type\":\"PropertyValueSpecification\",\"valueRequired\":true,\"valueName\":\"search_term_string\"}}],\"inLanguage\":\"it-IT\"},{\"@type\":\"Person\",\"@id\":\"https:\/\/www.intoscana.it\/it\/#\/schema\/person\/9eb9daa846a49fe51af39a73d9d1986b\",\"name\":\"Raffaella Galamini\",\"sameAs\":[\"https:\/\/x.com\/orio\"],\"url\":\"https:\/\/www.intoscana.it\/it\/author\/r-galamini\/\"}]}<\/script>\n<!-- \/ Yoast SEO Premium plugin. -->","yoast_head_json":{"title":"Rigenerazione urbana, l'ex rsa diventa una casa degli artisti - intoscana","description":"A Civitella in Val di Chiana si lavora per destinare i locali allo sviluppo turistico e all'organizzazione di eventi e attivit\u00e0 culturali","robots":{"index":"index","follow":"follow","max-snippet":"max-snippet:-1","max-image-preview":"max-image-preview:large","max-video-preview":"max-video-preview:-1"},"canonical":"https:\/\/www.intoscana.it\/it\/rigenerazione-urbana-lex-rsa-diventa-una-casa-degli-artisti\/","og_locale":"it_IT","og_type":"article","og_title":"Rigenerazione urbana, l'ex rsa diventa una casa degli artisti","og_description":"A Civitella in Val di Chiana si lavora per destinare i locali allo sviluppo turistico e all'organizzazione di eventi e attivit\u00e0 culturali","og_url":"https:\/\/www.intoscana.it\/it\/rigenerazione-urbana-lex-rsa-diventa-una-casa-degli-artisti\/","og_site_name":"intoscana","article_publisher":"https:\/\/www.facebook.com\/intoscana.it","article_published_time":"2023-12-01T13:32:04+00:00","article_modified_time":"2023-12-01T13:50:58+00:00","og_image":[{"width":1536,"height":1157,"url":"https:\/\/www.intoscana.it\/wp-content\/uploads\/Il-centro-storico-di-Civitella-in-Val-di-Chiana-e1701437325774.jpeg","type":"image\/jpeg"}],"author":"Raffaella Galamini","twitter_card":"summary_large_image","twitter_creator":"@orio","twitter_site":"@intoscana","twitter_misc":{"Written by":"Raffaella Galamini","Est. reading time":"1 minuto"},"schema":{"@context":"https:\/\/schema.org","@graph":[{"@type":"WebPage","@id":"https:\/\/www.intoscana.it\/it\/rigenerazione-urbana-lex-rsa-diventa-una-casa-degli-artisti\/","url":"https:\/\/www.intoscana.it\/it\/rigenerazione-urbana-lex-rsa-diventa-una-casa-degli-artisti\/","name":"Rigenerazione urbana, l'ex rsa diventa una casa degli artisti - intoscana","isPartOf":{"@id":"https:\/\/www.intoscana.it\/it\/#website"},"primaryImageOfPage":{"@id":"https:\/\/www.intoscana.it\/it\/rigenerazione-urbana-lex-rsa-diventa-una-casa-degli-artisti\/#primaryimage"},"image":{"@id":"https:\/\/www.intoscana.it\/it\/rigenerazione-urbana-lex-rsa-diventa-una-casa-degli-artisti\/#primaryimage"},"thumbnailUrl":"https:\/\/www.intoscana.it\/wp-content\/uploads\/Il-centro-storico-di-Civitella-in-Val-di-Chiana-e1701437325774.jpeg","datePublished":"2023-12-01T13:32:04+00:00","dateModified":"2023-12-01T13:50:58+00:00","author":{"@id":"https:\/\/www.intoscana.it\/it\/#\/schema\/person\/9eb9daa846a49fe51af39a73d9d1986b"},"description":"A Civitella in Val di Chiana si lavora per destinare i locali allo sviluppo turistico e all'organizzazione di eventi e attivit\u00e0 culturali","breadcrumb":{"@id":"https:\/\/www.intoscana.it\/it\/rigenerazione-urbana-lex-rsa-diventa-una-casa-degli-artisti\/#breadcrumb"},"inLanguage":"it-IT","potentialAction":[{"@type":"ReadAction","target":["https:\/\/www.intoscana.it\/it\/rigenerazione-urbana-lex-rsa-diventa-una-casa-degli-artisti\/"]}]},{"@type":"ImageObject","inLanguage":"it-IT","@id":"https:\/\/www.intoscana.it\/it\/rigenerazione-urbana-lex-rsa-diventa-una-casa-degli-artisti\/#primaryimage","url":"https:\/\/www.intoscana.it\/wp-content\/uploads\/Il-centro-storico-di-Civitella-in-Val-di-Chiana-e1701437325774.jpeg","contentUrl":"https:\/\/www.intoscana.it\/wp-content\/uploads\/Il-centro-storico-di-Civitella-in-Val-di-Chiana-e1701437325774.jpeg","width":1536,"height":1157},{"@type":"BreadcrumbList","@id":"https:\/\/www.intoscana.it\/it\/rigenerazione-urbana-lex-rsa-diventa-una-casa-degli-artisti\/#breadcrumb","itemListElement":[{"@type":"ListItem","position":1,"name":"Home","item":"https:\/\/www.intoscana.it\/it\/"},{"@type":"ListItem","position":2,"name":"Rigenerazione urbana, l&#8217;ex rsa diventa una casa degli artisti"}]},{"@type":"WebSite","@id":"https:\/\/www.intoscana.it\/it\/#website","url":"https:\/\/www.intoscana.it\/it\/","name":"intoscana","description":"","potentialAction":[{"@type":"SearchAction","target":{"@type":"EntryPoint","urlTemplate":"https:\/\/www.intoscana.it\/it\/?s={search_term_string}"},"query-input":{"@type":"PropertyValueSpecification","valueRequired":true,"valueName":"search_term_string"}}],"inLanguage":"it-IT"},{"@type":"Person","@id":"https:\/\/www.intoscana.it\/it\/#\/schema\/person\/9eb9daa846a49fe51af39a73d9d1986b","name":"Raffaella Galamini","sameAs":["https:\/\/x.com\/orio"],"url":"https:\/\/www.intoscana.it\/it\/author\/r-galamini\/"}]}},"_links":{"self":[{"href":"https:\/\/www.intoscana.it\/it\/wp-json\/wp\/v2\/posts\/317215","targetHints":{"allow":["GET"]}}],"collection":[{"href":"https:\/\/www.intoscana.it\/it\/wp-json\/wp\/v2\/posts"}],"about":[{"href":"https:\/\/www.intoscana.it\/it\/wp-json\/wp\/v2\/types\/post"}],"author":[{"embeddable":true,"href":"https:\/\/www.intoscana.it\/it\/wp-json\/wp\/v2\/users\/554"}],"replies":[{"embeddable":true,"href":"https:\/\/www.intoscana.it\/it\/wp-json\/wp\/v2\/comments?post=317215"}],"version-history":[{"count":0,"href":"https:\/\/www.intoscana.it\/it\/wp-json\/wp\/v2\/posts\/317215\/revisions"}],"wp:featuredmedia":[{"embeddable":true,"href":"https:\/\/www.intoscana.it\/it\/wp-json\/wp\/v2\/media\/317232"}],"wp:attachment":[{"href":"https:\/\/www.intoscana.it\/it\/wp-json\/wp\/v2\/media?parent=317215"}],"wp:term":[{"taxonomy":"category","embeddable":true,"href":"https:\/\/www.intoscana.it\/it\/wp-json\/wp\/v2\/categories?post=317215"},{"taxonomy":"post_tag","embeddable":true,"href":"https:\/\/www.intoscana.it\/it\/wp-json\/wp\/v2\/tags?post=317215"}],"curies":[{"name":"wp","href":"https:\/\/api.w.org\/{rel}","templated":true}]}}