{"id":317220,"date":"2023-12-01T14:21:57","date_gmt":"2023-12-01T13:21:57","guid":{"rendered":"https:\/\/www.intoscana.it\/it\/?p=317220"},"modified":"2023-12-01T16:56:30","modified_gmt":"2023-12-01T15:56:30","slug":"rigenerazione-urbana-ripopolare-e-riqualificare-i-borghi-giani-cresce-la-toscana-diffusa","status":"publish","type":"post","link":"https:\/\/www.intoscana.it\/it\/rigenerazione-urbana-ripopolare-e-riqualificare-i-borghi-giani-cresce-la-toscana-diffusa\/","title":{"rendered":"Rigenerazione urbana, ripopolare e riqualificare i borghi. Giani: &#8220;Cresce la Toscana diffusa&#8221;"},"content":{"rendered":"<p>Sviluppo e valorizzazione della <strong>Toscana diffusa<\/strong>, obiettivi al centro delle politiche regionale e che la Toscana sta portando avanti attraverso la\u00a0 <strong>rigenerazione urbana<\/strong>. Il punto \u00e8 stato fatto a Stia, in provincia di Arezzo, nel corso del convegno \u201c<em>La rigenerazione urbana nella Toscana diffusa\u201d<\/em> organizzato dalla Regione Toscana.<\/p>\n<p>Ad aprire i lavori il presidente <strong>Eugenio Giani<\/strong>, seguito dagli interventi degli assessori <strong>Stefano Baccelli e Serena Spinelli<\/strong> che hanno rispettivamente la delega all\u2019urbanistica e alle politiche sociali e abitative. In apertura \u00e8 intervenuto anche <strong>Nicol\u00f2 Caleri<\/strong>, sindaco di Pratovecchio Stia.<\/p>\n<figure id=\"post-317187 media-317187\" class=\"align-none\"><img decoding=\"async\" src=\"https:\/\/www.intoscana.it\/wp-content\/uploads\/Rigenerazione-urbana-2023-Eugenio-Giani-scaled.jpeg\" alt=\"\" \/><\/figure>\n<div class=\"titleimg\">Rigenerazione urbana 2023 \u2013 Eugenio Giani<\/div>\n<p>&#8220;<em>Una forma di intervento pubblico molto importante, nel quale credo e su cui investiamo molto<\/em>&#8220;, ha detto il presidente in apertura dei lavori. <mark>&#8220;<em>L\u2019obiettivo \u00e8 quello di valorizzare il tessuto del nostro straordinario territorio, riqualificare i borghi, ripopolarli. Oggi \u00e8 una bella occasione per fare il punto con gli amministratori, i sindaci e parte della giunta regionale che \u00e8 impegnata su questo fronte.<\/mark> Cercheremo insieme di mettere in campo prospettive e occasioni nuove per ulteriori sviluppi di questo strumento pubblico cos\u00ec importante&#8221; <\/em>ha aggiunto.<\/p>\n<h3><em>Il futuro della rigenerazione urbana<\/em><\/h3>\n<p>&#8220;<em>La rigenerazione urbana<\/em> \u2013 ha aggiunto Giani &#8211; <em>\u00e8 una forma di appalto e lavoro pubblico nuova, che \u00e8 cresciuta molto negli ultimi anni e che nel contesto dei lavori pubblici tiene insieme pi\u00f9 aspetti e dimensioni: il parcheggio, il verde pubblico, la riqualificazione e ristrutturazione degli edifici intesi in modo organico. Un sistema che ha successo e funziona perch\u00e9 tutti i comuni, in qualche modo, hanno bisogno di interventi di rigenerazione urbana. Pensate che <mark>sono 120 gli interventi finanziati con pi\u00f9 di 50 milioni negli ultimi 3 anni. Abbiamo messo altri 10 milioni nel Fondo di sviluppo e coesione. La nostra volont\u00e0 in questo senso \u00e8 chiara\u201d.[<\/em>\/mark]<\/p>\n<p>Nel corso del convegno sono stati analizzati gli interventi di <strong>recupero, riqualificazione e valorizzazione<\/strong> del patrimonio esistente nei Comuni meno popolosi, incluse le aree interne, montane, costiere che fanno parte della Toscana diffusa.<\/p>\n<p>&#8220;<em>Obiettivo \u00e8 anche quello di ridurre il consumo di suolo <\/em>&#8211; ha sottolineato<strong> Stefano Baccelli<\/strong>&#8211; <em>Abbiamo uno strumento normativo, formale, la legge 65 e il Piano paesaggistico. Abbiamo un sistema di monitoraggio accurato, sia dal punto di vista della pianificazione ma anche sotto l\u2019aspetto monitoraggio effettivo attraverso strumentazioni efficaci come i rilievi satellitari. La rigenerazione urbana \u00e8 il nostro strumento operativo e la nostra strategia \u00e8 quella di mettere in campo pi\u00f9 risorse possibili. L\u2019abbiamo fatto col progetto Pinqua per i tre progetti coordinati dalla Regione Toscana per 45 milioni di di euro\u201d.<\/em><\/p>\n<figure id=\"post-317188 media-317188\" class=\"align-none\"><img decoding=\"async\" src=\"https:\/\/www.intoscana.it\/wp-content\/uploads\/Rigenerazione-urbana-Stefano-Baccelli-scaled.jpeg\" alt=\"\" \/><\/figure>\n<p>Baccelli ha ricordato gli altri <strong>90 milioni di risorse Fesr<\/strong> messi dalla Regione per <strong>13 strategie territoriali<\/strong> in tutta la Toscana. \u201c<em>Immaginando<\/em> \u2013 ha proseguito l\u2019assessore &#8211; <em>che tendenzialmente le <strong>risorse europee<\/strong> e anche quelle del Pnrr vanno a coprire comuni medio grandi, abbiamo deciso di ricavare risorse per la Toscana diffusa ed ecco quindi i bandi dedicati a questo con i 120 progetti anche per i comuni sotto i 20mila abitanti, ridando cos\u00ec vita e identit\u00e0 al territorio della Toscana\u201d.<\/em><\/p>\n<p>Per l&#8217;assessora <strong>Serena Spinelli<\/strong> \u201c<em>la rigenerazione urbana contiene azioni e modelli strettamente connessi con un modello di sviluppo sostenibile e generativo di nuove opportunit\u00e0 per le persone e le comunit\u00e0. Questo vale per le politiche abitative, dove la risposta al bisogno di alloggi deve passare per il consumo di suolo zero, ma non solo. [mark]Perch\u00e9 ridare nuova vita a uno spazio urbano porta con s\u00e9 anche una rigenerazione del tessuto sociale e delle relazioni di comunit\u00e0. Riguarda le nostre citt\u00e0 e sempre di pi\u00f9 anche in maniera diffusa, i comuni pi\u00f9 piccoli e le aree interne e montane, dove gli interventi si connettono anche alle specificit\u00e0 e alle storie dei luoghi\u201d.<\/em><\/mark><\/p>\n<figure id=\"post-317185 media-317185\" class=\"align-none\"><img decoding=\"async\" src=\"https:\/\/www.intoscana.it\/wp-content\/uploads\/Rigenerazione-urbana-Serena-Spinelli-scaled.jpeg\" alt=\"\" \/><\/figure>\n<p>&nbsp;<\/p>\n<p>La tavola rotonda ha approfondito politiche e strategie. Presenti il direttore della direzione urbanistica della Regione Toscana <strong>Aldo Ianniello<\/strong>, gli assessori <strong>Stefano Ciuoffo, Leonardo Marras<\/strong>, il consigliere regionale, presidente della commissione aree interne <strong>Marco Niccolai<\/strong>, il consigliere del presidente Giani per le aree interne e montane e sindaco di Marradi<strong> Tommaso Triberti<\/strong>, il presidente Ance <strong>Rossano Massai e Bernardo Mennini<\/strong>, presidente de La Ferroviaria Italiana.<\/p>\n","protected":false},"excerpt":{"rendered":"<p>Il convegno organizzato dalla Regione per fare il punto su uno strumento dedicato alla valorizzazione delle aree meno popolose. Con il presidente, anche gli assessori Baccelli, Spinelli, Ciuoffo e Marras<\/p>\n","protected":false},"author":554,"featured_media":317186,"comment_status":"open","ping_status":"open","sticky":false,"template":"","format":"standard","meta":{"_acf_changed":false,"footnotes":""},"categories":[19],"tags":[158,5290,4822,4818,6642],"class_list":["post-317220","post","type-post","status-publish","format-standard","has-post-thumbnail","hentry","category-ambiente","tag-eugenio-giani","tag-rigenerazione-urbana","tag-serena-spinelli","tag-stefano-baccelli","tag-toscana-diffusa"],"acf":[],"yoast_head":"<!-- This site is optimized with the Yoast SEO Premium plugin v24.2 (Yoast SEO v25.6) - https:\/\/yoast.com\/wordpress\/plugins\/seo\/ -->\n<title>Rigenerazione urbana, ripopolare e riqualificare i borghi. Giani: &quot;Cresce la Toscana diffusa&quot; - intoscana<\/title>\n<meta name=\"description\" content=\"Il convegno organizzato dalla Regione per fare il punto su uno strumento dedicato alla valorizzazione delle aree meno popolose. Con il presidente, anche gli assessori Baccelli, Spinelli, Ciuoffo e Marras\" \/>\n<meta name=\"robots\" content=\"index, follow, max-snippet:-1, max-image-preview:large, max-video-preview:-1\" \/>\n<link rel=\"canonical\" href=\"https:\/\/www.intoscana.it\/it\/rigenerazione-urbana-ripopolare-e-riqualificare-i-borghi-giani-cresce-la-toscana-diffusa\/\" \/>\n<meta property=\"og:locale\" content=\"it_IT\" \/>\n<meta property=\"og:type\" content=\"article\" \/>\n<meta property=\"og:title\" content=\"Rigenerazione urbana, ripopolare e riqualificare i borghi. Giani: &quot;Cresce la Toscana diffusa&quot;\" \/>\n<meta property=\"og:description\" content=\"Il convegno organizzato dalla Regione per fare il punto su uno strumento dedicato alla valorizzazione delle aree meno popolose. Con il presidente, anche gli assessori Baccelli, Spinelli, Ciuoffo e Marras\" \/>\n<meta property=\"og:url\" content=\"https:\/\/www.intoscana.it\/it\/rigenerazione-urbana-ripopolare-e-riqualificare-i-borghi-giani-cresce-la-toscana-diffusa\/\" \/>\n<meta property=\"og:site_name\" content=\"intoscana\" \/>\n<meta property=\"article:publisher\" content=\"https:\/\/www.facebook.com\/intoscana.it\" \/>\n<meta property=\"article:published_time\" content=\"2023-12-01T13:21:57+00:00\" \/>\n<meta property=\"article:modified_time\" content=\"2023-12-01T15:56:30+00:00\" \/>\n<meta property=\"og:image\" content=\"https:\/\/www.intoscana.it\/wp-content\/uploads\/rigenerazione-urbana-2023-scaled.jpeg\" \/>\n\t<meta property=\"og:image:width\" content=\"2048\" \/>\n\t<meta property=\"og:image:height\" content=\"1536\" \/>\n\t<meta property=\"og:image:type\" content=\"image\/jpeg\" \/>\n<meta name=\"author\" content=\"Raffaella Galamini\" \/>\n<meta name=\"twitter:card\" content=\"summary_large_image\" \/>\n<meta name=\"twitter:creator\" content=\"@orio\" \/>\n<meta name=\"twitter:site\" content=\"@intoscana\" \/>\n<meta name=\"twitter:label1\" content=\"Written by\" \/>\n\t<meta name=\"twitter:data1\" content=\"Raffaella Galamini\" \/>\n\t<meta name=\"twitter:label2\" content=\"Est. reading time\" \/>\n\t<meta name=\"twitter:data2\" content=\"3 minuti\" \/>\n<script type=\"application\/ld+json\" class=\"yoast-schema-graph\">{\"@context\":\"https:\/\/schema.org\",\"@graph\":[{\"@type\":\"WebPage\",\"@id\":\"https:\/\/www.intoscana.it\/it\/rigenerazione-urbana-ripopolare-e-riqualificare-i-borghi-giani-cresce-la-toscana-diffusa\/\",\"url\":\"https:\/\/www.intoscana.it\/it\/rigenerazione-urbana-ripopolare-e-riqualificare-i-borghi-giani-cresce-la-toscana-diffusa\/\",\"name\":\"Rigenerazione urbana, ripopolare e riqualificare i borghi. Giani: \\\"Cresce la Toscana diffusa\\\" - intoscana\",\"isPartOf\":{\"@id\":\"https:\/\/www.intoscana.it\/it\/#website\"},\"primaryImageOfPage\":{\"@id\":\"https:\/\/www.intoscana.it\/it\/rigenerazione-urbana-ripopolare-e-riqualificare-i-borghi-giani-cresce-la-toscana-diffusa\/#primaryimage\"},\"image\":{\"@id\":\"https:\/\/www.intoscana.it\/it\/rigenerazione-urbana-ripopolare-e-riqualificare-i-borghi-giani-cresce-la-toscana-diffusa\/#primaryimage\"},\"thumbnailUrl\":\"https:\/\/www.intoscana.it\/wp-content\/uploads\/rigenerazione-urbana-2023-scaled.jpeg\",\"datePublished\":\"2023-12-01T13:21:57+00:00\",\"dateModified\":\"2023-12-01T15:56:30+00:00\",\"author\":{\"@id\":\"https:\/\/www.intoscana.it\/it\/#\/schema\/person\/9eb9daa846a49fe51af39a73d9d1986b\"},\"description\":\"Il convegno organizzato dalla Regione per fare il punto su uno strumento dedicato alla valorizzazione delle aree meno popolose. Con il presidente, anche gli assessori Baccelli, Spinelli, Ciuoffo e Marras\",\"breadcrumb\":{\"@id\":\"https:\/\/www.intoscana.it\/it\/rigenerazione-urbana-ripopolare-e-riqualificare-i-borghi-giani-cresce-la-toscana-diffusa\/#breadcrumb\"},\"inLanguage\":\"it-IT\",\"potentialAction\":[{\"@type\":\"ReadAction\",\"target\":[\"https:\/\/www.intoscana.it\/it\/rigenerazione-urbana-ripopolare-e-riqualificare-i-borghi-giani-cresce-la-toscana-diffusa\/\"]}]},{\"@type\":\"ImageObject\",\"inLanguage\":\"it-IT\",\"@id\":\"https:\/\/www.intoscana.it\/it\/rigenerazione-urbana-ripopolare-e-riqualificare-i-borghi-giani-cresce-la-toscana-diffusa\/#primaryimage\",\"url\":\"https:\/\/www.intoscana.it\/wp-content\/uploads\/rigenerazione-urbana-2023-scaled.jpeg\",\"contentUrl\":\"https:\/\/www.intoscana.it\/wp-content\/uploads\/rigenerazione-urbana-2023-scaled.jpeg\",\"width\":2048,\"height\":1536},{\"@type\":\"BreadcrumbList\",\"@id\":\"https:\/\/www.intoscana.it\/it\/rigenerazione-urbana-ripopolare-e-riqualificare-i-borghi-giani-cresce-la-toscana-diffusa\/#breadcrumb\",\"itemListElement\":[{\"@type\":\"ListItem\",\"position\":1,\"name\":\"Home\",\"item\":\"https:\/\/www.intoscana.it\/it\/\"},{\"@type\":\"ListItem\",\"position\":2,\"name\":\"Rigenerazione urbana, ripopolare e riqualificare i borghi. Giani: &#8220;Cresce la Toscana diffusa&#8221;\"}]},{\"@type\":\"WebSite\",\"@id\":\"https:\/\/www.intoscana.it\/it\/#website\",\"url\":\"https:\/\/www.intoscana.it\/it\/\",\"name\":\"intoscana\",\"description\":\"\",\"potentialAction\":[{\"@type\":\"SearchAction\",\"target\":{\"@type\":\"EntryPoint\",\"urlTemplate\":\"https:\/\/www.intoscana.it\/it\/?s={search_term_string}\"},\"query-input\":{\"@type\":\"PropertyValueSpecification\",\"valueRequired\":true,\"valueName\":\"search_term_string\"}}],\"inLanguage\":\"it-IT\"},{\"@type\":\"Person\",\"@id\":\"https:\/\/www.intoscana.it\/it\/#\/schema\/person\/9eb9daa846a49fe51af39a73d9d1986b\",\"name\":\"Raffaella Galamini\",\"sameAs\":[\"https:\/\/x.com\/orio\"],\"url\":\"https:\/\/www.intoscana.it\/it\/author\/r-galamini\/\"}]}<\/script>\n<!-- \/ Yoast SEO Premium plugin. -->","yoast_head_json":{"title":"Rigenerazione urbana, ripopolare e riqualificare i borghi. Giani: \"Cresce la Toscana diffusa\" - intoscana","description":"Il convegno organizzato dalla Regione per fare il punto su uno strumento dedicato alla valorizzazione delle aree meno popolose. Con il presidente, anche gli assessori Baccelli, Spinelli, Ciuoffo e Marras","robots":{"index":"index","follow":"follow","max-snippet":"max-snippet:-1","max-image-preview":"max-image-preview:large","max-video-preview":"max-video-preview:-1"},"canonical":"https:\/\/www.intoscana.it\/it\/rigenerazione-urbana-ripopolare-e-riqualificare-i-borghi-giani-cresce-la-toscana-diffusa\/","og_locale":"it_IT","og_type":"article","og_title":"Rigenerazione urbana, ripopolare e riqualificare i borghi. Giani: \"Cresce la Toscana diffusa\"","og_description":"Il convegno organizzato dalla Regione per fare il punto su uno strumento dedicato alla valorizzazione delle aree meno popolose. Con il presidente, anche gli assessori Baccelli, Spinelli, Ciuoffo e Marras","og_url":"https:\/\/www.intoscana.it\/it\/rigenerazione-urbana-ripopolare-e-riqualificare-i-borghi-giani-cresce-la-toscana-diffusa\/","og_site_name":"intoscana","article_publisher":"https:\/\/www.facebook.com\/intoscana.it","article_published_time":"2023-12-01T13:21:57+00:00","article_modified_time":"2023-12-01T15:56:30+00:00","og_image":[{"width":2048,"height":1536,"url":"https:\/\/www.intoscana.it\/wp-content\/uploads\/rigenerazione-urbana-2023-scaled.jpeg","type":"image\/jpeg"}],"author":"Raffaella Galamini","twitter_card":"summary_large_image","twitter_creator":"@orio","twitter_site":"@intoscana","twitter_misc":{"Written by":"Raffaella Galamini","Est. reading time":"3 minuti"},"schema":{"@context":"https:\/\/schema.org","@graph":[{"@type":"WebPage","@id":"https:\/\/www.intoscana.it\/it\/rigenerazione-urbana-ripopolare-e-riqualificare-i-borghi-giani-cresce-la-toscana-diffusa\/","url":"https:\/\/www.intoscana.it\/it\/rigenerazione-urbana-ripopolare-e-riqualificare-i-borghi-giani-cresce-la-toscana-diffusa\/","name":"Rigenerazione urbana, ripopolare e riqualificare i borghi. Giani: \"Cresce la Toscana diffusa\" - intoscana","isPartOf":{"@id":"https:\/\/www.intoscana.it\/it\/#website"},"primaryImageOfPage":{"@id":"https:\/\/www.intoscana.it\/it\/rigenerazione-urbana-ripopolare-e-riqualificare-i-borghi-giani-cresce-la-toscana-diffusa\/#primaryimage"},"image":{"@id":"https:\/\/www.intoscana.it\/it\/rigenerazione-urbana-ripopolare-e-riqualificare-i-borghi-giani-cresce-la-toscana-diffusa\/#primaryimage"},"thumbnailUrl":"https:\/\/www.intoscana.it\/wp-content\/uploads\/rigenerazione-urbana-2023-scaled.jpeg","datePublished":"2023-12-01T13:21:57+00:00","dateModified":"2023-12-01T15:56:30+00:00","author":{"@id":"https:\/\/www.intoscana.it\/it\/#\/schema\/person\/9eb9daa846a49fe51af39a73d9d1986b"},"description":"Il convegno organizzato dalla Regione per fare il punto su uno strumento dedicato alla valorizzazione delle aree meno popolose. Con il presidente, anche gli assessori Baccelli, Spinelli, Ciuoffo e Marras","breadcrumb":{"@id":"https:\/\/www.intoscana.it\/it\/rigenerazione-urbana-ripopolare-e-riqualificare-i-borghi-giani-cresce-la-toscana-diffusa\/#breadcrumb"},"inLanguage":"it-IT","potentialAction":[{"@type":"ReadAction","target":["https:\/\/www.intoscana.it\/it\/rigenerazione-urbana-ripopolare-e-riqualificare-i-borghi-giani-cresce-la-toscana-diffusa\/"]}]},{"@type":"ImageObject","inLanguage":"it-IT","@id":"https:\/\/www.intoscana.it\/it\/rigenerazione-urbana-ripopolare-e-riqualificare-i-borghi-giani-cresce-la-toscana-diffusa\/#primaryimage","url":"https:\/\/www.intoscana.it\/wp-content\/uploads\/rigenerazione-urbana-2023-scaled.jpeg","contentUrl":"https:\/\/www.intoscana.it\/wp-content\/uploads\/rigenerazione-urbana-2023-scaled.jpeg","width":2048,"height":1536},{"@type":"BreadcrumbList","@id":"https:\/\/www.intoscana.it\/it\/rigenerazione-urbana-ripopolare-e-riqualificare-i-borghi-giani-cresce-la-toscana-diffusa\/#breadcrumb","itemListElement":[{"@type":"ListItem","position":1,"name":"Home","item":"https:\/\/www.intoscana.it\/it\/"},{"@type":"ListItem","position":2,"name":"Rigenerazione urbana, ripopolare e riqualificare i borghi. Giani: &#8220;Cresce la Toscana diffusa&#8221;"}]},{"@type":"WebSite","@id":"https:\/\/www.intoscana.it\/it\/#website","url":"https:\/\/www.intoscana.it\/it\/","name":"intoscana","description":"","potentialAction":[{"@type":"SearchAction","target":{"@type":"EntryPoint","urlTemplate":"https:\/\/www.intoscana.it\/it\/?s={search_term_string}"},"query-input":{"@type":"PropertyValueSpecification","valueRequired":true,"valueName":"search_term_string"}}],"inLanguage":"it-IT"},{"@type":"Person","@id":"https:\/\/www.intoscana.it\/it\/#\/schema\/person\/9eb9daa846a49fe51af39a73d9d1986b","name":"Raffaella Galamini","sameAs":["https:\/\/x.com\/orio"],"url":"https:\/\/www.intoscana.it\/it\/author\/r-galamini\/"}]}},"_links":{"self":[{"href":"https:\/\/www.intoscana.it\/it\/wp-json\/wp\/v2\/posts\/317220","targetHints":{"allow":["GET"]}}],"collection":[{"href":"https:\/\/www.intoscana.it\/it\/wp-json\/wp\/v2\/posts"}],"about":[{"href":"https:\/\/www.intoscana.it\/it\/wp-json\/wp\/v2\/types\/post"}],"author":[{"embeddable":true,"href":"https:\/\/www.intoscana.it\/it\/wp-json\/wp\/v2\/users\/554"}],"replies":[{"embeddable":true,"href":"https:\/\/www.intoscana.it\/it\/wp-json\/wp\/v2\/comments?post=317220"}],"version-history":[{"count":0,"href":"https:\/\/www.intoscana.it\/it\/wp-json\/wp\/v2\/posts\/317220\/revisions"}],"wp:featuredmedia":[{"embeddable":true,"href":"https:\/\/www.intoscana.it\/it\/wp-json\/wp\/v2\/media\/317186"}],"wp:attachment":[{"href":"https:\/\/www.intoscana.it\/it\/wp-json\/wp\/v2\/media?parent=317220"}],"wp:term":[{"taxonomy":"category","embeddable":true,"href":"https:\/\/www.intoscana.it\/it\/wp-json\/wp\/v2\/categories?post=317220"},{"taxonomy":"post_tag","embeddable":true,"href":"https:\/\/www.intoscana.it\/it\/wp-json\/wp\/v2\/tags?post=317220"}],"curies":[{"name":"wp","href":"https:\/\/api.w.org\/{rel}","templated":true}]}}