{"id":317295,"date":"2023-12-01T16:40:51","date_gmt":"2023-12-01T15:40:51","guid":{"rendered":"https:\/\/www.intoscana.it\/it\/?p=317295"},"modified":"2023-12-04T14:40:47","modified_gmt":"2023-12-04T13:40:47","slug":"viareggio-un-patto-per-il-porto-giani-al-lavoro-per-realizzare-infrastrutture-importanti","status":"publish","type":"post","link":"https:\/\/www.intoscana.it\/it\/viareggio-un-patto-per-il-porto-giani-al-lavoro-per-realizzare-infrastrutture-importanti\/","title":{"rendered":"Viareggio, un patto per il porto. Giani: &#8220;Al lavoro per realizzare infrastrutture importanti&#8221;"},"content":{"rendered":"<p>Un patto per <strong>Viareggio<\/strong> e il suo porto e quindi per l&#8217;intera costa toscana. A firmarlo nella sede della giunta regionale a Firenze il presidente <strong>Eugenio Giani<\/strong> e il sindaco <strong>Giorgio Del Ghingaro<\/strong>. Il protocollo prevede collaborazioni importanti fra Regione e Comune per la progettazione e il recupero di risorse utili alla realizzazione delle infrastrutture principali della citt\u00e0 costiera. Alla firma era presente l\u2019assessore regionale alle infrastrutture, <strong>Stefano Baccelli<\/strong>.<\/p>\n<p>L&#8217;iniziativa \u00e8 funzionale a <mark>&#8220;indicare un percorso utile per risolvere i problemi che sono al centro dell\u2019azione a Viareggio ma anche della Toscana, perch\u00e9 Viareggio \u00e8 una delle realt\u00e0 fondamentali dell\u2019immagine distintiva della nostra regione nel mondo\u201d, ha spiegato Giani.<\/mark><\/p>\n<figure id=\"post-317304 media-317304\" class=\"align-none\"><\/figure>\n<figure id=\"post-317304 media-317304\" class=\"align-none\"><img decoding=\"async\" src=\"https:\/\/www.intoscana.it\/wp-content\/uploads\/protocollo-porto-viaregio.jpeg\" alt=\"\" \/><\/figure>\n<div class=\"titleimg\"><\/div>\n<p>Due le infrastrutture principali, <mark>&#8220;l\u2019accesso al porto e il sabbiodotto. Sosterremo l\u2019asse di penetrazione dal punto di vista dell\u2019investimento &#8211; ha aggiunto Giani &#8211;\u00a0 e lavoreremo con Baccelli per l\u2019iter del percorso amministrativo che \u00e8 importante, poich\u00e9 ci troviamo ad agire in un\u2019area tra l\u2019abitato e parco. Il sabbiodotto, l\u2019abbiamo collocato nel Fondo di sviluppo e coesione, che \u00e8 ormai prossimo a partire\u201d.<\/mark><\/p>\n<p>Ma Viareggio e il suo porto sono centrali anche nella prospettiva di rilancio della <strong>nautica<\/strong>: \u201cDal punto di vista dell\u2019imprenditorialit\u00e0 la nautica in Toscana ha una capacit\u00e0 di avanguardia a livello nazionale \u2013 continua Giani &#8211; Dobbiamo lavorare in sinergia con il territorio limitrofo del golfo di La Spezia fino a Genova, ma il porto deve ritrovare la centralit\u00e0 che la Toscana vuole sostenere assieme al Comune di Viareggio\u201d.<\/p>\n<p>&#8220;Le rassicurazioni del presidente &#8211; \u00a0ha affermato Giorgio Del Ghingaro &#8211; riguardo i finanziamenti alla <strong>via del Mare<\/strong> ma anche l&#8217;attenzione che questo protocollo mostra per la nostra comunit\u00e0 da parte della Regione, vanno in questo senso e soprattutto supportano l&#8217;azione amministrativa che stiamo portando avanti&#8221;.<\/p>\n<p>Diversi gli aspetti coinvolti, come spiega l&#8217;assessore <strong>Baccelli<\/strong>, quali \u201cla pianificazione urbanistica, le opere pubbliche e la formazione. <mark>C\u2019\u00e8 da procedere con il Piano regolatore del porto, che \u00e8 strumento essenziale per l\u2019autorit\u00e0 portuale e per il Comune; per quanto riguarda la formazione c\u2019\u00e8 da potenziare la filiera formativa che riguarda le professionalit\u00e0 della cantieristica e della navigazione, che su Viareggio hanno un brand da valorizzare per costruire professionalit\u00e0 del nostro territorio\u201d.<\/mark> Tra le opere pubbliche l\u2019assessore ha ricordato anche il mercato ittico, su cui la Regione ha investito, cos\u00ec come sul sabbiodotto: \u201csono opere per la valorizzazione complessiva della logistica e delle attivit\u00e0 del porto di Viareggio\u201d.<\/p>\n<p>L\u2019intesa si pone in continuit\u00e0 con i precedenti <strong>protocolli<\/strong> stipulati nel 2016 e nel 2019, \u201cindividuando nuovi interventi e procedure comuni per il raggiungimento di obiettivi condivisi, con particolare riguardo al porto\u201d. Dalla via del Mare alla ciclovia Tirrenica, dal sabbiodotto al marcato ittico, fino ai lavori al triangolino, terzo lotto dei lavori iCare, per finire con l\u2019alta formazione professionale e la riqualificazione dell\u2019immobile dell\u2019ex caserma dei Carabinieri.<\/p>\n","protected":false},"excerpt":{"rendered":"<p>Il protocollo prevede collaborazioni fra Regione e Comune per la progettazione e il recupero di risorse utili alla realizzazione di opere strategiche nella citt\u00e0 costiera: dalla via del Mare al sabbiodotto, fino alla valorizzazione del settore nautico<\/p>\n","protected":false},"author":525,"featured_media":77164,"comment_status":"open","ping_status":"open","sticky":false,"template":"","format":"standard","meta":{"_acf_changed":false,"footnotes":""},"categories":[494],"tags":[158,4396,4818,275],"class_list":["post-317295","post","type-post","status-publish","format-standard","has-post-thumbnail","hentry","category-attualita","tag-eugenio-giani","tag-porto","tag-stefano-baccelli","tag-viareggio"],"acf":[],"yoast_head":"<!-- This site is optimized with the Yoast SEO Premium plugin v24.2 (Yoast SEO v25.6) - https:\/\/yoast.com\/wordpress\/plugins\/seo\/ -->\n<title>Viareggio, un patto per il porto. Giani: &quot;Al lavoro per realizzare infrastrutture importanti&quot; - intoscana<\/title>\n<meta name=\"description\" content=\"Il protocollo prevede collaborazioni importanti fra Regione e Comune per la progettazione e il recupero di risorse utili alla realizzazione di opere strategiche nella citt\u00e0 costiera: dalla via del Mare al sabbiodotto, fino alla valorizzazione del settore nautico\" \/>\n<meta name=\"robots\" content=\"index, follow, max-snippet:-1, max-image-preview:large, max-video-preview:-1\" \/>\n<link rel=\"canonical\" href=\"https:\/\/www.intoscana.it\/it\/viareggio-un-patto-per-il-porto-giani-al-lavoro-per-realizzare-infrastrutture-importanti\/\" \/>\n<meta property=\"og:locale\" content=\"it_IT\" \/>\n<meta property=\"og:type\" content=\"article\" \/>\n<meta property=\"og:title\" content=\"Viareggio, un patto per il porto. Giani: &quot;Al lavoro per realizzare infrastrutture importanti&quot;\" \/>\n<meta property=\"og:description\" content=\"Il protocollo prevede collaborazioni importanti fra Regione e Comune per la progettazione e il recupero di risorse utili alla realizzazione di opere strategiche nella citt\u00e0 costiera: dalla via del Mare al sabbiodotto, fino alla valorizzazione del settore nautico\" \/>\n<meta property=\"og:url\" content=\"https:\/\/www.intoscana.it\/it\/viareggio-un-patto-per-il-porto-giani-al-lavoro-per-realizzare-infrastrutture-importanti\/\" \/>\n<meta property=\"og:site_name\" content=\"intoscana\" \/>\n<meta property=\"article:publisher\" content=\"https:\/\/www.facebook.com\/intoscana.it\" \/>\n<meta property=\"article:published_time\" content=\"2023-12-01T15:40:51+00:00\" \/>\n<meta property=\"article:modified_time\" content=\"2023-12-04T13:40:47+00:00\" \/>\n<meta property=\"og:image\" content=\"https:\/\/www.intoscana.it\/wp-content\/uploads\/10e7763a453e9e4386ad4e13dc2c94f5.jpg\" \/>\n\t<meta property=\"og:image:width\" content=\"1000\" \/>\n\t<meta property=\"og:image:height\" content=\"694\" \/>\n\t<meta property=\"og:image:type\" content=\"image\/jpeg\" \/>\n<meta name=\"author\" content=\"Redazione\" \/>\n<meta name=\"twitter:card\" content=\"summary_large_image\" \/>\n<meta name=\"twitter:creator\" content=\"@intoscana\" \/>\n<meta name=\"twitter:site\" content=\"@intoscana\" \/>\n<meta name=\"twitter:label1\" content=\"Written by\" \/>\n\t<meta name=\"twitter:data1\" content=\"Redazione\" \/>\n\t<meta name=\"twitter:label2\" content=\"Est. reading time\" \/>\n\t<meta name=\"twitter:data2\" content=\"2 minuti\" \/>\n<script type=\"application\/ld+json\" class=\"yoast-schema-graph\">{\"@context\":\"https:\/\/schema.org\",\"@graph\":[{\"@type\":\"WebPage\",\"@id\":\"https:\/\/www.intoscana.it\/it\/viareggio-un-patto-per-il-porto-giani-al-lavoro-per-realizzare-infrastrutture-importanti\/\",\"url\":\"https:\/\/www.intoscana.it\/it\/viareggio-un-patto-per-il-porto-giani-al-lavoro-per-realizzare-infrastrutture-importanti\/\",\"name\":\"Viareggio, un patto per il porto. Giani: \\\"Al lavoro per realizzare infrastrutture importanti\\\" - intoscana\",\"isPartOf\":{\"@id\":\"https:\/\/www.intoscana.it\/it\/#website\"},\"primaryImageOfPage\":{\"@id\":\"https:\/\/www.intoscana.it\/it\/viareggio-un-patto-per-il-porto-giani-al-lavoro-per-realizzare-infrastrutture-importanti\/#primaryimage\"},\"image\":{\"@id\":\"https:\/\/www.intoscana.it\/it\/viareggio-un-patto-per-il-porto-giani-al-lavoro-per-realizzare-infrastrutture-importanti\/#primaryimage\"},\"thumbnailUrl\":\"https:\/\/www.intoscana.it\/wp-content\/uploads\/10e7763a453e9e4386ad4e13dc2c94f5.jpg\",\"datePublished\":\"2023-12-01T15:40:51+00:00\",\"dateModified\":\"2023-12-04T13:40:47+00:00\",\"author\":{\"@id\":\"https:\/\/www.intoscana.it\/it\/#\/schema\/person\/9223810753230f20bd670fdd322661f8\"},\"description\":\"Il protocollo prevede collaborazioni importanti fra Regione e Comune per la progettazione e il recupero di risorse utili alla realizzazione di opere strategiche nella citt\u00e0 costiera: dalla via del Mare al sabbiodotto, fino alla valorizzazione del settore nautico\",\"breadcrumb\":{\"@id\":\"https:\/\/www.intoscana.it\/it\/viareggio-un-patto-per-il-porto-giani-al-lavoro-per-realizzare-infrastrutture-importanti\/#breadcrumb\"},\"inLanguage\":\"it-IT\",\"potentialAction\":[{\"@type\":\"ReadAction\",\"target\":[\"https:\/\/www.intoscana.it\/it\/viareggio-un-patto-per-il-porto-giani-al-lavoro-per-realizzare-infrastrutture-importanti\/\"]}]},{\"@type\":\"ImageObject\",\"inLanguage\":\"it-IT\",\"@id\":\"https:\/\/www.intoscana.it\/it\/viareggio-un-patto-per-il-porto-giani-al-lavoro-per-realizzare-infrastrutture-importanti\/#primaryimage\",\"url\":\"https:\/\/www.intoscana.it\/wp-content\/uploads\/10e7763a453e9e4386ad4e13dc2c94f5.jpg\",\"contentUrl\":\"https:\/\/www.intoscana.it\/wp-content\/uploads\/10e7763a453e9e4386ad4e13dc2c94f5.jpg\",\"width\":1000,\"height\":694},{\"@type\":\"BreadcrumbList\",\"@id\":\"https:\/\/www.intoscana.it\/it\/viareggio-un-patto-per-il-porto-giani-al-lavoro-per-realizzare-infrastrutture-importanti\/#breadcrumb\",\"itemListElement\":[{\"@type\":\"ListItem\",\"position\":1,\"name\":\"Home\",\"item\":\"https:\/\/www.intoscana.it\/it\/\"},{\"@type\":\"ListItem\",\"position\":2,\"name\":\"Viareggio, un patto per il porto. Giani: &#8220;Al lavoro per realizzare infrastrutture importanti&#8221;\"}]},{\"@type\":\"WebSite\",\"@id\":\"https:\/\/www.intoscana.it\/it\/#website\",\"url\":\"https:\/\/www.intoscana.it\/it\/\",\"name\":\"intoscana\",\"description\":\"\",\"potentialAction\":[{\"@type\":\"SearchAction\",\"target\":{\"@type\":\"EntryPoint\",\"urlTemplate\":\"https:\/\/www.intoscana.it\/it\/?s={search_term_string}\"},\"query-input\":{\"@type\":\"PropertyValueSpecification\",\"valueRequired\":true,\"valueName\":\"search_term_string\"}}],\"inLanguage\":\"it-IT\"},{\"@type\":\"Person\",\"@id\":\"https:\/\/www.intoscana.it\/it\/#\/schema\/person\/9223810753230f20bd670fdd322661f8\",\"name\":\"Redazione\",\"url\":\"https:\/\/www.intoscana.it\/it\/author\/redazione\/\"}]}<\/script>\n<!-- \/ Yoast SEO Premium plugin. -->","yoast_head_json":{"title":"Viareggio, un patto per il porto. Giani: \"Al lavoro per realizzare infrastrutture importanti\" - intoscana","description":"Il protocollo prevede collaborazioni importanti fra Regione e Comune per la progettazione e il recupero di risorse utili alla realizzazione di opere strategiche nella citt\u00e0 costiera: dalla via del Mare al sabbiodotto, fino alla valorizzazione del settore nautico","robots":{"index":"index","follow":"follow","max-snippet":"max-snippet:-1","max-image-preview":"max-image-preview:large","max-video-preview":"max-video-preview:-1"},"canonical":"https:\/\/www.intoscana.it\/it\/viareggio-un-patto-per-il-porto-giani-al-lavoro-per-realizzare-infrastrutture-importanti\/","og_locale":"it_IT","og_type":"article","og_title":"Viareggio, un patto per il porto. Giani: \"Al lavoro per realizzare infrastrutture importanti\"","og_description":"Il protocollo prevede collaborazioni importanti fra Regione e Comune per la progettazione e il recupero di risorse utili alla realizzazione di opere strategiche nella citt\u00e0 costiera: dalla via del Mare al sabbiodotto, fino alla valorizzazione del settore nautico","og_url":"https:\/\/www.intoscana.it\/it\/viareggio-un-patto-per-il-porto-giani-al-lavoro-per-realizzare-infrastrutture-importanti\/","og_site_name":"intoscana","article_publisher":"https:\/\/www.facebook.com\/intoscana.it","article_published_time":"2023-12-01T15:40:51+00:00","article_modified_time":"2023-12-04T13:40:47+00:00","og_image":[{"width":1000,"height":694,"url":"https:\/\/www.intoscana.it\/wp-content\/uploads\/10e7763a453e9e4386ad4e13dc2c94f5.jpg","type":"image\/jpeg"}],"author":"Redazione","twitter_card":"summary_large_image","twitter_creator":"@intoscana","twitter_site":"@intoscana","twitter_misc":{"Written by":"Redazione","Est. reading time":"2 minuti"},"schema":{"@context":"https:\/\/schema.org","@graph":[{"@type":"WebPage","@id":"https:\/\/www.intoscana.it\/it\/viareggio-un-patto-per-il-porto-giani-al-lavoro-per-realizzare-infrastrutture-importanti\/","url":"https:\/\/www.intoscana.it\/it\/viareggio-un-patto-per-il-porto-giani-al-lavoro-per-realizzare-infrastrutture-importanti\/","name":"Viareggio, un patto per il porto. Giani: \"Al lavoro per realizzare infrastrutture importanti\" - intoscana","isPartOf":{"@id":"https:\/\/www.intoscana.it\/it\/#website"},"primaryImageOfPage":{"@id":"https:\/\/www.intoscana.it\/it\/viareggio-un-patto-per-il-porto-giani-al-lavoro-per-realizzare-infrastrutture-importanti\/#primaryimage"},"image":{"@id":"https:\/\/www.intoscana.it\/it\/viareggio-un-patto-per-il-porto-giani-al-lavoro-per-realizzare-infrastrutture-importanti\/#primaryimage"},"thumbnailUrl":"https:\/\/www.intoscana.it\/wp-content\/uploads\/10e7763a453e9e4386ad4e13dc2c94f5.jpg","datePublished":"2023-12-01T15:40:51+00:00","dateModified":"2023-12-04T13:40:47+00:00","author":{"@id":"https:\/\/www.intoscana.it\/it\/#\/schema\/person\/9223810753230f20bd670fdd322661f8"},"description":"Il protocollo prevede collaborazioni importanti fra Regione e Comune per la progettazione e il recupero di risorse utili alla realizzazione di opere strategiche nella citt\u00e0 costiera: dalla via del Mare al sabbiodotto, fino alla valorizzazione del settore nautico","breadcrumb":{"@id":"https:\/\/www.intoscana.it\/it\/viareggio-un-patto-per-il-porto-giani-al-lavoro-per-realizzare-infrastrutture-importanti\/#breadcrumb"},"inLanguage":"it-IT","potentialAction":[{"@type":"ReadAction","target":["https:\/\/www.intoscana.it\/it\/viareggio-un-patto-per-il-porto-giani-al-lavoro-per-realizzare-infrastrutture-importanti\/"]}]},{"@type":"ImageObject","inLanguage":"it-IT","@id":"https:\/\/www.intoscana.it\/it\/viareggio-un-patto-per-il-porto-giani-al-lavoro-per-realizzare-infrastrutture-importanti\/#primaryimage","url":"https:\/\/www.intoscana.it\/wp-content\/uploads\/10e7763a453e9e4386ad4e13dc2c94f5.jpg","contentUrl":"https:\/\/www.intoscana.it\/wp-content\/uploads\/10e7763a453e9e4386ad4e13dc2c94f5.jpg","width":1000,"height":694},{"@type":"BreadcrumbList","@id":"https:\/\/www.intoscana.it\/it\/viareggio-un-patto-per-il-porto-giani-al-lavoro-per-realizzare-infrastrutture-importanti\/#breadcrumb","itemListElement":[{"@type":"ListItem","position":1,"name":"Home","item":"https:\/\/www.intoscana.it\/it\/"},{"@type":"ListItem","position":2,"name":"Viareggio, un patto per il porto. Giani: &#8220;Al lavoro per realizzare infrastrutture importanti&#8221;"}]},{"@type":"WebSite","@id":"https:\/\/www.intoscana.it\/it\/#website","url":"https:\/\/www.intoscana.it\/it\/","name":"intoscana","description":"","potentialAction":[{"@type":"SearchAction","target":{"@type":"EntryPoint","urlTemplate":"https:\/\/www.intoscana.it\/it\/?s={search_term_string}"},"query-input":{"@type":"PropertyValueSpecification","valueRequired":true,"valueName":"search_term_string"}}],"inLanguage":"it-IT"},{"@type":"Person","@id":"https:\/\/www.intoscana.it\/it\/#\/schema\/person\/9223810753230f20bd670fdd322661f8","name":"Redazione","url":"https:\/\/www.intoscana.it\/it\/author\/redazione\/"}]}},"_links":{"self":[{"href":"https:\/\/www.intoscana.it\/it\/wp-json\/wp\/v2\/posts\/317295","targetHints":{"allow":["GET"]}}],"collection":[{"href":"https:\/\/www.intoscana.it\/it\/wp-json\/wp\/v2\/posts"}],"about":[{"href":"https:\/\/www.intoscana.it\/it\/wp-json\/wp\/v2\/types\/post"}],"author":[{"embeddable":true,"href":"https:\/\/www.intoscana.it\/it\/wp-json\/wp\/v2\/users\/525"}],"replies":[{"embeddable":true,"href":"https:\/\/www.intoscana.it\/it\/wp-json\/wp\/v2\/comments?post=317295"}],"version-history":[{"count":0,"href":"https:\/\/www.intoscana.it\/it\/wp-json\/wp\/v2\/posts\/317295\/revisions"}],"wp:featuredmedia":[{"embeddable":true,"href":"https:\/\/www.intoscana.it\/it\/wp-json\/wp\/v2\/media\/77164"}],"wp:attachment":[{"href":"https:\/\/www.intoscana.it\/it\/wp-json\/wp\/v2\/media?parent=317295"}],"wp:term":[{"taxonomy":"category","embeddable":true,"href":"https:\/\/www.intoscana.it\/it\/wp-json\/wp\/v2\/categories?post=317295"},{"taxonomy":"post_tag","embeddable":true,"href":"https:\/\/www.intoscana.it\/it\/wp-json\/wp\/v2\/tags?post=317295"}],"curies":[{"name":"wp","href":"https:\/\/api.w.org\/{rel}","templated":true}]}}