{"id":317634,"date":"2023-12-05T10:38:01","date_gmt":"2023-12-05T09:38:01","guid":{"rendered":"https:\/\/www.intoscana.it\/it\/?p=317634"},"modified":"2023-12-05T14:06:02","modified_gmt":"2023-12-05T13:06:02","slug":"nella-pinacoteca-nazionale-di-siena-ricostruito-il-trittico-smembrato-di-santa-chiara","status":"publish","type":"post","link":"https:\/\/www.intoscana.it\/it\/nella-pinacoteca-nazionale-di-siena-ricostruito-il-trittico-smembrato-di-santa-chiara\/","title":{"rendered":"Nella Pinacoteca nazionale di Siena ricostruito il trittico smembrato di Santa Chiara"},"content":{"rendered":"<p>La <strong>Madonna col Bambino in trono,<\/strong> un dipinto su tavola databile intorno al 1265-1270, attribuito a<strong> Guido da Siena<\/strong> e conservato alla <a href=\"https:\/\/www.intoscana.it\/it\/articolo\/alla-galleria-dellaccademia-la-1-mostra-monografica-dedicata-a-pier-francesco-foschi\/\" target=\"_blank\" rel=\"noopener\"><strong>Galleria dell&#8217;Accademia di Firenze<\/strong>,<\/a> ha lasciato il museo fiorentino per andare alla <strong>Pinacoteca nazionale di Siena<\/strong> per ricomporre il <strong>trittico smembrato di Santa Chiara.<\/strong><\/p>\n<p><strong>La tavola conservata a Firenze<\/strong> costituiva in origine la parte centrale del trittico e va a ricongiungersi con i due laterali esterni raffiguranti le <strong>Stimmate di San Francesco,<\/strong> <strong>Santa Chiara che respinge con la pisside i saraceni<\/strong>, il <strong>Martirio di San Bartolomeo e il Martirio di Santa Caterina d&#8217;Alessandria<\/strong> che la Pinacoteca di Siena possiede ed espone con l&#8217;attribuzione a<strong> Dietisalvi di Speme.<\/strong><\/p>\n<p>L\u2019iter di ricomposizione trae origine da <strong>un\u2019intuizione dello storico dell\u2019arte Miklos Boskovits<\/strong> che ebbe l\u2019idea di accostare la Madonna con Bambino di Firenze con i due sportelli con storie di santi della Pinacoteca Nazionale di Siena. <strong>Le prime proposte di ricomposizione e di relazione fra i due musei si ebbero circa vent\u2019anni fa<\/strong> e gi\u00e0 in passato le due gallerie avevano lavorato attivamente per esporre le due opere nella stessa sede.<\/p>\n<p>Il progetto prende finalmente forma e vede il suo compimento in questo particolare periodo in cui <strong>i due musei godono di autonomia speciale. <\/strong>L&#8217;operazione, definita &#8220;esemplare&#8221;, nasce dalla collaborazione tra la Galleria e la Pinacoteca all&#8217;interno del progetto del <strong>Sistema museale nazionale del Mic.<\/strong><\/p>\n<figure id=\"post-317742 media-317742\" class=\"align-none\"><img decoding=\"async\" src=\"https:\/\/www.intoscana.it\/wp-content\/uploads\/Screenshot-2023-12-05-alle-13.59.56.jpeg\" alt=\"\" \/><\/figure>\n<div class=\"titleimg\">Trittico di Santa Chiara<\/div>\n<p><em>&#8220;La Galleria dell&#8217;Accademia di Firenze &#8211;<\/em> <strong>racconta la direttrice Cecilie Hollberg<\/strong> &#8211; <em>ha offerto alla Pinacoteca di Siena di accogliere in deposito di lunga durata la Madonna col Bambino in trono attribuito a Guido da Siena. Questa iniziativa consentir\u00e0 di ricomporre le varie parti separate e dar\u00e0 l&#8217;avvio a uno studio pi\u00f9 approfondito del trittico stesso. Sar\u00e0 anche l&#8217;occasione di mostrare un&#8217;opera che, trovandosi negli uffici della Galleria, non era visibile al pubblico. Era proprio collocata nel mio di uffici e confesso che mi mancher\u00e0 molto ma questa azione congiunta \u00e8 molto importante per la ricostruzione di questo insieme pittorico nell&#8217;ottica di valorizzare il nostro patrimonio culturale&#8221;.<\/em><\/p>\n<p><strong>La tavola era arrivata alle ex Gallerie fiorentine nel 1889<\/strong> dalla <strong>Collezione Charles Murray,<\/strong> in seguito alle soppressioni ottocentesche; si presume che possa essere stata realizzata per il <strong>monastero di Santa Petronilla a Siena.<\/strong><\/p>\n<p><strong>L\u2019apparente differenza di composizione<\/strong> fra la parte centrale con la Madonna e il bambino e le piccole scene laterali, di carattere narrativo, trova altri esempi nelle opere della sala, dove si trovano dipinti di Guido da Siena e Dietisalvi di Speme.<\/p>\n<p>Si tratta di due dei principali artisti della Siena del XIII secolo, tra le cui botteghe <strong>dovette esserci una stretta collaborazione<\/strong> come dimostrano altre opere in cui sono state individuate le mani dei due pittori, come il dittico del Beato Gallerani esposto nella stessa sala del Trittico.<\/p>\n<p>Le parti dell\u2019opera hanno inoltre avuto<strong> vicissitudini conservative differenti<\/strong> e pertanto non mostrano una perfetta omogeneit\u00e0 coloristica e della superficie pittorica.<\/p>\n<figure id=\"post-317637 media-317637\" class=\"align-none\"><img decoding=\"async\" src=\"https:\/\/www.intoscana.it\/wp-content\/uploads\/Pinacoteca-Siena-facciata-restaurata.jpg\" alt=\"\" \/><\/figure>\n<div class=\"titleimg\">Pinacoteca Siena<\/div>\n","protected":false},"excerpt":{"rendered":"<p>La tavola era arrivata alle ex Gallerie fiorentine nel 1889 dalla Collezione Charles Murray, in seguito alle soppressioni ottocentesche; si presume che possa essere stata realizzata per il monastero di Santa Petronilla a Siena<\/p>\n","protected":false},"author":525,"featured_media":317743,"comment_status":"open","ping_status":"open","sticky":false,"template":"","format":"standard","meta":{"_acf_changed":false,"footnotes":""},"categories":[493],"tags":[2525,222,226,164],"class_list":["post-317634","post","type-post","status-publish","format-standard","has-post-thumbnail","hentry","category-cultura","tag-galleria-dellaccademia","tag-mostre","tag-musei","tag-siena"],"acf":[],"yoast_head":"<!-- This site is optimized with the Yoast SEO Premium plugin v24.2 (Yoast SEO v25.6) - https:\/\/yoast.com\/wordpress\/plugins\/seo\/ -->\n<title>Nella Pinacoteca nazionale di Siena ricostruito il trittico smembrato di Santa Chiara - intoscana<\/title>\n<meta name=\"robots\" content=\"index, follow, max-snippet:-1, max-image-preview:large, max-video-preview:-1\" \/>\n<link rel=\"canonical\" href=\"https:\/\/www.intoscana.it\/it\/nella-pinacoteca-nazionale-di-siena-ricostruito-il-trittico-smembrato-di-santa-chiara\/\" \/>\n<meta property=\"og:locale\" content=\"it_IT\" \/>\n<meta property=\"og:type\" content=\"article\" \/>\n<meta property=\"og:title\" content=\"Nella Pinacoteca nazionale di Siena ricostruito il trittico smembrato di Santa Chiara\" \/>\n<meta property=\"og:description\" content=\"La tavola era arrivata alle ex Gallerie fiorentine nel 1889 dalla Collezione Charles Murray, in seguito alle soppressioni ottocentesche; si presume che possa essere stata realizzata per il monastero di Santa Petronilla a Siena\" \/>\n<meta property=\"og:url\" content=\"https:\/\/www.intoscana.it\/it\/nella-pinacoteca-nazionale-di-siena-ricostruito-il-trittico-smembrato-di-santa-chiara\/\" \/>\n<meta property=\"og:site_name\" content=\"intoscana\" \/>\n<meta property=\"article:publisher\" content=\"https:\/\/www.facebook.com\/intoscana.it\" \/>\n<meta property=\"article:published_time\" content=\"2023-12-05T09:38:01+00:00\" \/>\n<meta property=\"article:modified_time\" content=\"2023-12-05T13:06:02+00:00\" \/>\n<meta property=\"og:image\" content=\"https:\/\/www.intoscana.it\/wp-content\/uploads\/Screenshot-2023-12-05-alle-13.59.48.jpeg\" \/>\n\t<meta property=\"og:image:width\" content=\"974\" \/>\n\t<meta property=\"og:image:height\" content=\"735\" \/>\n\t<meta property=\"og:image:type\" content=\"image\/jpeg\" \/>\n<meta name=\"author\" content=\"Redazione\" \/>\n<meta name=\"twitter:card\" content=\"summary_large_image\" \/>\n<meta name=\"twitter:creator\" content=\"@intoscana\" \/>\n<meta name=\"twitter:site\" content=\"@intoscana\" \/>\n<meta name=\"twitter:label1\" content=\"Written by\" \/>\n\t<meta name=\"twitter:data1\" content=\"Redazione\" \/>\n\t<meta name=\"twitter:label2\" content=\"Est. reading time\" \/>\n\t<meta name=\"twitter:data2\" content=\"2 minuti\" \/>\n<script type=\"application\/ld+json\" class=\"yoast-schema-graph\">{\"@context\":\"https:\/\/schema.org\",\"@graph\":[{\"@type\":\"WebPage\",\"@id\":\"https:\/\/www.intoscana.it\/it\/nella-pinacoteca-nazionale-di-siena-ricostruito-il-trittico-smembrato-di-santa-chiara\/\",\"url\":\"https:\/\/www.intoscana.it\/it\/nella-pinacoteca-nazionale-di-siena-ricostruito-il-trittico-smembrato-di-santa-chiara\/\",\"name\":\"Nella Pinacoteca nazionale di Siena ricostruito il trittico smembrato di Santa Chiara - intoscana\",\"isPartOf\":{\"@id\":\"https:\/\/www.intoscana.it\/it\/#website\"},\"primaryImageOfPage\":{\"@id\":\"https:\/\/www.intoscana.it\/it\/nella-pinacoteca-nazionale-di-siena-ricostruito-il-trittico-smembrato-di-santa-chiara\/#primaryimage\"},\"image\":{\"@id\":\"https:\/\/www.intoscana.it\/it\/nella-pinacoteca-nazionale-di-siena-ricostruito-il-trittico-smembrato-di-santa-chiara\/#primaryimage\"},\"thumbnailUrl\":\"https:\/\/www.intoscana.it\/wp-content\/uploads\/Screenshot-2023-12-05-alle-13.59.48.jpeg\",\"datePublished\":\"2023-12-05T09:38:01+00:00\",\"dateModified\":\"2023-12-05T13:06:02+00:00\",\"author\":{\"@id\":\"https:\/\/www.intoscana.it\/it\/#\/schema\/person\/9223810753230f20bd670fdd322661f8\"},\"breadcrumb\":{\"@id\":\"https:\/\/www.intoscana.it\/it\/nella-pinacoteca-nazionale-di-siena-ricostruito-il-trittico-smembrato-di-santa-chiara\/#breadcrumb\"},\"inLanguage\":\"it-IT\",\"potentialAction\":[{\"@type\":\"ReadAction\",\"target\":[\"https:\/\/www.intoscana.it\/it\/nella-pinacoteca-nazionale-di-siena-ricostruito-il-trittico-smembrato-di-santa-chiara\/\"]}]},{\"@type\":\"ImageObject\",\"inLanguage\":\"it-IT\",\"@id\":\"https:\/\/www.intoscana.it\/it\/nella-pinacoteca-nazionale-di-siena-ricostruito-il-trittico-smembrato-di-santa-chiara\/#primaryimage\",\"url\":\"https:\/\/www.intoscana.it\/wp-content\/uploads\/Screenshot-2023-12-05-alle-13.59.48.jpeg\",\"contentUrl\":\"https:\/\/www.intoscana.it\/wp-content\/uploads\/Screenshot-2023-12-05-alle-13.59.48.jpeg\",\"width\":974,\"height\":735},{\"@type\":\"BreadcrumbList\",\"@id\":\"https:\/\/www.intoscana.it\/it\/nella-pinacoteca-nazionale-di-siena-ricostruito-il-trittico-smembrato-di-santa-chiara\/#breadcrumb\",\"itemListElement\":[{\"@type\":\"ListItem\",\"position\":1,\"name\":\"Home\",\"item\":\"https:\/\/www.intoscana.it\/it\/\"},{\"@type\":\"ListItem\",\"position\":2,\"name\":\"Nella Pinacoteca nazionale di Siena ricostruito il trittico smembrato di Santa Chiara\"}]},{\"@type\":\"WebSite\",\"@id\":\"https:\/\/www.intoscana.it\/it\/#website\",\"url\":\"https:\/\/www.intoscana.it\/it\/\",\"name\":\"intoscana\",\"description\":\"\",\"potentialAction\":[{\"@type\":\"SearchAction\",\"target\":{\"@type\":\"EntryPoint\",\"urlTemplate\":\"https:\/\/www.intoscana.it\/it\/?s={search_term_string}\"},\"query-input\":{\"@type\":\"PropertyValueSpecification\",\"valueRequired\":true,\"valueName\":\"search_term_string\"}}],\"inLanguage\":\"it-IT\"},{\"@type\":\"Person\",\"@id\":\"https:\/\/www.intoscana.it\/it\/#\/schema\/person\/9223810753230f20bd670fdd322661f8\",\"name\":\"Redazione\",\"url\":\"https:\/\/www.intoscana.it\/it\/author\/redazione\/\"}]}<\/script>\n<!-- \/ Yoast SEO Premium plugin. -->","yoast_head_json":{"title":"Nella Pinacoteca nazionale di Siena ricostruito il trittico smembrato di Santa Chiara - intoscana","robots":{"index":"index","follow":"follow","max-snippet":"max-snippet:-1","max-image-preview":"max-image-preview:large","max-video-preview":"max-video-preview:-1"},"canonical":"https:\/\/www.intoscana.it\/it\/nella-pinacoteca-nazionale-di-siena-ricostruito-il-trittico-smembrato-di-santa-chiara\/","og_locale":"it_IT","og_type":"article","og_title":"Nella Pinacoteca nazionale di Siena ricostruito il trittico smembrato di Santa Chiara","og_description":"La tavola era arrivata alle ex Gallerie fiorentine nel 1889 dalla Collezione Charles Murray, in seguito alle soppressioni ottocentesche; si presume che possa essere stata realizzata per il monastero di Santa Petronilla a Siena","og_url":"https:\/\/www.intoscana.it\/it\/nella-pinacoteca-nazionale-di-siena-ricostruito-il-trittico-smembrato-di-santa-chiara\/","og_site_name":"intoscana","article_publisher":"https:\/\/www.facebook.com\/intoscana.it","article_published_time":"2023-12-05T09:38:01+00:00","article_modified_time":"2023-12-05T13:06:02+00:00","og_image":[{"width":974,"height":735,"url":"https:\/\/www.intoscana.it\/wp-content\/uploads\/Screenshot-2023-12-05-alle-13.59.48.jpeg","type":"image\/jpeg"}],"author":"Redazione","twitter_card":"summary_large_image","twitter_creator":"@intoscana","twitter_site":"@intoscana","twitter_misc":{"Written by":"Redazione","Est. reading time":"2 minuti"},"schema":{"@context":"https:\/\/schema.org","@graph":[{"@type":"WebPage","@id":"https:\/\/www.intoscana.it\/it\/nella-pinacoteca-nazionale-di-siena-ricostruito-il-trittico-smembrato-di-santa-chiara\/","url":"https:\/\/www.intoscana.it\/it\/nella-pinacoteca-nazionale-di-siena-ricostruito-il-trittico-smembrato-di-santa-chiara\/","name":"Nella Pinacoteca nazionale di Siena ricostruito il trittico smembrato di Santa Chiara - intoscana","isPartOf":{"@id":"https:\/\/www.intoscana.it\/it\/#website"},"primaryImageOfPage":{"@id":"https:\/\/www.intoscana.it\/it\/nella-pinacoteca-nazionale-di-siena-ricostruito-il-trittico-smembrato-di-santa-chiara\/#primaryimage"},"image":{"@id":"https:\/\/www.intoscana.it\/it\/nella-pinacoteca-nazionale-di-siena-ricostruito-il-trittico-smembrato-di-santa-chiara\/#primaryimage"},"thumbnailUrl":"https:\/\/www.intoscana.it\/wp-content\/uploads\/Screenshot-2023-12-05-alle-13.59.48.jpeg","datePublished":"2023-12-05T09:38:01+00:00","dateModified":"2023-12-05T13:06:02+00:00","author":{"@id":"https:\/\/www.intoscana.it\/it\/#\/schema\/person\/9223810753230f20bd670fdd322661f8"},"breadcrumb":{"@id":"https:\/\/www.intoscana.it\/it\/nella-pinacoteca-nazionale-di-siena-ricostruito-il-trittico-smembrato-di-santa-chiara\/#breadcrumb"},"inLanguage":"it-IT","potentialAction":[{"@type":"ReadAction","target":["https:\/\/www.intoscana.it\/it\/nella-pinacoteca-nazionale-di-siena-ricostruito-il-trittico-smembrato-di-santa-chiara\/"]}]},{"@type":"ImageObject","inLanguage":"it-IT","@id":"https:\/\/www.intoscana.it\/it\/nella-pinacoteca-nazionale-di-siena-ricostruito-il-trittico-smembrato-di-santa-chiara\/#primaryimage","url":"https:\/\/www.intoscana.it\/wp-content\/uploads\/Screenshot-2023-12-05-alle-13.59.48.jpeg","contentUrl":"https:\/\/www.intoscana.it\/wp-content\/uploads\/Screenshot-2023-12-05-alle-13.59.48.jpeg","width":974,"height":735},{"@type":"BreadcrumbList","@id":"https:\/\/www.intoscana.it\/it\/nella-pinacoteca-nazionale-di-siena-ricostruito-il-trittico-smembrato-di-santa-chiara\/#breadcrumb","itemListElement":[{"@type":"ListItem","position":1,"name":"Home","item":"https:\/\/www.intoscana.it\/it\/"},{"@type":"ListItem","position":2,"name":"Nella Pinacoteca nazionale di Siena ricostruito il trittico smembrato di Santa Chiara"}]},{"@type":"WebSite","@id":"https:\/\/www.intoscana.it\/it\/#website","url":"https:\/\/www.intoscana.it\/it\/","name":"intoscana","description":"","potentialAction":[{"@type":"SearchAction","target":{"@type":"EntryPoint","urlTemplate":"https:\/\/www.intoscana.it\/it\/?s={search_term_string}"},"query-input":{"@type":"PropertyValueSpecification","valueRequired":true,"valueName":"search_term_string"}}],"inLanguage":"it-IT"},{"@type":"Person","@id":"https:\/\/www.intoscana.it\/it\/#\/schema\/person\/9223810753230f20bd670fdd322661f8","name":"Redazione","url":"https:\/\/www.intoscana.it\/it\/author\/redazione\/"}]}},"_links":{"self":[{"href":"https:\/\/www.intoscana.it\/it\/wp-json\/wp\/v2\/posts\/317634","targetHints":{"allow":["GET"]}}],"collection":[{"href":"https:\/\/www.intoscana.it\/it\/wp-json\/wp\/v2\/posts"}],"about":[{"href":"https:\/\/www.intoscana.it\/it\/wp-json\/wp\/v2\/types\/post"}],"author":[{"embeddable":true,"href":"https:\/\/www.intoscana.it\/it\/wp-json\/wp\/v2\/users\/525"}],"replies":[{"embeddable":true,"href":"https:\/\/www.intoscana.it\/it\/wp-json\/wp\/v2\/comments?post=317634"}],"version-history":[{"count":0,"href":"https:\/\/www.intoscana.it\/it\/wp-json\/wp\/v2\/posts\/317634\/revisions"}],"wp:featuredmedia":[{"embeddable":true,"href":"https:\/\/www.intoscana.it\/it\/wp-json\/wp\/v2\/media\/317743"}],"wp:attachment":[{"href":"https:\/\/www.intoscana.it\/it\/wp-json\/wp\/v2\/media?parent=317634"}],"wp:term":[{"taxonomy":"category","embeddable":true,"href":"https:\/\/www.intoscana.it\/it\/wp-json\/wp\/v2\/categories?post=317634"},{"taxonomy":"post_tag","embeddable":true,"href":"https:\/\/www.intoscana.it\/it\/wp-json\/wp\/v2\/tags?post=317634"}],"curies":[{"name":"wp","href":"https:\/\/api.w.org\/{rel}","templated":true}]}}