{"id":317841,"date":"2023-12-05T17:02:21","date_gmt":"2023-12-05T16:02:21","guid":{"rendered":"https:\/\/www.intoscana.it\/it\/?p=317841"},"modified":"2024-01-02T11:57:21","modified_gmt":"2024-01-02T10:57:21","slug":"marley-il-supercane-cieco-ospite-a-casa-sanremo","status":"publish","type":"post","link":"https:\/\/www.intoscana.it\/it\/marley-il-supercane-cieco-ospite-a-casa-sanremo\/","title":{"rendered":"Marley il Supercane cieco ospite a Casa Sanremo"},"content":{"rendered":"<p>La sua storia ha da tempo varcato i confini della Toscana grazie ai social e alla partecipazione a numerosi programmi tv. Ora <strong>Marley il Supercane<\/strong> <strong>cieco<\/strong> salvato dalla morte, doveva essere soppresso per la sua disabilit\u00e0, approda a <strong>Casa Sanremo<\/strong> in occasione del Festival della canzone italiana.<\/p>\n<p>La ribalta pi\u00f9 importante per dimostrare davvero a tutto il Paese che <mark>si pu\u00f2 e si deve adottare un cane, anche se disabile<\/mark>, perch\u00e9 oltre a un <strong>amore incondizionato<\/strong> sapr\u00e0 stupirvi ogni giorno. Come \u00e8 successo a <strong>Carlotta<\/strong> e al <strong>marito Marco<\/strong>, la coppia di Santa Maria a Monte che ha scelto di adottarlo quando era un cucciolo.<\/p>\n<p>Marley \u00e8 arrivato in Toscana <strong>nel marzo del 2019<\/strong> e oggi \u00e8 una star dei social: <strong>oltre 150 mila i followers<\/strong> su Facebook. La sua vicenda \u00e8 stata raccontata in un libro &#8220;<em>Marley Supercane la vita a colori di un cane cieco&#8221;<\/em>. Ora arriva <strong>la chiamata a Sanremo<\/strong> in quella Casa da dove passano tutti i cantanti e i vip in citt\u00e0 per il festival.<\/p>\n<figure id=\"post-282462 media-282462\" class=\"align-none\"><img decoding=\"async\" src=\"https:\/\/www.intoscana.it\/wp-content\/uploads\/Carlotta-Marco-e-il-Supercane-Marley-e1681561536171.jpeg\" alt=\"\" \/><\/figure>\n<div class=\"titleimg\">Carlotta, Marco e il Supercane Marley &#8211; \u00a9 Pagina Fb Marley Supercane<\/div>\n<p>&#8220;<em>Per noi<\/em> &#8211; racconta Carlotta-<em> sar\u00e0 l&#8217;occasione per sensibilizzare le persone ad adottare cani con disabilit\u00e0. La storia di Marley sar\u00e0 inoltre raccontata nell&#8217;ambito della manifestazione Casa Sanremo Writers dedicata agli scrittori di libri. Una bella occasione per invitare il grande pubblico ad accogliere nella propria casa un animale anche se disabile&#8221;<\/em>.<\/p>\n<p>Un messaggio che si sta facendo strada sempre di pi\u00f9. Carlotta ha il polso della situazione proprio attraverso la <strong>pagina Facebook del Supercane<\/strong>: &#8220;<em>Di tanto in tanto postiamo l&#8217;annuncio per l&#8217;adozione di un cane disabile: i primi tempi c&#8217;erano 2-3 richieste. L&#8217;ultima volta 50 in un giorno. Tanti animali stanno trovando una famiglia&#8221;.<\/em><\/p>\n<p><iframe loading=\"lazy\" title=\"La vita a colori di Marley Supercane raccontata in un libro\" src=\"https:\/\/www.youtube.com\/embed\/Ez0fsTBwKl8\" width=\"914\" height=\"514\" frameborder=\"0\" allowfullscreen=\"allowfullscreen\"><\/iframe><\/p>\n<p><strong>Carlotta e Marco<\/strong> volevano donare a questo<strong> pastorino abbandonato al canile<\/strong> perch\u00e9 nato cieco un&#8217;esistenza felice e sono riusciti a regalargli <strong>una vita a colori<\/strong>. Pur essendo un cane mite, Marley si \u00e8 rivelato <strong>un guerriero sul campo<\/strong>. Deciso a raggiungere i suoi obiettivi e a non porsi limiti. Cos\u00ec Marley \u00e8 diventato <strong>cane molecolare<\/strong>, viene cio\u00e8 impiegato nella ricerca di persone scomparse.<\/p>\n<p>&#8220;<em>Rispetto ad altri cani potrebbe apparire svantaggiato ma Marley sopperisce alla mancanza della vista con il suo fiuto<\/em>&#8221; assicura Carlotta. La dimostrazione concreta di come <strong>la disabilit\u00e0<\/strong> \u00e8 talvolta pi\u00f9 nel giudizio di chi guarda piuttosto che alla prova dei fatti. Come Marley \u00e8 pronto a dimostrare ancora una volta sul palco di Casa Sanremo.<\/p>\n","protected":false},"excerpt":{"rendered":"<p>Il pastorino abbandonato al canile approda nella citt\u00e0 dei fiori durante il festival della canzone italiana per lanciare un messaggio di inclusivit\u00e0<\/p>\n","protected":false},"author":554,"featured_media":282464,"comment_status":"open","ping_status":"open","sticky":false,"template":"","format":"standard","meta":{"_acf_changed":false,"footnotes":""},"categories":[4],"tags":[4478,406,5592],"class_list":["post-317841","post","type-post","status-publish","format-standard","has-post-thumbnail","hentry","category-storie","tag-animali","tag-disabilita","tag-sanremo"],"acf":[],"yoast_head":"<!-- This site is optimized with the Yoast SEO Premium plugin v24.2 (Yoast SEO v25.6) - https:\/\/yoast.com\/wordpress\/plugins\/seo\/ -->\n<title>Marley il Supercane cieco ospite a Casa Sanremo - intoscana<\/title>\n<meta name=\"description\" content=\"Il pastorino abbandonato al canile approda nella citt\u00e0 dei fiori durante il festival per lanciare un messaggio di inclusivit\u00e0\" \/>\n<meta name=\"robots\" content=\"index, follow, max-snippet:-1, max-image-preview:large, max-video-preview:-1\" \/>\n<link rel=\"canonical\" href=\"https:\/\/www.intoscana.it\/it\/marley-il-supercane-cieco-ospite-a-casa-sanremo\/\" \/>\n<meta property=\"og:locale\" content=\"it_IT\" \/>\n<meta property=\"og:type\" content=\"article\" \/>\n<meta property=\"og:title\" content=\"Marley il Supercane cieco ospite a Casa Sanremo\" \/>\n<meta property=\"og:description\" content=\"Il pastorino abbandonato al canile approda nella citt\u00e0 dei fiori durante il festival per lanciare un messaggio di inclusivit\u00e0\" \/>\n<meta property=\"og:url\" content=\"https:\/\/www.intoscana.it\/it\/marley-il-supercane-cieco-ospite-a-casa-sanremo\/\" \/>\n<meta property=\"og:site_name\" content=\"intoscana\" \/>\n<meta property=\"article:publisher\" content=\"https:\/\/www.facebook.com\/intoscana.it\" \/>\n<meta property=\"article:published_time\" content=\"2023-12-05T16:02:21+00:00\" \/>\n<meta property=\"article:modified_time\" content=\"2024-01-02T10:57:21+00:00\" \/>\n<meta property=\"og:image\" content=\"https:\/\/www.intoscana.it\/wp-content\/uploads\/Marley-il-Supercane.jpeg\" \/>\n\t<meta property=\"og:image:width\" content=\"1536\" \/>\n\t<meta property=\"og:image:height\" content=\"2048\" \/>\n\t<meta property=\"og:image:type\" content=\"image\/jpeg\" \/>\n<meta name=\"author\" content=\"Raffaella Galamini\" \/>\n<meta name=\"twitter:card\" content=\"summary_large_image\" \/>\n<meta name=\"twitter:creator\" content=\"@orio\" \/>\n<meta name=\"twitter:site\" content=\"@intoscana\" \/>\n<meta name=\"twitter:label1\" content=\"Written by\" \/>\n\t<meta name=\"twitter:data1\" content=\"Raffaella Galamini\" \/>\n\t<meta name=\"twitter:label2\" content=\"Est. reading time\" \/>\n\t<meta name=\"twitter:data2\" content=\"2 minuti\" \/>\n<script type=\"application\/ld+json\" class=\"yoast-schema-graph\">{\"@context\":\"https:\/\/schema.org\",\"@graph\":[{\"@type\":\"WebPage\",\"@id\":\"https:\/\/www.intoscana.it\/it\/marley-il-supercane-cieco-ospite-a-casa-sanremo\/\",\"url\":\"https:\/\/www.intoscana.it\/it\/marley-il-supercane-cieco-ospite-a-casa-sanremo\/\",\"name\":\"Marley il Supercane cieco ospite a Casa Sanremo - intoscana\",\"isPartOf\":{\"@id\":\"https:\/\/www.intoscana.it\/it\/#website\"},\"primaryImageOfPage\":{\"@id\":\"https:\/\/www.intoscana.it\/it\/marley-il-supercane-cieco-ospite-a-casa-sanremo\/#primaryimage\"},\"image\":{\"@id\":\"https:\/\/www.intoscana.it\/it\/marley-il-supercane-cieco-ospite-a-casa-sanremo\/#primaryimage\"},\"thumbnailUrl\":\"https:\/\/www.intoscana.it\/wp-content\/uploads\/Marley-il-Supercane.jpeg\",\"datePublished\":\"2023-12-05T16:02:21+00:00\",\"dateModified\":\"2024-01-02T10:57:21+00:00\",\"author\":{\"@id\":\"https:\/\/www.intoscana.it\/it\/#\/schema\/person\/9eb9daa846a49fe51af39a73d9d1986b\"},\"description\":\"Il pastorino abbandonato al canile approda nella citt\u00e0 dei fiori durante il festival per lanciare un messaggio di inclusivit\u00e0\",\"breadcrumb\":{\"@id\":\"https:\/\/www.intoscana.it\/it\/marley-il-supercane-cieco-ospite-a-casa-sanremo\/#breadcrumb\"},\"inLanguage\":\"it-IT\",\"potentialAction\":[{\"@type\":\"ReadAction\",\"target\":[\"https:\/\/www.intoscana.it\/it\/marley-il-supercane-cieco-ospite-a-casa-sanremo\/\"]}]},{\"@type\":\"ImageObject\",\"inLanguage\":\"it-IT\",\"@id\":\"https:\/\/www.intoscana.it\/it\/marley-il-supercane-cieco-ospite-a-casa-sanremo\/#primaryimage\",\"url\":\"https:\/\/www.intoscana.it\/wp-content\/uploads\/Marley-il-Supercane.jpeg\",\"contentUrl\":\"https:\/\/www.intoscana.it\/wp-content\/uploads\/Marley-il-Supercane.jpeg\",\"width\":1536,\"height\":2048},{\"@type\":\"BreadcrumbList\",\"@id\":\"https:\/\/www.intoscana.it\/it\/marley-il-supercane-cieco-ospite-a-casa-sanremo\/#breadcrumb\",\"itemListElement\":[{\"@type\":\"ListItem\",\"position\":1,\"name\":\"Home\",\"item\":\"https:\/\/www.intoscana.it\/it\/\"},{\"@type\":\"ListItem\",\"position\":2,\"name\":\"Marley il Supercane cieco ospite a Casa Sanremo\"}]},{\"@type\":\"WebSite\",\"@id\":\"https:\/\/www.intoscana.it\/it\/#website\",\"url\":\"https:\/\/www.intoscana.it\/it\/\",\"name\":\"intoscana\",\"description\":\"\",\"potentialAction\":[{\"@type\":\"SearchAction\",\"target\":{\"@type\":\"EntryPoint\",\"urlTemplate\":\"https:\/\/www.intoscana.it\/it\/?s={search_term_string}\"},\"query-input\":{\"@type\":\"PropertyValueSpecification\",\"valueRequired\":true,\"valueName\":\"search_term_string\"}}],\"inLanguage\":\"it-IT\"},{\"@type\":\"Person\",\"@id\":\"https:\/\/www.intoscana.it\/it\/#\/schema\/person\/9eb9daa846a49fe51af39a73d9d1986b\",\"name\":\"Raffaella Galamini\",\"sameAs\":[\"https:\/\/x.com\/orio\"],\"url\":\"https:\/\/www.intoscana.it\/it\/author\/r-galamini\/\"}]}<\/script>\n<!-- \/ Yoast SEO Premium plugin. -->","yoast_head_json":{"title":"Marley il Supercane cieco ospite a Casa Sanremo - intoscana","description":"Il pastorino abbandonato al canile approda nella citt\u00e0 dei fiori durante il festival per lanciare un messaggio di inclusivit\u00e0","robots":{"index":"index","follow":"follow","max-snippet":"max-snippet:-1","max-image-preview":"max-image-preview:large","max-video-preview":"max-video-preview:-1"},"canonical":"https:\/\/www.intoscana.it\/it\/marley-il-supercane-cieco-ospite-a-casa-sanremo\/","og_locale":"it_IT","og_type":"article","og_title":"Marley il Supercane cieco ospite a Casa Sanremo","og_description":"Il pastorino abbandonato al canile approda nella citt\u00e0 dei fiori durante il festival per lanciare un messaggio di inclusivit\u00e0","og_url":"https:\/\/www.intoscana.it\/it\/marley-il-supercane-cieco-ospite-a-casa-sanremo\/","og_site_name":"intoscana","article_publisher":"https:\/\/www.facebook.com\/intoscana.it","article_published_time":"2023-12-05T16:02:21+00:00","article_modified_time":"2024-01-02T10:57:21+00:00","og_image":[{"width":1536,"height":2048,"url":"https:\/\/www.intoscana.it\/wp-content\/uploads\/Marley-il-Supercane.jpeg","type":"image\/jpeg"}],"author":"Raffaella Galamini","twitter_card":"summary_large_image","twitter_creator":"@orio","twitter_site":"@intoscana","twitter_misc":{"Written by":"Raffaella Galamini","Est. reading time":"2 minuti"},"schema":{"@context":"https:\/\/schema.org","@graph":[{"@type":"WebPage","@id":"https:\/\/www.intoscana.it\/it\/marley-il-supercane-cieco-ospite-a-casa-sanremo\/","url":"https:\/\/www.intoscana.it\/it\/marley-il-supercane-cieco-ospite-a-casa-sanremo\/","name":"Marley il Supercane cieco ospite a Casa Sanremo - intoscana","isPartOf":{"@id":"https:\/\/www.intoscana.it\/it\/#website"},"primaryImageOfPage":{"@id":"https:\/\/www.intoscana.it\/it\/marley-il-supercane-cieco-ospite-a-casa-sanremo\/#primaryimage"},"image":{"@id":"https:\/\/www.intoscana.it\/it\/marley-il-supercane-cieco-ospite-a-casa-sanremo\/#primaryimage"},"thumbnailUrl":"https:\/\/www.intoscana.it\/wp-content\/uploads\/Marley-il-Supercane.jpeg","datePublished":"2023-12-05T16:02:21+00:00","dateModified":"2024-01-02T10:57:21+00:00","author":{"@id":"https:\/\/www.intoscana.it\/it\/#\/schema\/person\/9eb9daa846a49fe51af39a73d9d1986b"},"description":"Il pastorino abbandonato al canile approda nella citt\u00e0 dei fiori durante il festival per lanciare un messaggio di inclusivit\u00e0","breadcrumb":{"@id":"https:\/\/www.intoscana.it\/it\/marley-il-supercane-cieco-ospite-a-casa-sanremo\/#breadcrumb"},"inLanguage":"it-IT","potentialAction":[{"@type":"ReadAction","target":["https:\/\/www.intoscana.it\/it\/marley-il-supercane-cieco-ospite-a-casa-sanremo\/"]}]},{"@type":"ImageObject","inLanguage":"it-IT","@id":"https:\/\/www.intoscana.it\/it\/marley-il-supercane-cieco-ospite-a-casa-sanremo\/#primaryimage","url":"https:\/\/www.intoscana.it\/wp-content\/uploads\/Marley-il-Supercane.jpeg","contentUrl":"https:\/\/www.intoscana.it\/wp-content\/uploads\/Marley-il-Supercane.jpeg","width":1536,"height":2048},{"@type":"BreadcrumbList","@id":"https:\/\/www.intoscana.it\/it\/marley-il-supercane-cieco-ospite-a-casa-sanremo\/#breadcrumb","itemListElement":[{"@type":"ListItem","position":1,"name":"Home","item":"https:\/\/www.intoscana.it\/it\/"},{"@type":"ListItem","position":2,"name":"Marley il Supercane cieco ospite a Casa Sanremo"}]},{"@type":"WebSite","@id":"https:\/\/www.intoscana.it\/it\/#website","url":"https:\/\/www.intoscana.it\/it\/","name":"intoscana","description":"","potentialAction":[{"@type":"SearchAction","target":{"@type":"EntryPoint","urlTemplate":"https:\/\/www.intoscana.it\/it\/?s={search_term_string}"},"query-input":{"@type":"PropertyValueSpecification","valueRequired":true,"valueName":"search_term_string"}}],"inLanguage":"it-IT"},{"@type":"Person","@id":"https:\/\/www.intoscana.it\/it\/#\/schema\/person\/9eb9daa846a49fe51af39a73d9d1986b","name":"Raffaella Galamini","sameAs":["https:\/\/x.com\/orio"],"url":"https:\/\/www.intoscana.it\/it\/author\/r-galamini\/"}]}},"_links":{"self":[{"href":"https:\/\/www.intoscana.it\/it\/wp-json\/wp\/v2\/posts\/317841","targetHints":{"allow":["GET"]}}],"collection":[{"href":"https:\/\/www.intoscana.it\/it\/wp-json\/wp\/v2\/posts"}],"about":[{"href":"https:\/\/www.intoscana.it\/it\/wp-json\/wp\/v2\/types\/post"}],"author":[{"embeddable":true,"href":"https:\/\/www.intoscana.it\/it\/wp-json\/wp\/v2\/users\/554"}],"replies":[{"embeddable":true,"href":"https:\/\/www.intoscana.it\/it\/wp-json\/wp\/v2\/comments?post=317841"}],"version-history":[{"count":0,"href":"https:\/\/www.intoscana.it\/it\/wp-json\/wp\/v2\/posts\/317841\/revisions"}],"wp:featuredmedia":[{"embeddable":true,"href":"https:\/\/www.intoscana.it\/it\/wp-json\/wp\/v2\/media\/282464"}],"wp:attachment":[{"href":"https:\/\/www.intoscana.it\/it\/wp-json\/wp\/v2\/media?parent=317841"}],"wp:term":[{"taxonomy":"category","embeddable":true,"href":"https:\/\/www.intoscana.it\/it\/wp-json\/wp\/v2\/categories?post=317841"},{"taxonomy":"post_tag","embeddable":true,"href":"https:\/\/www.intoscana.it\/it\/wp-json\/wp\/v2\/tags?post=317841"}],"curies":[{"name":"wp","href":"https:\/\/api.w.org\/{rel}","templated":true}]}}