{"id":317969,"date":"2023-12-06T13:58:14","date_gmt":"2023-12-06T12:58:14","guid":{"rendered":"https:\/\/www.intoscana.it\/it\/?p=317969"},"modified":"2023-12-06T14:31:57","modified_gmt":"2023-12-06T13:31:57","slug":"pisa-e-il-mondo-che-cambia-a-palazzo-blu-gli-ultimi-anni-del-900-negli-scatti-di-luciano-frassi","status":"publish","type":"post","link":"https:\/\/www.intoscana.it\/it\/pisa-e-il-mondo-che-cambia-a-palazzo-blu-gli-ultimi-anni-del-900-negli-scatti-di-luciano-frassi\/","title":{"rendered":"&#8220;Pisa e il mondo che cambia&#8221; a palazzo Blu gli ultimi anni del &#8216;900 negli scatti di Luciano Frassi"},"content":{"rendered":"<p><em><strong>\u201cFine Novecento. Pisa e il mondo che cambia\u201d<\/strong><\/em> \u00e8 il titolo della nuova mostra fotografica proposta da <strong>Palazzo Blu<\/strong> con le immagini tratte dall\u2019archivio dello <strong>storico fotoreporter pisano Luciano Frassi,<\/strong> archivio di propriet\u00e0 della Fondazione Pisa.<\/p>\n<p>La mostra, aperta <strong>dal 7 dicembre 2023 fino al 31 marzo 2024<\/strong>, prosegue un ciclo di racconti per immagini che rievoca <strong>la vita della citt\u00e0 dagli anni \u201820 fino alla fine del secolo passato.<\/strong><\/p>\n<p>L\u2019esposizione racconta <strong>gli ultimi trent\u2019anni del secolo scorso<\/strong> attraverso una selezione di immagini realizzate da <strong>Luciano Frassi che ha illustrato mezzo secolo di storia cittadina<\/strong> con migliaia di scatti, dalla cronaca nera a quella sportiva, dal costume agli eventi lieti e dolorosi della citt\u00e0.<\/p>\n<p>In quegli anni la citt\u00e0 di Pisa ha vissuto <strong>una stagione intensa, ricca di eventi di portata storica<\/strong> e di cambiamenti nel mondo e nel nostro paese che si rispecchiano in molte foto della mostra.<\/p>\n<p>Sono presenti in citt\u00e0 alcuni <strong>personaggi della politica internazionale e nazionale ed i principali avvenimenti storici<\/strong>, tra cui gli anni di piombo, del terrorismo e della malavita segnano passaggi importanti a Pisa.<\/p>\n<p>Sono inoltre ricordate <strong>personalit\u00e0 di ambito scientifico, della cultura e dello spettacolo,<\/strong> i cambiamenti urbanistici, la cronaca cittadina, <strong>il calcio di Romeo Anconetani e l\u2019allarme per il crollo della Torre pendente,<\/strong> di cui quest\u2019anno ricorrono gli 850 anni dalla posa della prima pietra.<\/p>\n<p>\u00c8 poi in quel periodo, nel giugno del 1989, che Pisa si arricchisce di una grande opera di arte contemporanea, la pi\u00f9 importante fra quelle realizzate in citt\u00e0 nel XX secolo, destinata ad assumere una fama internazionale:<strong> il murale di Keith Haring intitolato Tuttomondo.<\/strong><\/p>\n<p>La mostra \u00e8 aperta dal luned\u00ec al venerd\u00ec con orario 10 \u2013 19; il sabato, la domenica e nei festivi con orario 10 \u2013 20 (ultimo ingresso in mostra un\u2019ora prima della chiusura).<\/p>\n<figure id=\"post-317970 media-317970\" class=\"align-none\"><img decoding=\"async\" src=\"https:\/\/www.intoscana.it\/wp-content\/uploads\/1-PapaGiovanniPaolo-II.jpg\" alt=\"\" \/><\/figure>\n<div class=\"titleimg\">Papa Giovanni Paolo II<\/div>\n","protected":false},"excerpt":{"rendered":"<p>Luciano Frassi ha illustrato mezzo secolo di storia cittadina con migliaia di scatti, dalla cronaca nera a quella sportiva, dal costume agli eventi lieti e dolorosi della citt\u00e0<\/p>\n","protected":false},"author":525,"featured_media":317971,"comment_status":"open","ping_status":"open","sticky":false,"template":"","format":"standard","meta":{"_acf_changed":false,"footnotes":""},"categories":[493],"tags":[222,5382,203],"class_list":["post-317969","post","type-post","status-publish","format-standard","has-post-thumbnail","hentry","category-cultura","tag-mostre","tag-palazzo-blu","tag-pisa"],"acf":[],"yoast_head":"<!-- This site is optimized with the Yoast SEO Premium plugin v24.2 (Yoast SEO v25.6) - https:\/\/yoast.com\/wordpress\/plugins\/seo\/ -->\n<title>&quot;Pisa e il mondo che cambia&quot; a palazzo Blu gli ultimi anni del &#039;900 negli scatti di Luciano Frassi - intoscana<\/title>\n<meta name=\"description\" content=\"Luciano Frassi ha illustrato mezzo secolo di storia cittadina con migliaia di scatti, dalla cronaca nera a quella sportiva\" \/>\n<meta name=\"robots\" content=\"index, follow, max-snippet:-1, max-image-preview:large, max-video-preview:-1\" \/>\n<link rel=\"canonical\" href=\"https:\/\/www.intoscana.it\/it\/pisa-e-il-mondo-che-cambia-a-palazzo-blu-gli-ultimi-anni-del-900-negli-scatti-di-luciano-frassi\/\" \/>\n<meta property=\"og:locale\" content=\"it_IT\" \/>\n<meta property=\"og:type\" content=\"article\" \/>\n<meta property=\"og:title\" content=\"&quot;Pisa e il mondo che cambia&quot; a palazzo Blu gli ultimi anni del &#039;900 negli scatti di Luciano Frassi\" \/>\n<meta property=\"og:description\" content=\"Luciano Frassi ha illustrato mezzo secolo di storia cittadina con migliaia di scatti, dalla cronaca nera a quella sportiva\" \/>\n<meta property=\"og:url\" content=\"https:\/\/www.intoscana.it\/it\/pisa-e-il-mondo-che-cambia-a-palazzo-blu-gli-ultimi-anni-del-900-negli-scatti-di-luciano-frassi\/\" \/>\n<meta property=\"og:site_name\" content=\"intoscana\" \/>\n<meta property=\"article:publisher\" content=\"https:\/\/www.facebook.com\/intoscana.it\" \/>\n<meta property=\"article:published_time\" content=\"2023-12-06T12:58:14+00:00\" \/>\n<meta property=\"article:modified_time\" content=\"2023-12-06T13:31:57+00:00\" \/>\n<meta property=\"og:image\" content=\"https:\/\/www.intoscana.it\/wp-content\/uploads\/2-MuraleHaring.jpg\" \/>\n\t<meta property=\"og:image:width\" content=\"475\" \/>\n\t<meta property=\"og:image:height\" content=\"720\" \/>\n\t<meta property=\"og:image:type\" content=\"image\/jpeg\" \/>\n<meta name=\"author\" content=\"Redazione\" \/>\n<meta name=\"twitter:card\" content=\"summary_large_image\" \/>\n<meta name=\"twitter:creator\" content=\"@intoscana\" \/>\n<meta name=\"twitter:site\" content=\"@intoscana\" \/>\n<meta name=\"twitter:label1\" content=\"Written by\" \/>\n\t<meta name=\"twitter:data1\" content=\"Redazione\" \/>\n\t<meta name=\"twitter:label2\" content=\"Est. reading time\" \/>\n\t<meta name=\"twitter:data2\" content=\"1 minuto\" \/>\n<script type=\"application\/ld+json\" class=\"yoast-schema-graph\">{\"@context\":\"https:\/\/schema.org\",\"@graph\":[{\"@type\":\"WebPage\",\"@id\":\"https:\/\/www.intoscana.it\/it\/pisa-e-il-mondo-che-cambia-a-palazzo-blu-gli-ultimi-anni-del-900-negli-scatti-di-luciano-frassi\/\",\"url\":\"https:\/\/www.intoscana.it\/it\/pisa-e-il-mondo-che-cambia-a-palazzo-blu-gli-ultimi-anni-del-900-negli-scatti-di-luciano-frassi\/\",\"name\":\"\\\"Pisa e il mondo che cambia\\\" a palazzo Blu gli ultimi anni del '900 negli scatti di Luciano Frassi - intoscana\",\"isPartOf\":{\"@id\":\"https:\/\/www.intoscana.it\/it\/#website\"},\"primaryImageOfPage\":{\"@id\":\"https:\/\/www.intoscana.it\/it\/pisa-e-il-mondo-che-cambia-a-palazzo-blu-gli-ultimi-anni-del-900-negli-scatti-di-luciano-frassi\/#primaryimage\"},\"image\":{\"@id\":\"https:\/\/www.intoscana.it\/it\/pisa-e-il-mondo-che-cambia-a-palazzo-blu-gli-ultimi-anni-del-900-negli-scatti-di-luciano-frassi\/#primaryimage\"},\"thumbnailUrl\":\"https:\/\/www.intoscana.it\/wp-content\/uploads\/2-MuraleHaring.jpg\",\"datePublished\":\"2023-12-06T12:58:14+00:00\",\"dateModified\":\"2023-12-06T13:31:57+00:00\",\"author\":{\"@id\":\"https:\/\/www.intoscana.it\/it\/#\/schema\/person\/9223810753230f20bd670fdd322661f8\"},\"description\":\"Luciano Frassi ha illustrato mezzo secolo di storia cittadina con migliaia di scatti, dalla cronaca nera a quella sportiva\",\"breadcrumb\":{\"@id\":\"https:\/\/www.intoscana.it\/it\/pisa-e-il-mondo-che-cambia-a-palazzo-blu-gli-ultimi-anni-del-900-negli-scatti-di-luciano-frassi\/#breadcrumb\"},\"inLanguage\":\"it-IT\",\"potentialAction\":[{\"@type\":\"ReadAction\",\"target\":[\"https:\/\/www.intoscana.it\/it\/pisa-e-il-mondo-che-cambia-a-palazzo-blu-gli-ultimi-anni-del-900-negli-scatti-di-luciano-frassi\/\"]}]},{\"@type\":\"ImageObject\",\"inLanguage\":\"it-IT\",\"@id\":\"https:\/\/www.intoscana.it\/it\/pisa-e-il-mondo-che-cambia-a-palazzo-blu-gli-ultimi-anni-del-900-negli-scatti-di-luciano-frassi\/#primaryimage\",\"url\":\"https:\/\/www.intoscana.it\/wp-content\/uploads\/2-MuraleHaring.jpg\",\"contentUrl\":\"https:\/\/www.intoscana.it\/wp-content\/uploads\/2-MuraleHaring.jpg\",\"width\":475,\"height\":720,\"caption\":\"Il Murale di Keith Haring a Pisa\"},{\"@type\":\"BreadcrumbList\",\"@id\":\"https:\/\/www.intoscana.it\/it\/pisa-e-il-mondo-che-cambia-a-palazzo-blu-gli-ultimi-anni-del-900-negli-scatti-di-luciano-frassi\/#breadcrumb\",\"itemListElement\":[{\"@type\":\"ListItem\",\"position\":1,\"name\":\"Home\",\"item\":\"https:\/\/www.intoscana.it\/it\/\"},{\"@type\":\"ListItem\",\"position\":2,\"name\":\"&#8220;Pisa e il mondo che cambia&#8221; a palazzo Blu gli ultimi anni del &#8216;900 negli scatti di Luciano Frassi\"}]},{\"@type\":\"WebSite\",\"@id\":\"https:\/\/www.intoscana.it\/it\/#website\",\"url\":\"https:\/\/www.intoscana.it\/it\/\",\"name\":\"intoscana\",\"description\":\"\",\"potentialAction\":[{\"@type\":\"SearchAction\",\"target\":{\"@type\":\"EntryPoint\",\"urlTemplate\":\"https:\/\/www.intoscana.it\/it\/?s={search_term_string}\"},\"query-input\":{\"@type\":\"PropertyValueSpecification\",\"valueRequired\":true,\"valueName\":\"search_term_string\"}}],\"inLanguage\":\"it-IT\"},{\"@type\":\"Person\",\"@id\":\"https:\/\/www.intoscana.it\/it\/#\/schema\/person\/9223810753230f20bd670fdd322661f8\",\"name\":\"Redazione\",\"url\":\"https:\/\/www.intoscana.it\/it\/author\/redazione\/\"}]}<\/script>\n<!-- \/ Yoast SEO Premium plugin. -->","yoast_head_json":{"title":"\"Pisa e il mondo che cambia\" a palazzo Blu gli ultimi anni del '900 negli scatti di Luciano Frassi - intoscana","description":"Luciano Frassi ha illustrato mezzo secolo di storia cittadina con migliaia di scatti, dalla cronaca nera a quella sportiva","robots":{"index":"index","follow":"follow","max-snippet":"max-snippet:-1","max-image-preview":"max-image-preview:large","max-video-preview":"max-video-preview:-1"},"canonical":"https:\/\/www.intoscana.it\/it\/pisa-e-il-mondo-che-cambia-a-palazzo-blu-gli-ultimi-anni-del-900-negli-scatti-di-luciano-frassi\/","og_locale":"it_IT","og_type":"article","og_title":"\"Pisa e il mondo che cambia\" a palazzo Blu gli ultimi anni del '900 negli scatti di Luciano Frassi","og_description":"Luciano Frassi ha illustrato mezzo secolo di storia cittadina con migliaia di scatti, dalla cronaca nera a quella sportiva","og_url":"https:\/\/www.intoscana.it\/it\/pisa-e-il-mondo-che-cambia-a-palazzo-blu-gli-ultimi-anni-del-900-negli-scatti-di-luciano-frassi\/","og_site_name":"intoscana","article_publisher":"https:\/\/www.facebook.com\/intoscana.it","article_published_time":"2023-12-06T12:58:14+00:00","article_modified_time":"2023-12-06T13:31:57+00:00","og_image":[{"width":475,"height":720,"url":"https:\/\/www.intoscana.it\/wp-content\/uploads\/2-MuraleHaring.jpg","type":"image\/jpeg"}],"author":"Redazione","twitter_card":"summary_large_image","twitter_creator":"@intoscana","twitter_site":"@intoscana","twitter_misc":{"Written by":"Redazione","Est. reading time":"1 minuto"},"schema":{"@context":"https:\/\/schema.org","@graph":[{"@type":"WebPage","@id":"https:\/\/www.intoscana.it\/it\/pisa-e-il-mondo-che-cambia-a-palazzo-blu-gli-ultimi-anni-del-900-negli-scatti-di-luciano-frassi\/","url":"https:\/\/www.intoscana.it\/it\/pisa-e-il-mondo-che-cambia-a-palazzo-blu-gli-ultimi-anni-del-900-negli-scatti-di-luciano-frassi\/","name":"\"Pisa e il mondo che cambia\" a palazzo Blu gli ultimi anni del '900 negli scatti di Luciano Frassi - intoscana","isPartOf":{"@id":"https:\/\/www.intoscana.it\/it\/#website"},"primaryImageOfPage":{"@id":"https:\/\/www.intoscana.it\/it\/pisa-e-il-mondo-che-cambia-a-palazzo-blu-gli-ultimi-anni-del-900-negli-scatti-di-luciano-frassi\/#primaryimage"},"image":{"@id":"https:\/\/www.intoscana.it\/it\/pisa-e-il-mondo-che-cambia-a-palazzo-blu-gli-ultimi-anni-del-900-negli-scatti-di-luciano-frassi\/#primaryimage"},"thumbnailUrl":"https:\/\/www.intoscana.it\/wp-content\/uploads\/2-MuraleHaring.jpg","datePublished":"2023-12-06T12:58:14+00:00","dateModified":"2023-12-06T13:31:57+00:00","author":{"@id":"https:\/\/www.intoscana.it\/it\/#\/schema\/person\/9223810753230f20bd670fdd322661f8"},"description":"Luciano Frassi ha illustrato mezzo secolo di storia cittadina con migliaia di scatti, dalla cronaca nera a quella sportiva","breadcrumb":{"@id":"https:\/\/www.intoscana.it\/it\/pisa-e-il-mondo-che-cambia-a-palazzo-blu-gli-ultimi-anni-del-900-negli-scatti-di-luciano-frassi\/#breadcrumb"},"inLanguage":"it-IT","potentialAction":[{"@type":"ReadAction","target":["https:\/\/www.intoscana.it\/it\/pisa-e-il-mondo-che-cambia-a-palazzo-blu-gli-ultimi-anni-del-900-negli-scatti-di-luciano-frassi\/"]}]},{"@type":"ImageObject","inLanguage":"it-IT","@id":"https:\/\/www.intoscana.it\/it\/pisa-e-il-mondo-che-cambia-a-palazzo-blu-gli-ultimi-anni-del-900-negli-scatti-di-luciano-frassi\/#primaryimage","url":"https:\/\/www.intoscana.it\/wp-content\/uploads\/2-MuraleHaring.jpg","contentUrl":"https:\/\/www.intoscana.it\/wp-content\/uploads\/2-MuraleHaring.jpg","width":475,"height":720,"caption":"Il Murale di Keith Haring a Pisa"},{"@type":"BreadcrumbList","@id":"https:\/\/www.intoscana.it\/it\/pisa-e-il-mondo-che-cambia-a-palazzo-blu-gli-ultimi-anni-del-900-negli-scatti-di-luciano-frassi\/#breadcrumb","itemListElement":[{"@type":"ListItem","position":1,"name":"Home","item":"https:\/\/www.intoscana.it\/it\/"},{"@type":"ListItem","position":2,"name":"&#8220;Pisa e il mondo che cambia&#8221; a palazzo Blu gli ultimi anni del &#8216;900 negli scatti di Luciano Frassi"}]},{"@type":"WebSite","@id":"https:\/\/www.intoscana.it\/it\/#website","url":"https:\/\/www.intoscana.it\/it\/","name":"intoscana","description":"","potentialAction":[{"@type":"SearchAction","target":{"@type":"EntryPoint","urlTemplate":"https:\/\/www.intoscana.it\/it\/?s={search_term_string}"},"query-input":{"@type":"PropertyValueSpecification","valueRequired":true,"valueName":"search_term_string"}}],"inLanguage":"it-IT"},{"@type":"Person","@id":"https:\/\/www.intoscana.it\/it\/#\/schema\/person\/9223810753230f20bd670fdd322661f8","name":"Redazione","url":"https:\/\/www.intoscana.it\/it\/author\/redazione\/"}]}},"_links":{"self":[{"href":"https:\/\/www.intoscana.it\/it\/wp-json\/wp\/v2\/posts\/317969","targetHints":{"allow":["GET"]}}],"collection":[{"href":"https:\/\/www.intoscana.it\/it\/wp-json\/wp\/v2\/posts"}],"about":[{"href":"https:\/\/www.intoscana.it\/it\/wp-json\/wp\/v2\/types\/post"}],"author":[{"embeddable":true,"href":"https:\/\/www.intoscana.it\/it\/wp-json\/wp\/v2\/users\/525"}],"replies":[{"embeddable":true,"href":"https:\/\/www.intoscana.it\/it\/wp-json\/wp\/v2\/comments?post=317969"}],"version-history":[{"count":0,"href":"https:\/\/www.intoscana.it\/it\/wp-json\/wp\/v2\/posts\/317969\/revisions"}],"wp:featuredmedia":[{"embeddable":true,"href":"https:\/\/www.intoscana.it\/it\/wp-json\/wp\/v2\/media\/317971"}],"wp:attachment":[{"href":"https:\/\/www.intoscana.it\/it\/wp-json\/wp\/v2\/media?parent=317969"}],"wp:term":[{"taxonomy":"category","embeddable":true,"href":"https:\/\/www.intoscana.it\/it\/wp-json\/wp\/v2\/categories?post=317969"},{"taxonomy":"post_tag","embeddable":true,"href":"https:\/\/www.intoscana.it\/it\/wp-json\/wp\/v2\/tags?post=317969"}],"curies":[{"name":"wp","href":"https:\/\/api.w.org\/{rel}","templated":true}]}}