{"id":318179,"date":"2023-12-09T09:24:33","date_gmt":"2023-12-09T08:24:33","guid":{"rendered":"https:\/\/www.intoscana.it\/it\/?p=318179"},"modified":"2023-12-12T10:57:10","modified_gmt":"2023-12-12T09:57:10","slug":"florence-eye-ruota-panoramica-firenze","status":"publish","type":"post","link":"https:\/\/www.intoscana.it\/it\/florence-eye-ruota-panoramica-firenze\/","title":{"rendered":"Inaugurata Florence Eye, la grande ruota panoramica al Parco delle Cascine"},"content":{"rendered":"<p>Taglio del nastro di ieri mattina per <b><span lang=\"ES-TRAD\">Florence Eye, la ruota panoramica all&#8217;ingresso <\/span><\/b><span lang=\"ES-TRAD\">del Parco delle Cascine a Firenze insieme a un grande <\/span>\u00a0villaggio natalizio.<\/p>\n<h3>La ruota pi\u00f9 alta d&#8217;Italia e il villaggio natalizio<\/h3>\n<p><span lang=\"ES-TRAD\">La<\/span>\u00a0ruota panoramica pi\u00f9 alta d<span dir=\"RTL\" lang=\"AR-SA\">\u2019<\/span>Italia\u00a0con i suoi 55 metri di altezza torna a disegnare lo skyline della citt<span lang=\"ES-TRAD\">\u00e0\u00a0<\/span>e rimarr<span lang=\"ES-TRAD\">\u00e0\u00a0<\/span>straordinariamente fruibile fino sl<b>\u00a010 giugno 2024<\/b>.<\/p>\n<p>Insieme alla ruota, <mark>dall<span dir=\"RTL\" lang=\"AR-SA\">\u2019<\/span>8 dicembre al 15 gennaio, prendono vita una serie di attivit<span lang=\"ES-TRAD\">\u00e0 pi<\/span>\u00f9 natalizie, come la\u00a0grande\u00a0pista di pattinaggio su ghiaccio pronta a far divertire grandi e piccini, <\/mark>sportivi e semplici appassionati. Alle due principali attrazioni si aggiungono poi anche il <b>luminoso albero di Natale<\/b>\u00a0alto 11 metri e\u00a0<b>la slitta di Babbo Natale<\/b>, ideata per far vivere una magica avventura natalizia grazie a degli speciali visori che permetteranno di\u00a0<span dir=\"RTL\" lang=\"AR-SA\">\u201c<\/span>volare<span lang=\"ES-TRAD\">\u201d\u00a0<\/span>sopra il villaggio di Babbo Natale.<span lang=\"ES-TRAD\">\u00a0<\/span><\/p>\n<p>Il Parco delle Cascine si trasforma cos<span lang=\"ES-TRAD\">\u00ec\u00a0<\/span>nel villaggio delle feste fiorentine con l<span dir=\"RTL\" lang=\"AR-SA\">\u2019<\/span>intento di\u00a0accrescere lo spirito di comunit<span lang=\"ES-TRAD\">\u00e0\u00a0<\/span>e di aggregazione all<span dir=\"RTL\" lang=\"AR-SA\">\u2019<\/span>interno del polmone\u00a0<span class=\"il\">verde<\/span>\u00a0della citt<span lang=\"ES-TRAD\">\u00e0<\/span>. Particolare attenzione \u00e8 riservata a bambini, giovani e famiglie grazie alle grandi attrazioni e alle altre attivit<span lang=\"ES-TRAD\">\u00e0\u00a0<\/span>che animeranno piazza Vittorio Veneto, un vero e proprio <strong>villaggio natalizio<\/strong>. In programma, il <b>mercatino<\/b>\u00a0degli artigiani, un<span dir=\"RTL\" lang=\"AR-SA\">\u2019<\/span><b><span lang=\"EN-US\">area food<\/span><\/b>\u00a0dedicata alla somministrazione di alimenti e bevande come caldarroste, crepes, vin brul\u00e8 e dolciumi vari e infine,\u00a0<b>spettacoli<\/b>\u00a0circensi con acrobati di strada, rappresentazioni teatrali e animazioni per i pi\u00f9 piccoli.<\/p>\n<h3>Florence Eye \u00e8 ecosostenibile<\/h3>\n<p>Il tutto condito da arredi scenografici e addobbi natalizi per creare un<span dir=\"RTL\" lang=\"AR-SA\">\u2019<\/span>atmosfera calda e accogliente ma attenta alla sostenibilit<span lang=\"ES-TRAD\">\u00e0\u00a0<\/span>ambientale:<mark>Florence Eye \u00e8 infatti alimentato attraverso energia eolica e solare. <\/mark>\u00c8 <b><span lang=\"PT\">Frisbi Energia<\/span><\/b>, startup innovativa fiorentina ad alimentare Florence Eye e le attrazioni attigue. L<span dir=\"RTL\" lang=\"AR-SA\">\u2019<\/span>intero villaggio \u00e8 alimentato con energia prodotta in Italia da impianti fotovoltaici ed eolici; Frisbi fornir<span lang=\"ES-TRAD\">\u00e0\u0300 l<\/span><span dir=\"RTL\" lang=\"AR-SA\">\u2019<\/span>energia necessaria non solo all<span dir=\"RTL\" lang=\"AR-SA\">\u2019<\/span>attivit\u00e0 della ruota, ma di tutto il parco a tema, compresa la pista di pattinaggio sul ghiaccio.<\/p>\n<p><i><span dir=\"RTL\" lang=\"AR-SA\">\u201c<\/span><\/i><i>Una doppia bellissima novit<\/i><i><span lang=\"ES-TRAD\">\u00e0\u00a0<\/span><\/i><i>quest<\/i><i><span dir=\"RTL\" lang=\"AR-SA\">\u2019<\/span><\/i><i>anno per la ruota panoramica che si sposta alle Cascine<\/i>\u00a0&#8211; ha detto il sindaco\u00a0<b>Dario Nardella<\/b><span lang=\"RU\"> durante l&#8217;inaugurazione-<\/span>,\u00a0<i>sia perch<\/i><i><span lang=\"FR\">\u00e9\u00a0<\/span><\/i><i>alla Fortezza abbiamo i lavori per il sottoattraversamento, sia perch<\/i><i><span lang=\"FR\">\u00e9\u00a0<\/span><\/i><i>vogliamo dare un segnale: le Cascine sono dei fiorentini e ce le vogliamo riprendere. Lo facciamo anche con iniziative come questa, perch<\/i><i><span lang=\"FR\">\u00e9\u00a0<\/span><\/i><i>dove c\u2019\u00e8 cultura, dove ci sono le famiglie, c\u2019\u00e8 un vero presidio sociale come contrasto ai problemi della sicurezza. L<\/i><i><span dir=\"RTL\" lang=\"AR-SA\">\u2019<\/span><\/i><i>altra novit\u00e0 \u00e8 che questa ruota rimarr<\/i><i><span lang=\"ES-TRAD\">\u00e0\u00a0<\/span><\/i><i>per molto tempo, fino a giugno. Abbiamo deciso insieme alla sovrintendente Ranaldi e al sottosegretario Sgarbi di tenerla pi\u00f9 a lungo, anche visto il successo degli ultimi due anni. Sar\u00e0 un modo anche per attrarre i turisti fuori dal centro storico e spalmare i flussi fuori dalle aree tradizionali della citt\u00e0<\/i><i><span lang=\"ES-TRAD\">\u201d<\/span><\/i><span lang=\"ES-TRAD\">.<\/span><\/p>\n","protected":false},"excerpt":{"rendered":"<p>Dall\u20198 dicembre al 10 giugno\u00a0 sar\u00e0 possibile ammirare la citt\u00e0 dall&#8217;alto e fino al 15 gennaio ci sar\u00e0 anche il villaggio natalizio, con tante attrazioni per grandi e piccini<\/p>\n","protected":false},"author":525,"featured_media":318185,"comment_status":"open","ping_status":"open","sticky":false,"template":"","format":"standard","meta":{"_acf_changed":false,"footnotes":""},"categories":[494],"tags":[202,409],"class_list":["post-318179","post","type-post","status-publish","format-standard","has-post-thumbnail","hentry","category-attualita","tag-firenze","tag-natale"],"acf":[],"yoast_head":"<!-- This site is optimized with the Yoast SEO Premium plugin v24.2 (Yoast SEO v25.6) - https:\/\/yoast.com\/wordpress\/plugins\/seo\/ -->\n<title>Inaugurata Florence Eye, la grande ruota panoramica al Parco delle Cascine - intoscana<\/title>\n<meta name=\"description\" content=\"Inaugurata ieri al Parco delle Cascine Florence Eye, la ruota panoramica pi\u00f9 alta d&#039;Italia che rester\u00e0 fruibile fino al prossimo giugno.\" \/>\n<meta name=\"robots\" content=\"index, follow, max-snippet:-1, max-image-preview:large, max-video-preview:-1\" \/>\n<link rel=\"canonical\" href=\"https:\/\/www.intoscana.it\/it\/florence-eye-ruota-panoramica-firenze\/\" \/>\n<meta property=\"og:locale\" content=\"it_IT\" \/>\n<meta property=\"og:type\" content=\"article\" \/>\n<meta property=\"og:title\" content=\"Inaugurata Florence Eye, la grande ruota panoramica al Parco delle Cascine\" \/>\n<meta property=\"og:description\" content=\"Inaugurata ieri al Parco delle Cascine Florence Eye, la ruota panoramica pi\u00f9 alta d&#039;Italia che rester\u00e0 fruibile fino al prossimo giugno.\" \/>\n<meta property=\"og:url\" content=\"https:\/\/www.intoscana.it\/it\/florence-eye-ruota-panoramica-firenze\/\" \/>\n<meta property=\"og:site_name\" content=\"intoscana\" \/>\n<meta property=\"article:publisher\" content=\"https:\/\/www.facebook.com\/intoscana.it\" \/>\n<meta property=\"article:published_time\" content=\"2023-12-09T08:24:33+00:00\" \/>\n<meta property=\"article:modified_time\" content=\"2023-12-12T09:57:10+00:00\" \/>\n<meta property=\"og:image\" content=\"https:\/\/www.intoscana.it\/wp-content\/uploads\/Florence-Eye_4.jpg\" \/>\n\t<meta property=\"og:image:width\" content=\"1920\" \/>\n\t<meta property=\"og:image:height\" content=\"1280\" \/>\n\t<meta property=\"og:image:type\" content=\"image\/jpeg\" \/>\n<meta name=\"author\" content=\"Redazione\" \/>\n<meta name=\"twitter:card\" content=\"summary_large_image\" \/>\n<meta name=\"twitter:creator\" content=\"@intoscana\" \/>\n<meta name=\"twitter:site\" content=\"@intoscana\" \/>\n<meta name=\"twitter:label1\" content=\"Written by\" \/>\n\t<meta name=\"twitter:data1\" content=\"Redazione\" \/>\n\t<meta name=\"twitter:label2\" content=\"Est. reading time\" \/>\n\t<meta name=\"twitter:data2\" content=\"2 minuti\" \/>\n<script type=\"application\/ld+json\" class=\"yoast-schema-graph\">{\"@context\":\"https:\/\/schema.org\",\"@graph\":[{\"@type\":\"WebPage\",\"@id\":\"https:\/\/www.intoscana.it\/it\/florence-eye-ruota-panoramica-firenze\/\",\"url\":\"https:\/\/www.intoscana.it\/it\/florence-eye-ruota-panoramica-firenze\/\",\"name\":\"Inaugurata Florence Eye, la grande ruota panoramica al Parco delle Cascine - intoscana\",\"isPartOf\":{\"@id\":\"https:\/\/www.intoscana.it\/it\/#website\"},\"primaryImageOfPage\":{\"@id\":\"https:\/\/www.intoscana.it\/it\/florence-eye-ruota-panoramica-firenze\/#primaryimage\"},\"image\":{\"@id\":\"https:\/\/www.intoscana.it\/it\/florence-eye-ruota-panoramica-firenze\/#primaryimage\"},\"thumbnailUrl\":\"https:\/\/www.intoscana.it\/wp-content\/uploads\/Florence-Eye_4.jpg\",\"datePublished\":\"2023-12-09T08:24:33+00:00\",\"dateModified\":\"2023-12-12T09:57:10+00:00\",\"author\":{\"@id\":\"https:\/\/www.intoscana.it\/it\/#\/schema\/person\/9223810753230f20bd670fdd322661f8\"},\"description\":\"Inaugurata ieri al Parco delle Cascine Florence Eye, la ruota panoramica pi\u00f9 alta d'Italia che rester\u00e0 fruibile fino al prossimo giugno.\",\"breadcrumb\":{\"@id\":\"https:\/\/www.intoscana.it\/it\/florence-eye-ruota-panoramica-firenze\/#breadcrumb\"},\"inLanguage\":\"it-IT\",\"potentialAction\":[{\"@type\":\"ReadAction\",\"target\":[\"https:\/\/www.intoscana.it\/it\/florence-eye-ruota-panoramica-firenze\/\"]}]},{\"@type\":\"ImageObject\",\"inLanguage\":\"it-IT\",\"@id\":\"https:\/\/www.intoscana.it\/it\/florence-eye-ruota-panoramica-firenze\/#primaryimage\",\"url\":\"https:\/\/www.intoscana.it\/wp-content\/uploads\/Florence-Eye_4.jpg\",\"contentUrl\":\"https:\/\/www.intoscana.it\/wp-content\/uploads\/Florence-Eye_4.jpg\",\"width\":1920,\"height\":1280,\"caption\":\"Florence Eye\"},{\"@type\":\"BreadcrumbList\",\"@id\":\"https:\/\/www.intoscana.it\/it\/florence-eye-ruota-panoramica-firenze\/#breadcrumb\",\"itemListElement\":[{\"@type\":\"ListItem\",\"position\":1,\"name\":\"Home\",\"item\":\"https:\/\/www.intoscana.it\/it\/\"},{\"@type\":\"ListItem\",\"position\":2,\"name\":\"Inaugurata Florence Eye, la grande ruota panoramica al Parco delle Cascine\"}]},{\"@type\":\"WebSite\",\"@id\":\"https:\/\/www.intoscana.it\/it\/#website\",\"url\":\"https:\/\/www.intoscana.it\/it\/\",\"name\":\"intoscana\",\"description\":\"\",\"potentialAction\":[{\"@type\":\"SearchAction\",\"target\":{\"@type\":\"EntryPoint\",\"urlTemplate\":\"https:\/\/www.intoscana.it\/it\/?s={search_term_string}\"},\"query-input\":{\"@type\":\"PropertyValueSpecification\",\"valueRequired\":true,\"valueName\":\"search_term_string\"}}],\"inLanguage\":\"it-IT\"},{\"@type\":\"Person\",\"@id\":\"https:\/\/www.intoscana.it\/it\/#\/schema\/person\/9223810753230f20bd670fdd322661f8\",\"name\":\"Redazione\",\"url\":\"https:\/\/www.intoscana.it\/it\/author\/redazione\/\"}]}<\/script>\n<!-- \/ Yoast SEO Premium plugin. -->","yoast_head_json":{"title":"Inaugurata Florence Eye, la grande ruota panoramica al Parco delle Cascine - intoscana","description":"Inaugurata ieri al Parco delle Cascine Florence Eye, la ruota panoramica pi\u00f9 alta d'Italia che rester\u00e0 fruibile fino al prossimo giugno.","robots":{"index":"index","follow":"follow","max-snippet":"max-snippet:-1","max-image-preview":"max-image-preview:large","max-video-preview":"max-video-preview:-1"},"canonical":"https:\/\/www.intoscana.it\/it\/florence-eye-ruota-panoramica-firenze\/","og_locale":"it_IT","og_type":"article","og_title":"Inaugurata Florence Eye, la grande ruota panoramica al Parco delle Cascine","og_description":"Inaugurata ieri al Parco delle Cascine Florence Eye, la ruota panoramica pi\u00f9 alta d'Italia che rester\u00e0 fruibile fino al prossimo giugno.","og_url":"https:\/\/www.intoscana.it\/it\/florence-eye-ruota-panoramica-firenze\/","og_site_name":"intoscana","article_publisher":"https:\/\/www.facebook.com\/intoscana.it","article_published_time":"2023-12-09T08:24:33+00:00","article_modified_time":"2023-12-12T09:57:10+00:00","og_image":[{"width":1920,"height":1280,"url":"https:\/\/www.intoscana.it\/wp-content\/uploads\/Florence-Eye_4.jpg","type":"image\/jpeg"}],"author":"Redazione","twitter_card":"summary_large_image","twitter_creator":"@intoscana","twitter_site":"@intoscana","twitter_misc":{"Written by":"Redazione","Est. reading time":"2 minuti"},"schema":{"@context":"https:\/\/schema.org","@graph":[{"@type":"WebPage","@id":"https:\/\/www.intoscana.it\/it\/florence-eye-ruota-panoramica-firenze\/","url":"https:\/\/www.intoscana.it\/it\/florence-eye-ruota-panoramica-firenze\/","name":"Inaugurata Florence Eye, la grande ruota panoramica al Parco delle Cascine - intoscana","isPartOf":{"@id":"https:\/\/www.intoscana.it\/it\/#website"},"primaryImageOfPage":{"@id":"https:\/\/www.intoscana.it\/it\/florence-eye-ruota-panoramica-firenze\/#primaryimage"},"image":{"@id":"https:\/\/www.intoscana.it\/it\/florence-eye-ruota-panoramica-firenze\/#primaryimage"},"thumbnailUrl":"https:\/\/www.intoscana.it\/wp-content\/uploads\/Florence-Eye_4.jpg","datePublished":"2023-12-09T08:24:33+00:00","dateModified":"2023-12-12T09:57:10+00:00","author":{"@id":"https:\/\/www.intoscana.it\/it\/#\/schema\/person\/9223810753230f20bd670fdd322661f8"},"description":"Inaugurata ieri al Parco delle Cascine Florence Eye, la ruota panoramica pi\u00f9 alta d'Italia che rester\u00e0 fruibile fino al prossimo giugno.","breadcrumb":{"@id":"https:\/\/www.intoscana.it\/it\/florence-eye-ruota-panoramica-firenze\/#breadcrumb"},"inLanguage":"it-IT","potentialAction":[{"@type":"ReadAction","target":["https:\/\/www.intoscana.it\/it\/florence-eye-ruota-panoramica-firenze\/"]}]},{"@type":"ImageObject","inLanguage":"it-IT","@id":"https:\/\/www.intoscana.it\/it\/florence-eye-ruota-panoramica-firenze\/#primaryimage","url":"https:\/\/www.intoscana.it\/wp-content\/uploads\/Florence-Eye_4.jpg","contentUrl":"https:\/\/www.intoscana.it\/wp-content\/uploads\/Florence-Eye_4.jpg","width":1920,"height":1280,"caption":"Florence Eye"},{"@type":"BreadcrumbList","@id":"https:\/\/www.intoscana.it\/it\/florence-eye-ruota-panoramica-firenze\/#breadcrumb","itemListElement":[{"@type":"ListItem","position":1,"name":"Home","item":"https:\/\/www.intoscana.it\/it\/"},{"@type":"ListItem","position":2,"name":"Inaugurata Florence Eye, la grande ruota panoramica al Parco delle Cascine"}]},{"@type":"WebSite","@id":"https:\/\/www.intoscana.it\/it\/#website","url":"https:\/\/www.intoscana.it\/it\/","name":"intoscana","description":"","potentialAction":[{"@type":"SearchAction","target":{"@type":"EntryPoint","urlTemplate":"https:\/\/www.intoscana.it\/it\/?s={search_term_string}"},"query-input":{"@type":"PropertyValueSpecification","valueRequired":true,"valueName":"search_term_string"}}],"inLanguage":"it-IT"},{"@type":"Person","@id":"https:\/\/www.intoscana.it\/it\/#\/schema\/person\/9223810753230f20bd670fdd322661f8","name":"Redazione","url":"https:\/\/www.intoscana.it\/it\/author\/redazione\/"}]}},"_links":{"self":[{"href":"https:\/\/www.intoscana.it\/it\/wp-json\/wp\/v2\/posts\/318179","targetHints":{"allow":["GET"]}}],"collection":[{"href":"https:\/\/www.intoscana.it\/it\/wp-json\/wp\/v2\/posts"}],"about":[{"href":"https:\/\/www.intoscana.it\/it\/wp-json\/wp\/v2\/types\/post"}],"author":[{"embeddable":true,"href":"https:\/\/www.intoscana.it\/it\/wp-json\/wp\/v2\/users\/525"}],"replies":[{"embeddable":true,"href":"https:\/\/www.intoscana.it\/it\/wp-json\/wp\/v2\/comments?post=318179"}],"version-history":[{"count":0,"href":"https:\/\/www.intoscana.it\/it\/wp-json\/wp\/v2\/posts\/318179\/revisions"}],"wp:featuredmedia":[{"embeddable":true,"href":"https:\/\/www.intoscana.it\/it\/wp-json\/wp\/v2\/media\/318185"}],"wp:attachment":[{"href":"https:\/\/www.intoscana.it\/it\/wp-json\/wp\/v2\/media?parent=318179"}],"wp:term":[{"taxonomy":"category","embeddable":true,"href":"https:\/\/www.intoscana.it\/it\/wp-json\/wp\/v2\/categories?post=318179"},{"taxonomy":"post_tag","embeddable":true,"href":"https:\/\/www.intoscana.it\/it\/wp-json\/wp\/v2\/tags?post=318179"}],"curies":[{"name":"wp","href":"https:\/\/api.w.org\/{rel}","templated":true}]}}