{"id":318432,"date":"2023-12-11T15:05:13","date_gmt":"2023-12-11T14:05:13","guid":{"rendered":"https:\/\/www.intoscana.it\/it\/?p=318432"},"modified":"2023-12-11T17:01:34","modified_gmt":"2023-12-11T16:01:34","slug":"donne-in-primo-piano-tra-cultura-e-creativita-focus-sulla-migliore-produzione-al-femminile","status":"publish","type":"post","link":"https:\/\/www.intoscana.it\/it\/donne-in-primo-piano-tra-cultura-e-creativita-focus-sulla-migliore-produzione-al-femminile\/","title":{"rendered":"&#8220;Donne in primo piano, tra cultura e creativit\u00e0&#8221;, focus sulla migliore produzione al femminile"},"content":{"rendered":"<h3>Cinema, libri e pensieri, nell&#8217;incontro dedicato alla creativit\u00e0 delle Donne<\/h3>\n<p>Il <strong>Laboratorio Immagine Donna<\/strong>, associazione fiorentina no profit che da oltre quarant&#8217;anni promuove il cinema delle registe internazionali, propone il consueto appuntamento di fine anno, incentrato sulla <strong>migliore produzione culturale e artistica delle donne,<\/strong> per costruire un nuovo pensiero collettivo, contro la violenza e per la promozione della parit\u00e0 di genere.<\/p>\n<p>L&#8217;evento si chiama <em><strong>Donne in primo piano, tra cultura e creativit\u00e0<\/strong><\/em>, si svolge in collaborazione con il <strong>Comune di Firenze,<\/strong> ed ha come principale obiettivo far conoscere e promuovere le pi\u00f9 interessanti esperienze creative e culturali del panorama femminile. L&#8217;incontro, che da Firenze si apre al mondo, offre una panoramica nuova, attenta alle realt\u00e0 che si muovono, tra ricerca e creazione, tra impegno sociale e cambiamento della mentalit\u00e0, in direzione della libert\u00e0, dell&#8217;inclusione e della parit\u00e0 dei diritti. L&#8217;appuntamento \u00e8 il <strong>18 dicembre, sia in presenza, al Cinema La Compagnia<\/strong>, che in modalit\u00e0 online, con il Webinar dedicato, visibile sui canali social di Laboratorio Immagine Donna (per partecipare <a href=\"https:\/\/www.facebook.com\/profile.php?id=100057351382900\"><strong>cliccca qui<\/strong><\/a>).<\/p>\n<h3>Il programma di &#8220;Donne in primo piano, tra cultura e creativit\u00e0&#8221;<\/h3>\n<p>La giornata di interventi propone un programma, nella giornata di <strong>luned\u00ec 18 dicembre<\/strong>, suddiviso in due fasi: <strong>la mattina, dalle 9.30,<\/strong> incontro dedicato alle scuole superiori di primo grado, con la presenza degli allievi dell\u2019Istituto Comprensivo G. Pieraccini di Firenze, che assisteranno alla proiezione del film <em>La Bicicletta Verde<\/em>, capolavoro di Haifaa Al-Mansour, scelto tra quelli proposti dal Laboratorio, nell\u2019ambito del progetto di formazione internazionale per l\u2019insegnamento inclusivo e socio-emozionale &#8220;Erasmus Plus CLOSE: il cinema da vicino\u201d.<\/p>\n<p><strong>Alessia Bettini<\/strong>, vicesindca del Comune di Firenze porter\u00e0 i suoi saluti istituzionali e consegner\u00e0 il \u201cPremio eccellenza didattica negli audiovisivi\u201d al corto <strong><em>Make Me Care,<\/em><\/strong> realizzato della classe 5AL del Liceo delle Scienze Umane Elsa Morante. Ad aprire i lavori sar\u00e0 <strong>Paola Paoli,<\/strong> direttrice del Laboratorio Immagine Donna, mentre a moderare saranno altre due esponenti dell&#8217;associazione, <strong>Maresa D\u2019Arcangelo<\/strong> e <strong>Silvia Lelli<\/strong>.<\/p>\n<p>Il pomeriggio si prosegue, <strong>alle 15.30<\/strong>, con un panel rappresentativo del panorama culturale internazionale al femminile contemporaneo, che sar\u00e0 in dialogo con le partecipanti in presenza e online. L&#8217;incontro \u00e8 finalizzato a scambiarsi esperienze, discutere questioni emerse nel corso dell\u2019anno, condividere soluzioni e buone pratiche, fare report sulle attivit\u00e0 svolte o in corso di svolgimento. Un confronto che si pone nella sfera socio-culturale diametralmente opposta alla violenza sulle donne: evidenziare e promuovere la presenza femminile nel mondo artistico e culturale, contribuisce a cambiare in positivo la visione delle donne nel mondo, in cui le donne non siano solo vittime designate ma protagoniste e progettiste di un futuro migliore per tutti .<\/p>\n<p>Intervengono al panel alcune esponenti di <strong>Projektado Collektive<\/strong>, collettivo internazionale di giovani donne, che si muovono tra arte, design e comunicazione, per un&#8217;indagine sulla possibilit\u00e0 di trovare parole e immagini sul tema della violenza; <strong>Camilla Trombi<\/strong>, direttrice del Festival Films Femmes Mediterran\u00e9e, di Marsiglia che racconta &#8220;Mare nostrum, dirigere un Festival di Cinema e Donne in tempi di guerra&#8221;; <strong>Natalia Cangi,<\/strong> direttrice dell\u2019Archivio Diaristico Nazionale di Pieve Santo Stefano, per un intervento su &#8220;L\u2019Archivio dei miracoli. Progetto \u201cDimmi\u201d; <strong>Diana Dambrowska,<\/strong> docente di Cinema all&#8217;Universit\u00e0 di \u0141odz che aprir\u00e0 &#8220;Una f inestra sul cinema femminile polacco&#8221;; <strong>Marina Piperno,<\/strong> decana della produzione e distribuzione indipendente in Italia, che parler\u00e0 del suo nuovo film: <em>Le valigie della storia, <\/em>tratto dal tesoro di esperienze e di inediti familiari sul quale, insieme a Luigi Faccini, ha fondato il genere &#8220;autobiografia partecipata&#8221;; <strong>Emanuela Piovano<\/strong>, regista, produttrice e distributrice Kitchenfilm, che annuncer\u00e0 un nuovo Festival dei Festival di Cinema e Donne, che si svolger\u00e0 a Rimini nella primavera 2024; la regista <strong>Costanza Quatriglio,<\/strong> che proporr\u00e0 un confronto sul tema &#8220;Sostiene Costanza: riflessioni tra cinema, donne e tutto il resto&#8221;; la giornalista <strong>Elisabetta Vagaggini<\/strong>, che presenter\u00e0 il libro \u201cLe conoscevo bene. Storie di Donne che fanno il Cinema\u201d (Ed. La Vela) per una panoramica sul ruolo delle attrici, nel cinema di ieri e di oggi; <strong>Amalie Rothschild,<\/strong> documentarista e fotografa, che interverr\u00e0 su &#8220;Stare al passo con i tempi, Nuove idee, Nuovi f ilm&#8221;; <strong>Daniela Turco,<\/strong> saggista, critica cinematografica, firma di FilmCritica che far\u00e0 un omaggio alla regista del cinema femminista scomparsa, \u201cOcchi blu capelli ner\u201d, Chantal Akerman&#8221;; la scrittrice <strong>Raffaella Nardi, <\/strong>che presenter\u00e0 il suo esordio narrativo <em>I cannibali<\/em> (Ed. Rossini) e, in quanto curatrice del programma Frau-Donna, per l\u2019Istituto di Cultura Tedesco di Firenze, introdurr\u00e0 il reading dal vivo dell\u2019attrice <strong>Laura Cioni<\/strong>, con letture da <em>Malina 20:22<\/em>, di Chiara Guarducci.<\/p>\n<p>L&#8217;evento \u00e8 ad <strong>ingresso libero<\/strong>. Info: <a href=\"http:\/\/www.http:\/\/www.iwfffirenze.it\"><strong>www.http:\/\/www.iwfffirenze.it<\/strong><\/a><\/p>\n","protected":false},"excerpt":{"rendered":"<p>L&#8217;evento, organizzato la Laboratorio Immagine Donna, si tiene luned\u00ec 18 dicembre, in presenza, al cinema La Compagnia di Firenze e online, con il Webinar dedicato. Scrittrici, giornaliste, produttrici e registe offrono al pubblico una panoramica sulla creativit\u00e0 internazionale delle donne.<\/p>\n","protected":false},"author":525,"featured_media":318442,"comment_status":"open","ping_status":"open","sticky":false,"template":"","format":"standard","meta":{"_acf_changed":false,"footnotes":""},"categories":[493],"tags":[],"class_list":["post-318432","post","type-post","status-publish","format-standard","has-post-thumbnail","hentry","category-cultura"],"acf":[],"yoast_head":"<!-- This site is optimized with the Yoast SEO Premium plugin v24.2 (Yoast SEO v25.6) - https:\/\/yoast.com\/wordpress\/plugins\/seo\/ -->\n<title>Donne in primo piano tra cultura e creativit\u00e0 - Intoscana.it<\/title>\n<meta name=\"description\" content=\"Il 18 dicembre, in presenza a La Compagnia e online, si tiene l&#039;evento Donne in primo piano tra cultura e creatitiv\u00e0\" \/>\n<meta name=\"robots\" content=\"index, follow, max-snippet:-1, max-image-preview:large, max-video-preview:-1\" \/>\n<link rel=\"canonical\" href=\"https:\/\/www.intoscana.it\/it\/donne-in-primo-piano-tra-cultura-e-creativita-focus-sulla-migliore-produzione-al-femminile\/\" \/>\n<meta property=\"og:locale\" content=\"it_IT\" \/>\n<meta property=\"og:type\" content=\"article\" \/>\n<meta property=\"og:title\" content=\"&quot;Donne in primo piano, tra cultura e creativit\u00e0&quot;, focus sulla migliore produzione al femminile\" \/>\n<meta property=\"og:description\" content=\"Il 18 dicembre, in presenza a La Compagnia e online, si tiene l&#039;evento Donne in primo piano tra cultura e creatitiv\u00e0\" \/>\n<meta property=\"og:url\" content=\"https:\/\/www.intoscana.it\/it\/donne-in-primo-piano-tra-cultura-e-creativita-focus-sulla-migliore-produzione-al-femminile\/\" \/>\n<meta property=\"og:site_name\" content=\"intoscana\" \/>\n<meta property=\"article:publisher\" content=\"https:\/\/www.facebook.com\/intoscana.it\" \/>\n<meta property=\"article:published_time\" content=\"2023-12-11T14:05:13+00:00\" \/>\n<meta property=\"article:modified_time\" content=\"2023-12-11T16:01:34+00:00\" \/>\n<meta property=\"og:image\" content=\"https:\/\/www.intoscana.it\/wp-content\/uploads\/marina-piperno.png\" \/>\n\t<meta property=\"og:image:width\" content=\"400\" \/>\n\t<meta property=\"og:image:height\" content=\"244\" \/>\n\t<meta property=\"og:image:type\" content=\"image\/png\" \/>\n<meta name=\"author\" content=\"Redazione\" \/>\n<meta name=\"twitter:card\" content=\"summary_large_image\" \/>\n<meta name=\"twitter:creator\" content=\"@intoscana\" \/>\n<meta name=\"twitter:site\" content=\"@intoscana\" \/>\n<meta name=\"twitter:label1\" content=\"Written by\" \/>\n\t<meta name=\"twitter:data1\" content=\"Redazione\" \/>\n\t<meta name=\"twitter:label2\" content=\"Est. reading time\" \/>\n\t<meta name=\"twitter:data2\" content=\"4 minuti\" \/>\n<script type=\"application\/ld+json\" class=\"yoast-schema-graph\">{\"@context\":\"https:\/\/schema.org\",\"@graph\":[{\"@type\":\"WebPage\",\"@id\":\"https:\/\/www.intoscana.it\/it\/donne-in-primo-piano-tra-cultura-e-creativita-focus-sulla-migliore-produzione-al-femminile\/\",\"url\":\"https:\/\/www.intoscana.it\/it\/donne-in-primo-piano-tra-cultura-e-creativita-focus-sulla-migliore-produzione-al-femminile\/\",\"name\":\"Donne in primo piano tra cultura e creativit\u00e0 - Intoscana.it\",\"isPartOf\":{\"@id\":\"https:\/\/www.intoscana.it\/it\/#website\"},\"primaryImageOfPage\":{\"@id\":\"https:\/\/www.intoscana.it\/it\/donne-in-primo-piano-tra-cultura-e-creativita-focus-sulla-migliore-produzione-al-femminile\/#primaryimage\"},\"image\":{\"@id\":\"https:\/\/www.intoscana.it\/it\/donne-in-primo-piano-tra-cultura-e-creativita-focus-sulla-migliore-produzione-al-femminile\/#primaryimage\"},\"thumbnailUrl\":\"https:\/\/www.intoscana.it\/wp-content\/uploads\/marina-piperno.png\",\"datePublished\":\"2023-12-11T14:05:13+00:00\",\"dateModified\":\"2023-12-11T16:01:34+00:00\",\"author\":{\"@id\":\"https:\/\/www.intoscana.it\/it\/#\/schema\/person\/9223810753230f20bd670fdd322661f8\"},\"description\":\"Il 18 dicembre, in presenza a La Compagnia e online, si tiene l'evento Donne in primo piano tra cultura e creatitiv\u00e0\",\"breadcrumb\":{\"@id\":\"https:\/\/www.intoscana.it\/it\/donne-in-primo-piano-tra-cultura-e-creativita-focus-sulla-migliore-produzione-al-femminile\/#breadcrumb\"},\"inLanguage\":\"it-IT\",\"potentialAction\":[{\"@type\":\"ReadAction\",\"target\":[\"https:\/\/www.intoscana.it\/it\/donne-in-primo-piano-tra-cultura-e-creativita-focus-sulla-migliore-produzione-al-femminile\/\"]}]},{\"@type\":\"ImageObject\",\"inLanguage\":\"it-IT\",\"@id\":\"https:\/\/www.intoscana.it\/it\/donne-in-primo-piano-tra-cultura-e-creativita-focus-sulla-migliore-produzione-al-femminile\/#primaryimage\",\"url\":\"https:\/\/www.intoscana.it\/wp-content\/uploads\/marina-piperno.png\",\"contentUrl\":\"https:\/\/www.intoscana.it\/wp-content\/uploads\/marina-piperno.png\",\"width\":400,\"height\":244,\"caption\":\"Marina Piperno - produttrice e regista\"},{\"@type\":\"BreadcrumbList\",\"@id\":\"https:\/\/www.intoscana.it\/it\/donne-in-primo-piano-tra-cultura-e-creativita-focus-sulla-migliore-produzione-al-femminile\/#breadcrumb\",\"itemListElement\":[{\"@type\":\"ListItem\",\"position\":1,\"name\":\"Home\",\"item\":\"https:\/\/www.intoscana.it\/it\/\"},{\"@type\":\"ListItem\",\"position\":2,\"name\":\"&#8220;Donne in primo piano, tra cultura e creativit\u00e0&#8221;, focus sulla migliore produzione al femminile\"}]},{\"@type\":\"WebSite\",\"@id\":\"https:\/\/www.intoscana.it\/it\/#website\",\"url\":\"https:\/\/www.intoscana.it\/it\/\",\"name\":\"intoscana\",\"description\":\"\",\"potentialAction\":[{\"@type\":\"SearchAction\",\"target\":{\"@type\":\"EntryPoint\",\"urlTemplate\":\"https:\/\/www.intoscana.it\/it\/?s={search_term_string}\"},\"query-input\":{\"@type\":\"PropertyValueSpecification\",\"valueRequired\":true,\"valueName\":\"search_term_string\"}}],\"inLanguage\":\"it-IT\"},{\"@type\":\"Person\",\"@id\":\"https:\/\/www.intoscana.it\/it\/#\/schema\/person\/9223810753230f20bd670fdd322661f8\",\"name\":\"Redazione\",\"url\":\"https:\/\/www.intoscana.it\/it\/author\/redazione\/\"}]}<\/script>\n<!-- \/ Yoast SEO Premium plugin. -->","yoast_head_json":{"title":"Donne in primo piano tra cultura e creativit\u00e0 - Intoscana.it","description":"Il 18 dicembre, in presenza a La Compagnia e online, si tiene l'evento Donne in primo piano tra cultura e creatitiv\u00e0","robots":{"index":"index","follow":"follow","max-snippet":"max-snippet:-1","max-image-preview":"max-image-preview:large","max-video-preview":"max-video-preview:-1"},"canonical":"https:\/\/www.intoscana.it\/it\/donne-in-primo-piano-tra-cultura-e-creativita-focus-sulla-migliore-produzione-al-femminile\/","og_locale":"it_IT","og_type":"article","og_title":"\"Donne in primo piano, tra cultura e creativit\u00e0\", focus sulla migliore produzione al femminile","og_description":"Il 18 dicembre, in presenza a La Compagnia e online, si tiene l'evento Donne in primo piano tra cultura e creatitiv\u00e0","og_url":"https:\/\/www.intoscana.it\/it\/donne-in-primo-piano-tra-cultura-e-creativita-focus-sulla-migliore-produzione-al-femminile\/","og_site_name":"intoscana","article_publisher":"https:\/\/www.facebook.com\/intoscana.it","article_published_time":"2023-12-11T14:05:13+00:00","article_modified_time":"2023-12-11T16:01:34+00:00","og_image":[{"width":400,"height":244,"url":"https:\/\/www.intoscana.it\/wp-content\/uploads\/marina-piperno.png","type":"image\/png"}],"author":"Redazione","twitter_card":"summary_large_image","twitter_creator":"@intoscana","twitter_site":"@intoscana","twitter_misc":{"Written by":"Redazione","Est. reading time":"4 minuti"},"schema":{"@context":"https:\/\/schema.org","@graph":[{"@type":"WebPage","@id":"https:\/\/www.intoscana.it\/it\/donne-in-primo-piano-tra-cultura-e-creativita-focus-sulla-migliore-produzione-al-femminile\/","url":"https:\/\/www.intoscana.it\/it\/donne-in-primo-piano-tra-cultura-e-creativita-focus-sulla-migliore-produzione-al-femminile\/","name":"Donne in primo piano tra cultura e creativit\u00e0 - Intoscana.it","isPartOf":{"@id":"https:\/\/www.intoscana.it\/it\/#website"},"primaryImageOfPage":{"@id":"https:\/\/www.intoscana.it\/it\/donne-in-primo-piano-tra-cultura-e-creativita-focus-sulla-migliore-produzione-al-femminile\/#primaryimage"},"image":{"@id":"https:\/\/www.intoscana.it\/it\/donne-in-primo-piano-tra-cultura-e-creativita-focus-sulla-migliore-produzione-al-femminile\/#primaryimage"},"thumbnailUrl":"https:\/\/www.intoscana.it\/wp-content\/uploads\/marina-piperno.png","datePublished":"2023-12-11T14:05:13+00:00","dateModified":"2023-12-11T16:01:34+00:00","author":{"@id":"https:\/\/www.intoscana.it\/it\/#\/schema\/person\/9223810753230f20bd670fdd322661f8"},"description":"Il 18 dicembre, in presenza a La Compagnia e online, si tiene l'evento Donne in primo piano tra cultura e creatitiv\u00e0","breadcrumb":{"@id":"https:\/\/www.intoscana.it\/it\/donne-in-primo-piano-tra-cultura-e-creativita-focus-sulla-migliore-produzione-al-femminile\/#breadcrumb"},"inLanguage":"it-IT","potentialAction":[{"@type":"ReadAction","target":["https:\/\/www.intoscana.it\/it\/donne-in-primo-piano-tra-cultura-e-creativita-focus-sulla-migliore-produzione-al-femminile\/"]}]},{"@type":"ImageObject","inLanguage":"it-IT","@id":"https:\/\/www.intoscana.it\/it\/donne-in-primo-piano-tra-cultura-e-creativita-focus-sulla-migliore-produzione-al-femminile\/#primaryimage","url":"https:\/\/www.intoscana.it\/wp-content\/uploads\/marina-piperno.png","contentUrl":"https:\/\/www.intoscana.it\/wp-content\/uploads\/marina-piperno.png","width":400,"height":244,"caption":"Marina Piperno - produttrice e regista"},{"@type":"BreadcrumbList","@id":"https:\/\/www.intoscana.it\/it\/donne-in-primo-piano-tra-cultura-e-creativita-focus-sulla-migliore-produzione-al-femminile\/#breadcrumb","itemListElement":[{"@type":"ListItem","position":1,"name":"Home","item":"https:\/\/www.intoscana.it\/it\/"},{"@type":"ListItem","position":2,"name":"&#8220;Donne in primo piano, tra cultura e creativit\u00e0&#8221;, focus sulla migliore produzione al femminile"}]},{"@type":"WebSite","@id":"https:\/\/www.intoscana.it\/it\/#website","url":"https:\/\/www.intoscana.it\/it\/","name":"intoscana","description":"","potentialAction":[{"@type":"SearchAction","target":{"@type":"EntryPoint","urlTemplate":"https:\/\/www.intoscana.it\/it\/?s={search_term_string}"},"query-input":{"@type":"PropertyValueSpecification","valueRequired":true,"valueName":"search_term_string"}}],"inLanguage":"it-IT"},{"@type":"Person","@id":"https:\/\/www.intoscana.it\/it\/#\/schema\/person\/9223810753230f20bd670fdd322661f8","name":"Redazione","url":"https:\/\/www.intoscana.it\/it\/author\/redazione\/"}]}},"_links":{"self":[{"href":"https:\/\/www.intoscana.it\/it\/wp-json\/wp\/v2\/posts\/318432","targetHints":{"allow":["GET"]}}],"collection":[{"href":"https:\/\/www.intoscana.it\/it\/wp-json\/wp\/v2\/posts"}],"about":[{"href":"https:\/\/www.intoscana.it\/it\/wp-json\/wp\/v2\/types\/post"}],"author":[{"embeddable":true,"href":"https:\/\/www.intoscana.it\/it\/wp-json\/wp\/v2\/users\/525"}],"replies":[{"embeddable":true,"href":"https:\/\/www.intoscana.it\/it\/wp-json\/wp\/v2\/comments?post=318432"}],"version-history":[{"count":0,"href":"https:\/\/www.intoscana.it\/it\/wp-json\/wp\/v2\/posts\/318432\/revisions"}],"wp:featuredmedia":[{"embeddable":true,"href":"https:\/\/www.intoscana.it\/it\/wp-json\/wp\/v2\/media\/318442"}],"wp:attachment":[{"href":"https:\/\/www.intoscana.it\/it\/wp-json\/wp\/v2\/media?parent=318432"}],"wp:term":[{"taxonomy":"category","embeddable":true,"href":"https:\/\/www.intoscana.it\/it\/wp-json\/wp\/v2\/categories?post=318432"},{"taxonomy":"post_tag","embeddable":true,"href":"https:\/\/www.intoscana.it\/it\/wp-json\/wp\/v2\/tags?post=318432"}],"curies":[{"name":"wp","href":"https:\/\/api.w.org\/{rel}","templated":true}]}}