{"id":318462,"date":"2023-12-11T16:12:31","date_gmt":"2023-12-11T15:12:31","guid":{"rendered":"https:\/\/www.intoscana.it\/it\/?p=318462"},"modified":"2023-12-14T11:48:20","modified_gmt":"2023-12-14T10:48:20","slug":"firenze-bus-ecologici-studenti-disabili","status":"publish","type":"post","link":"https:\/\/www.intoscana.it\/it\/firenze-bus-ecologici-studenti-disabili\/","title":{"rendered":"Firenze, arrivano i nuovi bus ecologici per gli studenti con disabilit\u00e0"},"content":{"rendered":"<p>Sono allestiti per trasportare cinque passeggeri seduti e due in carrozzina (con possibilit\u00e0 di togliere i sedili per aumentare i posti per i ragazzi con disabilit\u00e0 motoria), oltre ad autista ed accompagnatore. E sono ecologici. Sono i nuovi <strong>scuolabus green<\/strong> per i ragazzi con disabilit\u00e0 di Firenze.<\/p>\n<p>I nuovi mezzi, sette per la precisione, entreranno in servizio a <strong>gennaio 2024.<\/strong> Altri due sono in fase di allestimento e saranno consegnati entro la fine dell&#8217;anno e anche questi saranno operativi\u00a0 a gennaio, sostituendo mezzi pi\u00f9 vecchi.<\/p>\n<h3>&#8220;Firenze \u00e8 sempre pi\u00f9 green&#8221;<\/h3>\n<p>\u201cFirenze \u00e8 sempre pi\u00f9 green\u201d ha detto il sindaco presentando i nuovi veicoli acquistati grazie ai fondi del &#8216;Pon Citt\u00e0 Metropolitane 2014-2020&#8217; (un piano che utilizza risorse europee destinate alle citt\u00e0 metropolitane): <mark>non solo bus infatti ma anche auto elettriche, 25 per la precisione per un investimento complessivo di quasi 2milioni e 300mila euro <\/mark>. &#8220;Grazie a questo fondo &#8211; ha aggiunto Nardella &#8211; abbiamo acquistato questa flotta di bussini elettrici, completamente ecologici aumentiamo la flotta in giro nel nostro Comune. Abbiamo anche realizzato una centrale di ricarica, potranno girare un giorno intero grazie alla loro autonomia. E\u2019 un servizio in pi\u00f9 che riusciamo a dare alle nostre famiglie e alle nostre scuole\u201d.<\/p>\n<h3>I nuovi bus<\/h3>\n<p>Gli scuolabus sono stati allestiti su veicoli Ford E-Transit che montano una batteria agli ioni di litio ed hanno un\u2019autonomia fino a 317 km. <mark>Possono essere ricaricati in corrente alternata in circa 8 ore con batteria completamente scarica o in corrente continua con le colonnine rapide con un tempo di circa 34 minuti <\/mark>.<\/p>\n<figure id=\"post-318477 media-318477\" class=\"align-center\"><img decoding=\"async\" src=\"https:\/\/www.intoscana.it\/wp-content\/uploads\/Nuovi-bus-ecologici-Firenze.jpg\" alt=\"\" \/><\/figure>\n<p>Sono dotati dei moderni sistemi di assistenza al guidatore come quello di frenata automatica di emergenza e quello di avviso mantenimento della corsia. Hanno anche sensori di parcheggio anteriori e posteriori e retrocamera per facilitare le manovre e un navigatore integrato per la ricezione degli aggiornamenti in tempo reale del traffico e gli aggiornamenti del software del veicolo<\/p>\n<p>Come gi\u00e0 detto, i bus sono allestiti per trasportare cinque passeggeri seduti e due in carrozzina, oltre ad autista ed accompagnatore ma i sedili interni possono essere rimossi per consentire il trasporto fino a quattro passeggeri in carrozzina. Ci sono delle cinture per assicurare le carrozzine al mezzo e i sedili hanno tutti le cinture<\/p>\n","protected":false},"excerpt":{"rendered":"<p>Possono essere ricaricati in corrente alternata in circa 8 ore con batteria completamente scarica. Nardella: &#8220;Abbiamo anche realizzato una centrale di ricarica, potranno girare un giorno intero grazie alla loro autonomia&#8221;<\/p>\n","protected":false},"author":503,"featured_media":318475,"comment_status":"open","ping_status":"open","sticky":false,"template":"","format":"standard","meta":{"_acf_changed":false,"footnotes":""},"categories":[19],"tags":[406,184,1438,1577],"class_list":["post-318462","post","type-post","status-publish","format-standard","has-post-thumbnail","hentry","category-ambiente","tag-disabilita","tag-mobilita","tag-mobilita-sostenibile","tag-muoversi-in-toscana"],"acf":[],"yoast_head":"<!-- This site is optimized with the Yoast SEO Premium plugin v24.2 (Yoast SEO v25.6) - https:\/\/yoast.com\/wordpress\/plugins\/seo\/ -->\n<title>Firenze, arrivano i nuovi bus ecologici per gli studenti con disabilit\u00e0 - intoscana<\/title>\n<meta name=\"description\" content=\"Nardella: &quot;Abbiamo anche realizzato una centrale di ricarica, potranno girare un giorno intero grazie alla loro autonomia&quot;\" \/>\n<meta name=\"robots\" content=\"index, follow, max-snippet:-1, max-image-preview:large, max-video-preview:-1\" \/>\n<link rel=\"canonical\" href=\"https:\/\/www.intoscana.it\/it\/firenze-bus-ecologici-studenti-disabili\/\" \/>\n<meta property=\"og:locale\" content=\"it_IT\" \/>\n<meta property=\"og:type\" content=\"article\" \/>\n<meta property=\"og:title\" content=\"Firenze, arrivano i nuovi bus ecologici per gli studenti con disabilit\u00e0\" \/>\n<meta property=\"og:description\" content=\"Nardella: &quot;Abbiamo anche realizzato una centrale di ricarica, potranno girare un giorno intero grazie alla loro autonomia&quot;\" \/>\n<meta property=\"og:url\" content=\"https:\/\/www.intoscana.it\/it\/firenze-bus-ecologici-studenti-disabili\/\" \/>\n<meta property=\"og:site_name\" content=\"intoscana\" \/>\n<meta property=\"article:publisher\" content=\"https:\/\/www.facebook.com\/intoscana.it\" \/>\n<meta property=\"article:published_time\" content=\"2023-12-11T15:12:31+00:00\" \/>\n<meta property=\"article:modified_time\" content=\"2023-12-14T10:48:20+00:00\" \/>\n<meta property=\"og:image\" content=\"https:\/\/www.intoscana.it\/wp-content\/uploads\/Nardella-su-uno-dei-nuovi-bus-ecologici_3.jpg\" \/>\n\t<meta property=\"og:image:width\" content=\"999\" \/>\n\t<meta property=\"og:image:height\" content=\"670\" \/>\n\t<meta property=\"og:image:type\" content=\"image\/jpeg\" \/>\n<meta name=\"author\" content=\"Giulia Rafanelli\" \/>\n<meta name=\"twitter:card\" content=\"summary_large_image\" \/>\n<meta name=\"twitter:creator\" content=\"@intoscana\" \/>\n<meta name=\"twitter:site\" content=\"@intoscana\" \/>\n<meta name=\"twitter:label1\" content=\"Written by\" \/>\n\t<meta name=\"twitter:data1\" content=\"Giulia Rafanelli\" \/>\n\t<meta name=\"twitter:label2\" content=\"Est. reading time\" \/>\n\t<meta name=\"twitter:data2\" content=\"2 minuti\" \/>\n<script type=\"application\/ld+json\" class=\"yoast-schema-graph\">{\"@context\":\"https:\/\/schema.org\",\"@graph\":[{\"@type\":\"WebPage\",\"@id\":\"https:\/\/www.intoscana.it\/it\/firenze-bus-ecologici-studenti-disabili\/\",\"url\":\"https:\/\/www.intoscana.it\/it\/firenze-bus-ecologici-studenti-disabili\/\",\"name\":\"Firenze, arrivano i nuovi bus ecologici per gli studenti con disabilit\u00e0 - intoscana\",\"isPartOf\":{\"@id\":\"https:\/\/www.intoscana.it\/it\/#website\"},\"primaryImageOfPage\":{\"@id\":\"https:\/\/www.intoscana.it\/it\/firenze-bus-ecologici-studenti-disabili\/#primaryimage\"},\"image\":{\"@id\":\"https:\/\/www.intoscana.it\/it\/firenze-bus-ecologici-studenti-disabili\/#primaryimage\"},\"thumbnailUrl\":\"https:\/\/www.intoscana.it\/wp-content\/uploads\/Nardella-su-uno-dei-nuovi-bus-ecologici_3.jpg\",\"datePublished\":\"2023-12-11T15:12:31+00:00\",\"dateModified\":\"2023-12-14T10:48:20+00:00\",\"author\":{\"@id\":\"https:\/\/www.intoscana.it\/it\/#\/schema\/person\/333569b367b301e30262defcea56c939\"},\"description\":\"Nardella: \\\"Abbiamo anche realizzato una centrale di ricarica, potranno girare un giorno intero grazie alla loro autonomia\\\"\",\"breadcrumb\":{\"@id\":\"https:\/\/www.intoscana.it\/it\/firenze-bus-ecologici-studenti-disabili\/#breadcrumb\"},\"inLanguage\":\"it-IT\",\"potentialAction\":[{\"@type\":\"ReadAction\",\"target\":[\"https:\/\/www.intoscana.it\/it\/firenze-bus-ecologici-studenti-disabili\/\"]}]},{\"@type\":\"ImageObject\",\"inLanguage\":\"it-IT\",\"@id\":\"https:\/\/www.intoscana.it\/it\/firenze-bus-ecologici-studenti-disabili\/#primaryimage\",\"url\":\"https:\/\/www.intoscana.it\/wp-content\/uploads\/Nardella-su-uno-dei-nuovi-bus-ecologici_3.jpg\",\"contentUrl\":\"https:\/\/www.intoscana.it\/wp-content\/uploads\/Nardella-su-uno-dei-nuovi-bus-ecologici_3.jpg\",\"width\":999,\"height\":670},{\"@type\":\"BreadcrumbList\",\"@id\":\"https:\/\/www.intoscana.it\/it\/firenze-bus-ecologici-studenti-disabili\/#breadcrumb\",\"itemListElement\":[{\"@type\":\"ListItem\",\"position\":1,\"name\":\"Home\",\"item\":\"https:\/\/www.intoscana.it\/it\/\"},{\"@type\":\"ListItem\",\"position\":2,\"name\":\"Firenze, arrivano i nuovi bus ecologici per gli studenti con disabilit\u00e0\"}]},{\"@type\":\"WebSite\",\"@id\":\"https:\/\/www.intoscana.it\/it\/#website\",\"url\":\"https:\/\/www.intoscana.it\/it\/\",\"name\":\"intoscana\",\"description\":\"\",\"potentialAction\":[{\"@type\":\"SearchAction\",\"target\":{\"@type\":\"EntryPoint\",\"urlTemplate\":\"https:\/\/www.intoscana.it\/it\/?s={search_term_string}\"},\"query-input\":{\"@type\":\"PropertyValueSpecification\",\"valueRequired\":true,\"valueName\":\"search_term_string\"}}],\"inLanguage\":\"it-IT\"},{\"@type\":\"Person\",\"@id\":\"https:\/\/www.intoscana.it\/it\/#\/schema\/person\/333569b367b301e30262defcea56c939\",\"name\":\"Giulia Rafanelli\",\"url\":\"https:\/\/www.intoscana.it\/it\/author\/giulia-rafanelli\/\"}]}<\/script>\n<!-- \/ Yoast SEO Premium plugin. -->","yoast_head_json":{"title":"Firenze, arrivano i nuovi bus ecologici per gli studenti con disabilit\u00e0 - intoscana","description":"Nardella: \"Abbiamo anche realizzato una centrale di ricarica, potranno girare un giorno intero grazie alla loro autonomia\"","robots":{"index":"index","follow":"follow","max-snippet":"max-snippet:-1","max-image-preview":"max-image-preview:large","max-video-preview":"max-video-preview:-1"},"canonical":"https:\/\/www.intoscana.it\/it\/firenze-bus-ecologici-studenti-disabili\/","og_locale":"it_IT","og_type":"article","og_title":"Firenze, arrivano i nuovi bus ecologici per gli studenti con disabilit\u00e0","og_description":"Nardella: \"Abbiamo anche realizzato una centrale di ricarica, potranno girare un giorno intero grazie alla loro autonomia\"","og_url":"https:\/\/www.intoscana.it\/it\/firenze-bus-ecologici-studenti-disabili\/","og_site_name":"intoscana","article_publisher":"https:\/\/www.facebook.com\/intoscana.it","article_published_time":"2023-12-11T15:12:31+00:00","article_modified_time":"2023-12-14T10:48:20+00:00","og_image":[{"width":999,"height":670,"url":"https:\/\/www.intoscana.it\/wp-content\/uploads\/Nardella-su-uno-dei-nuovi-bus-ecologici_3.jpg","type":"image\/jpeg"}],"author":"Giulia Rafanelli","twitter_card":"summary_large_image","twitter_creator":"@intoscana","twitter_site":"@intoscana","twitter_misc":{"Written by":"Giulia Rafanelli","Est. reading time":"2 minuti"},"schema":{"@context":"https:\/\/schema.org","@graph":[{"@type":"WebPage","@id":"https:\/\/www.intoscana.it\/it\/firenze-bus-ecologici-studenti-disabili\/","url":"https:\/\/www.intoscana.it\/it\/firenze-bus-ecologici-studenti-disabili\/","name":"Firenze, arrivano i nuovi bus ecologici per gli studenti con disabilit\u00e0 - intoscana","isPartOf":{"@id":"https:\/\/www.intoscana.it\/it\/#website"},"primaryImageOfPage":{"@id":"https:\/\/www.intoscana.it\/it\/firenze-bus-ecologici-studenti-disabili\/#primaryimage"},"image":{"@id":"https:\/\/www.intoscana.it\/it\/firenze-bus-ecologici-studenti-disabili\/#primaryimage"},"thumbnailUrl":"https:\/\/www.intoscana.it\/wp-content\/uploads\/Nardella-su-uno-dei-nuovi-bus-ecologici_3.jpg","datePublished":"2023-12-11T15:12:31+00:00","dateModified":"2023-12-14T10:48:20+00:00","author":{"@id":"https:\/\/www.intoscana.it\/it\/#\/schema\/person\/333569b367b301e30262defcea56c939"},"description":"Nardella: \"Abbiamo anche realizzato una centrale di ricarica, potranno girare un giorno intero grazie alla loro autonomia\"","breadcrumb":{"@id":"https:\/\/www.intoscana.it\/it\/firenze-bus-ecologici-studenti-disabili\/#breadcrumb"},"inLanguage":"it-IT","potentialAction":[{"@type":"ReadAction","target":["https:\/\/www.intoscana.it\/it\/firenze-bus-ecologici-studenti-disabili\/"]}]},{"@type":"ImageObject","inLanguage":"it-IT","@id":"https:\/\/www.intoscana.it\/it\/firenze-bus-ecologici-studenti-disabili\/#primaryimage","url":"https:\/\/www.intoscana.it\/wp-content\/uploads\/Nardella-su-uno-dei-nuovi-bus-ecologici_3.jpg","contentUrl":"https:\/\/www.intoscana.it\/wp-content\/uploads\/Nardella-su-uno-dei-nuovi-bus-ecologici_3.jpg","width":999,"height":670},{"@type":"BreadcrumbList","@id":"https:\/\/www.intoscana.it\/it\/firenze-bus-ecologici-studenti-disabili\/#breadcrumb","itemListElement":[{"@type":"ListItem","position":1,"name":"Home","item":"https:\/\/www.intoscana.it\/it\/"},{"@type":"ListItem","position":2,"name":"Firenze, arrivano i nuovi bus ecologici per gli studenti con disabilit\u00e0"}]},{"@type":"WebSite","@id":"https:\/\/www.intoscana.it\/it\/#website","url":"https:\/\/www.intoscana.it\/it\/","name":"intoscana","description":"","potentialAction":[{"@type":"SearchAction","target":{"@type":"EntryPoint","urlTemplate":"https:\/\/www.intoscana.it\/it\/?s={search_term_string}"},"query-input":{"@type":"PropertyValueSpecification","valueRequired":true,"valueName":"search_term_string"}}],"inLanguage":"it-IT"},{"@type":"Person","@id":"https:\/\/www.intoscana.it\/it\/#\/schema\/person\/333569b367b301e30262defcea56c939","name":"Giulia Rafanelli","url":"https:\/\/www.intoscana.it\/it\/author\/giulia-rafanelli\/"}]}},"_links":{"self":[{"href":"https:\/\/www.intoscana.it\/it\/wp-json\/wp\/v2\/posts\/318462","targetHints":{"allow":["GET"]}}],"collection":[{"href":"https:\/\/www.intoscana.it\/it\/wp-json\/wp\/v2\/posts"}],"about":[{"href":"https:\/\/www.intoscana.it\/it\/wp-json\/wp\/v2\/types\/post"}],"author":[{"embeddable":true,"href":"https:\/\/www.intoscana.it\/it\/wp-json\/wp\/v2\/users\/503"}],"replies":[{"embeddable":true,"href":"https:\/\/www.intoscana.it\/it\/wp-json\/wp\/v2\/comments?post=318462"}],"version-history":[{"count":0,"href":"https:\/\/www.intoscana.it\/it\/wp-json\/wp\/v2\/posts\/318462\/revisions"}],"wp:featuredmedia":[{"embeddable":true,"href":"https:\/\/www.intoscana.it\/it\/wp-json\/wp\/v2\/media\/318475"}],"wp:attachment":[{"href":"https:\/\/www.intoscana.it\/it\/wp-json\/wp\/v2\/media?parent=318462"}],"wp:term":[{"taxonomy":"category","embeddable":true,"href":"https:\/\/www.intoscana.it\/it\/wp-json\/wp\/v2\/categories?post=318462"},{"taxonomy":"post_tag","embeddable":true,"href":"https:\/\/www.intoscana.it\/it\/wp-json\/wp\/v2\/tags?post=318462"}],"curies":[{"name":"wp","href":"https:\/\/api.w.org\/{rel}","templated":true}]}}