{"id":318500,"date":"2023-12-12T11:40:56","date_gmt":"2023-12-12T10:40:56","guid":{"rendered":"https:\/\/www.intoscana.it\/it\/?p=318500"},"modified":"2023-12-12T13:46:25","modified_gmt":"2023-12-12T12:46:25","slug":"simone-brillarelli-arte-opere-ceramiche-musica","status":"publish","type":"post","link":"https:\/\/www.intoscana.it\/it\/simone-brillarelli-arte-opere-ceramiche-musica\/","title":{"rendered":"In una giungla di note e colori: l&#8217;avventura tra arte e musica di Simone Brillarelli"},"content":{"rendered":"<p><strong>Simone Brillarelli<\/strong> nasce a Firenze nel 1982 vive e lavora a Milano. \u00c8 un <strong>artista visivo poliedrico e prolifico, art director e animatore 2D<\/strong>. Ha studiato a Firenze: grafica all<strong>&#8216;Istituto d&#8217;arte di Porta Romana<\/strong>, pittura all&#8217;<strong>Accademia di Belle Arti<\/strong> e animazione alla <strong>Nemo Academy.<\/strong><\/p>\n<p>La sua carriera inizia nel 2005 nel mondo della<strong>\u00a0musica elettronica<\/strong> con il trio <strong>&#8220;A Smile for Timbuctu&#8221;<\/strong> formato da <strong>Simone Brillarelli, Jonathan Calugi e Clap! Clap!,<\/strong> con all&#8217;attivo diversi dischi e tour europei, un progetto<strong> a cavallo tra musica, graphic design e installazioni video.<\/strong><\/p>\n<p>Successivamente nel 2010 apre l&#8217;etichetta indipendente <strong><a href=\"https:\/\/freshyolabel.bandcamp.com\/?fbclid=IwAR3wTDLSA0ZHsr4AinhMM6ZZSPty0RcXQKAH6ELR3prF2syf8vJCeMFJpe4\" target=\"_blank\" rel=\"noopener\" class=\"broken_link\">Fresh Yo! Label<\/a> <\/strong>e produce i dischi di artisti del calibro di: <strong>Godblesscomputers, Millelemmi, <a href=\"https:\/\/www.intoscana.it\/it\/dettaglio-video\/gli-aquarama-guardano-al-futuro-con-il-loro-teleskop\/\" target=\"_blank\" rel=\"noopener\">Aquarama<\/a>, Nularse, Funk Rimini, Go Dugong<\/strong> e molti altri, per cui ha curato anche la direzione visiva.<\/p>\n<p><em>&#8220;L&#8217;etichetta \u00e8 stata una diretta conseguenza della mia band,<\/em> &#8211; <strong>ci ha raccontato Simone<\/strong> &#8211; <em>abbiamo fatto tantissimo concerti fuori dall&#8217;Italia a si \u00e8 iniziata a costruire una sorte di <strong>community<\/strong> intorno a noi. Abbiamo legato molto con <strong>Suzywan che ha aperto Fresh Yo! come netlabel,<\/strong> facendo produzione digitale solo sul web. Ho sposato il suo progetto che poi \u00e8 rimasto a me e ai miei soci <strong>Edoardo Fracassi e Niccol\u00f2 Brighella.<\/strong> Volevamo creare una piattaforma che fosse lo specchio di quello che era la musica elettronica in Italia in quel momento. Con l&#8217;etichetta cercavamo di creare cultura tramite eventi come la<strong> Beatmakers Convention,<\/strong> in cui abbiamo organizzato jam-session e showcase di 30-40 persone, un&#8217;esperienza molto faticosa ma anche molto bella. <strong>Firenze per\u00f2 \u00e8 una citt\u00e0 molto complessa, ci sono stati dei picchi altissimi di creativit\u00e0<\/strong> in cui lavoravamo insieme a molte altre realt\u00e0, <strong>poi il nulla<\/strong>. A un certo punto per me non c&#8217;era pi\u00f9 niente&#8221;.<\/em><\/p>\n<figure id=\"post-318519 media-318519\" class=\"align-none\"><img decoding=\"async\" src=\"https:\/\/www.intoscana.it\/wp-content\/uploads\/Screenshot-2023-12-12-alle-09.29.28.jpeg\" alt=\"\" \/><\/figure>\n<div class=\"titleimg\"><em>Simone Brillarelli<\/em><\/div>\n<h3>L&#8217;arte coloratissima di Simone Brillarelli<\/h3>\n<p>Dopo un periodo di riflessione, che ha coinciso con la pandemia, <strong>ha preso il sopravvento l&#8217;amore per l&#8217;arte<\/strong> e<strong> Simone Brillarelli<\/strong> si \u00e8 trasferito a <strong>Milano<\/strong> dove si \u00e8 concentrato sulla sua carriera come artista producendo <strong>disegni, pitture su tela, ceramiche,<\/strong> senza tralasciare<strong> videoclip, cover artwork e visual per esibizioni live.<\/strong><p><span class=\"citazione\">Il covid, dir\u00f2 una cosa impopolare, nonostante la tragedia mi ha fatto bene. Ha fatto s\u00ec che io potessi ricentrarmi e trovare un &#8216;balance&#8217; dentro di me. Era totalmente assorbito dal lavoro, da una relazione precedente. Non mi rendevo conto di quanto male mi stavo facendo. Fermarmi mi ha fatto bene<\/span><\/p><\/p>\n<p><em>&#8220;Il covid, dir\u00f2 una cosa impopolare, &#8211;<\/em><strong> ci ha raccontato Simone Brillarelli &#8211;<\/strong><em> nonostante la tragedia mi ha fatto bene. Ha fatto s\u00ec che io potessi ricentrarmi e trovare un &#8216;balance&#8217; dentro di me. Era totalmente assorbito dal lavoro, da una relazione precedente. Non mi rendevo conto di quanto male mi stavo facendo. Fermarmi mi ha fatto bene.&#8221;<\/em><\/p>\n<p><em>&#8220;Sono fortunato, sono entrato a Milano con un biglietto d&#8217;ingresso &#8216;agevolato&#8217; diciamo cos\u00ec.<\/em> &#8211; <strong>ha proseguito <\/strong>\u00a0&#8211;<em> Mi sono impegnato molto, ho scritto a chiunque e ho trovato un&#8217;apertura verso le persone nuove differente da altre citt\u00e0 come Roma o Firenze. Ci sono tante realt\u00e0 che mi hanno risposto, mi hanno voluto conoscere e con cui ho iniziato a collaborare. Per me \u00e8 stato bello&#8221;.<\/em><\/p>\n<p>Nei suoi piatti d&#8217;autore abitano <strong>scimmie, cavalli, rane, tigri, pesciolini e fiori, tantissimi fiori<\/strong> colorati: \u00e8 <strong>la vita nella sua espressione pi\u00f9 primordiale<\/strong> che si manifesta <strong>come un&#8217;esplosione.<\/strong><\/p>\n<p><strong>Nelle opere di Brillarelli c&#8217;\u00e8 una vita liquida,<\/strong> alimentata forse anche dalla musica, dato <strong>il ritmo e la vivacit\u00e0<\/strong> con cui l&#8217;artista stende le sue <strong>pennellate forti e decise<\/strong>.<\/p>\n<p>Fino alla <strong>massima espressione della vita stessa <\/strong>in\u00a0un piatto che esprime in una maniera tenerissima l&#8217;indicibile: <strong><em>&#8220;Fragile, contains love&#8221;.<\/em><\/strong><\/p>\n<figure id=\"post-318525 media-318525\" class=\"align-none\"><img decoding=\"async\" src=\"https:\/\/www.intoscana.it\/wp-content\/uploads\/Screenshot-2023-12-12-alle-09.30.21.jpeg\" alt=\"\" \/><\/figure>\n<div class=\"titleimg\">Simone Brillarelli<\/div>\n<p><em>&#8220;Ho iniziato a fare ceramica per puro caso, ero fuori una sera a vedere <strong>un concerto di Godblesscomputers<\/strong> e ho incontrato una ragazza che gi\u00e0 conoscevo e che mi ha invitato a provare il suo forno. Lavoro su pi\u00f9 livelli, previsualizzo le immagini dentro di me, le assorbo e poi <strong>lavoro sulla tela in modo molto istintivo e ritmico, senza pensare alla forma, ma solo alla composizione delle pennellate. C&#8217;\u00e8 sicuramente un grande amore per la natura, ma non \u00e8 una cosa voluta, scaturisce dalla mano.<\/strong> Il mio \u00e8 stato un percorso complesso. Per tre anni ho dipinto solo ritratti, un lavoro totalmente differente da quello che faccio adesso, era un lavoro fatto con le persone, intervistandole sulla loro storia. Ho dipinto per molto tempo in bianco e nero. Il mio \u00e8 anche un percorso di rinascita, sicuramente adesso mi sento molto meglio e tutto questo si riflette nel mio lavoro.&#8221;<\/em><\/p>\n<p>Parallelamente <strong>Simone Brillarelli continua anche a realizzare video<\/strong>, a gennaio ci sar\u00e0 la sua prima retrospettiva in Portogallo presso lo spazio di<a href=\"https:\/\/www.canal180.pt\" target=\"_blank\" rel=\"noopener\"> <strong>Canal 180<\/strong> <\/a>una televisione indipendente che si occupa di <strong>documentari, street style e musica.<\/strong><\/p>\n<p>Le opere di <strong>Simone Brillarelli<\/strong> sono esposte a Milano nella<a href=\"https:\/\/www.galleriailvicolo.it\" target=\"_blank\" rel=\"noopener\"><strong> galleria Il Vicolo<\/strong><\/a> che ha recentemente ospitato la sua prima personale <strong><em>&#8220;Intimo e Manifesto&#8221;.<\/em><\/strong><\/p>\n<p><iframe loading=\"lazy\" title=\"YouTube video player\" src=\"https:\/\/www.youtube.com\/embed\/5ELm5OtAAwc?si=R3bToRsNC8CvedWA\" width=\"800\" height=\"500\" frameborder=\"0\" allowfullscreen=\"allowfullscreen\"><span data-mce-type=\"bookmark\" style=\"display: inline-block; width: 0px; overflow: hidden; line-height: 0;\" class=\"mce_SELRES_start\">\ufeff<\/span><\/iframe><\/p>\n<p>&nbsp;<\/p>\n<p>&nbsp;<\/p>\n","protected":false},"excerpt":{"rendered":"<p>Dalla musica elettronica all&#8217;arte, da Firenze a Milano la storia creativa di un artista poliedrico e prolifico che non smette di stupire<\/p>\n","protected":false},"author":518,"featured_media":318509,"comment_status":"open","ping_status":"open","sticky":false,"template":"","format":"standard","meta":{"_acf_changed":false,"footnotes":""},"categories":[493],"tags":[174,3138,222,167],"class_list":["post-318500","post","type-post","status-publish","format-standard","has-post-thumbnail","hentry","category-cultura","tag-arte","tag-interviste-agli-artisti","tag-mostre","tag-musica"],"acf":[],"yoast_head":"<!-- This site is optimized with the Yoast SEO Premium plugin v24.2 (Yoast SEO v25.6) - https:\/\/yoast.com\/wordpress\/plugins\/seo\/ -->\n<title>In una giungla di note e colori: l&#039;avventura tra arte e musica di Simone Brillarelli - intoscana<\/title>\n<meta name=\"description\" content=\"Dalla musica elettronica all&#039;arte, da Firenze a Milano l&#039;avventura creativa di un artista poliedrico e prolifico che non smette di stupire\u00a0\" \/>\n<meta name=\"robots\" content=\"index, follow, max-snippet:-1, max-image-preview:large, max-video-preview:-1\" \/>\n<link rel=\"canonical\" href=\"https:\/\/www.intoscana.it\/it\/simone-brillarelli-arte-opere-ceramiche-musica\/\" \/>\n<meta property=\"og:locale\" content=\"it_IT\" \/>\n<meta property=\"og:type\" content=\"article\" \/>\n<meta property=\"og:title\" content=\"In una giungla di note e colori: l&#039;avventura tra arte e musica di Simone Brillarelli\" \/>\n<meta property=\"og:description\" content=\"Dalla musica elettronica all&#039;arte, da Firenze a Milano l&#039;avventura creativa di un artista poliedrico e prolifico che non smette di stupire\u00a0\" \/>\n<meta property=\"og:url\" content=\"https:\/\/www.intoscana.it\/it\/simone-brillarelli-arte-opere-ceramiche-musica\/\" \/>\n<meta property=\"og:site_name\" content=\"intoscana\" \/>\n<meta property=\"article:publisher\" content=\"https:\/\/www.facebook.com\/intoscana.it\" \/>\n<meta property=\"article:published_time\" content=\"2023-12-12T10:40:56+00:00\" \/>\n<meta property=\"article:modified_time\" content=\"2023-12-12T12:46:25+00:00\" \/>\n<meta property=\"og:image\" content=\"https:\/\/www.intoscana.it\/wp-content\/uploads\/Screenshot-2023-12-12-alle-09.28.15.jpeg\" \/>\n\t<meta property=\"og:image:width\" content=\"892\" \/>\n\t<meta property=\"og:image:height\" content=\"817\" \/>\n\t<meta property=\"og:image:type\" content=\"image\/jpeg\" \/>\n<meta name=\"author\" content=\"Costanza Baldini\" \/>\n<meta name=\"twitter:card\" content=\"summary_large_image\" \/>\n<meta name=\"twitter:creator\" content=\"@intoscana\" \/>\n<meta name=\"twitter:site\" content=\"@intoscana\" \/>\n<meta name=\"twitter:label1\" content=\"Written by\" \/>\n\t<meta name=\"twitter:data1\" content=\"Costanza Baldini\" \/>\n\t<meta name=\"twitter:label2\" content=\"Est. reading time\" \/>\n\t<meta name=\"twitter:data2\" content=\"4 minuti\" \/>\n<script type=\"application\/ld+json\" class=\"yoast-schema-graph\">{\"@context\":\"https:\/\/schema.org\",\"@graph\":[{\"@type\":\"WebPage\",\"@id\":\"https:\/\/www.intoscana.it\/it\/simone-brillarelli-arte-opere-ceramiche-musica\/\",\"url\":\"https:\/\/www.intoscana.it\/it\/simone-brillarelli-arte-opere-ceramiche-musica\/\",\"name\":\"In una giungla di note e colori: l'avventura tra arte e musica di Simone Brillarelli - intoscana\",\"isPartOf\":{\"@id\":\"https:\/\/www.intoscana.it\/it\/#website\"},\"primaryImageOfPage\":{\"@id\":\"https:\/\/www.intoscana.it\/it\/simone-brillarelli-arte-opere-ceramiche-musica\/#primaryimage\"},\"image\":{\"@id\":\"https:\/\/www.intoscana.it\/it\/simone-brillarelli-arte-opere-ceramiche-musica\/#primaryimage\"},\"thumbnailUrl\":\"https:\/\/www.intoscana.it\/wp-content\/uploads\/Screenshot-2023-12-12-alle-09.28.15.jpeg\",\"datePublished\":\"2023-12-12T10:40:56+00:00\",\"dateModified\":\"2023-12-12T12:46:25+00:00\",\"author\":{\"@id\":\"https:\/\/www.intoscana.it\/it\/#\/schema\/person\/d469f35f09739bdf00bf5dd3f0647a82\"},\"description\":\"Dalla musica elettronica all'arte, da Firenze a Milano l'avventura creativa di un artista poliedrico e prolifico che non smette di stupire\u00a0\",\"breadcrumb\":{\"@id\":\"https:\/\/www.intoscana.it\/it\/simone-brillarelli-arte-opere-ceramiche-musica\/#breadcrumb\"},\"inLanguage\":\"it-IT\",\"potentialAction\":[{\"@type\":\"ReadAction\",\"target\":[\"https:\/\/www.intoscana.it\/it\/simone-brillarelli-arte-opere-ceramiche-musica\/\"]}]},{\"@type\":\"ImageObject\",\"inLanguage\":\"it-IT\",\"@id\":\"https:\/\/www.intoscana.it\/it\/simone-brillarelli-arte-opere-ceramiche-musica\/#primaryimage\",\"url\":\"https:\/\/www.intoscana.it\/wp-content\/uploads\/Screenshot-2023-12-12-alle-09.28.15.jpeg\",\"contentUrl\":\"https:\/\/www.intoscana.it\/wp-content\/uploads\/Screenshot-2023-12-12-alle-09.28.15.jpeg\",\"width\":892,\"height\":817,\"caption\":\"Simone Brillarelli\"},{\"@type\":\"BreadcrumbList\",\"@id\":\"https:\/\/www.intoscana.it\/it\/simone-brillarelli-arte-opere-ceramiche-musica\/#breadcrumb\",\"itemListElement\":[{\"@type\":\"ListItem\",\"position\":1,\"name\":\"Home\",\"item\":\"https:\/\/www.intoscana.it\/it\/\"},{\"@type\":\"ListItem\",\"position\":2,\"name\":\"In una giungla di note e colori: l&#8217;avventura tra arte e musica di Simone Brillarelli\"}]},{\"@type\":\"WebSite\",\"@id\":\"https:\/\/www.intoscana.it\/it\/#website\",\"url\":\"https:\/\/www.intoscana.it\/it\/\",\"name\":\"intoscana\",\"description\":\"\",\"potentialAction\":[{\"@type\":\"SearchAction\",\"target\":{\"@type\":\"EntryPoint\",\"urlTemplate\":\"https:\/\/www.intoscana.it\/it\/?s={search_term_string}\"},\"query-input\":{\"@type\":\"PropertyValueSpecification\",\"valueRequired\":true,\"valueName\":\"search_term_string\"}}],\"inLanguage\":\"it-IT\"},{\"@type\":\"Person\",\"@id\":\"https:\/\/www.intoscana.it\/it\/#\/schema\/person\/d469f35f09739bdf00bf5dd3f0647a82\",\"name\":\"Costanza Baldini\",\"url\":\"https:\/\/www.intoscana.it\/it\/author\/costanza-baldini\/\"}]}<\/script>\n<!-- \/ Yoast SEO Premium plugin. -->","yoast_head_json":{"title":"In una giungla di note e colori: l'avventura tra arte e musica di Simone Brillarelli - intoscana","description":"Dalla musica elettronica all'arte, da Firenze a Milano l'avventura creativa di un artista poliedrico e prolifico che non smette di stupire\u00a0","robots":{"index":"index","follow":"follow","max-snippet":"max-snippet:-1","max-image-preview":"max-image-preview:large","max-video-preview":"max-video-preview:-1"},"canonical":"https:\/\/www.intoscana.it\/it\/simone-brillarelli-arte-opere-ceramiche-musica\/","og_locale":"it_IT","og_type":"article","og_title":"In una giungla di note e colori: l'avventura tra arte e musica di Simone Brillarelli","og_description":"Dalla musica elettronica all'arte, da Firenze a Milano l'avventura creativa di un artista poliedrico e prolifico che non smette di stupire\u00a0","og_url":"https:\/\/www.intoscana.it\/it\/simone-brillarelli-arte-opere-ceramiche-musica\/","og_site_name":"intoscana","article_publisher":"https:\/\/www.facebook.com\/intoscana.it","article_published_time":"2023-12-12T10:40:56+00:00","article_modified_time":"2023-12-12T12:46:25+00:00","og_image":[{"width":892,"height":817,"url":"https:\/\/www.intoscana.it\/wp-content\/uploads\/Screenshot-2023-12-12-alle-09.28.15.jpeg","type":"image\/jpeg"}],"author":"Costanza Baldini","twitter_card":"summary_large_image","twitter_creator":"@intoscana","twitter_site":"@intoscana","twitter_misc":{"Written by":"Costanza Baldini","Est. reading time":"4 minuti"},"schema":{"@context":"https:\/\/schema.org","@graph":[{"@type":"WebPage","@id":"https:\/\/www.intoscana.it\/it\/simone-brillarelli-arte-opere-ceramiche-musica\/","url":"https:\/\/www.intoscana.it\/it\/simone-brillarelli-arte-opere-ceramiche-musica\/","name":"In una giungla di note e colori: l'avventura tra arte e musica di Simone Brillarelli - intoscana","isPartOf":{"@id":"https:\/\/www.intoscana.it\/it\/#website"},"primaryImageOfPage":{"@id":"https:\/\/www.intoscana.it\/it\/simone-brillarelli-arte-opere-ceramiche-musica\/#primaryimage"},"image":{"@id":"https:\/\/www.intoscana.it\/it\/simone-brillarelli-arte-opere-ceramiche-musica\/#primaryimage"},"thumbnailUrl":"https:\/\/www.intoscana.it\/wp-content\/uploads\/Screenshot-2023-12-12-alle-09.28.15.jpeg","datePublished":"2023-12-12T10:40:56+00:00","dateModified":"2023-12-12T12:46:25+00:00","author":{"@id":"https:\/\/www.intoscana.it\/it\/#\/schema\/person\/d469f35f09739bdf00bf5dd3f0647a82"},"description":"Dalla musica elettronica all'arte, da Firenze a Milano l'avventura creativa di un artista poliedrico e prolifico che non smette di stupire\u00a0","breadcrumb":{"@id":"https:\/\/www.intoscana.it\/it\/simone-brillarelli-arte-opere-ceramiche-musica\/#breadcrumb"},"inLanguage":"it-IT","potentialAction":[{"@type":"ReadAction","target":["https:\/\/www.intoscana.it\/it\/simone-brillarelli-arte-opere-ceramiche-musica\/"]}]},{"@type":"ImageObject","inLanguage":"it-IT","@id":"https:\/\/www.intoscana.it\/it\/simone-brillarelli-arte-opere-ceramiche-musica\/#primaryimage","url":"https:\/\/www.intoscana.it\/wp-content\/uploads\/Screenshot-2023-12-12-alle-09.28.15.jpeg","contentUrl":"https:\/\/www.intoscana.it\/wp-content\/uploads\/Screenshot-2023-12-12-alle-09.28.15.jpeg","width":892,"height":817,"caption":"Simone Brillarelli"},{"@type":"BreadcrumbList","@id":"https:\/\/www.intoscana.it\/it\/simone-brillarelli-arte-opere-ceramiche-musica\/#breadcrumb","itemListElement":[{"@type":"ListItem","position":1,"name":"Home","item":"https:\/\/www.intoscana.it\/it\/"},{"@type":"ListItem","position":2,"name":"In una giungla di note e colori: l&#8217;avventura tra arte e musica di Simone Brillarelli"}]},{"@type":"WebSite","@id":"https:\/\/www.intoscana.it\/it\/#website","url":"https:\/\/www.intoscana.it\/it\/","name":"intoscana","description":"","potentialAction":[{"@type":"SearchAction","target":{"@type":"EntryPoint","urlTemplate":"https:\/\/www.intoscana.it\/it\/?s={search_term_string}"},"query-input":{"@type":"PropertyValueSpecification","valueRequired":true,"valueName":"search_term_string"}}],"inLanguage":"it-IT"},{"@type":"Person","@id":"https:\/\/www.intoscana.it\/it\/#\/schema\/person\/d469f35f09739bdf00bf5dd3f0647a82","name":"Costanza Baldini","url":"https:\/\/www.intoscana.it\/it\/author\/costanza-baldini\/"}]}},"_links":{"self":[{"href":"https:\/\/www.intoscana.it\/it\/wp-json\/wp\/v2\/posts\/318500","targetHints":{"allow":["GET"]}}],"collection":[{"href":"https:\/\/www.intoscana.it\/it\/wp-json\/wp\/v2\/posts"}],"about":[{"href":"https:\/\/www.intoscana.it\/it\/wp-json\/wp\/v2\/types\/post"}],"author":[{"embeddable":true,"href":"https:\/\/www.intoscana.it\/it\/wp-json\/wp\/v2\/users\/518"}],"replies":[{"embeddable":true,"href":"https:\/\/www.intoscana.it\/it\/wp-json\/wp\/v2\/comments?post=318500"}],"version-history":[{"count":0,"href":"https:\/\/www.intoscana.it\/it\/wp-json\/wp\/v2\/posts\/318500\/revisions"}],"wp:featuredmedia":[{"embeddable":true,"href":"https:\/\/www.intoscana.it\/it\/wp-json\/wp\/v2\/media\/318509"}],"wp:attachment":[{"href":"https:\/\/www.intoscana.it\/it\/wp-json\/wp\/v2\/media?parent=318500"}],"wp:term":[{"taxonomy":"category","embeddable":true,"href":"https:\/\/www.intoscana.it\/it\/wp-json\/wp\/v2\/categories?post=318500"},{"taxonomy":"post_tag","embeddable":true,"href":"https:\/\/www.intoscana.it\/it\/wp-json\/wp\/v2\/tags?post=318500"}],"curies":[{"name":"wp","href":"https:\/\/api.w.org\/{rel}","templated":true}]}}