{"id":318567,"date":"2023-12-12T14:14:22","date_gmt":"2023-12-12T13:14:22","guid":{"rendered":"https:\/\/www.intoscana.it\/it\/?p=318567"},"modified":"2023-12-12T16:14:41","modified_gmt":"2023-12-12T15:14:41","slug":"alberi-natale-originali-toscana-2023","status":"publish","type":"post","link":"https:\/\/www.intoscana.it\/it\/alberi-natale-originali-toscana-2023\/","title":{"rendered":"Gli alberi di Natale pi\u00f9 originali della Toscana"},"content":{"rendered":"<p>In questo periodo, Instagram \u00e8 diventato un concentrato di <strong>luci natalizie<\/strong> e <a href=\"https:\/\/www.intoscana.it\/it\/articolo\/presepi-in-toscana-dove-vederli\/\" target=\"_blank\" rel=\"noopener\"><strong>presepi<\/strong><\/a>. Sui vari profili social le persone fanno a gara a fotografare l\u2019atmosfera magica delle feste, tra borghi storici, campagna e grandi citt\u00e0.<\/p>\n<p>Ma se davvero volete stupire i vostri follower, continuate a leggere questo articolo: scoprirete alcuni degli <strong>alberi di Natale pi\u00f9 originali della Toscana<\/strong>, la cornice perfetta per un selfie.<\/p>\n<h3>Montelupo Fiorentino omaggia la ceramica<\/h3>\n<figure id=\"post-318376 media-318376\" class=\"align-none\"><img decoding=\"async\" src=\"https:\/\/www.intoscana.it\/wp-content\/uploads\/albero-natale-ceramica-montelupo.jpg\" alt=\"\" \/><\/figure>\n<div class=\"titleimg\">L\u2019albero di Natale 2023 di Montelupo Fiorentino dedicato alla ceramica artistica &#8211; \u00a9 Salvatore Bruno<\/div>\n<p>A Montelupo Fiorentino l\u2019albero di Natale non poteva che venire addobbato con le coloratissime <strong>ceramiche<\/strong> tipiche del territorio.<\/p>\n<p>La lavorazione della maiolica qui \u00e8 attestata fin dal Medioevo e in epoca medicea e rinascimentale la produzione raggiunge elevati standard sia per quanto riguarda l&#8217;aspetto artistico che per quanto attiene la sfera della rilevanza economica.<\/p>\n<p>La produzione di maioliche, ancora molto viva sul territorio, pu\u00f2 essere ammirata nel <strong>Museo della Ceramica<\/strong>, oppure visitando le <strong>botteghe<\/strong> che si trovano in citt\u00e0.<\/p>\n<h3>San Miniato trasforma fiaschi e damigiane in opere d&#8217;arte<\/h3>\n<figure id=\"post-318604 media-318604\" class=\"align-none\"><img decoding=\"async\" src=\"https:\/\/www.intoscana.it\/wp-content\/uploads\/albero-san-miniato-damigiane.jpeg\" alt=\"\" \/><\/figure>\n<div class=\"titleimg\">L\u2019albero di Natale di San Miniato con damigiane e fiaschi recuperati &#8211; \u00a9 Scart<\/div>\n<p>A San Miniato, in provincia di Pisa, l\u2019albero di Natale in piazza della Repubblica punta al <strong>riuso delle risorse<\/strong> per trasformarle in arte. L\u2019opera, infatti, che porta la firma di <a href=\"https:\/\/www.intoscana.it\/it\/articolo\/omaggio-a-dante-scarti-diventano-arte-scart\/\" target=\"_blank\" rel=\"noopener\">Scart<\/a>, il progetto artistico del Gruppo Hera, \u00e8 frutto di un&#8217;azione di recupero di <strong>64 damigiane e 300 fiaschi<\/strong> in vetro verde.<\/p>\n<p>Oltre a ridare valore ai &#8220;rifiuti&#8221;, l\u2019albero si propone anche di omaggiare la <strong>tradizione agricola<\/strong> e vitivinicola della zona.<\/p>\n<h3>Un albero sostenibile ispirato alla Torre di Pisa<\/h3>\n<figure id=\"post-318640 media-318640\" class=\"align-none\">\n<figure id=\"post-318640 media-318640\" class=\"align-none\"><img decoding=\"async\" src=\"https:\/\/www.intoscana.it\/wp-content\/uploads\/albero-natale-palazzo-blu-pisa.jpg\" alt=\"\" \/><\/figure>\n<div class=\"titleimg\">\u00c8 un omaggio alla Torre l\u2019albero della Fondazione Pisa &#8211; \u00a9 Scart<\/div>\n<\/figure>\n<p>Nella citt\u00e0 di Pisa il Natale \u00e8 sempre pi\u00f9 attento all\u2019ambiente. Fondazione Pisa e Opera della Primaziale Pisana hanno infatti acceso un albero Scart realizzato in <strong>plastica riciclata<\/strong>. Il cono \u00e8 costituito da anelli di bottiglie di plastica bianca, che si alterneranno con archetti stampati su plastica riciclata di colore rosso, per un totale di 5 strati. L\u2019albero ha un doppio sistema di illuminazione, basato su LED a <strong>basso consumo energetico<\/strong>: fasci verticali interni e punti luci puntuali in corrispondenza degli archetti, per risaltare il contrasto di colore bianco-rosso.<\/p>\n<p>L\u2019opera \u00e8 oltretutto ispirata alla<strong> Torre di Pisa<\/strong>, in occasione dei festeggiamenti per gli <a href=\"https:\/\/www.intoscana.it\/it\/articolo\/torre-di-pisa-850-anni\/\" target=\"_blank\" rel=\"noopener\">850 anni<\/a> dalla posa della prima pietra.<\/p>\n<h3>L&#8217;Albero cosmico a Carrara<\/h3>\n<figure id=\"post-318717 media-318717\" class=\"align-none\"><img decoding=\"async\" src=\"https:\/\/www.intoscana.it\/wp-content\/uploads\/antonello-ghezzi-abero-cosmico.jpeg\" alt=\"\" \/><\/figure>\n<div class=\"titleimg\">L\u2019albero cosmico a Carrara &#8211; \u00a9 Visita Carrara<\/div>\n<p>In piazza Duomo a Carrara, invece, si trova l&#8217;Albero cosmico, <strong>installazione site specific<\/strong> del duo artistico <strong>Antonello Ghezzi<\/strong>. L\u2019opera, collegata all\u2019Osservatorio astronomico di Medicina (BO), riprende il significato originario del tradizionale albero di Natale, simbolo di unione tra la terra e il cielo, addobbato per il solstizio d\u2019inverno con decorazioni che rappresentavano il sole, la luna e le stelle. Il puntale \u00e8 una <strong>stella cometa<\/strong> che si accende al passaggio in tempo reale dei corpi celesti in una porzione della volta del Mediterraneo.<\/p>\n<h3>Alberi di Natale realizzati all&#8217;uncinetto<\/h3>\n<p>Il mese scorso abbiamo visto <a href=\"https:\/\/www.intoscana.it\/it\/articolo\/coperte-santa-croce-violenza-sulle-donne\/\" target=\"_blank\" rel=\"noopener\">piazza Santa Croce a Firenze<\/a> letteralmente coperta da mattonelle di maglia lavorate da centinaia di volontarie per dire no alla violenza sulle donne. Un grido condiviso da territori e associazioni che si fa sentire anche per le festivit\u00e0 natalizie.<\/p>\n<p>Da <strong>Massarosa<\/strong> a <strong>Braccagni<\/strong> (Grosseto), dalle <strong>Fornaci<\/strong> (Pistoia) a <strong>Cutigliano<\/strong>, da<strong> Porcari<\/strong> a <strong>Riotorto<\/strong>, fino ad arrivare a <strong>Montescudaio<\/strong>. Per questo Natale in molte localit\u00e0 della Toscana spiccano alberi fatti all\u2019uncinetto. Quello di Massarosa, ad esempio, condiviso sui social dal presidente della Regione Toscana Eugenio Giani, \u00e8 stato realizzato con 2040 mattonelle Granny ed \u00e8 alto sei metri.<\/p>\n<p><iframe loading=\"lazy\" style=\"border: none; overflow: hidden;\" src=\"https:\/\/www.facebook.com\/plugins\/post.php?href=https%3A%2F%2Fwww.facebook.com%2Feugeniogianiufficiale%2Fposts%2Fpfbid02QGn6xNihcPdu329g3gA68fxuDW4kW3KU2zzBRW732dWqaBtRbJGPHcTK2YjHwWh6l&amp;width=800&amp;show_text=true&amp;appId=658724847632282&amp;height=590\" width=\"800\" height=\"590\" frameborder=\"0\" scrolling=\"no\" allowfullscreen=\"allowfullscreen\"><\/iframe><\/p>\n<p>&nbsp;<\/p>\n","protected":false},"excerpt":{"rendered":"<p>Dalle grandi citt\u00e0 d&#8217;arte ai borghi di campagna: un viaggio all&#8217;insegna della creativit\u00e0 tra le installazioni natalizie della regione<\/p>\n","protected":false},"author":483,"featured_media":318713,"comment_status":"open","ping_status":"open","sticky":false,"template":"","format":"standard","meta":{"_acf_changed":false,"footnotes":""},"categories":[6],"tags":[409],"class_list":["post-318567","post","type-post","status-publish","format-standard","has-post-thumbnail","hentry","category-viaggi","tag-natale"],"acf":[],"yoast_head":"<!-- This site is optimized with the Yoast SEO Premium plugin v24.2 (Yoast SEO v25.6) - https:\/\/yoast.com\/wordpress\/plugins\/seo\/ -->\n<title>Gli alberi di Natale pi\u00f9 originali della Toscana - intoscana<\/title>\n<meta name=\"description\" content=\"Dalle grandi citt\u00e0 d&#039;arte alla campagna: un viaggio all&#039;insegna della creativit\u00e0 tra gli alberi di Natale pi\u00f9 originali della Toscana.\" \/>\n<meta name=\"robots\" content=\"index, follow, max-snippet:-1, max-image-preview:large, max-video-preview:-1\" \/>\n<link rel=\"canonical\" href=\"https:\/\/www.intoscana.it\/it\/alberi-natale-originali-toscana-2023\/\" \/>\n<meta property=\"og:locale\" content=\"it_IT\" \/>\n<meta property=\"og:type\" content=\"article\" \/>\n<meta property=\"og:title\" content=\"Gli alberi di Natale pi\u00f9 originali della Toscana\" \/>\n<meta property=\"og:description\" content=\"Dalle grandi citt\u00e0 d&#039;arte alla campagna: un viaggio all&#039;insegna della creativit\u00e0 tra gli alberi di Natale pi\u00f9 originali della Toscana.\" \/>\n<meta property=\"og:url\" content=\"https:\/\/www.intoscana.it\/it\/alberi-natale-originali-toscana-2023\/\" \/>\n<meta property=\"og:site_name\" content=\"intoscana\" \/>\n<meta property=\"article:publisher\" content=\"https:\/\/www.facebook.com\/intoscana.it\" \/>\n<meta property=\"article:published_time\" content=\"2023-12-12T13:14:22+00:00\" \/>\n<meta property=\"article:modified_time\" content=\"2023-12-12T15:14:41+00:00\" \/>\n<meta property=\"og:image\" content=\"https:\/\/www.intoscana.it\/wp-content\/uploads\/albero-cosmico.jpeg\" \/>\n\t<meta property=\"og:image:width\" content=\"2048\" \/>\n\t<meta property=\"og:image:height\" content=\"1365\" \/>\n\t<meta property=\"og:image:type\" content=\"image\/jpeg\" \/>\n<meta name=\"author\" content=\"Marta Mancini\" \/>\n<meta name=\"twitter:card\" content=\"summary_large_image\" \/>\n<meta name=\"twitter:creator\" content=\"@intoscana\" \/>\n<meta name=\"twitter:site\" content=\"@intoscana\" \/>\n<meta name=\"twitter:label1\" content=\"Written by\" \/>\n\t<meta name=\"twitter:data1\" content=\"Marta Mancini\" \/>\n\t<meta name=\"twitter:label2\" content=\"Est. reading time\" \/>\n\t<meta name=\"twitter:data2\" content=\"3 minuti\" \/>\n<script type=\"application\/ld+json\" class=\"yoast-schema-graph\">{\"@context\":\"https:\/\/schema.org\",\"@graph\":[{\"@type\":\"WebPage\",\"@id\":\"https:\/\/www.intoscana.it\/it\/alberi-natale-originali-toscana-2023\/\",\"url\":\"https:\/\/www.intoscana.it\/it\/alberi-natale-originali-toscana-2023\/\",\"name\":\"Gli alberi di Natale pi\u00f9 originali della Toscana - intoscana\",\"isPartOf\":{\"@id\":\"https:\/\/www.intoscana.it\/it\/#website\"},\"primaryImageOfPage\":{\"@id\":\"https:\/\/www.intoscana.it\/it\/alberi-natale-originali-toscana-2023\/#primaryimage\"},\"image\":{\"@id\":\"https:\/\/www.intoscana.it\/it\/alberi-natale-originali-toscana-2023\/#primaryimage\"},\"thumbnailUrl\":\"https:\/\/www.intoscana.it\/wp-content\/uploads\/albero-cosmico.jpeg\",\"datePublished\":\"2023-12-12T13:14:22+00:00\",\"dateModified\":\"2023-12-12T15:14:41+00:00\",\"author\":{\"@id\":\"https:\/\/www.intoscana.it\/it\/#\/schema\/person\/ba955c49c389f39a8208f182b0652479\"},\"description\":\"Dalle grandi citt\u00e0 d'arte alla campagna: un viaggio all'insegna della creativit\u00e0 tra gli alberi di Natale pi\u00f9 originali della Toscana.\",\"breadcrumb\":{\"@id\":\"https:\/\/www.intoscana.it\/it\/alberi-natale-originali-toscana-2023\/#breadcrumb\"},\"inLanguage\":\"it-IT\",\"potentialAction\":[{\"@type\":\"ReadAction\",\"target\":[\"https:\/\/www.intoscana.it\/it\/alberi-natale-originali-toscana-2023\/\"]}]},{\"@type\":\"ImageObject\",\"inLanguage\":\"it-IT\",\"@id\":\"https:\/\/www.intoscana.it\/it\/alberi-natale-originali-toscana-2023\/#primaryimage\",\"url\":\"https:\/\/www.intoscana.it\/wp-content\/uploads\/albero-cosmico.jpeg\",\"contentUrl\":\"https:\/\/www.intoscana.it\/wp-content\/uploads\/albero-cosmico.jpeg\",\"width\":2048,\"height\":1365,\"caption\":\"L'albero cosmico a Carrara\"},{\"@type\":\"BreadcrumbList\",\"@id\":\"https:\/\/www.intoscana.it\/it\/alberi-natale-originali-toscana-2023\/#breadcrumb\",\"itemListElement\":[{\"@type\":\"ListItem\",\"position\":1,\"name\":\"Home\",\"item\":\"https:\/\/www.intoscana.it\/it\/\"},{\"@type\":\"ListItem\",\"position\":2,\"name\":\"Gli alberi di Natale pi\u00f9 originali della Toscana\"}]},{\"@type\":\"WebSite\",\"@id\":\"https:\/\/www.intoscana.it\/it\/#website\",\"url\":\"https:\/\/www.intoscana.it\/it\/\",\"name\":\"intoscana\",\"description\":\"\",\"potentialAction\":[{\"@type\":\"SearchAction\",\"target\":{\"@type\":\"EntryPoint\",\"urlTemplate\":\"https:\/\/www.intoscana.it\/it\/?s={search_term_string}\"},\"query-input\":{\"@type\":\"PropertyValueSpecification\",\"valueRequired\":true,\"valueName\":\"search_term_string\"}}],\"inLanguage\":\"it-IT\"},{\"@type\":\"Person\",\"@id\":\"https:\/\/www.intoscana.it\/it\/#\/schema\/person\/ba955c49c389f39a8208f182b0652479\",\"name\":\"Marta Mancini\",\"url\":\"https:\/\/www.intoscana.it\/it\/author\/marta-mancini\/\"}]}<\/script>\n<!-- \/ Yoast SEO Premium plugin. -->","yoast_head_json":{"title":"Gli alberi di Natale pi\u00f9 originali della Toscana - intoscana","description":"Dalle grandi citt\u00e0 d'arte alla campagna: un viaggio all'insegna della creativit\u00e0 tra gli alberi di Natale pi\u00f9 originali della Toscana.","robots":{"index":"index","follow":"follow","max-snippet":"max-snippet:-1","max-image-preview":"max-image-preview:large","max-video-preview":"max-video-preview:-1"},"canonical":"https:\/\/www.intoscana.it\/it\/alberi-natale-originali-toscana-2023\/","og_locale":"it_IT","og_type":"article","og_title":"Gli alberi di Natale pi\u00f9 originali della Toscana","og_description":"Dalle grandi citt\u00e0 d'arte alla campagna: un viaggio all'insegna della creativit\u00e0 tra gli alberi di Natale pi\u00f9 originali della Toscana.","og_url":"https:\/\/www.intoscana.it\/it\/alberi-natale-originali-toscana-2023\/","og_site_name":"intoscana","article_publisher":"https:\/\/www.facebook.com\/intoscana.it","article_published_time":"2023-12-12T13:14:22+00:00","article_modified_time":"2023-12-12T15:14:41+00:00","og_image":[{"width":2048,"height":1365,"url":"https:\/\/www.intoscana.it\/wp-content\/uploads\/albero-cosmico.jpeg","type":"image\/jpeg"}],"author":"Marta Mancini","twitter_card":"summary_large_image","twitter_creator":"@intoscana","twitter_site":"@intoscana","twitter_misc":{"Written by":"Marta Mancini","Est. reading time":"3 minuti"},"schema":{"@context":"https:\/\/schema.org","@graph":[{"@type":"WebPage","@id":"https:\/\/www.intoscana.it\/it\/alberi-natale-originali-toscana-2023\/","url":"https:\/\/www.intoscana.it\/it\/alberi-natale-originali-toscana-2023\/","name":"Gli alberi di Natale pi\u00f9 originali della Toscana - intoscana","isPartOf":{"@id":"https:\/\/www.intoscana.it\/it\/#website"},"primaryImageOfPage":{"@id":"https:\/\/www.intoscana.it\/it\/alberi-natale-originali-toscana-2023\/#primaryimage"},"image":{"@id":"https:\/\/www.intoscana.it\/it\/alberi-natale-originali-toscana-2023\/#primaryimage"},"thumbnailUrl":"https:\/\/www.intoscana.it\/wp-content\/uploads\/albero-cosmico.jpeg","datePublished":"2023-12-12T13:14:22+00:00","dateModified":"2023-12-12T15:14:41+00:00","author":{"@id":"https:\/\/www.intoscana.it\/it\/#\/schema\/person\/ba955c49c389f39a8208f182b0652479"},"description":"Dalle grandi citt\u00e0 d'arte alla campagna: un viaggio all'insegna della creativit\u00e0 tra gli alberi di Natale pi\u00f9 originali della Toscana.","breadcrumb":{"@id":"https:\/\/www.intoscana.it\/it\/alberi-natale-originali-toscana-2023\/#breadcrumb"},"inLanguage":"it-IT","potentialAction":[{"@type":"ReadAction","target":["https:\/\/www.intoscana.it\/it\/alberi-natale-originali-toscana-2023\/"]}]},{"@type":"ImageObject","inLanguage":"it-IT","@id":"https:\/\/www.intoscana.it\/it\/alberi-natale-originali-toscana-2023\/#primaryimage","url":"https:\/\/www.intoscana.it\/wp-content\/uploads\/albero-cosmico.jpeg","contentUrl":"https:\/\/www.intoscana.it\/wp-content\/uploads\/albero-cosmico.jpeg","width":2048,"height":1365,"caption":"L'albero cosmico a Carrara"},{"@type":"BreadcrumbList","@id":"https:\/\/www.intoscana.it\/it\/alberi-natale-originali-toscana-2023\/#breadcrumb","itemListElement":[{"@type":"ListItem","position":1,"name":"Home","item":"https:\/\/www.intoscana.it\/it\/"},{"@type":"ListItem","position":2,"name":"Gli alberi di Natale pi\u00f9 originali della Toscana"}]},{"@type":"WebSite","@id":"https:\/\/www.intoscana.it\/it\/#website","url":"https:\/\/www.intoscana.it\/it\/","name":"intoscana","description":"","potentialAction":[{"@type":"SearchAction","target":{"@type":"EntryPoint","urlTemplate":"https:\/\/www.intoscana.it\/it\/?s={search_term_string}"},"query-input":{"@type":"PropertyValueSpecification","valueRequired":true,"valueName":"search_term_string"}}],"inLanguage":"it-IT"},{"@type":"Person","@id":"https:\/\/www.intoscana.it\/it\/#\/schema\/person\/ba955c49c389f39a8208f182b0652479","name":"Marta Mancini","url":"https:\/\/www.intoscana.it\/it\/author\/marta-mancini\/"}]}},"_links":{"self":[{"href":"https:\/\/www.intoscana.it\/it\/wp-json\/wp\/v2\/posts\/318567","targetHints":{"allow":["GET"]}}],"collection":[{"href":"https:\/\/www.intoscana.it\/it\/wp-json\/wp\/v2\/posts"}],"about":[{"href":"https:\/\/www.intoscana.it\/it\/wp-json\/wp\/v2\/types\/post"}],"author":[{"embeddable":true,"href":"https:\/\/www.intoscana.it\/it\/wp-json\/wp\/v2\/users\/483"}],"replies":[{"embeddable":true,"href":"https:\/\/www.intoscana.it\/it\/wp-json\/wp\/v2\/comments?post=318567"}],"version-history":[{"count":0,"href":"https:\/\/www.intoscana.it\/it\/wp-json\/wp\/v2\/posts\/318567\/revisions"}],"wp:featuredmedia":[{"embeddable":true,"href":"https:\/\/www.intoscana.it\/it\/wp-json\/wp\/v2\/media\/318713"}],"wp:attachment":[{"href":"https:\/\/www.intoscana.it\/it\/wp-json\/wp\/v2\/media?parent=318567"}],"wp:term":[{"taxonomy":"category","embeddable":true,"href":"https:\/\/www.intoscana.it\/it\/wp-json\/wp\/v2\/categories?post=318567"},{"taxonomy":"post_tag","embeddable":true,"href":"https:\/\/www.intoscana.it\/it\/wp-json\/wp\/v2\/tags?post=318567"}],"curies":[{"name":"wp","href":"https:\/\/api.w.org\/{rel}","templated":true}]}}