{"id":318762,"date":"2023-12-12T16:31:42","date_gmt":"2023-12-12T15:31:42","guid":{"rendered":"https:\/\/www.intoscana.it\/it\/?p=318762"},"modified":"2023-12-12T16:32:45","modified_gmt":"2023-12-12T15:32:45","slug":"presepi-nel-mondo-inaugurata-la-mostra-in-consiglio-regionale","status":"publish","type":"post","link":"https:\/\/www.intoscana.it\/it\/presepi-nel-mondo-inaugurata-la-mostra-in-consiglio-regionale\/","title":{"rendered":"Presepi nel mondo: inaugurata la mostra in Consiglio regionale"},"content":{"rendered":"<p style=\"font-weight: 400;\">Un piccolo giro del mondo per conoscere come il mistero della Nativit\u00e0 \u00e8 rappresentato dai diversi popoli: \u00e8 la <strong>mostra &#8220;Presepi nel mondo<\/strong>&#8220;, che \u00e8 stata inaugurata oggi\u00a0negli spazi del <strong>Consiglio regionale della Toscana.<\/strong><\/p>\n<h3>L&#8217;arte del presepe per un messaggio di pace<\/h3>\n<p style=\"font-weight: 400;\">L&#8217;esposizione \u00e8 <mark>curata dall\u2019associazione culturale &#8220;Natale nel Mondo&#8221; di San Giovanni Valdarno, che da 40 anni colleziona nativit\u00e0 provenienti da ogni parte del globo <\/mark>e oggi ne possiede circa un migliaio, realizzate con i materiali pi\u00f9 svariati, dalla carta all&#8217;argento.<br \/>\nUn itinerario che porta il visitatore a conoscere modi e modelli di costruzione presepiale che spesso affondano le proprie radici nelle pi\u00f9 antiche tradizioni dell\u2019<strong>arte popolare.\u00a0<\/strong><\/p>\n<p style=\"font-weight: 400;\">\u201cUn modo per raccontare la nostra tradizione e il Natale \u00e8 un momento unico \u2013 ha detto\u00a0<strong>Antonio Mazzeo\u00a0<\/strong>presidente del Consiglio regionale \u2013<em> nel quale in tutto il mondo si festeggia la nascita di una nuova vita. <mark>Attraverso le opere d\u2019arte dei presepi vogliamo raccontare il Natale nel mondo e mandare un messaggio di speranza e pace. <\/mark>Alcuni mesi fa ho visitato la raccolta dei presepi di San Giovanni Valdarno e aver portato a palazzo del Pegaso alcuni di questi suggestivi presepi mi riempie il cuore di gioia.\u201d<\/em><\/p>\n<h3>La collezione di Giuseppe D&#8217;Orsi e Pino Polcaro<\/h3>\n<p style=\"font-weight: 400;\"><em>\u201cCon grande soddisfazione presentiamo in Consiglio regionale una parte di questa raccolta di presepi che, grazie alla collezione messa insieme nel tempo Giuseppe D\u2019Orsi e Pino Polcaro, ha raccolto oltre<strong> 800 presepi che arrivano da ogni luogo del mondo<\/strong><\/em> \u2013 ha aggiunto la vicesindaca di San Giovanni Valdarno, <strong>Paola Romei &#8211; <\/strong><em>\u00e8\u00a0una collezione in cui si pu\u00f2 cogliere, in ogni realizzazione, la grande attenzione posta ai particolari: ci sono materiali poveri come canne di bamb\u00f9 accanto a materiali preziosi come foglie di argento. Una mostra che diventa un orgoglio per San Giovanni Valdarno e far\u00e0 tappa in molte citt\u00e0, portando in giro un messaggio di pace e speranza.\u201d<\/em><\/p>\n<p style=\"font-weight: 400;\"><em>\u201cA Firenze abbiamo portato in mostra ventidue presepi che provengono da molte parti del mondo \u2013 <\/em>ha detto il presidente dell\u2019associazione &#8220;Natale nel mondo&#8221; <strong>Giuseppe D\u2019Orsi<\/strong>\u00a0<em>\u2013 e la cosa che ci ha affascinato, nell\u2019iniziare la collezione, \u00e8 vedere come viene sviluppato lo stesso tema attraverso usi, costumi e culture diverse.\u201d<\/em><\/p>\n","protected":false},"excerpt":{"rendered":"<p>Si \u00e8 aperta a Firenze l&#8217;esposizione di nativit\u00e0 provenienti da tutto il globo curata dall&#8217;associazione &#8220;Natale nel mondo&#8221; di San Giovanni Valdarno<\/p>\n","protected":false},"author":525,"featured_media":318765,"comment_status":"open","ping_status":"open","sticky":false,"template":"","format":"standard","meta":{"_acf_changed":false,"footnotes":""},"categories":[494],"tags":[4753,409,4912],"class_list":["post-318762","post","type-post","status-publish","format-standard","has-post-thumbnail","hentry","category-attualita","tag-consiglio-regionale-della-toscana","tag-natale","tag-presepe"],"acf":[],"yoast_head":"<!-- This site is optimized with the Yoast SEO Premium plugin v24.2 (Yoast SEO v25.6) - https:\/\/yoast.com\/wordpress\/plugins\/seo\/ -->\n<title>Presepi nel mondo: inaugurata la mostra in Consiglio regionale - intoscana<\/title>\n<meta name=\"robots\" content=\"index, follow, max-snippet:-1, max-image-preview:large, max-video-preview:-1\" \/>\n<link rel=\"canonical\" href=\"https:\/\/www.intoscana.it\/it\/presepi-nel-mondo-inaugurata-la-mostra-in-consiglio-regionale\/\" \/>\n<meta property=\"og:locale\" content=\"it_IT\" \/>\n<meta property=\"og:type\" content=\"article\" \/>\n<meta property=\"og:title\" content=\"Presepi nel mondo: inaugurata la mostra in Consiglio regionale\" \/>\n<meta property=\"og:description\" content=\"Si \u00e8 aperta a Firenze l&#039;esposizione di nativit\u00e0 provenienti da tutto il globo curata dall&#039;associazione &quot;Natale nel mondo&quot; di San Giovanni Valdarno\" \/>\n<meta property=\"og:url\" content=\"https:\/\/www.intoscana.it\/it\/presepi-nel-mondo-inaugurata-la-mostra-in-consiglio-regionale\/\" \/>\n<meta property=\"og:site_name\" content=\"intoscana\" \/>\n<meta property=\"article:publisher\" content=\"https:\/\/www.facebook.com\/intoscana.it\" \/>\n<meta property=\"article:published_time\" content=\"2023-12-12T15:31:42+00:00\" \/>\n<meta property=\"article:modified_time\" content=\"2023-12-12T15:32:45+00:00\" \/>\n<meta property=\"og:image\" content=\"https:\/\/www.intoscana.it\/wp-content\/uploads\/Presepe1.jpeg\" \/>\n\t<meta property=\"og:image:width\" content=\"1280\" \/>\n\t<meta property=\"og:image:height\" content=\"854\" \/>\n\t<meta property=\"og:image:type\" content=\"image\/jpeg\" \/>\n<meta name=\"author\" content=\"Redazione\" \/>\n<meta name=\"twitter:card\" content=\"summary_large_image\" \/>\n<meta name=\"twitter:creator\" content=\"@intoscana\" \/>\n<meta name=\"twitter:site\" content=\"@intoscana\" \/>\n<meta name=\"twitter:label1\" content=\"Written by\" \/>\n\t<meta name=\"twitter:data1\" content=\"Redazione\" \/>\n\t<meta name=\"twitter:label2\" content=\"Est. reading time\" \/>\n\t<meta name=\"twitter:data2\" content=\"2 minuti\" \/>\n<script type=\"application\/ld+json\" class=\"yoast-schema-graph\">{\"@context\":\"https:\/\/schema.org\",\"@graph\":[{\"@type\":\"WebPage\",\"@id\":\"https:\/\/www.intoscana.it\/it\/presepi-nel-mondo-inaugurata-la-mostra-in-consiglio-regionale\/\",\"url\":\"https:\/\/www.intoscana.it\/it\/presepi-nel-mondo-inaugurata-la-mostra-in-consiglio-regionale\/\",\"name\":\"Presepi nel mondo: inaugurata la mostra in Consiglio regionale - intoscana\",\"isPartOf\":{\"@id\":\"https:\/\/www.intoscana.it\/it\/#website\"},\"primaryImageOfPage\":{\"@id\":\"https:\/\/www.intoscana.it\/it\/presepi-nel-mondo-inaugurata-la-mostra-in-consiglio-regionale\/#primaryimage\"},\"image\":{\"@id\":\"https:\/\/www.intoscana.it\/it\/presepi-nel-mondo-inaugurata-la-mostra-in-consiglio-regionale\/#primaryimage\"},\"thumbnailUrl\":\"https:\/\/www.intoscana.it\/wp-content\/uploads\/Presepe1.jpeg\",\"datePublished\":\"2023-12-12T15:31:42+00:00\",\"dateModified\":\"2023-12-12T15:32:45+00:00\",\"author\":{\"@id\":\"https:\/\/www.intoscana.it\/it\/#\/schema\/person\/9223810753230f20bd670fdd322661f8\"},\"breadcrumb\":{\"@id\":\"https:\/\/www.intoscana.it\/it\/presepi-nel-mondo-inaugurata-la-mostra-in-consiglio-regionale\/#breadcrumb\"},\"inLanguage\":\"it-IT\",\"potentialAction\":[{\"@type\":\"ReadAction\",\"target\":[\"https:\/\/www.intoscana.it\/it\/presepi-nel-mondo-inaugurata-la-mostra-in-consiglio-regionale\/\"]}]},{\"@type\":\"ImageObject\",\"inLanguage\":\"it-IT\",\"@id\":\"https:\/\/www.intoscana.it\/it\/presepi-nel-mondo-inaugurata-la-mostra-in-consiglio-regionale\/#primaryimage\",\"url\":\"https:\/\/www.intoscana.it\/wp-content\/uploads\/Presepe1.jpeg\",\"contentUrl\":\"https:\/\/www.intoscana.it\/wp-content\/uploads\/Presepe1.jpeg\",\"width\":1280,\"height\":854},{\"@type\":\"BreadcrumbList\",\"@id\":\"https:\/\/www.intoscana.it\/it\/presepi-nel-mondo-inaugurata-la-mostra-in-consiglio-regionale\/#breadcrumb\",\"itemListElement\":[{\"@type\":\"ListItem\",\"position\":1,\"name\":\"Home\",\"item\":\"https:\/\/www.intoscana.it\/it\/\"},{\"@type\":\"ListItem\",\"position\":2,\"name\":\"Presepi nel mondo: inaugurata la mostra in Consiglio regionale\"}]},{\"@type\":\"WebSite\",\"@id\":\"https:\/\/www.intoscana.it\/it\/#website\",\"url\":\"https:\/\/www.intoscana.it\/it\/\",\"name\":\"intoscana\",\"description\":\"\",\"potentialAction\":[{\"@type\":\"SearchAction\",\"target\":{\"@type\":\"EntryPoint\",\"urlTemplate\":\"https:\/\/www.intoscana.it\/it\/?s={search_term_string}\"},\"query-input\":{\"@type\":\"PropertyValueSpecification\",\"valueRequired\":true,\"valueName\":\"search_term_string\"}}],\"inLanguage\":\"it-IT\"},{\"@type\":\"Person\",\"@id\":\"https:\/\/www.intoscana.it\/it\/#\/schema\/person\/9223810753230f20bd670fdd322661f8\",\"name\":\"Redazione\",\"url\":\"https:\/\/www.intoscana.it\/it\/author\/redazione\/\"}]}<\/script>\n<!-- \/ Yoast SEO Premium plugin. -->","yoast_head_json":{"title":"Presepi nel mondo: inaugurata la mostra in Consiglio regionale - intoscana","robots":{"index":"index","follow":"follow","max-snippet":"max-snippet:-1","max-image-preview":"max-image-preview:large","max-video-preview":"max-video-preview:-1"},"canonical":"https:\/\/www.intoscana.it\/it\/presepi-nel-mondo-inaugurata-la-mostra-in-consiglio-regionale\/","og_locale":"it_IT","og_type":"article","og_title":"Presepi nel mondo: inaugurata la mostra in Consiglio regionale","og_description":"Si \u00e8 aperta a Firenze l'esposizione di nativit\u00e0 provenienti da tutto il globo curata dall'associazione \"Natale nel mondo\" di San Giovanni Valdarno","og_url":"https:\/\/www.intoscana.it\/it\/presepi-nel-mondo-inaugurata-la-mostra-in-consiglio-regionale\/","og_site_name":"intoscana","article_publisher":"https:\/\/www.facebook.com\/intoscana.it","article_published_time":"2023-12-12T15:31:42+00:00","article_modified_time":"2023-12-12T15:32:45+00:00","og_image":[{"width":1280,"height":854,"url":"https:\/\/www.intoscana.it\/wp-content\/uploads\/Presepe1.jpeg","type":"image\/jpeg"}],"author":"Redazione","twitter_card":"summary_large_image","twitter_creator":"@intoscana","twitter_site":"@intoscana","twitter_misc":{"Written by":"Redazione","Est. reading time":"2 minuti"},"schema":{"@context":"https:\/\/schema.org","@graph":[{"@type":"WebPage","@id":"https:\/\/www.intoscana.it\/it\/presepi-nel-mondo-inaugurata-la-mostra-in-consiglio-regionale\/","url":"https:\/\/www.intoscana.it\/it\/presepi-nel-mondo-inaugurata-la-mostra-in-consiglio-regionale\/","name":"Presepi nel mondo: inaugurata la mostra in Consiglio regionale - intoscana","isPartOf":{"@id":"https:\/\/www.intoscana.it\/it\/#website"},"primaryImageOfPage":{"@id":"https:\/\/www.intoscana.it\/it\/presepi-nel-mondo-inaugurata-la-mostra-in-consiglio-regionale\/#primaryimage"},"image":{"@id":"https:\/\/www.intoscana.it\/it\/presepi-nel-mondo-inaugurata-la-mostra-in-consiglio-regionale\/#primaryimage"},"thumbnailUrl":"https:\/\/www.intoscana.it\/wp-content\/uploads\/Presepe1.jpeg","datePublished":"2023-12-12T15:31:42+00:00","dateModified":"2023-12-12T15:32:45+00:00","author":{"@id":"https:\/\/www.intoscana.it\/it\/#\/schema\/person\/9223810753230f20bd670fdd322661f8"},"breadcrumb":{"@id":"https:\/\/www.intoscana.it\/it\/presepi-nel-mondo-inaugurata-la-mostra-in-consiglio-regionale\/#breadcrumb"},"inLanguage":"it-IT","potentialAction":[{"@type":"ReadAction","target":["https:\/\/www.intoscana.it\/it\/presepi-nel-mondo-inaugurata-la-mostra-in-consiglio-regionale\/"]}]},{"@type":"ImageObject","inLanguage":"it-IT","@id":"https:\/\/www.intoscana.it\/it\/presepi-nel-mondo-inaugurata-la-mostra-in-consiglio-regionale\/#primaryimage","url":"https:\/\/www.intoscana.it\/wp-content\/uploads\/Presepe1.jpeg","contentUrl":"https:\/\/www.intoscana.it\/wp-content\/uploads\/Presepe1.jpeg","width":1280,"height":854},{"@type":"BreadcrumbList","@id":"https:\/\/www.intoscana.it\/it\/presepi-nel-mondo-inaugurata-la-mostra-in-consiglio-regionale\/#breadcrumb","itemListElement":[{"@type":"ListItem","position":1,"name":"Home","item":"https:\/\/www.intoscana.it\/it\/"},{"@type":"ListItem","position":2,"name":"Presepi nel mondo: inaugurata la mostra in Consiglio regionale"}]},{"@type":"WebSite","@id":"https:\/\/www.intoscana.it\/it\/#website","url":"https:\/\/www.intoscana.it\/it\/","name":"intoscana","description":"","potentialAction":[{"@type":"SearchAction","target":{"@type":"EntryPoint","urlTemplate":"https:\/\/www.intoscana.it\/it\/?s={search_term_string}"},"query-input":{"@type":"PropertyValueSpecification","valueRequired":true,"valueName":"search_term_string"}}],"inLanguage":"it-IT"},{"@type":"Person","@id":"https:\/\/www.intoscana.it\/it\/#\/schema\/person\/9223810753230f20bd670fdd322661f8","name":"Redazione","url":"https:\/\/www.intoscana.it\/it\/author\/redazione\/"}]}},"_links":{"self":[{"href":"https:\/\/www.intoscana.it\/it\/wp-json\/wp\/v2\/posts\/318762","targetHints":{"allow":["GET"]}}],"collection":[{"href":"https:\/\/www.intoscana.it\/it\/wp-json\/wp\/v2\/posts"}],"about":[{"href":"https:\/\/www.intoscana.it\/it\/wp-json\/wp\/v2\/types\/post"}],"author":[{"embeddable":true,"href":"https:\/\/www.intoscana.it\/it\/wp-json\/wp\/v2\/users\/525"}],"replies":[{"embeddable":true,"href":"https:\/\/www.intoscana.it\/it\/wp-json\/wp\/v2\/comments?post=318762"}],"version-history":[{"count":0,"href":"https:\/\/www.intoscana.it\/it\/wp-json\/wp\/v2\/posts\/318762\/revisions"}],"wp:featuredmedia":[{"embeddable":true,"href":"https:\/\/www.intoscana.it\/it\/wp-json\/wp\/v2\/media\/318765"}],"wp:attachment":[{"href":"https:\/\/www.intoscana.it\/it\/wp-json\/wp\/v2\/media?parent=318762"}],"wp:term":[{"taxonomy":"category","embeddable":true,"href":"https:\/\/www.intoscana.it\/it\/wp-json\/wp\/v2\/categories?post=318762"},{"taxonomy":"post_tag","embeddable":true,"href":"https:\/\/www.intoscana.it\/it\/wp-json\/wp\/v2\/tags?post=318762"}],"curies":[{"name":"wp","href":"https:\/\/api.w.org\/{rel}","templated":true}]}}