{"id":318874,"date":"2023-12-13T14:42:15","date_gmt":"2023-12-13T13:42:15","guid":{"rendered":"https:\/\/www.intoscana.it\/it\/?p=318874"},"modified":"2023-12-13T15:16:05","modified_gmt":"2023-12-13T14:16:05","slug":"concerto-31-dicembre-lucca","status":"publish","type":"post","link":"https:\/\/www.intoscana.it\/it\/concerto-31-dicembre-lucca\/","title":{"rendered":"Lucca, il concertone di fine anno sar\u00e0 un viaggio negli anni &#8217;70: Sabrina Salerno super ospite"},"content":{"rendered":"<p style=\"text-align: left;\">Sar\u00e0 <strong>Sabrina Salerno<\/strong> a guidare la citt\u00e0 di Lucca verso il 2024. L&#8217;icona pop sar\u00e0 l&#8217;ospite centrale del\u00a0programma dell\u2019evento di Capodanno coordinato dall\u2019amministrazione comunale in collaborazione con l&#8217;associazione Don Franco Baroni, che avr\u00e0 luogo in Piazza Santa Maria a partire dalle ore 22.<\/p>\n<p>Sabrina Salerno sar\u00e0 sul palco di Piazza Santa Maria per uno spettacolo trasversale ed esclusivo, che ripercorrer\u00e0 le tappe pi\u00f9 significative della sua carriera, e per un brindisi insieme alla citt\u00e0.<\/p>\n<p><iframe loading=\"lazy\" style=\"border: none; overflow: hidden;\" src=\"https:\/\/www.facebook.com\/plugins\/video.php?height=476&amp;href=https%3A%2F%2Fwww.facebook.com%2FComunediLucca%2Fvideos%2F1812290412534051%2F&amp;show_text=true&amp;width=269&amp;t=0\" width=\"269\" height=\"591\" frameborder=\"0\" scrolling=\"no\" allowfullscreen=\"allowfullscreen\"><\/iframe><\/p>\n<p>Prima di lei il dj <strong>Federico Avanzati\u00a0<\/strong>e\u00a0la musica coinvolgente della Auto-Reverse Band, con uno show dance che partir\u00e0 dal repertorio anni \u201870 per proseguire fino alle hit dei nostri tempi. Il complesso offrir\u00e0 uno show tutto da ballare tra successi disco, pop e dance italiani e internazionali per una notte di musica indimenticabile. Il repertorio travolgente e la presenza scenica dei componenti garantir\u00e0 uno spettacolo coinvolgente per un pubblico di tutte le et\u00e0. Questa la composizione della band: Daniele Pacini (batteria), Edoardo Dei (chitarra), Carlo Romagnoli (basso), Ida Filice (voce) e Stefano Matranga (tastiere).<\/p>\n<p>E infine, a chiusura della serata, che vedr\u00e0 la partecipazione dei rappresentanti dell\u2019amministrazione comunale e delle realt\u00e0 coinvolte, il dj <strong>set del lucchese Luca Maffei<\/strong> per festeggiare l\u2019inizio del nuovo anno ballando al ritmo della migliore musica italiana ed internazionale. A presentare la serata sar\u00e0 Emanuela Gennai.<\/p>\n<p>L\u2019evento \u00e8 stato realizzato con il sostegno di Lucca Crea, Confcommercio Lucca e Massa Carrara, Centro commerciale citt\u00e0 di Lucca e la compartecipazione di Enegan e Camera di Commercio Toscana Nord Ovest.<\/p>\n<p>Piazza Santa Maria si accender\u00e0 quindi per una grande festa ad ingresso libero, all\u2019interno del palinsesto di Lucca Magico Natale, fortemente voluta dall\u2019amministrazione comunale dopo il successo dello scorso anno. Un viaggio musicale unico per cantare, ballare e sognare insieme, con l\u2019augurio che il nuovo anno lucchese sia ricco di emozioni, amore e serenit\u00e0.<\/p>\n","protected":false},"excerpt":{"rendered":"<p>Presentato il programma dell\u2019evento di Capodanno: dalle 22 musica live e dj set nel segno del revival anni Settanta. Ecco chi sono gli artisti che si esibiranno sul palco di Piazza Santa Maria<\/p>\n","protected":false},"author":525,"featured_media":96681,"comment_status":"open","ping_status":"open","sticky":false,"template":"","format":"standard","meta":{"_acf_changed":false,"footnotes":""},"categories":[14],"tags":[5185,395,167],"class_list":["post-318874","post","type-post","status-publish","format-standard","has-post-thumbnail","hentry","category-musica","tag-capodanno","tag-eventi-in-toscana","tag-musica"],"acf":[],"yoast_head":"<!-- This site is optimized with the Yoast SEO Premium plugin v24.2 (Yoast SEO v25.6) - https:\/\/yoast.com\/wordpress\/plugins\/seo\/ -->\n<title>Lucca, il concertone di fine anno sar\u00e0 un viaggio negli anni &#039;70: Sabrina Salerno super ospite - intoscana<\/title>\n<meta name=\"description\" content=\"Presentato il programma del Capodanno a Lucca: dalle 22 musica live e dj set nel segno del revival anni Settanta\" \/>\n<meta name=\"robots\" content=\"index, follow, max-snippet:-1, max-image-preview:large, max-video-preview:-1\" \/>\n<link rel=\"canonical\" href=\"https:\/\/www.intoscana.it\/it\/concerto-31-dicembre-lucca\/\" \/>\n<meta property=\"og:locale\" content=\"it_IT\" \/>\n<meta property=\"og:type\" content=\"article\" \/>\n<meta property=\"og:title\" content=\"Lucca, il concertone di fine anno sar\u00e0 un viaggio negli anni &#039;70: Sabrina Salerno super ospite\" \/>\n<meta property=\"og:description\" content=\"Presentato il programma del Capodanno a Lucca: dalle 22 musica live e dj set nel segno del revival anni Settanta\" \/>\n<meta property=\"og:url\" content=\"https:\/\/www.intoscana.it\/it\/concerto-31-dicembre-lucca\/\" \/>\n<meta property=\"og:site_name\" content=\"intoscana\" \/>\n<meta property=\"article:publisher\" content=\"https:\/\/www.facebook.com\/intoscana.it\" \/>\n<meta property=\"article:published_time\" content=\"2023-12-13T13:42:15+00:00\" \/>\n<meta property=\"article:modified_time\" content=\"2023-12-13T14:16:05+00:00\" \/>\n<meta property=\"og:image\" content=\"https:\/\/www.intoscana.it\/wp-content\/uploads\/brindisi-4.jpg\" \/>\n\t<meta property=\"og:image:width\" content=\"768\" \/>\n\t<meta property=\"og:image:height\" content=\"510\" \/>\n\t<meta property=\"og:image:type\" content=\"image\/jpeg\" \/>\n<meta name=\"author\" content=\"Redazione\" \/>\n<meta name=\"twitter:card\" content=\"summary_large_image\" \/>\n<meta name=\"twitter:creator\" content=\"@intoscana\" \/>\n<meta name=\"twitter:site\" content=\"@intoscana\" \/>\n<meta name=\"twitter:label1\" content=\"Written by\" \/>\n\t<meta name=\"twitter:data1\" content=\"Redazione\" \/>\n\t<meta name=\"twitter:label2\" content=\"Est. reading time\" \/>\n\t<meta name=\"twitter:data2\" content=\"2 minuti\" \/>\n<script type=\"application\/ld+json\" class=\"yoast-schema-graph\">{\"@context\":\"https:\/\/schema.org\",\"@graph\":[{\"@type\":\"WebPage\",\"@id\":\"https:\/\/www.intoscana.it\/it\/concerto-31-dicembre-lucca\/\",\"url\":\"https:\/\/www.intoscana.it\/it\/concerto-31-dicembre-lucca\/\",\"name\":\"Lucca, il concertone di fine anno sar\u00e0 un viaggio negli anni '70: Sabrina Salerno super ospite - intoscana\",\"isPartOf\":{\"@id\":\"https:\/\/www.intoscana.it\/it\/#website\"},\"primaryImageOfPage\":{\"@id\":\"https:\/\/www.intoscana.it\/it\/concerto-31-dicembre-lucca\/#primaryimage\"},\"image\":{\"@id\":\"https:\/\/www.intoscana.it\/it\/concerto-31-dicembre-lucca\/#primaryimage\"},\"thumbnailUrl\":\"https:\/\/www.intoscana.it\/wp-content\/uploads\/brindisi-4.jpg\",\"datePublished\":\"2023-12-13T13:42:15+00:00\",\"dateModified\":\"2023-12-13T14:16:05+00:00\",\"author\":{\"@id\":\"https:\/\/www.intoscana.it\/it\/#\/schema\/person\/9223810753230f20bd670fdd322661f8\"},\"description\":\"Presentato il programma del Capodanno a Lucca: dalle 22 musica live e dj set nel segno del revival anni Settanta\",\"breadcrumb\":{\"@id\":\"https:\/\/www.intoscana.it\/it\/concerto-31-dicembre-lucca\/#breadcrumb\"},\"inLanguage\":\"it-IT\",\"potentialAction\":[{\"@type\":\"ReadAction\",\"target\":[\"https:\/\/www.intoscana.it\/it\/concerto-31-dicembre-lucca\/\"]}]},{\"@type\":\"ImageObject\",\"inLanguage\":\"it-IT\",\"@id\":\"https:\/\/www.intoscana.it\/it\/concerto-31-dicembre-lucca\/#primaryimage\",\"url\":\"https:\/\/www.intoscana.it\/wp-content\/uploads\/brindisi-4.jpg\",\"contentUrl\":\"https:\/\/www.intoscana.it\/wp-content\/uploads\/brindisi-4.jpg\",\"width\":768,\"height\":510},{\"@type\":\"BreadcrumbList\",\"@id\":\"https:\/\/www.intoscana.it\/it\/concerto-31-dicembre-lucca\/#breadcrumb\",\"itemListElement\":[{\"@type\":\"ListItem\",\"position\":1,\"name\":\"Home\",\"item\":\"https:\/\/www.intoscana.it\/it\/\"},{\"@type\":\"ListItem\",\"position\":2,\"name\":\"Lucca, il concertone di fine anno sar\u00e0 un viaggio negli anni &#8217;70: Sabrina Salerno super ospite\"}]},{\"@type\":\"WebSite\",\"@id\":\"https:\/\/www.intoscana.it\/it\/#website\",\"url\":\"https:\/\/www.intoscana.it\/it\/\",\"name\":\"intoscana\",\"description\":\"\",\"potentialAction\":[{\"@type\":\"SearchAction\",\"target\":{\"@type\":\"EntryPoint\",\"urlTemplate\":\"https:\/\/www.intoscana.it\/it\/?s={search_term_string}\"},\"query-input\":{\"@type\":\"PropertyValueSpecification\",\"valueRequired\":true,\"valueName\":\"search_term_string\"}}],\"inLanguage\":\"it-IT\"},{\"@type\":\"Person\",\"@id\":\"https:\/\/www.intoscana.it\/it\/#\/schema\/person\/9223810753230f20bd670fdd322661f8\",\"name\":\"Redazione\",\"url\":\"https:\/\/www.intoscana.it\/it\/author\/redazione\/\"}]}<\/script>\n<!-- \/ Yoast SEO Premium plugin. -->","yoast_head_json":{"title":"Lucca, il concertone di fine anno sar\u00e0 un viaggio negli anni '70: Sabrina Salerno super ospite - intoscana","description":"Presentato il programma del Capodanno a Lucca: dalle 22 musica live e dj set nel segno del revival anni Settanta","robots":{"index":"index","follow":"follow","max-snippet":"max-snippet:-1","max-image-preview":"max-image-preview:large","max-video-preview":"max-video-preview:-1"},"canonical":"https:\/\/www.intoscana.it\/it\/concerto-31-dicembre-lucca\/","og_locale":"it_IT","og_type":"article","og_title":"Lucca, il concertone di fine anno sar\u00e0 un viaggio negli anni '70: Sabrina Salerno super ospite","og_description":"Presentato il programma del Capodanno a Lucca: dalle 22 musica live e dj set nel segno del revival anni Settanta","og_url":"https:\/\/www.intoscana.it\/it\/concerto-31-dicembre-lucca\/","og_site_name":"intoscana","article_publisher":"https:\/\/www.facebook.com\/intoscana.it","article_published_time":"2023-12-13T13:42:15+00:00","article_modified_time":"2023-12-13T14:16:05+00:00","og_image":[{"width":768,"height":510,"url":"https:\/\/www.intoscana.it\/wp-content\/uploads\/brindisi-4.jpg","type":"image\/jpeg"}],"author":"Redazione","twitter_card":"summary_large_image","twitter_creator":"@intoscana","twitter_site":"@intoscana","twitter_misc":{"Written by":"Redazione","Est. reading time":"2 minuti"},"schema":{"@context":"https:\/\/schema.org","@graph":[{"@type":"WebPage","@id":"https:\/\/www.intoscana.it\/it\/concerto-31-dicembre-lucca\/","url":"https:\/\/www.intoscana.it\/it\/concerto-31-dicembre-lucca\/","name":"Lucca, il concertone di fine anno sar\u00e0 un viaggio negli anni '70: Sabrina Salerno super ospite - intoscana","isPartOf":{"@id":"https:\/\/www.intoscana.it\/it\/#website"},"primaryImageOfPage":{"@id":"https:\/\/www.intoscana.it\/it\/concerto-31-dicembre-lucca\/#primaryimage"},"image":{"@id":"https:\/\/www.intoscana.it\/it\/concerto-31-dicembre-lucca\/#primaryimage"},"thumbnailUrl":"https:\/\/www.intoscana.it\/wp-content\/uploads\/brindisi-4.jpg","datePublished":"2023-12-13T13:42:15+00:00","dateModified":"2023-12-13T14:16:05+00:00","author":{"@id":"https:\/\/www.intoscana.it\/it\/#\/schema\/person\/9223810753230f20bd670fdd322661f8"},"description":"Presentato il programma del Capodanno a Lucca: dalle 22 musica live e dj set nel segno del revival anni Settanta","breadcrumb":{"@id":"https:\/\/www.intoscana.it\/it\/concerto-31-dicembre-lucca\/#breadcrumb"},"inLanguage":"it-IT","potentialAction":[{"@type":"ReadAction","target":["https:\/\/www.intoscana.it\/it\/concerto-31-dicembre-lucca\/"]}]},{"@type":"ImageObject","inLanguage":"it-IT","@id":"https:\/\/www.intoscana.it\/it\/concerto-31-dicembre-lucca\/#primaryimage","url":"https:\/\/www.intoscana.it\/wp-content\/uploads\/brindisi-4.jpg","contentUrl":"https:\/\/www.intoscana.it\/wp-content\/uploads\/brindisi-4.jpg","width":768,"height":510},{"@type":"BreadcrumbList","@id":"https:\/\/www.intoscana.it\/it\/concerto-31-dicembre-lucca\/#breadcrumb","itemListElement":[{"@type":"ListItem","position":1,"name":"Home","item":"https:\/\/www.intoscana.it\/it\/"},{"@type":"ListItem","position":2,"name":"Lucca, il concertone di fine anno sar\u00e0 un viaggio negli anni &#8217;70: Sabrina Salerno super ospite"}]},{"@type":"WebSite","@id":"https:\/\/www.intoscana.it\/it\/#website","url":"https:\/\/www.intoscana.it\/it\/","name":"intoscana","description":"","potentialAction":[{"@type":"SearchAction","target":{"@type":"EntryPoint","urlTemplate":"https:\/\/www.intoscana.it\/it\/?s={search_term_string}"},"query-input":{"@type":"PropertyValueSpecification","valueRequired":true,"valueName":"search_term_string"}}],"inLanguage":"it-IT"},{"@type":"Person","@id":"https:\/\/www.intoscana.it\/it\/#\/schema\/person\/9223810753230f20bd670fdd322661f8","name":"Redazione","url":"https:\/\/www.intoscana.it\/it\/author\/redazione\/"}]}},"_links":{"self":[{"href":"https:\/\/www.intoscana.it\/it\/wp-json\/wp\/v2\/posts\/318874","targetHints":{"allow":["GET"]}}],"collection":[{"href":"https:\/\/www.intoscana.it\/it\/wp-json\/wp\/v2\/posts"}],"about":[{"href":"https:\/\/www.intoscana.it\/it\/wp-json\/wp\/v2\/types\/post"}],"author":[{"embeddable":true,"href":"https:\/\/www.intoscana.it\/it\/wp-json\/wp\/v2\/users\/525"}],"replies":[{"embeddable":true,"href":"https:\/\/www.intoscana.it\/it\/wp-json\/wp\/v2\/comments?post=318874"}],"version-history":[{"count":0,"href":"https:\/\/www.intoscana.it\/it\/wp-json\/wp\/v2\/posts\/318874\/revisions"}],"wp:featuredmedia":[{"embeddable":true,"href":"https:\/\/www.intoscana.it\/it\/wp-json\/wp\/v2\/media\/96681"}],"wp:attachment":[{"href":"https:\/\/www.intoscana.it\/it\/wp-json\/wp\/v2\/media?parent=318874"}],"wp:term":[{"taxonomy":"category","embeddable":true,"href":"https:\/\/www.intoscana.it\/it\/wp-json\/wp\/v2\/categories?post=318874"},{"taxonomy":"post_tag","embeddable":true,"href":"https:\/\/www.intoscana.it\/it\/wp-json\/wp\/v2\/tags?post=318874"}],"curies":[{"name":"wp","href":"https:\/\/api.w.org\/{rel}","templated":true}]}}