{"id":318891,"date":"2023-12-13T15:09:48","date_gmt":"2023-12-13T14:09:48","guid":{"rendered":"https:\/\/www.intoscana.it\/it\/?p=318891"},"modified":"2023-12-13T15:10:14","modified_gmt":"2023-12-13T14:10:14","slug":"covid-aumentano-i-positivi-anche-in-toscana-3196-negli-ultimi-sette-giorni","status":"publish","type":"post","link":"https:\/\/www.intoscana.it\/it\/covid-aumentano-i-positivi-anche-in-toscana-3196-negli-ultimi-sette-giorni\/","title":{"rendered":"Covid, aumentano i positivi anche in Toscana: 3196 negli ultimi sette giorni"},"content":{"rendered":"<p>Negli ultimi sette giorni si sono registrati in Toscana <strong>3.196 nuovi casi di Covid-19<\/strong>: 945 confermati con tampone molecolare e gli altri 2.251 con test rapido.<\/p>\n<p>Il numero dei contagiati rilevati in regione dall&#8217;inizio della pandemia sale dunque a 1.643.075. A oggi in 5.182 risultano ancora positivi. I guariti crescono dello 0,2% (2.652 persone) e raggiungono quota 1.625.600 (98,9% dei casi totali).<\/p>\n<p>A oggi sono ricoverate in ospedale 613 persone (72 in pi\u00f9 rispetto alla settimana precedente, pi\u00f9 13,3%), di cui 21 (1 in meno, meno 4,5%) si trovano in terapia intensiva. In 4.469 sono in isolamento a casa, perch\u00e9 presentano sintomi lievi che non richiedono cure ospedaliere o risultano prive di sintomi (425 in pi\u00f9 rispetto alla settimana precedente, pi\u00f9 10,5%).<\/p>\n<p>La lista dei decessi si aggiorna con 47 nuovi decessi: 23 uomini e 24 donne con un&#8217;et\u00e0 media di 85,7 anni.<\/p>\n<h3>L&#8217;andamento per provincia<\/h3>\n<p>Con gli ultimi casi salgono a 439.194 i positivi dall&#8217;inizio dell&#8217;emergenza nei comuni della Citt\u00e0 metropolitana di Firenze (724 in pi\u00f9 rispetto alla settimana precedente), 106.487 in provincia di Prato (164 in pi\u00f9), 127.316 a Pistoia (224 in pi\u00f9), 86.375 a Massa Carrara (213 in pi\u00f9), 179.012 a Lucca (409 in pi\u00f9), 193.069 a Pisa (500 in pi\u00f9), 151.476 a Livorno (349 in pi\u00f9), 148.565 ad Arezzo (275 in pi\u00f9), 117.837 a Siena (194 in pi\u00f9) e 92.188 a Grosseto (137 in pi\u00f9). A questi vanno aggiunti 571 casi di positivit\u00e0 notificati in Toscana ma che riguardano residenti in altre regioni.<\/p>\n<p>La Toscana ha circa 45.002 casi complessivi ogni 100.000 abitanti dall&#8217;inizio della pandemia (tra residenti e non residenti). Al momento la provincia di notifica con il tasso pi\u00f9 alto \u00e9 Lucca (con 47.006 casi ogni 100 mila abitanti), seguita da Livorno (46.573) e Pisa (46.375). La pi\u00f9 bassa concentrazione si riscontra a Prato (con un tasso di 41.201).<\/p>\n<h3>I decessi<\/h3>\n<p>La lista dei decessi si aggiorna con 47 nuovi decessi: 23 uomini e 24 donne con un&#8217;et\u00e0 media di 85,7 anni.<\/p>\n<p>Relativamente alla provincia di residenza, le persone decedute sono: 11 a Firenze, 2 a Prato, 9 a Pistoia, 1 a Massa Carrara, 4 a Lucca, 7 a Pisa, 3 a Livorno, 1 a Arezzo, 4 a Siena, 1 a Grosseto, 4 fuori Toscana.<\/p>\n<p>Sono 12.293 i deceduti dall&#8217;inizio dell&#8217;epidemia: 3.877 nella Citt\u00e0 metropolitana di Firenze, 981 in provincia di Prato, 1.115 a Pistoia, 742 a Massa Carrara, 1.102 a Lucca, 1.356 a Pisa, 915 a Livorno, 808 ad Arezzo, 719 a Siena, 473 a Grosseto. Vanno aggiunte 205 persone decedute sul suolo toscano ma erano residenti fuori regione.<\/p>\n<p>Il tasso grezzo di mortalit\u00e0 per Covid-19 (numero di deceduti\/popolazione residente) \u00e8 al momento 336,7 ogni 100 mila residenti. Per quanto riguarda le province, il tasso di mortalit\u00e0 pi\u00f9 alto si riscontra a Massa Carrara (396,2 ogni 100 mila abitanti), seguita da Firenze (393,6 x100.000) e Pistoia (385,9 x100.000), mentre il pi\u00f9 basso \u00e8 a Grosseto (219,0 x100.000).<\/p>\n","protected":false},"excerpt":{"rendered":"<p>Si conferma il trend in rialzo di nuovi positivi anche nella nostra regione. La lista dei decessi si aggiorna con 47 nuovi decessi: 23 uomini e 24 donne con un&#8217;et\u00e0 media di 85,7 anni.<\/p>\n","protected":false},"author":525,"featured_media":189488,"comment_status":"open","ping_status":"open","sticky":false,"template":"","format":"standard","meta":{"_acf_changed":false,"footnotes":""},"categories":[494],"tags":[4868,134,349],"class_list":["post-318891","post","type-post","status-publish","format-standard","has-post-thumbnail","hentry","category-attualita","tag-bollettino-covid-toscana","tag-salute","tag-sanita"],"acf":[],"yoast_head":"<!-- This site is optimized with the Yoast SEO Premium plugin v24.2 (Yoast SEO v25.6) - https:\/\/yoast.com\/wordpress\/plugins\/seo\/ -->\n<title>Covid, aumentano i positivi anche in Toscana: 3196 negli ultimi sette giorni - intoscana<\/title>\n<meta name=\"description\" content=\"Si conferma il trend in rialzo di nuovi positivi anche nella nostra regione. Sono 47 i nuovi decessi\" \/>\n<meta name=\"robots\" content=\"index, follow, max-snippet:-1, max-image-preview:large, max-video-preview:-1\" \/>\n<link rel=\"canonical\" href=\"https:\/\/www.intoscana.it\/it\/covid-aumentano-i-positivi-anche-in-toscana-3196-negli-ultimi-sette-giorni\/\" \/>\n<meta property=\"og:locale\" content=\"it_IT\" \/>\n<meta property=\"og:type\" content=\"article\" \/>\n<meta property=\"og:title\" content=\"Covid, aumentano i positivi anche in Toscana: 3196 negli ultimi sette giorni\" \/>\n<meta property=\"og:description\" content=\"Si conferma il trend in rialzo di nuovi positivi anche nella nostra regione. Sono 47 i nuovi decessi\" \/>\n<meta property=\"og:url\" content=\"https:\/\/www.intoscana.it\/it\/covid-aumentano-i-positivi-anche-in-toscana-3196-negli-ultimi-sette-giorni\/\" \/>\n<meta property=\"og:site_name\" content=\"intoscana\" \/>\n<meta property=\"article:publisher\" content=\"https:\/\/www.facebook.com\/intoscana.it\" \/>\n<meta property=\"article:published_time\" content=\"2023-12-13T14:09:48+00:00\" \/>\n<meta property=\"article:modified_time\" content=\"2023-12-13T14:10:14+00:00\" \/>\n<meta property=\"og:image\" content=\"https:\/\/www.intoscana.it\/wp-content\/uploads\/Test-covid-Mufid-Majnun-Unsplash.jpg\" \/>\n\t<meta property=\"og:image:width\" content=\"1920\" \/>\n\t<meta property=\"og:image:height\" content=\"1280\" \/>\n\t<meta property=\"og:image:type\" content=\"image\/jpeg\" \/>\n<meta name=\"author\" content=\"Redazione\" \/>\n<meta name=\"twitter:card\" content=\"summary_large_image\" \/>\n<meta name=\"twitter:creator\" content=\"@intoscana\" \/>\n<meta name=\"twitter:site\" content=\"@intoscana\" \/>\n<meta name=\"twitter:label1\" content=\"Written by\" \/>\n\t<meta name=\"twitter:data1\" content=\"Redazione\" \/>\n\t<meta name=\"twitter:label2\" content=\"Est. reading time\" \/>\n\t<meta name=\"twitter:data2\" content=\"2 minuti\" \/>\n<script type=\"application\/ld+json\" class=\"yoast-schema-graph\">{\"@context\":\"https:\/\/schema.org\",\"@graph\":[{\"@type\":\"WebPage\",\"@id\":\"https:\/\/www.intoscana.it\/it\/covid-aumentano-i-positivi-anche-in-toscana-3196-negli-ultimi-sette-giorni\/\",\"url\":\"https:\/\/www.intoscana.it\/it\/covid-aumentano-i-positivi-anche-in-toscana-3196-negli-ultimi-sette-giorni\/\",\"name\":\"Covid, aumentano i positivi anche in Toscana: 3196 negli ultimi sette giorni - intoscana\",\"isPartOf\":{\"@id\":\"https:\/\/www.intoscana.it\/it\/#website\"},\"primaryImageOfPage\":{\"@id\":\"https:\/\/www.intoscana.it\/it\/covid-aumentano-i-positivi-anche-in-toscana-3196-negli-ultimi-sette-giorni\/#primaryimage\"},\"image\":{\"@id\":\"https:\/\/www.intoscana.it\/it\/covid-aumentano-i-positivi-anche-in-toscana-3196-negli-ultimi-sette-giorni\/#primaryimage\"},\"thumbnailUrl\":\"https:\/\/www.intoscana.it\/wp-content\/uploads\/Test-covid-Mufid-Majnun-Unsplash.jpg\",\"datePublished\":\"2023-12-13T14:09:48+00:00\",\"dateModified\":\"2023-12-13T14:10:14+00:00\",\"author\":{\"@id\":\"https:\/\/www.intoscana.it\/it\/#\/schema\/person\/9223810753230f20bd670fdd322661f8\"},\"description\":\"Si conferma il trend in rialzo di nuovi positivi anche nella nostra regione. Sono 47 i nuovi decessi\",\"breadcrumb\":{\"@id\":\"https:\/\/www.intoscana.it\/it\/covid-aumentano-i-positivi-anche-in-toscana-3196-negli-ultimi-sette-giorni\/#breadcrumb\"},\"inLanguage\":\"it-IT\",\"potentialAction\":[{\"@type\":\"ReadAction\",\"target\":[\"https:\/\/www.intoscana.it\/it\/covid-aumentano-i-positivi-anche-in-toscana-3196-negli-ultimi-sette-giorni\/\"]}]},{\"@type\":\"ImageObject\",\"inLanguage\":\"it-IT\",\"@id\":\"https:\/\/www.intoscana.it\/it\/covid-aumentano-i-positivi-anche-in-toscana-3196-negli-ultimi-sette-giorni\/#primaryimage\",\"url\":\"https:\/\/www.intoscana.it\/wp-content\/uploads\/Test-covid-Mufid-Majnun-Unsplash.jpg\",\"contentUrl\":\"https:\/\/www.intoscana.it\/wp-content\/uploads\/Test-covid-Mufid-Majnun-Unsplash.jpg\",\"width\":1920,\"height\":1280,\"caption\":\"Un tampone per il Covid-19\"},{\"@type\":\"BreadcrumbList\",\"@id\":\"https:\/\/www.intoscana.it\/it\/covid-aumentano-i-positivi-anche-in-toscana-3196-negli-ultimi-sette-giorni\/#breadcrumb\",\"itemListElement\":[{\"@type\":\"ListItem\",\"position\":1,\"name\":\"Home\",\"item\":\"https:\/\/www.intoscana.it\/it\/\"},{\"@type\":\"ListItem\",\"position\":2,\"name\":\"Covid, aumentano i positivi anche in Toscana: 3196 negli ultimi sette giorni\"}]},{\"@type\":\"WebSite\",\"@id\":\"https:\/\/www.intoscana.it\/it\/#website\",\"url\":\"https:\/\/www.intoscana.it\/it\/\",\"name\":\"intoscana\",\"description\":\"\",\"potentialAction\":[{\"@type\":\"SearchAction\",\"target\":{\"@type\":\"EntryPoint\",\"urlTemplate\":\"https:\/\/www.intoscana.it\/it\/?s={search_term_string}\"},\"query-input\":{\"@type\":\"PropertyValueSpecification\",\"valueRequired\":true,\"valueName\":\"search_term_string\"}}],\"inLanguage\":\"it-IT\"},{\"@type\":\"Person\",\"@id\":\"https:\/\/www.intoscana.it\/it\/#\/schema\/person\/9223810753230f20bd670fdd322661f8\",\"name\":\"Redazione\",\"url\":\"https:\/\/www.intoscana.it\/it\/author\/redazione\/\"}]}<\/script>\n<!-- \/ Yoast SEO Premium plugin. -->","yoast_head_json":{"title":"Covid, aumentano i positivi anche in Toscana: 3196 negli ultimi sette giorni - intoscana","description":"Si conferma il trend in rialzo di nuovi positivi anche nella nostra regione. Sono 47 i nuovi decessi","robots":{"index":"index","follow":"follow","max-snippet":"max-snippet:-1","max-image-preview":"max-image-preview:large","max-video-preview":"max-video-preview:-1"},"canonical":"https:\/\/www.intoscana.it\/it\/covid-aumentano-i-positivi-anche-in-toscana-3196-negli-ultimi-sette-giorni\/","og_locale":"it_IT","og_type":"article","og_title":"Covid, aumentano i positivi anche in Toscana: 3196 negli ultimi sette giorni","og_description":"Si conferma il trend in rialzo di nuovi positivi anche nella nostra regione. Sono 47 i nuovi decessi","og_url":"https:\/\/www.intoscana.it\/it\/covid-aumentano-i-positivi-anche-in-toscana-3196-negli-ultimi-sette-giorni\/","og_site_name":"intoscana","article_publisher":"https:\/\/www.facebook.com\/intoscana.it","article_published_time":"2023-12-13T14:09:48+00:00","article_modified_time":"2023-12-13T14:10:14+00:00","og_image":[{"width":1920,"height":1280,"url":"https:\/\/www.intoscana.it\/wp-content\/uploads\/Test-covid-Mufid-Majnun-Unsplash.jpg","type":"image\/jpeg"}],"author":"Redazione","twitter_card":"summary_large_image","twitter_creator":"@intoscana","twitter_site":"@intoscana","twitter_misc":{"Written by":"Redazione","Est. reading time":"2 minuti"},"schema":{"@context":"https:\/\/schema.org","@graph":[{"@type":"WebPage","@id":"https:\/\/www.intoscana.it\/it\/covid-aumentano-i-positivi-anche-in-toscana-3196-negli-ultimi-sette-giorni\/","url":"https:\/\/www.intoscana.it\/it\/covid-aumentano-i-positivi-anche-in-toscana-3196-negli-ultimi-sette-giorni\/","name":"Covid, aumentano i positivi anche in Toscana: 3196 negli ultimi sette giorni - intoscana","isPartOf":{"@id":"https:\/\/www.intoscana.it\/it\/#website"},"primaryImageOfPage":{"@id":"https:\/\/www.intoscana.it\/it\/covid-aumentano-i-positivi-anche-in-toscana-3196-negli-ultimi-sette-giorni\/#primaryimage"},"image":{"@id":"https:\/\/www.intoscana.it\/it\/covid-aumentano-i-positivi-anche-in-toscana-3196-negli-ultimi-sette-giorni\/#primaryimage"},"thumbnailUrl":"https:\/\/www.intoscana.it\/wp-content\/uploads\/Test-covid-Mufid-Majnun-Unsplash.jpg","datePublished":"2023-12-13T14:09:48+00:00","dateModified":"2023-12-13T14:10:14+00:00","author":{"@id":"https:\/\/www.intoscana.it\/it\/#\/schema\/person\/9223810753230f20bd670fdd322661f8"},"description":"Si conferma il trend in rialzo di nuovi positivi anche nella nostra regione. Sono 47 i nuovi decessi","breadcrumb":{"@id":"https:\/\/www.intoscana.it\/it\/covid-aumentano-i-positivi-anche-in-toscana-3196-negli-ultimi-sette-giorni\/#breadcrumb"},"inLanguage":"it-IT","potentialAction":[{"@type":"ReadAction","target":["https:\/\/www.intoscana.it\/it\/covid-aumentano-i-positivi-anche-in-toscana-3196-negli-ultimi-sette-giorni\/"]}]},{"@type":"ImageObject","inLanguage":"it-IT","@id":"https:\/\/www.intoscana.it\/it\/covid-aumentano-i-positivi-anche-in-toscana-3196-negli-ultimi-sette-giorni\/#primaryimage","url":"https:\/\/www.intoscana.it\/wp-content\/uploads\/Test-covid-Mufid-Majnun-Unsplash.jpg","contentUrl":"https:\/\/www.intoscana.it\/wp-content\/uploads\/Test-covid-Mufid-Majnun-Unsplash.jpg","width":1920,"height":1280,"caption":"Un tampone per il Covid-19"},{"@type":"BreadcrumbList","@id":"https:\/\/www.intoscana.it\/it\/covid-aumentano-i-positivi-anche-in-toscana-3196-negli-ultimi-sette-giorni\/#breadcrumb","itemListElement":[{"@type":"ListItem","position":1,"name":"Home","item":"https:\/\/www.intoscana.it\/it\/"},{"@type":"ListItem","position":2,"name":"Covid, aumentano i positivi anche in Toscana: 3196 negli ultimi sette giorni"}]},{"@type":"WebSite","@id":"https:\/\/www.intoscana.it\/it\/#website","url":"https:\/\/www.intoscana.it\/it\/","name":"intoscana","description":"","potentialAction":[{"@type":"SearchAction","target":{"@type":"EntryPoint","urlTemplate":"https:\/\/www.intoscana.it\/it\/?s={search_term_string}"},"query-input":{"@type":"PropertyValueSpecification","valueRequired":true,"valueName":"search_term_string"}}],"inLanguage":"it-IT"},{"@type":"Person","@id":"https:\/\/www.intoscana.it\/it\/#\/schema\/person\/9223810753230f20bd670fdd322661f8","name":"Redazione","url":"https:\/\/www.intoscana.it\/it\/author\/redazione\/"}]}},"_links":{"self":[{"href":"https:\/\/www.intoscana.it\/it\/wp-json\/wp\/v2\/posts\/318891","targetHints":{"allow":["GET"]}}],"collection":[{"href":"https:\/\/www.intoscana.it\/it\/wp-json\/wp\/v2\/posts"}],"about":[{"href":"https:\/\/www.intoscana.it\/it\/wp-json\/wp\/v2\/types\/post"}],"author":[{"embeddable":true,"href":"https:\/\/www.intoscana.it\/it\/wp-json\/wp\/v2\/users\/525"}],"replies":[{"embeddable":true,"href":"https:\/\/www.intoscana.it\/it\/wp-json\/wp\/v2\/comments?post=318891"}],"version-history":[{"count":0,"href":"https:\/\/www.intoscana.it\/it\/wp-json\/wp\/v2\/posts\/318891\/revisions"}],"wp:featuredmedia":[{"embeddable":true,"href":"https:\/\/www.intoscana.it\/it\/wp-json\/wp\/v2\/media\/189488"}],"wp:attachment":[{"href":"https:\/\/www.intoscana.it\/it\/wp-json\/wp\/v2\/media?parent=318891"}],"wp:term":[{"taxonomy":"category","embeddable":true,"href":"https:\/\/www.intoscana.it\/it\/wp-json\/wp\/v2\/categories?post=318891"},{"taxonomy":"post_tag","embeddable":true,"href":"https:\/\/www.intoscana.it\/it\/wp-json\/wp\/v2\/tags?post=318891"}],"curies":[{"name":"wp","href":"https:\/\/api.w.org\/{rel}","templated":true}]}}