{"id":318977,"date":"2023-12-14T10:03:22","date_gmt":"2023-12-14T09:03:22","guid":{"rendered":"https:\/\/www.intoscana.it\/it\/?p=318977"},"modified":"2023-12-14T10:03:22","modified_gmt":"2023-12-14T09:03:22","slug":"ciao-sergio-al-teatro-aurora-di-scandicci-musica-parole-e-immagini-per-ricordare-staino","status":"publish","type":"post","link":"https:\/\/www.intoscana.it\/it\/ciao-sergio-al-teatro-aurora-di-scandicci-musica-parole-e-immagini-per-ricordare-staino\/","title":{"rendered":"&#8220;Ciao Sergio!&#8221; al Teatro Aurora di Scandicci musica, parole e immagini per ricordare Staino"},"content":{"rendered":"<p><strong>Mercoled\u00ec 20 dicembre<\/strong> al<strong> Teatro Aurora di Scandicci<\/strong> amiche e amici di <a href=\"https:\/\/www.intoscana.it\/it\/articolo\/addio-a-sergio-staino-il-papa-di-bobo\/\" target=\"_blank\" rel=\"noopener\"><strong>Sergio Staino<\/strong><\/a>, compagne e compagni<strong><em>, \u201cpoeti e sognatori\u201d <\/em><\/strong>daranno vita a una serata in ricordo del <strong>giornalista, vignettista, fumettista, ex direttore dell\u2019Unit\u00e0<\/strong>, cittadino scandiccese e protagonista della vita culturale locale e nazionale <strong>scomparso lo scorso 21 ottobre.<\/strong><\/p>\n<p>L\u2019evento voluto <strong>dalla famiglia e dal Comune di Scandicci<\/strong>, \u00e8 organizzato dalla <strong>Scuola di Musica di Scandicci<\/strong> con il contributo della Citt\u00e0 Metropolitana di Firenze e del Comune.<\/p>\n<p>La serata sar\u00e0 presentata da <strong>Paolo Hendel e Daniela Morozzi<\/strong> e vedr\u00e0 la presenza di tantissimi nomi dello spettacolo tra cui: <strong>Paola Turci, Ernesto Bassignano, Flaco Biondini, Maria Cassi, Vittorio Conti, Gianni Cuperlo, Alessandro D&#8217;Alessandro, Sandro Fallani, Letizia Perini, Annalisa Cuzzocrea, Monia Monni, Massimo Gramigni, Silvio Greco, Alessio Lega, Francesca Lorimer, Anna Meacci, Angelo Pelini, Marta Regoli, Chiara Riondino, David Riondino, Sergio Sacchi, Andrea Satta, Fulvia Serra, Caterina Staino, Ilaria Staino, Claudio Vanni, Peppe Voltarelli<\/strong> che in musica e parole ricorderanno <a href=\"https:\/\/www.youtube.com\/watch?v=2_pkzmtLUaU\" target=\"_blank\" rel=\"noopener\"><strong>Sergio Staino.<\/strong><\/a><\/p>\n<figure id=\"post-318981 media-318981\" class=\"align-none\"><img decoding=\"async\" src=\"https:\/\/www.intoscana.it\/wp-content\/uploads\/SERGIO-STAINO-Premio-Tenco.jpg\" alt=\"\" \/><\/figure>\n<p>In programma anche inserti dallo spettacolo <strong><em>\u201cConcerto per matita e orchestra\u201d<\/em> <\/strong>su musiche originali in stile swing ispirate ad alcune delle strisce di<strong> Sergio Staino<\/strong> degli anni &#8217;80 e &#8217;90 contestualmente proiettate.<\/p>\n<p>Gli esecutori saranno Andrea Rinaldi al pianoforte, Alessandro Fabbri alla batteria, <strong>Michele Staino al contrabbasso,<\/strong> Claudio Ingletti al sassofono, David Micheloni al clarinetto.<\/p>\n<p>Sar\u00e0 l&#8217;occasione per <strong>un saluto corale, popolare, aperto a tutte e tutti al Teatro Aurora<\/strong>, luogo che Sergio ha molto amato e riempito sempre di grandi emozioni indimenticabili tra<strong> musica, parole, immagini.<\/strong><\/p>\n<p><strong>L\u2019ingresso \u00e8 libero e senza prenotazione fino ad esaurimento posti.<\/strong><\/p>\n<figure id=\"post-318979 media-318979\" class=\"align-none\"><img decoding=\"async\" src=\"https:\/\/www.intoscana.it\/wp-content\/uploads\/SERGIO-STAINO-con-la-figlia-.jpg\" alt=\"\" \/><\/figure>\n<p><strong>Il sindaco di Scandicci Sandro Fallani<\/strong> ha dichiarato: <em>\u201cSergio Staino \u00e8 stato il vero primo cittadino di Scandicci. Ha saputo dare al territorio e ai suoi abitanti tutta la cura, l&#8217;attenzione, l&#8217;affetto e l&#8217;importanza che si riservano alle cose speciali, quelle di famiglia, le pi\u00f9 preziose che si hanno. Scandicci senza Sergio non \u00e8 pi\u00f9 la stessa ma cercheremo di fare tutto il possibile perch\u00e8 chi verr\u00e0 da noi possa continuare a trovare i segni della sua presenza. il 20 dicembre sar\u00e0 un&#8217;occasione di bellezza e d&#8217;amore per fare arrivare a lui e alla sua famiglia quanto Scandicci gli voglia bene ora e per sempre. Sul palco del Teatro Aurora, dove abbiamo vissuto tantissime emozioni con lui e grazie a lui, si alterneranno tantissimi amici e amiche ma importantissima sar\u00e0 anche la platea fatta di cittadine e cittadini, ciascuno con un ricordo personale e vivo di lui che sapeva trattare l&#8217;artista famoso e la persona del territorio con la stessa generosit\u00e0 e spirito di fratellanza. Un grazie di cuore va sopratutto a Bruna Staino, che con il suo fare misurato e senza clamori ha sempre fatto e continua a fare per Sergio e per tutti noi un lavoro fondamentale di guida e di valorizzazione di tutto il loro percorso artistico e culturale\u201d.<\/em><\/p>\n<figure id=\"post-318978 media-318978\" class=\"align-none\"><img decoding=\"async\" src=\"https:\/\/www.intoscana.it\/wp-content\/uploads\/locandina-Ciao-Sergio.jpeg\" alt=\"\" \/><\/figure>\n","protected":false},"excerpt":{"rendered":"<p>Mercoled\u00ec 20 dicembre una serata in ricordo del giornalista, vignettista, fumettista, cittadino scandiccese e protagonista della vita culturale locale e nazionale recentemente scomparso<\/p>\n","protected":false},"author":525,"featured_media":318980,"comment_status":"open","ping_status":"open","sticky":false,"template":"","format":"standard","meta":{"_acf_changed":false,"footnotes":""},"categories":[493],"tags":[4474,401,236],"class_list":["post-318977","post","type-post","status-publish","format-standard","has-post-thumbnail","hentry","category-cultura","tag-eventi","tag-scandicci","tag-teatro"],"acf":[],"yoast_head":"<!-- This site is optimized with the Yoast SEO Premium plugin v24.2 (Yoast SEO v25.6) - https:\/\/yoast.com\/wordpress\/plugins\/seo\/ -->\n<title>&quot;Ciao Sergio!&quot; al Teatro Aurora di Scandicci musica, parole e immagini per ricordare Staino - intoscana<\/title>\n<meta name=\"description\" content=\"Mercoled\u00ec 20 dicembre a Scandicci una serata in ricordo del giornalista, vignettista, fumettista Sergio Staino da poco scomparso\" \/>\n<meta name=\"robots\" content=\"index, follow, max-snippet:-1, max-image-preview:large, max-video-preview:-1\" \/>\n<link rel=\"canonical\" href=\"https:\/\/www.intoscana.it\/it\/ciao-sergio-al-teatro-aurora-di-scandicci-musica-parole-e-immagini-per-ricordare-staino\/\" \/>\n<meta property=\"og:locale\" content=\"it_IT\" \/>\n<meta property=\"og:type\" content=\"article\" \/>\n<meta property=\"og:title\" content=\"&quot;Ciao Sergio!&quot; al Teatro Aurora di Scandicci musica, parole e immagini per ricordare Staino\" \/>\n<meta property=\"og:description\" content=\"Mercoled\u00ec 20 dicembre a Scandicci una serata in ricordo del giornalista, vignettista, fumettista Sergio Staino da poco scomparso\" \/>\n<meta property=\"og:url\" content=\"https:\/\/www.intoscana.it\/it\/ciao-sergio-al-teatro-aurora-di-scandicci-musica-parole-e-immagini-per-ricordare-staino\/\" \/>\n<meta property=\"og:site_name\" content=\"intoscana\" \/>\n<meta property=\"article:publisher\" content=\"https:\/\/www.facebook.com\/intoscana.it\" \/>\n<meta property=\"article:published_time\" content=\"2023-12-14T09:03:22+00:00\" \/>\n<meta property=\"og:image\" content=\"https:\/\/www.intoscana.it\/wp-content\/uploads\/SERGIO-STAINO-con-la-figlia-Ilaria-Staino-2.jpg\" \/>\n\t<meta property=\"og:image:width\" content=\"2048\" \/>\n\t<meta property=\"og:image:height\" content=\"1352\" \/>\n\t<meta property=\"og:image:type\" content=\"image\/jpeg\" \/>\n<meta name=\"author\" content=\"Redazione\" \/>\n<meta name=\"twitter:card\" content=\"summary_large_image\" \/>\n<meta name=\"twitter:creator\" content=\"@intoscana\" \/>\n<meta name=\"twitter:site\" content=\"@intoscana\" \/>\n<meta name=\"twitter:label1\" content=\"Written by\" \/>\n\t<meta name=\"twitter:data1\" content=\"Redazione\" \/>\n\t<meta name=\"twitter:label2\" content=\"Est. reading time\" \/>\n\t<meta name=\"twitter:data2\" content=\"2 minuti\" \/>\n<script type=\"application\/ld+json\" class=\"yoast-schema-graph\">{\"@context\":\"https:\/\/schema.org\",\"@graph\":[{\"@type\":\"WebPage\",\"@id\":\"https:\/\/www.intoscana.it\/it\/ciao-sergio-al-teatro-aurora-di-scandicci-musica-parole-e-immagini-per-ricordare-staino\/\",\"url\":\"https:\/\/www.intoscana.it\/it\/ciao-sergio-al-teatro-aurora-di-scandicci-musica-parole-e-immagini-per-ricordare-staino\/\",\"name\":\"\\\"Ciao Sergio!\\\" al Teatro Aurora di Scandicci musica, parole e immagini per ricordare Staino - intoscana\",\"isPartOf\":{\"@id\":\"https:\/\/www.intoscana.it\/it\/#website\"},\"primaryImageOfPage\":{\"@id\":\"https:\/\/www.intoscana.it\/it\/ciao-sergio-al-teatro-aurora-di-scandicci-musica-parole-e-immagini-per-ricordare-staino\/#primaryimage\"},\"image\":{\"@id\":\"https:\/\/www.intoscana.it\/it\/ciao-sergio-al-teatro-aurora-di-scandicci-musica-parole-e-immagini-per-ricordare-staino\/#primaryimage\"},\"thumbnailUrl\":\"https:\/\/www.intoscana.it\/wp-content\/uploads\/SERGIO-STAINO-con-la-figlia-Ilaria-Staino-2.jpg\",\"datePublished\":\"2023-12-14T09:03:22+00:00\",\"author\":{\"@id\":\"https:\/\/www.intoscana.it\/it\/#\/schema\/person\/9223810753230f20bd670fdd322661f8\"},\"description\":\"Mercoled\u00ec 20 dicembre a Scandicci una serata in ricordo del giornalista, vignettista, fumettista Sergio Staino da poco scomparso\",\"breadcrumb\":{\"@id\":\"https:\/\/www.intoscana.it\/it\/ciao-sergio-al-teatro-aurora-di-scandicci-musica-parole-e-immagini-per-ricordare-staino\/#breadcrumb\"},\"inLanguage\":\"it-IT\",\"potentialAction\":[{\"@type\":\"ReadAction\",\"target\":[\"https:\/\/www.intoscana.it\/it\/ciao-sergio-al-teatro-aurora-di-scandicci-musica-parole-e-immagini-per-ricordare-staino\/\"]}]},{\"@type\":\"ImageObject\",\"inLanguage\":\"it-IT\",\"@id\":\"https:\/\/www.intoscana.it\/it\/ciao-sergio-al-teatro-aurora-di-scandicci-musica-parole-e-immagini-per-ricordare-staino\/#primaryimage\",\"url\":\"https:\/\/www.intoscana.it\/wp-content\/uploads\/SERGIO-STAINO-con-la-figlia-Ilaria-Staino-2.jpg\",\"contentUrl\":\"https:\/\/www.intoscana.it\/wp-content\/uploads\/SERGIO-STAINO-con-la-figlia-Ilaria-Staino-2.jpg\",\"width\":2048,\"height\":1352,\"caption\":\"Sergio Staino con la figlia Ilaria Staino\"},{\"@type\":\"BreadcrumbList\",\"@id\":\"https:\/\/www.intoscana.it\/it\/ciao-sergio-al-teatro-aurora-di-scandicci-musica-parole-e-immagini-per-ricordare-staino\/#breadcrumb\",\"itemListElement\":[{\"@type\":\"ListItem\",\"position\":1,\"name\":\"Home\",\"item\":\"https:\/\/www.intoscana.it\/it\/\"},{\"@type\":\"ListItem\",\"position\":2,\"name\":\"&#8220;Ciao Sergio!&#8221; al Teatro Aurora di Scandicci musica, parole e immagini per ricordare Staino\"}]},{\"@type\":\"WebSite\",\"@id\":\"https:\/\/www.intoscana.it\/it\/#website\",\"url\":\"https:\/\/www.intoscana.it\/it\/\",\"name\":\"intoscana\",\"description\":\"\",\"potentialAction\":[{\"@type\":\"SearchAction\",\"target\":{\"@type\":\"EntryPoint\",\"urlTemplate\":\"https:\/\/www.intoscana.it\/it\/?s={search_term_string}\"},\"query-input\":{\"@type\":\"PropertyValueSpecification\",\"valueRequired\":true,\"valueName\":\"search_term_string\"}}],\"inLanguage\":\"it-IT\"},{\"@type\":\"Person\",\"@id\":\"https:\/\/www.intoscana.it\/it\/#\/schema\/person\/9223810753230f20bd670fdd322661f8\",\"name\":\"Redazione\",\"url\":\"https:\/\/www.intoscana.it\/it\/author\/redazione\/\"}]}<\/script>\n<!-- \/ Yoast SEO Premium plugin. -->","yoast_head_json":{"title":"\"Ciao Sergio!\" al Teatro Aurora di Scandicci musica, parole e immagini per ricordare Staino - intoscana","description":"Mercoled\u00ec 20 dicembre a Scandicci una serata in ricordo del giornalista, vignettista, fumettista Sergio Staino da poco scomparso","robots":{"index":"index","follow":"follow","max-snippet":"max-snippet:-1","max-image-preview":"max-image-preview:large","max-video-preview":"max-video-preview:-1"},"canonical":"https:\/\/www.intoscana.it\/it\/ciao-sergio-al-teatro-aurora-di-scandicci-musica-parole-e-immagini-per-ricordare-staino\/","og_locale":"it_IT","og_type":"article","og_title":"\"Ciao Sergio!\" al Teatro Aurora di Scandicci musica, parole e immagini per ricordare Staino","og_description":"Mercoled\u00ec 20 dicembre a Scandicci una serata in ricordo del giornalista, vignettista, fumettista Sergio Staino da poco scomparso","og_url":"https:\/\/www.intoscana.it\/it\/ciao-sergio-al-teatro-aurora-di-scandicci-musica-parole-e-immagini-per-ricordare-staino\/","og_site_name":"intoscana","article_publisher":"https:\/\/www.facebook.com\/intoscana.it","article_published_time":"2023-12-14T09:03:22+00:00","og_image":[{"width":2048,"height":1352,"url":"https:\/\/www.intoscana.it\/wp-content\/uploads\/SERGIO-STAINO-con-la-figlia-Ilaria-Staino-2.jpg","type":"image\/jpeg"}],"author":"Redazione","twitter_card":"summary_large_image","twitter_creator":"@intoscana","twitter_site":"@intoscana","twitter_misc":{"Written by":"Redazione","Est. reading time":"2 minuti"},"schema":{"@context":"https:\/\/schema.org","@graph":[{"@type":"WebPage","@id":"https:\/\/www.intoscana.it\/it\/ciao-sergio-al-teatro-aurora-di-scandicci-musica-parole-e-immagini-per-ricordare-staino\/","url":"https:\/\/www.intoscana.it\/it\/ciao-sergio-al-teatro-aurora-di-scandicci-musica-parole-e-immagini-per-ricordare-staino\/","name":"\"Ciao Sergio!\" al Teatro Aurora di Scandicci musica, parole e immagini per ricordare Staino - intoscana","isPartOf":{"@id":"https:\/\/www.intoscana.it\/it\/#website"},"primaryImageOfPage":{"@id":"https:\/\/www.intoscana.it\/it\/ciao-sergio-al-teatro-aurora-di-scandicci-musica-parole-e-immagini-per-ricordare-staino\/#primaryimage"},"image":{"@id":"https:\/\/www.intoscana.it\/it\/ciao-sergio-al-teatro-aurora-di-scandicci-musica-parole-e-immagini-per-ricordare-staino\/#primaryimage"},"thumbnailUrl":"https:\/\/www.intoscana.it\/wp-content\/uploads\/SERGIO-STAINO-con-la-figlia-Ilaria-Staino-2.jpg","datePublished":"2023-12-14T09:03:22+00:00","author":{"@id":"https:\/\/www.intoscana.it\/it\/#\/schema\/person\/9223810753230f20bd670fdd322661f8"},"description":"Mercoled\u00ec 20 dicembre a Scandicci una serata in ricordo del giornalista, vignettista, fumettista Sergio Staino da poco scomparso","breadcrumb":{"@id":"https:\/\/www.intoscana.it\/it\/ciao-sergio-al-teatro-aurora-di-scandicci-musica-parole-e-immagini-per-ricordare-staino\/#breadcrumb"},"inLanguage":"it-IT","potentialAction":[{"@type":"ReadAction","target":["https:\/\/www.intoscana.it\/it\/ciao-sergio-al-teatro-aurora-di-scandicci-musica-parole-e-immagini-per-ricordare-staino\/"]}]},{"@type":"ImageObject","inLanguage":"it-IT","@id":"https:\/\/www.intoscana.it\/it\/ciao-sergio-al-teatro-aurora-di-scandicci-musica-parole-e-immagini-per-ricordare-staino\/#primaryimage","url":"https:\/\/www.intoscana.it\/wp-content\/uploads\/SERGIO-STAINO-con-la-figlia-Ilaria-Staino-2.jpg","contentUrl":"https:\/\/www.intoscana.it\/wp-content\/uploads\/SERGIO-STAINO-con-la-figlia-Ilaria-Staino-2.jpg","width":2048,"height":1352,"caption":"Sergio Staino con la figlia Ilaria Staino"},{"@type":"BreadcrumbList","@id":"https:\/\/www.intoscana.it\/it\/ciao-sergio-al-teatro-aurora-di-scandicci-musica-parole-e-immagini-per-ricordare-staino\/#breadcrumb","itemListElement":[{"@type":"ListItem","position":1,"name":"Home","item":"https:\/\/www.intoscana.it\/it\/"},{"@type":"ListItem","position":2,"name":"&#8220;Ciao Sergio!&#8221; al Teatro Aurora di Scandicci musica, parole e immagini per ricordare Staino"}]},{"@type":"WebSite","@id":"https:\/\/www.intoscana.it\/it\/#website","url":"https:\/\/www.intoscana.it\/it\/","name":"intoscana","description":"","potentialAction":[{"@type":"SearchAction","target":{"@type":"EntryPoint","urlTemplate":"https:\/\/www.intoscana.it\/it\/?s={search_term_string}"},"query-input":{"@type":"PropertyValueSpecification","valueRequired":true,"valueName":"search_term_string"}}],"inLanguage":"it-IT"},{"@type":"Person","@id":"https:\/\/www.intoscana.it\/it\/#\/schema\/person\/9223810753230f20bd670fdd322661f8","name":"Redazione","url":"https:\/\/www.intoscana.it\/it\/author\/redazione\/"}]}},"_links":{"self":[{"href":"https:\/\/www.intoscana.it\/it\/wp-json\/wp\/v2\/posts\/318977","targetHints":{"allow":["GET"]}}],"collection":[{"href":"https:\/\/www.intoscana.it\/it\/wp-json\/wp\/v2\/posts"}],"about":[{"href":"https:\/\/www.intoscana.it\/it\/wp-json\/wp\/v2\/types\/post"}],"author":[{"embeddable":true,"href":"https:\/\/www.intoscana.it\/it\/wp-json\/wp\/v2\/users\/525"}],"replies":[{"embeddable":true,"href":"https:\/\/www.intoscana.it\/it\/wp-json\/wp\/v2\/comments?post=318977"}],"version-history":[{"count":0,"href":"https:\/\/www.intoscana.it\/it\/wp-json\/wp\/v2\/posts\/318977\/revisions"}],"wp:featuredmedia":[{"embeddable":true,"href":"https:\/\/www.intoscana.it\/it\/wp-json\/wp\/v2\/media\/318980"}],"wp:attachment":[{"href":"https:\/\/www.intoscana.it\/it\/wp-json\/wp\/v2\/media?parent=318977"}],"wp:term":[{"taxonomy":"category","embeddable":true,"href":"https:\/\/www.intoscana.it\/it\/wp-json\/wp\/v2\/categories?post=318977"},{"taxonomy":"post_tag","embeddable":true,"href":"https:\/\/www.intoscana.it\/it\/wp-json\/wp\/v2\/tags?post=318977"}],"curies":[{"name":"wp","href":"https:\/\/api.w.org\/{rel}","templated":true}]}}