{"id":319075,"date":"2023-12-14T17:47:59","date_gmt":"2023-12-14T16:47:59","guid":{"rendered":"https:\/\/www.intoscana.it\/it\/?p=319075"},"modified":"2023-12-14T17:47:59","modified_gmt":"2023-12-14T16:47:59","slug":"elba-un-museo-digitale-di-marciana-marina-nellex-torre-del-demanio","status":"publish","type":"post","link":"https:\/\/www.intoscana.it\/it\/elba-un-museo-digitale-di-marciana-marina-nellex-torre-del-demanio\/","title":{"rendered":"Elba, un museo digitale di Marciana Marina nell&#8217;ex torre del Demanio"},"content":{"rendered":"<p>La <strong>Torre degli Appiani<\/strong>, fino a pochi mesi fa di propriet\u00e0 del Demanio, \u00e8 destinata a rinascere come <strong>museo digitale<\/strong> dedicato a <strong>Marciana Marina<\/strong>. Nel piccolo borgo marinaro dell&#8217;isola d&#8217;Elba si respira entusiasmo per il progetto destinato a far rinascere questo <strong>simbolo fortemente identitario<\/strong>: \u00e8 presente perfino <strong>nello stemma del Comune<\/strong>. Una missione compiuta grazie al bando di <strong>rigenerazione urbana<\/strong>.<\/p>\n<p>A sottolineare l&#8217;importanza del recupero della <strong>torre medicea<\/strong>, dopo che a luglio 2023 <strong>l&#8217;Agenzia del Demanio<\/strong> l&#8217;ha ceduta al Comune, \u00e8 la sindaca di Marciana Marina <strong>Gabriella Allori<\/strong>. &#8220;<em>Questa torre dopo anni di possesso da parte dell&#8217;Agenzia del Demanio e dopo un percorso durato circa 6 anni fatto di diversi tavoli tecnici tra Demanio, Comune, segretariato regionale della Toscana, sovrintendenza e Mic \u00e8 arrivato a un accordo. Grazie alla cessione \u00e8 stato messo a punto un piano di valorizzazione e di restauro conservativo. Dobbiamo ringraziare la Regione Toscana<\/em> -aggiunge la sindaca-. <em>Proprio partecipando a un bando della Regione abbiamo avuto la fortuna di avere un contributo di 412mila euro che ci copre gran parte dei costi previsti per rendere il monumento finalmente fruibile sia da parte della citt\u00e0 che degli ospiti&#8221;.<\/em><\/p>\n<p>La <strong>torre degli Appiani<\/strong> \u00e8 destinata a ospitare, attraverso <strong>un sistema digitalizzato<\/strong>, uno spazio che parla della storia di Marciana Marina. Nelle volont\u00e0 del Comune c&#8217;\u00e8 l&#8217;intenzione di <strong>celebrare matrimoni<\/strong> sulla sommit\u00e0 della torre sfruttando la vista mozzafiato che si gode dall&#8217;alto. Questa \u00e8 la prima fase di un pi\u00f9 ampio progetto di <strong>riqualificazione dell&#8217;abitato<\/strong>.<\/p>\n<p>La torre di Marciana Marina fu costruita sulla <strong>roccia granitica<\/strong>, un tempo distaccata dalla terra ferma, tra la linea di costa e il vicino torrente Uviale. Dal punto di vista architettonico <strong>lo stile<\/strong> si presenta <strong>tardorinascimentale<\/strong>. Torri di avvistamento come questa servivano per difendersi dagli <strong>attacchi pirateschi.<\/strong><\/p>\n","protected":false},"excerpt":{"rendered":"<p>La rinascita grazie al bando della rigenerazione urbana: sulla sommit\u00e0 saranno celebrati anche matrimoni sfruttando la vista mozzafiato<\/p>\n","protected":false},"author":554,"featured_media":319080,"comment_status":"open","ping_status":"open","sticky":false,"template":"","format":"standard","meta":{"_acf_changed":false,"footnotes":""},"categories":[19],"tags":[5290],"class_list":["post-319075","post","type-post","status-publish","format-standard","has-post-thumbnail","hentry","category-ambiente","tag-rigenerazione-urbana"],"acf":[],"yoast_head":"<!-- This site is optimized with the Yoast SEO Premium plugin v24.2 (Yoast SEO v25.6) - https:\/\/yoast.com\/wordpress\/plugins\/seo\/ -->\n<title>Elba, un museo digitale di Marciana Marina nell&#039;ex torre del Demanio - intoscana<\/title>\n<meta name=\"description\" content=\"La rinascita grazie al bando della rigenerazione urbana: sulla sommit\u00e0 saranno celebrati anche matrimoni sfruttando la vista mozzafiato\" \/>\n<meta name=\"robots\" content=\"index, follow, max-snippet:-1, max-image-preview:large, max-video-preview:-1\" \/>\n<link rel=\"canonical\" href=\"https:\/\/www.intoscana.it\/it\/elba-un-museo-digitale-di-marciana-marina-nellex-torre-del-demanio\/\" \/>\n<meta property=\"og:locale\" content=\"it_IT\" \/>\n<meta property=\"og:type\" content=\"article\" \/>\n<meta property=\"og:title\" content=\"Elba, un museo digitale di Marciana Marina nell&#039;ex torre del Demanio\" \/>\n<meta property=\"og:description\" content=\"La rinascita grazie al bando della rigenerazione urbana: sulla sommit\u00e0 saranno celebrati anche matrimoni sfruttando la vista mozzafiato\" \/>\n<meta property=\"og:url\" content=\"https:\/\/www.intoscana.it\/it\/elba-un-museo-digitale-di-marciana-marina-nellex-torre-del-demanio\/\" \/>\n<meta property=\"og:site_name\" content=\"intoscana\" \/>\n<meta property=\"article:publisher\" content=\"https:\/\/www.facebook.com\/intoscana.it\" \/>\n<meta property=\"article:published_time\" content=\"2023-12-14T16:47:59+00:00\" \/>\n<meta property=\"og:image\" content=\"https:\/\/www.intoscana.it\/wp-content\/uploads\/La-torre-di-Marciana-Marina-\u00a9-Agenzia-del-Demanio.jpeg\" \/>\n\t<meta property=\"og:image:width\" content=\"550\" \/>\n\t<meta property=\"og:image:height\" content=\"478\" \/>\n\t<meta property=\"og:image:type\" content=\"image\/jpeg\" \/>\n<meta name=\"author\" content=\"Raffaella Galamini\" \/>\n<meta name=\"twitter:card\" content=\"summary_large_image\" \/>\n<meta name=\"twitter:creator\" content=\"@orio\" \/>\n<meta name=\"twitter:site\" content=\"@intoscana\" \/>\n<meta name=\"twitter:label1\" content=\"Written by\" \/>\n\t<meta name=\"twitter:data1\" content=\"Raffaella Galamini\" \/>\n\t<meta name=\"twitter:label2\" content=\"Est. reading time\" \/>\n\t<meta name=\"twitter:data2\" content=\"1 minuto\" \/>\n<script type=\"application\/ld+json\" class=\"yoast-schema-graph\">{\"@context\":\"https:\/\/schema.org\",\"@graph\":[{\"@type\":\"WebPage\",\"@id\":\"https:\/\/www.intoscana.it\/it\/elba-un-museo-digitale-di-marciana-marina-nellex-torre-del-demanio\/\",\"url\":\"https:\/\/www.intoscana.it\/it\/elba-un-museo-digitale-di-marciana-marina-nellex-torre-del-demanio\/\",\"name\":\"Elba, un museo digitale di Marciana Marina nell'ex torre del Demanio - intoscana\",\"isPartOf\":{\"@id\":\"https:\/\/www.intoscana.it\/it\/#website\"},\"primaryImageOfPage\":{\"@id\":\"https:\/\/www.intoscana.it\/it\/elba-un-museo-digitale-di-marciana-marina-nellex-torre-del-demanio\/#primaryimage\"},\"image\":{\"@id\":\"https:\/\/www.intoscana.it\/it\/elba-un-museo-digitale-di-marciana-marina-nellex-torre-del-demanio\/#primaryimage\"},\"thumbnailUrl\":\"https:\/\/www.intoscana.it\/wp-content\/uploads\/La-torre-di-Marciana-Marina-\u00a9-Agenzia-del-Demanio.jpeg\",\"datePublished\":\"2023-12-14T16:47:59+00:00\",\"author\":{\"@id\":\"https:\/\/www.intoscana.it\/it\/#\/schema\/person\/9eb9daa846a49fe51af39a73d9d1986b\"},\"description\":\"La rinascita grazie al bando della rigenerazione urbana: sulla sommit\u00e0 saranno celebrati anche matrimoni sfruttando la vista mozzafiato\",\"breadcrumb\":{\"@id\":\"https:\/\/www.intoscana.it\/it\/elba-un-museo-digitale-di-marciana-marina-nellex-torre-del-demanio\/#breadcrumb\"},\"inLanguage\":\"it-IT\",\"potentialAction\":[{\"@type\":\"ReadAction\",\"target\":[\"https:\/\/www.intoscana.it\/it\/elba-un-museo-digitale-di-marciana-marina-nellex-torre-del-demanio\/\"]}]},{\"@type\":\"ImageObject\",\"inLanguage\":\"it-IT\",\"@id\":\"https:\/\/www.intoscana.it\/it\/elba-un-museo-digitale-di-marciana-marina-nellex-torre-del-demanio\/#primaryimage\",\"url\":\"https:\/\/www.intoscana.it\/wp-content\/uploads\/La-torre-di-Marciana-Marina-\u00a9-Agenzia-del-Demanio.jpeg\",\"contentUrl\":\"https:\/\/www.intoscana.it\/wp-content\/uploads\/La-torre-di-Marciana-Marina-\u00a9-Agenzia-del-Demanio.jpeg\",\"width\":550,\"height\":478},{\"@type\":\"BreadcrumbList\",\"@id\":\"https:\/\/www.intoscana.it\/it\/elba-un-museo-digitale-di-marciana-marina-nellex-torre-del-demanio\/#breadcrumb\",\"itemListElement\":[{\"@type\":\"ListItem\",\"position\":1,\"name\":\"Home\",\"item\":\"https:\/\/www.intoscana.it\/it\/\"},{\"@type\":\"ListItem\",\"position\":2,\"name\":\"Elba, un museo digitale di Marciana Marina nell&#8217;ex torre del Demanio\"}]},{\"@type\":\"WebSite\",\"@id\":\"https:\/\/www.intoscana.it\/it\/#website\",\"url\":\"https:\/\/www.intoscana.it\/it\/\",\"name\":\"intoscana\",\"description\":\"\",\"potentialAction\":[{\"@type\":\"SearchAction\",\"target\":{\"@type\":\"EntryPoint\",\"urlTemplate\":\"https:\/\/www.intoscana.it\/it\/?s={search_term_string}\"},\"query-input\":{\"@type\":\"PropertyValueSpecification\",\"valueRequired\":true,\"valueName\":\"search_term_string\"}}],\"inLanguage\":\"it-IT\"},{\"@type\":\"Person\",\"@id\":\"https:\/\/www.intoscana.it\/it\/#\/schema\/person\/9eb9daa846a49fe51af39a73d9d1986b\",\"name\":\"Raffaella Galamini\",\"sameAs\":[\"https:\/\/x.com\/orio\"],\"url\":\"https:\/\/www.intoscana.it\/it\/author\/r-galamini\/\"}]}<\/script>\n<!-- \/ Yoast SEO Premium plugin. -->","yoast_head_json":{"title":"Elba, un museo digitale di Marciana Marina nell'ex torre del Demanio - intoscana","description":"La rinascita grazie al bando della rigenerazione urbana: sulla sommit\u00e0 saranno celebrati anche matrimoni sfruttando la vista mozzafiato","robots":{"index":"index","follow":"follow","max-snippet":"max-snippet:-1","max-image-preview":"max-image-preview:large","max-video-preview":"max-video-preview:-1"},"canonical":"https:\/\/www.intoscana.it\/it\/elba-un-museo-digitale-di-marciana-marina-nellex-torre-del-demanio\/","og_locale":"it_IT","og_type":"article","og_title":"Elba, un museo digitale di Marciana Marina nell'ex torre del Demanio","og_description":"La rinascita grazie al bando della rigenerazione urbana: sulla sommit\u00e0 saranno celebrati anche matrimoni sfruttando la vista mozzafiato","og_url":"https:\/\/www.intoscana.it\/it\/elba-un-museo-digitale-di-marciana-marina-nellex-torre-del-demanio\/","og_site_name":"intoscana","article_publisher":"https:\/\/www.facebook.com\/intoscana.it","article_published_time":"2023-12-14T16:47:59+00:00","og_image":[{"width":550,"height":478,"url":"https:\/\/www.intoscana.it\/wp-content\/uploads\/La-torre-di-Marciana-Marina-\u00a9-Agenzia-del-Demanio.jpeg","type":"image\/jpeg"}],"author":"Raffaella Galamini","twitter_card":"summary_large_image","twitter_creator":"@orio","twitter_site":"@intoscana","twitter_misc":{"Written by":"Raffaella Galamini","Est. reading time":"1 minuto"},"schema":{"@context":"https:\/\/schema.org","@graph":[{"@type":"WebPage","@id":"https:\/\/www.intoscana.it\/it\/elba-un-museo-digitale-di-marciana-marina-nellex-torre-del-demanio\/","url":"https:\/\/www.intoscana.it\/it\/elba-un-museo-digitale-di-marciana-marina-nellex-torre-del-demanio\/","name":"Elba, un museo digitale di Marciana Marina nell'ex torre del Demanio - intoscana","isPartOf":{"@id":"https:\/\/www.intoscana.it\/it\/#website"},"primaryImageOfPage":{"@id":"https:\/\/www.intoscana.it\/it\/elba-un-museo-digitale-di-marciana-marina-nellex-torre-del-demanio\/#primaryimage"},"image":{"@id":"https:\/\/www.intoscana.it\/it\/elba-un-museo-digitale-di-marciana-marina-nellex-torre-del-demanio\/#primaryimage"},"thumbnailUrl":"https:\/\/www.intoscana.it\/wp-content\/uploads\/La-torre-di-Marciana-Marina-\u00a9-Agenzia-del-Demanio.jpeg","datePublished":"2023-12-14T16:47:59+00:00","author":{"@id":"https:\/\/www.intoscana.it\/it\/#\/schema\/person\/9eb9daa846a49fe51af39a73d9d1986b"},"description":"La rinascita grazie al bando della rigenerazione urbana: sulla sommit\u00e0 saranno celebrati anche matrimoni sfruttando la vista mozzafiato","breadcrumb":{"@id":"https:\/\/www.intoscana.it\/it\/elba-un-museo-digitale-di-marciana-marina-nellex-torre-del-demanio\/#breadcrumb"},"inLanguage":"it-IT","potentialAction":[{"@type":"ReadAction","target":["https:\/\/www.intoscana.it\/it\/elba-un-museo-digitale-di-marciana-marina-nellex-torre-del-demanio\/"]}]},{"@type":"ImageObject","inLanguage":"it-IT","@id":"https:\/\/www.intoscana.it\/it\/elba-un-museo-digitale-di-marciana-marina-nellex-torre-del-demanio\/#primaryimage","url":"https:\/\/www.intoscana.it\/wp-content\/uploads\/La-torre-di-Marciana-Marina-\u00a9-Agenzia-del-Demanio.jpeg","contentUrl":"https:\/\/www.intoscana.it\/wp-content\/uploads\/La-torre-di-Marciana-Marina-\u00a9-Agenzia-del-Demanio.jpeg","width":550,"height":478},{"@type":"BreadcrumbList","@id":"https:\/\/www.intoscana.it\/it\/elba-un-museo-digitale-di-marciana-marina-nellex-torre-del-demanio\/#breadcrumb","itemListElement":[{"@type":"ListItem","position":1,"name":"Home","item":"https:\/\/www.intoscana.it\/it\/"},{"@type":"ListItem","position":2,"name":"Elba, un museo digitale di Marciana Marina nell&#8217;ex torre del Demanio"}]},{"@type":"WebSite","@id":"https:\/\/www.intoscana.it\/it\/#website","url":"https:\/\/www.intoscana.it\/it\/","name":"intoscana","description":"","potentialAction":[{"@type":"SearchAction","target":{"@type":"EntryPoint","urlTemplate":"https:\/\/www.intoscana.it\/it\/?s={search_term_string}"},"query-input":{"@type":"PropertyValueSpecification","valueRequired":true,"valueName":"search_term_string"}}],"inLanguage":"it-IT"},{"@type":"Person","@id":"https:\/\/www.intoscana.it\/it\/#\/schema\/person\/9eb9daa846a49fe51af39a73d9d1986b","name":"Raffaella Galamini","sameAs":["https:\/\/x.com\/orio"],"url":"https:\/\/www.intoscana.it\/it\/author\/r-galamini\/"}]}},"_links":{"self":[{"href":"https:\/\/www.intoscana.it\/it\/wp-json\/wp\/v2\/posts\/319075","targetHints":{"allow":["GET"]}}],"collection":[{"href":"https:\/\/www.intoscana.it\/it\/wp-json\/wp\/v2\/posts"}],"about":[{"href":"https:\/\/www.intoscana.it\/it\/wp-json\/wp\/v2\/types\/post"}],"author":[{"embeddable":true,"href":"https:\/\/www.intoscana.it\/it\/wp-json\/wp\/v2\/users\/554"}],"replies":[{"embeddable":true,"href":"https:\/\/www.intoscana.it\/it\/wp-json\/wp\/v2\/comments?post=319075"}],"version-history":[{"count":0,"href":"https:\/\/www.intoscana.it\/it\/wp-json\/wp\/v2\/posts\/319075\/revisions"}],"wp:featuredmedia":[{"embeddable":true,"href":"https:\/\/www.intoscana.it\/it\/wp-json\/wp\/v2\/media\/319080"}],"wp:attachment":[{"href":"https:\/\/www.intoscana.it\/it\/wp-json\/wp\/v2\/media?parent=319075"}],"wp:term":[{"taxonomy":"category","embeddable":true,"href":"https:\/\/www.intoscana.it\/it\/wp-json\/wp\/v2\/categories?post=319075"},{"taxonomy":"post_tag","embeddable":true,"href":"https:\/\/www.intoscana.it\/it\/wp-json\/wp\/v2\/tags?post=319075"}],"curies":[{"name":"wp","href":"https:\/\/api.w.org\/{rel}","templated":true}]}}