{"id":319107,"date":"2023-12-15T10:14:29","date_gmt":"2023-12-15T09:14:29","guid":{"rendered":"https:\/\/www.intoscana.it\/it\/?p=319107"},"modified":"2023-12-15T10:14:29","modified_gmt":"2023-12-15T09:14:29","slug":"the-queen-a-livorno-il-ritratto-della-regina-elisabetta-di-annigoni-in-mostra-a-villa-mimbelli","status":"publish","type":"post","link":"https:\/\/www.intoscana.it\/it\/the-queen-a-livorno-il-ritratto-della-regina-elisabetta-di-annigoni-in-mostra-a-villa-mimbelli\/","title":{"rendered":"&#8220;The Queen&#8221; a Livorno: il ritratto della Regina Elisabetta di Annigoni in mostra a Villa Mimbelli"},"content":{"rendered":"<p><strong>Villa Mimbelli a Livorno<\/strong> ospita <strong>fino al 15 marzo<\/strong> la mostra <strong><em>&#8220;Pietro Annigoni, pittore di magnifico intelletto&#8221;,<\/em> <\/strong>curata da <strong>Emanuele Barletti.<\/strong><\/p>\n<p>Esposte<strong> oltre 160 opere del grande artista del &#8216;900 italiano<\/strong> che, come ha spiegato Luciano Barsotti, presidente di Fondazione Livorno in occasione della presentazione della mostra, &#8220;<strong>ha sempre avuto un grande rapporto con Livorno&#8221;.<\/strong><\/p>\n<p><em>&#8220;Non \u00e8 solo un&#8217;antologica &#8211;<\/em><strong> ha aggiunto<\/strong><em> -, ma una bellissima mostra che ripercorre la sua vita artistica e non comprende solo ritratti, tra cui non manca quello celebre alla regina Elisabetta II, ma anche paesaggi e altri vari soggetti&#8221;.<\/em><\/p>\n<p>\u00c8 la <strong>pi\u00f9 ampia mostra antologica<\/strong> dedicata a Pietro Annigoni negli ultimi vent\u2019anni, sulla scia della grande iniziativa monografica realizzata a <strong>Palazzo Strozzi a Firenze nel 2000<\/strong> per celebrare l\u2019artista dopo la <strong>scomparsa avvenuta nel 1988.<\/strong><\/p>\n<figure id=\"post-319124 media-319124\" class=\"align-none\"><img decoding=\"async\" src=\"https:\/\/www.intoscana.it\/wp-content\/uploads\/16284.jpeg\" alt=\"\" \/><\/figure>\n<div class=\"titleimg\">Pietro Annigoni, Marina<\/div>\n<h3>Pietro Annigoni e Livorno<\/h3>\n<p>Nei decenni centrali del Novecento<strong> Annigoni frequentava volentieri la citt\u00e0 labronica<\/strong> dei vecchi e nuovi quartieri inscindibilmente legati al mare.<\/p>\n<p>Apprezzava<strong> la sua gente dal temperamento schietto,<\/strong> ma anche la ricchezza del suo tessuto culturale animato da innumerevoli <strong>presenze artistiche e letterarie<\/strong> di alto spessore intellettuale.<\/p>\n<p>Soprattutto, per\u00f2, era attratto e <strong>amava quelle distese marine<\/strong> che si aprivano oltre il Porto Mediceo con le loro promesse di infinito e di libert\u00e0, da respirare a pieni polmoni a bordo della sua imbarcazione, <strong>la Bimba, un vecchio peschereccio che guidava lui stesso<\/strong> come un provetto marinaio.<\/p>\n<h3>Il ritratto della Regina Elisabetta<\/h3>\n<p>Accanto alla <strong>passione per il mare<\/strong> vissuta privatamente, nella mostra livornese emerge anche <strong>una dimensione pubblica<\/strong> che ha reso popolare l\u2019artista.<\/p>\n<p><strong>Annigoni era il pittore dei ritratti<\/strong> e anche degli autoritratti, banchi di prova delle proprie capacit\u00e0 tecniche ed espressive in giovent\u00f9 e specchi dell\u2019anima durante tutta la sua carriera.<\/p>\n<p>Celeberrimo \u00e8 il ritratto che lo fece conoscere in tutto il mondo: quello fatto alla <strong>Regina Elisabetta II.<\/strong><\/p>\n<p>Cos\u00ec, nella citt\u00e0 che ha ospitato <strong>la pi\u00f9 antica comunit\u00e0 britannica in Italia<\/strong>, in virt\u00f9 della sua posizione geografica e dell\u2019i<strong>mportante ruolo esercitato dal suo porto nel Mediterraneo,<\/strong> a poco pi\u00f9 di un anno dalla scomparsa della Regina, \u00e8 apparso naturale organizzare all&#8217;interno della mostra, una sezione dedicata al ritratto realizzato nel 1954&#8217;55 da Annigoni all\u2019allora <strong>giovane Sovrana agli esordi della sua missione,<\/strong> ritratto che \u00e8 divenuto una vera e propria<strong> immagine iconica del Novecento.<\/strong><\/p>\n<figure id=\"post-319113 media-319113\" class=\"align-none\"><img decoding=\"async\" src=\"https:\/\/www.intoscana.it\/wp-content\/uploads\/Schermata-2023-12-15-alle-09.42.30.jpeg\" alt=\"\" \/><\/figure>\n<div class=\"titleimg\">Pietro Annigoni<\/div>\n","protected":false},"excerpt":{"rendered":"<p>A Livorno la pi\u00f9 ampia mostra antologica dedicata a Pietro Annigoni negli ultimi vent\u2019anni, sulla scia della grande iniziativa monografica realizzata a Palazzo Strozzi a Firenze nel 2000 per celebrare l\u2019artista dopo la scomparsa avvenuta nel 1988<\/p>\n","protected":false},"author":525,"featured_media":319110,"comment_status":"open","ping_status":"open","sticky":false,"template":"","format":"standard","meta":{"_acf_changed":false,"footnotes":""},"categories":[493],"tags":[4474,273,222],"class_list":["post-319107","post","type-post","status-publish","format-standard","has-post-thumbnail","hentry","category-cultura","tag-eventi","tag-livorno","tag-mostre"],"acf":[],"yoast_head":"<!-- This site is optimized with the Yoast SEO Premium plugin v24.2 (Yoast SEO v25.6) - https:\/\/yoast.com\/wordpress\/plugins\/seo\/ -->\n<title>&quot;The Queen&quot; a Livorno: il ritratto della Regina Elisabetta di Annigoni in mostra a Villa Mimbelli - intoscana<\/title>\n<meta name=\"description\" content=\"A Livorno la pi\u00f9 ampia mostra antologica dedicata a Pietro Annigoni negli ultimi vent\u2019anni, sulla scia di quella realizzata a Palazzo Strozzi\" \/>\n<meta name=\"robots\" content=\"index, follow, max-snippet:-1, max-image-preview:large, max-video-preview:-1\" \/>\n<link rel=\"canonical\" href=\"https:\/\/www.intoscana.it\/it\/the-queen-a-livorno-il-ritratto-della-regina-elisabetta-di-annigoni-in-mostra-a-villa-mimbelli\/\" \/>\n<meta property=\"og:locale\" content=\"it_IT\" \/>\n<meta property=\"og:type\" content=\"article\" \/>\n<meta property=\"og:title\" content=\"&quot;The Queen&quot; a Livorno: il ritratto della Regina Elisabetta di Annigoni in mostra a Villa Mimbelli\" \/>\n<meta property=\"og:description\" content=\"A Livorno la pi\u00f9 ampia mostra antologica dedicata a Pietro Annigoni negli ultimi vent\u2019anni, sulla scia di quella realizzata a Palazzo Strozzi\" \/>\n<meta property=\"og:url\" content=\"https:\/\/www.intoscana.it\/it\/the-queen-a-livorno-il-ritratto-della-regina-elisabetta-di-annigoni-in-mostra-a-villa-mimbelli\/\" \/>\n<meta property=\"og:site_name\" content=\"intoscana\" \/>\n<meta property=\"article:publisher\" content=\"https:\/\/www.facebook.com\/intoscana.it\" \/>\n<meta property=\"article:published_time\" content=\"2023-12-15T09:14:29+00:00\" \/>\n<meta property=\"og:image\" content=\"https:\/\/www.intoscana.it\/wp-content\/uploads\/c538603b1a8145011b16faf59c59df10.jpeg\" \/>\n\t<meta property=\"og:image:width\" content=\"774\" \/>\n\t<meta property=\"og:image:height\" content=\"516\" \/>\n\t<meta property=\"og:image:type\" content=\"image\/jpeg\" \/>\n<meta name=\"author\" content=\"Redazione\" \/>\n<meta name=\"twitter:card\" content=\"summary_large_image\" \/>\n<meta name=\"twitter:creator\" content=\"@intoscana\" \/>\n<meta name=\"twitter:site\" content=\"@intoscana\" \/>\n<meta name=\"twitter:label1\" content=\"Written by\" \/>\n\t<meta name=\"twitter:data1\" content=\"Redazione\" \/>\n\t<meta name=\"twitter:label2\" content=\"Est. reading time\" \/>\n\t<meta name=\"twitter:data2\" content=\"2 minuti\" \/>\n<script type=\"application\/ld+json\" class=\"yoast-schema-graph\">{\"@context\":\"https:\/\/schema.org\",\"@graph\":[{\"@type\":\"WebPage\",\"@id\":\"https:\/\/www.intoscana.it\/it\/the-queen-a-livorno-il-ritratto-della-regina-elisabetta-di-annigoni-in-mostra-a-villa-mimbelli\/\",\"url\":\"https:\/\/www.intoscana.it\/it\/the-queen-a-livorno-il-ritratto-della-regina-elisabetta-di-annigoni-in-mostra-a-villa-mimbelli\/\",\"name\":\"\\\"The Queen\\\" a Livorno: il ritratto della Regina Elisabetta di Annigoni in mostra a Villa Mimbelli - intoscana\",\"isPartOf\":{\"@id\":\"https:\/\/www.intoscana.it\/it\/#website\"},\"primaryImageOfPage\":{\"@id\":\"https:\/\/www.intoscana.it\/it\/the-queen-a-livorno-il-ritratto-della-regina-elisabetta-di-annigoni-in-mostra-a-villa-mimbelli\/#primaryimage\"},\"image\":{\"@id\":\"https:\/\/www.intoscana.it\/it\/the-queen-a-livorno-il-ritratto-della-regina-elisabetta-di-annigoni-in-mostra-a-villa-mimbelli\/#primaryimage\"},\"thumbnailUrl\":\"https:\/\/www.intoscana.it\/wp-content\/uploads\/c538603b1a8145011b16faf59c59df10.jpeg\",\"datePublished\":\"2023-12-15T09:14:29+00:00\",\"author\":{\"@id\":\"https:\/\/www.intoscana.it\/it\/#\/schema\/person\/9223810753230f20bd670fdd322661f8\"},\"description\":\"A Livorno la pi\u00f9 ampia mostra antologica dedicata a Pietro Annigoni negli ultimi vent\u2019anni, sulla scia di quella realizzata a Palazzo Strozzi\",\"breadcrumb\":{\"@id\":\"https:\/\/www.intoscana.it\/it\/the-queen-a-livorno-il-ritratto-della-regina-elisabetta-di-annigoni-in-mostra-a-villa-mimbelli\/#breadcrumb\"},\"inLanguage\":\"it-IT\",\"potentialAction\":[{\"@type\":\"ReadAction\",\"target\":[\"https:\/\/www.intoscana.it\/it\/the-queen-a-livorno-il-ritratto-della-regina-elisabetta-di-annigoni-in-mostra-a-villa-mimbelli\/\"]}]},{\"@type\":\"ImageObject\",\"inLanguage\":\"it-IT\",\"@id\":\"https:\/\/www.intoscana.it\/it\/the-queen-a-livorno-il-ritratto-della-regina-elisabetta-di-annigoni-in-mostra-a-villa-mimbelli\/#primaryimage\",\"url\":\"https:\/\/www.intoscana.it\/wp-content\/uploads\/c538603b1a8145011b16faf59c59df10.jpeg\",\"contentUrl\":\"https:\/\/www.intoscana.it\/wp-content\/uploads\/c538603b1a8145011b16faf59c59df10.jpeg\",\"width\":774,\"height\":516,\"caption\":\"Regina Elisabetta, Pietro Annigoni\"},{\"@type\":\"BreadcrumbList\",\"@id\":\"https:\/\/www.intoscana.it\/it\/the-queen-a-livorno-il-ritratto-della-regina-elisabetta-di-annigoni-in-mostra-a-villa-mimbelli\/#breadcrumb\",\"itemListElement\":[{\"@type\":\"ListItem\",\"position\":1,\"name\":\"Home\",\"item\":\"https:\/\/www.intoscana.it\/it\/\"},{\"@type\":\"ListItem\",\"position\":2,\"name\":\"&#8220;The Queen&#8221; a Livorno: il ritratto della Regina Elisabetta di Annigoni in mostra a Villa Mimbelli\"}]},{\"@type\":\"WebSite\",\"@id\":\"https:\/\/www.intoscana.it\/it\/#website\",\"url\":\"https:\/\/www.intoscana.it\/it\/\",\"name\":\"intoscana\",\"description\":\"\",\"potentialAction\":[{\"@type\":\"SearchAction\",\"target\":{\"@type\":\"EntryPoint\",\"urlTemplate\":\"https:\/\/www.intoscana.it\/it\/?s={search_term_string}\"},\"query-input\":{\"@type\":\"PropertyValueSpecification\",\"valueRequired\":true,\"valueName\":\"search_term_string\"}}],\"inLanguage\":\"it-IT\"},{\"@type\":\"Person\",\"@id\":\"https:\/\/www.intoscana.it\/it\/#\/schema\/person\/9223810753230f20bd670fdd322661f8\",\"name\":\"Redazione\",\"url\":\"https:\/\/www.intoscana.it\/it\/author\/redazione\/\"}]}<\/script>\n<!-- \/ Yoast SEO Premium plugin. -->","yoast_head_json":{"title":"\"The Queen\" a Livorno: il ritratto della Regina Elisabetta di Annigoni in mostra a Villa Mimbelli - intoscana","description":"A Livorno la pi\u00f9 ampia mostra antologica dedicata a Pietro Annigoni negli ultimi vent\u2019anni, sulla scia di quella realizzata a Palazzo Strozzi","robots":{"index":"index","follow":"follow","max-snippet":"max-snippet:-1","max-image-preview":"max-image-preview:large","max-video-preview":"max-video-preview:-1"},"canonical":"https:\/\/www.intoscana.it\/it\/the-queen-a-livorno-il-ritratto-della-regina-elisabetta-di-annigoni-in-mostra-a-villa-mimbelli\/","og_locale":"it_IT","og_type":"article","og_title":"\"The Queen\" a Livorno: il ritratto della Regina Elisabetta di Annigoni in mostra a Villa Mimbelli","og_description":"A Livorno la pi\u00f9 ampia mostra antologica dedicata a Pietro Annigoni negli ultimi vent\u2019anni, sulla scia di quella realizzata a Palazzo Strozzi","og_url":"https:\/\/www.intoscana.it\/it\/the-queen-a-livorno-il-ritratto-della-regina-elisabetta-di-annigoni-in-mostra-a-villa-mimbelli\/","og_site_name":"intoscana","article_publisher":"https:\/\/www.facebook.com\/intoscana.it","article_published_time":"2023-12-15T09:14:29+00:00","og_image":[{"width":774,"height":516,"url":"https:\/\/www.intoscana.it\/wp-content\/uploads\/c538603b1a8145011b16faf59c59df10.jpeg","type":"image\/jpeg"}],"author":"Redazione","twitter_card":"summary_large_image","twitter_creator":"@intoscana","twitter_site":"@intoscana","twitter_misc":{"Written by":"Redazione","Est. reading time":"2 minuti"},"schema":{"@context":"https:\/\/schema.org","@graph":[{"@type":"WebPage","@id":"https:\/\/www.intoscana.it\/it\/the-queen-a-livorno-il-ritratto-della-regina-elisabetta-di-annigoni-in-mostra-a-villa-mimbelli\/","url":"https:\/\/www.intoscana.it\/it\/the-queen-a-livorno-il-ritratto-della-regina-elisabetta-di-annigoni-in-mostra-a-villa-mimbelli\/","name":"\"The Queen\" a Livorno: il ritratto della Regina Elisabetta di Annigoni in mostra a Villa Mimbelli - intoscana","isPartOf":{"@id":"https:\/\/www.intoscana.it\/it\/#website"},"primaryImageOfPage":{"@id":"https:\/\/www.intoscana.it\/it\/the-queen-a-livorno-il-ritratto-della-regina-elisabetta-di-annigoni-in-mostra-a-villa-mimbelli\/#primaryimage"},"image":{"@id":"https:\/\/www.intoscana.it\/it\/the-queen-a-livorno-il-ritratto-della-regina-elisabetta-di-annigoni-in-mostra-a-villa-mimbelli\/#primaryimage"},"thumbnailUrl":"https:\/\/www.intoscana.it\/wp-content\/uploads\/c538603b1a8145011b16faf59c59df10.jpeg","datePublished":"2023-12-15T09:14:29+00:00","author":{"@id":"https:\/\/www.intoscana.it\/it\/#\/schema\/person\/9223810753230f20bd670fdd322661f8"},"description":"A Livorno la pi\u00f9 ampia mostra antologica dedicata a Pietro Annigoni negli ultimi vent\u2019anni, sulla scia di quella realizzata a Palazzo Strozzi","breadcrumb":{"@id":"https:\/\/www.intoscana.it\/it\/the-queen-a-livorno-il-ritratto-della-regina-elisabetta-di-annigoni-in-mostra-a-villa-mimbelli\/#breadcrumb"},"inLanguage":"it-IT","potentialAction":[{"@type":"ReadAction","target":["https:\/\/www.intoscana.it\/it\/the-queen-a-livorno-il-ritratto-della-regina-elisabetta-di-annigoni-in-mostra-a-villa-mimbelli\/"]}]},{"@type":"ImageObject","inLanguage":"it-IT","@id":"https:\/\/www.intoscana.it\/it\/the-queen-a-livorno-il-ritratto-della-regina-elisabetta-di-annigoni-in-mostra-a-villa-mimbelli\/#primaryimage","url":"https:\/\/www.intoscana.it\/wp-content\/uploads\/c538603b1a8145011b16faf59c59df10.jpeg","contentUrl":"https:\/\/www.intoscana.it\/wp-content\/uploads\/c538603b1a8145011b16faf59c59df10.jpeg","width":774,"height":516,"caption":"Regina Elisabetta, Pietro Annigoni"},{"@type":"BreadcrumbList","@id":"https:\/\/www.intoscana.it\/it\/the-queen-a-livorno-il-ritratto-della-regina-elisabetta-di-annigoni-in-mostra-a-villa-mimbelli\/#breadcrumb","itemListElement":[{"@type":"ListItem","position":1,"name":"Home","item":"https:\/\/www.intoscana.it\/it\/"},{"@type":"ListItem","position":2,"name":"&#8220;The Queen&#8221; a Livorno: il ritratto della Regina Elisabetta di Annigoni in mostra a Villa Mimbelli"}]},{"@type":"WebSite","@id":"https:\/\/www.intoscana.it\/it\/#website","url":"https:\/\/www.intoscana.it\/it\/","name":"intoscana","description":"","potentialAction":[{"@type":"SearchAction","target":{"@type":"EntryPoint","urlTemplate":"https:\/\/www.intoscana.it\/it\/?s={search_term_string}"},"query-input":{"@type":"PropertyValueSpecification","valueRequired":true,"valueName":"search_term_string"}}],"inLanguage":"it-IT"},{"@type":"Person","@id":"https:\/\/www.intoscana.it\/it\/#\/schema\/person\/9223810753230f20bd670fdd322661f8","name":"Redazione","url":"https:\/\/www.intoscana.it\/it\/author\/redazione\/"}]}},"_links":{"self":[{"href":"https:\/\/www.intoscana.it\/it\/wp-json\/wp\/v2\/posts\/319107","targetHints":{"allow":["GET"]}}],"collection":[{"href":"https:\/\/www.intoscana.it\/it\/wp-json\/wp\/v2\/posts"}],"about":[{"href":"https:\/\/www.intoscana.it\/it\/wp-json\/wp\/v2\/types\/post"}],"author":[{"embeddable":true,"href":"https:\/\/www.intoscana.it\/it\/wp-json\/wp\/v2\/users\/525"}],"replies":[{"embeddable":true,"href":"https:\/\/www.intoscana.it\/it\/wp-json\/wp\/v2\/comments?post=319107"}],"version-history":[{"count":0,"href":"https:\/\/www.intoscana.it\/it\/wp-json\/wp\/v2\/posts\/319107\/revisions"}],"wp:featuredmedia":[{"embeddable":true,"href":"https:\/\/www.intoscana.it\/it\/wp-json\/wp\/v2\/media\/319110"}],"wp:attachment":[{"href":"https:\/\/www.intoscana.it\/it\/wp-json\/wp\/v2\/media?parent=319107"}],"wp:term":[{"taxonomy":"category","embeddable":true,"href":"https:\/\/www.intoscana.it\/it\/wp-json\/wp\/v2\/categories?post=319107"},{"taxonomy":"post_tag","embeddable":true,"href":"https:\/\/www.intoscana.it\/it\/wp-json\/wp\/v2\/tags?post=319107"}],"curies":[{"name":"wp","href":"https:\/\/api.w.org\/{rel}","templated":true}]}}