{"id":319130,"date":"2023-12-15T10:52:38","date_gmt":"2023-12-15T09:52:38","guid":{"rendered":"https:\/\/www.intoscana.it\/it\/?p=319130"},"modified":"2023-12-15T10:52:38","modified_gmt":"2023-12-15T09:52:38","slug":"restauro-della-fonte-della-fata-morgana-a-bagno-a-ripoli-al-via-la-progettazione","status":"publish","type":"post","link":"https:\/\/www.intoscana.it\/it\/restauro-della-fonte-della-fata-morgana-a-bagno-a-ripoli-al-via-la-progettazione\/","title":{"rendered":"Restauro della Fonte della Fata Morgana a Bagno a Ripoli: al via la progettazione"},"content":{"rendered":"<p>Ha preso il via la progettazione per il <strong>restauro della Fonte della Fata Morgana,<\/strong> cinquecentesco ninfeo del Giambologna.<\/p>\n<p>I lavori della<strong> task force creata tra Comune di Bagno a Ripoli,<\/strong> proprietario del monumento, <strong>e la Soprintendenza<\/strong> \u00e8 pronto a entrare nel vivo, con la creazione del<strong> gruppo di lavoro incaricato<\/strong> di redigere il piano di recupero.<\/p>\n<p>Obiettivo principale <strong>tutelare il Ninfeo del Giambologna dall&#8217;umidit\u00e0 e dalle acque di monte<\/strong> provenienti dalla collina di Fattucchia che sorge alle sue spalle, attraverso <strong>il recupero e il restauro del sistema idrico originario<\/strong>.<\/p>\n<p><strong>La fase progettuale si concluder\u00e0 in primavera<\/strong> e sar\u00e0 seguita dalla procedura di affidamento dei lavori.<\/p>\n<p>Per realizzare l&#8217;intervento saranno impiegati <strong>200mila euro di risorse comunali<\/strong>, cui si aggiunge un finanziamento di<strong> 40mila euro della Fondazione Cr Firenze<\/strong> nell&#8217;ambito del bando Arte e Conservazione, e <strong>32mila euro<\/strong> in arrivo grazie al <a href=\"https:\/\/www.intoscana.it\/it\/articolo\/vola-la-raccolta-fondi-per-il-restauro-della-fata-morgana\/\" target=\"_blank\" rel=\"noopener\"><strong>crowdfunding<\/strong> <\/a>promosso da <strong>Artigianato e Palazzo.<\/strong><\/p>\n<figure id=\"post-207034 media-207034\" class=\"align-none\"><img decoding=\"async\" src=\"https:\/\/www.intoscana.it\/wp-content\/uploads\/Copia-La-Fata-Morgana-scaled.jpg\" alt=\"\" \/><\/figure>\n<div class=\"titleimg\"><em>Una copia della Fata Morgana<\/em><\/div>\n<p><em>&#8220;Per le sue caratteristiche e la sua collocazione, il Ninfeo \u00e8 un monumento estremamente delicato, che necessita di manutenzione costante &#8211;<\/em> <strong>spiega il sindaco Francesco Casini<\/strong> &#8211;\u00a0<em>La Fonte, sotto-utilizzata per molto tempo a causa della sua fragilit\u00e0, \u00e8 pronta finalmente a riscoprire nuova fruizione pubblica e ad essere restituita alla collettivit\u00e0, grazie alla sinergia tra enti diversi, pubblici, privati e tantissimi singoli cittadini, a cui va il nostro ringraziamento, che hanno a cuore la cura del patrimonio artistico locale&#8221;.<\/em><\/p>\n<p><strong>Piccolo gioiello di architettura da giardino,<\/strong> esempio unico nel suo genere, <strong>la Fonte fu fatta costruire da Bernardo Vecchietti<\/strong> nella seconda met\u00e0 del 1500 all&#8217;interno del parco della sua villa Il Riposo, residenza estiva della famiglia, ed <strong>\u00e8 attribuita al giovane Giambologna.<\/strong><\/p>\n<p>Sul fronte della conservazione, la struttura di p<strong>ropriet\u00e0 del Comune dal 1996,<\/strong> presenta molteplici <strong>criticit\u00e0 e situazioni di degrado delle superfici architettoniche.<\/strong><\/p>\n<p>Al suo interno era originariamente collocata una<strong> statua marmorea della Fata Morgana<\/strong> attribuita sempre al Giambologna, oggi conservata in una collezione privata.<\/p>\n<p><strong>Una copia della statua<\/strong>, realizzata grazie al contributo di <strong>Artigianato e Palazzo,<\/strong> sar\u00e0 ricollocata nel suo sito originale al termine dei lavori di restauro.<\/p>\n<figure id=\"post-195904 media-195904\" class=\"align-none\"><img decoding=\"async\" src=\"https:\/\/www.intoscana.it\/wp-content\/uploads\/Fata_morgana_chiosco-scaled.jpg\" alt=\"\" \/><\/figure>\n<div class=\"titleimg\"><em>Fonte della Fata Morgana, Bagno a Ripoli<\/em><\/div>\n","protected":false},"excerpt":{"rendered":"<p>I lavori della task force creata tra Comune di Bagno a Ripoli, proprietario del monumento, e la Soprintendenza \u00e8 pronto a entrare nel vivo, con la creazione del gruppo di lavoro incaricato di redigere il piano di recupero<\/p>\n","protected":false},"author":525,"featured_media":152202,"comment_status":"open","ping_status":"open","sticky":false,"template":"","format":"standard","meta":{"_acf_changed":false,"footnotes":""},"categories":[493],"tags":[4937,5246],"class_list":["post-319130","post","type-post","status-publish","format-standard","has-post-thumbnail","hentry","category-cultura","tag-bagno-a-ripoli","tag-restauro"],"acf":[],"yoast_head":"<!-- This site is optimized with the Yoast SEO Premium plugin v24.2 (Yoast SEO v25.6) - https:\/\/yoast.com\/wordpress\/plugins\/seo\/ -->\n<title>Restauro della Fonte della Fata Morgana a Bagno a Ripoli: al via la progettazione - intoscana<\/title>\n<meta name=\"description\" content=\"I lavori della task force creata tra Comune di Bagno a Ripoli, proprietario del monumento, e la Soprintendenza \u00e8 pronto a entrare nel vivo\" \/>\n<meta name=\"robots\" content=\"index, follow, max-snippet:-1, max-image-preview:large, max-video-preview:-1\" \/>\n<link rel=\"canonical\" href=\"https:\/\/www.intoscana.it\/it\/restauro-della-fonte-della-fata-morgana-a-bagno-a-ripoli-al-via-la-progettazione\/\" \/>\n<meta property=\"og:locale\" content=\"it_IT\" \/>\n<meta property=\"og:type\" content=\"article\" \/>\n<meta property=\"og:title\" content=\"Restauro della Fonte della Fata Morgana a Bagno a Ripoli: al via la progettazione\" \/>\n<meta property=\"og:description\" content=\"I lavori della task force creata tra Comune di Bagno a Ripoli, proprietario del monumento, e la Soprintendenza \u00e8 pronto a entrare nel vivo\" \/>\n<meta property=\"og:url\" content=\"https:\/\/www.intoscana.it\/it\/restauro-della-fonte-della-fata-morgana-a-bagno-a-ripoli-al-via-la-progettazione\/\" \/>\n<meta property=\"og:site_name\" content=\"intoscana\" \/>\n<meta property=\"article:publisher\" content=\"https:\/\/www.facebook.com\/intoscana.it\" \/>\n<meta property=\"article:published_time\" content=\"2023-12-15T09:52:38+00:00\" \/>\n<meta property=\"og:image\" content=\"https:\/\/www.intoscana.it\/wp-content\/uploads\/2_Fonte-della-Fata-Morgana_phClara-Vannucci-1.jpg\" \/>\n\t<meta property=\"og:image:width\" content=\"2048\" \/>\n\t<meta property=\"og:image:height\" content=\"1366\" \/>\n\t<meta property=\"og:image:type\" content=\"image\/jpeg\" \/>\n<meta name=\"author\" content=\"Redazione\" \/>\n<meta name=\"twitter:card\" content=\"summary_large_image\" \/>\n<meta name=\"twitter:creator\" content=\"@intoscana\" \/>\n<meta name=\"twitter:site\" content=\"@intoscana\" \/>\n<meta name=\"twitter:label1\" content=\"Written by\" \/>\n\t<meta name=\"twitter:data1\" content=\"Redazione\" \/>\n\t<meta name=\"twitter:label2\" content=\"Est. reading time\" \/>\n\t<meta name=\"twitter:data2\" content=\"2 minuti\" \/>\n<script type=\"application\/ld+json\" class=\"yoast-schema-graph\">{\"@context\":\"https:\/\/schema.org\",\"@graph\":[{\"@type\":\"WebPage\",\"@id\":\"https:\/\/www.intoscana.it\/it\/restauro-della-fonte-della-fata-morgana-a-bagno-a-ripoli-al-via-la-progettazione\/\",\"url\":\"https:\/\/www.intoscana.it\/it\/restauro-della-fonte-della-fata-morgana-a-bagno-a-ripoli-al-via-la-progettazione\/\",\"name\":\"Restauro della Fonte della Fata Morgana a Bagno a Ripoli: al via la progettazione - intoscana\",\"isPartOf\":{\"@id\":\"https:\/\/www.intoscana.it\/it\/#website\"},\"primaryImageOfPage\":{\"@id\":\"https:\/\/www.intoscana.it\/it\/restauro-della-fonte-della-fata-morgana-a-bagno-a-ripoli-al-via-la-progettazione\/#primaryimage\"},\"image\":{\"@id\":\"https:\/\/www.intoscana.it\/it\/restauro-della-fonte-della-fata-morgana-a-bagno-a-ripoli-al-via-la-progettazione\/#primaryimage\"},\"thumbnailUrl\":\"https:\/\/www.intoscana.it\/wp-content\/uploads\/2_Fonte-della-Fata-Morgana_phClara-Vannucci-1.jpg\",\"datePublished\":\"2023-12-15T09:52:38+00:00\",\"author\":{\"@id\":\"https:\/\/www.intoscana.it\/it\/#\/schema\/person\/9223810753230f20bd670fdd322661f8\"},\"description\":\"I lavori della task force creata tra Comune di Bagno a Ripoli, proprietario del monumento, e la Soprintendenza \u00e8 pronto a entrare nel vivo\",\"breadcrumb\":{\"@id\":\"https:\/\/www.intoscana.it\/it\/restauro-della-fonte-della-fata-morgana-a-bagno-a-ripoli-al-via-la-progettazione\/#breadcrumb\"},\"inLanguage\":\"it-IT\",\"potentialAction\":[{\"@type\":\"ReadAction\",\"target\":[\"https:\/\/www.intoscana.it\/it\/restauro-della-fonte-della-fata-morgana-a-bagno-a-ripoli-al-via-la-progettazione\/\"]}]},{\"@type\":\"ImageObject\",\"inLanguage\":\"it-IT\",\"@id\":\"https:\/\/www.intoscana.it\/it\/restauro-della-fonte-della-fata-morgana-a-bagno-a-ripoli-al-via-la-progettazione\/#primaryimage\",\"url\":\"https:\/\/www.intoscana.it\/wp-content\/uploads\/2_Fonte-della-Fata-Morgana_phClara-Vannucci-1.jpg\",\"contentUrl\":\"https:\/\/www.intoscana.it\/wp-content\/uploads\/2_Fonte-della-Fata-Morgana_phClara-Vannucci-1.jpg\",\"width\":2048,\"height\":1366,\"caption\":\"Fonte della Fata Morgana\"},{\"@type\":\"BreadcrumbList\",\"@id\":\"https:\/\/www.intoscana.it\/it\/restauro-della-fonte-della-fata-morgana-a-bagno-a-ripoli-al-via-la-progettazione\/#breadcrumb\",\"itemListElement\":[{\"@type\":\"ListItem\",\"position\":1,\"name\":\"Home\",\"item\":\"https:\/\/www.intoscana.it\/it\/\"},{\"@type\":\"ListItem\",\"position\":2,\"name\":\"Restauro della Fonte della Fata Morgana a Bagno a Ripoli: al via la progettazione\"}]},{\"@type\":\"WebSite\",\"@id\":\"https:\/\/www.intoscana.it\/it\/#website\",\"url\":\"https:\/\/www.intoscana.it\/it\/\",\"name\":\"intoscana\",\"description\":\"\",\"potentialAction\":[{\"@type\":\"SearchAction\",\"target\":{\"@type\":\"EntryPoint\",\"urlTemplate\":\"https:\/\/www.intoscana.it\/it\/?s={search_term_string}\"},\"query-input\":{\"@type\":\"PropertyValueSpecification\",\"valueRequired\":true,\"valueName\":\"search_term_string\"}}],\"inLanguage\":\"it-IT\"},{\"@type\":\"Person\",\"@id\":\"https:\/\/www.intoscana.it\/it\/#\/schema\/person\/9223810753230f20bd670fdd322661f8\",\"name\":\"Redazione\",\"url\":\"https:\/\/www.intoscana.it\/it\/author\/redazione\/\"}]}<\/script>\n<!-- \/ Yoast SEO Premium plugin. -->","yoast_head_json":{"title":"Restauro della Fonte della Fata Morgana a Bagno a Ripoli: al via la progettazione - intoscana","description":"I lavori della task force creata tra Comune di Bagno a Ripoli, proprietario del monumento, e la Soprintendenza \u00e8 pronto a entrare nel vivo","robots":{"index":"index","follow":"follow","max-snippet":"max-snippet:-1","max-image-preview":"max-image-preview:large","max-video-preview":"max-video-preview:-1"},"canonical":"https:\/\/www.intoscana.it\/it\/restauro-della-fonte-della-fata-morgana-a-bagno-a-ripoli-al-via-la-progettazione\/","og_locale":"it_IT","og_type":"article","og_title":"Restauro della Fonte della Fata Morgana a Bagno a Ripoli: al via la progettazione","og_description":"I lavori della task force creata tra Comune di Bagno a Ripoli, proprietario del monumento, e la Soprintendenza \u00e8 pronto a entrare nel vivo","og_url":"https:\/\/www.intoscana.it\/it\/restauro-della-fonte-della-fata-morgana-a-bagno-a-ripoli-al-via-la-progettazione\/","og_site_name":"intoscana","article_publisher":"https:\/\/www.facebook.com\/intoscana.it","article_published_time":"2023-12-15T09:52:38+00:00","og_image":[{"width":2048,"height":1366,"url":"https:\/\/www.intoscana.it\/wp-content\/uploads\/2_Fonte-della-Fata-Morgana_phClara-Vannucci-1.jpg","type":"image\/jpeg"}],"author":"Redazione","twitter_card":"summary_large_image","twitter_creator":"@intoscana","twitter_site":"@intoscana","twitter_misc":{"Written by":"Redazione","Est. reading time":"2 minuti"},"schema":{"@context":"https:\/\/schema.org","@graph":[{"@type":"WebPage","@id":"https:\/\/www.intoscana.it\/it\/restauro-della-fonte-della-fata-morgana-a-bagno-a-ripoli-al-via-la-progettazione\/","url":"https:\/\/www.intoscana.it\/it\/restauro-della-fonte-della-fata-morgana-a-bagno-a-ripoli-al-via-la-progettazione\/","name":"Restauro della Fonte della Fata Morgana a Bagno a Ripoli: al via la progettazione - intoscana","isPartOf":{"@id":"https:\/\/www.intoscana.it\/it\/#website"},"primaryImageOfPage":{"@id":"https:\/\/www.intoscana.it\/it\/restauro-della-fonte-della-fata-morgana-a-bagno-a-ripoli-al-via-la-progettazione\/#primaryimage"},"image":{"@id":"https:\/\/www.intoscana.it\/it\/restauro-della-fonte-della-fata-morgana-a-bagno-a-ripoli-al-via-la-progettazione\/#primaryimage"},"thumbnailUrl":"https:\/\/www.intoscana.it\/wp-content\/uploads\/2_Fonte-della-Fata-Morgana_phClara-Vannucci-1.jpg","datePublished":"2023-12-15T09:52:38+00:00","author":{"@id":"https:\/\/www.intoscana.it\/it\/#\/schema\/person\/9223810753230f20bd670fdd322661f8"},"description":"I lavori della task force creata tra Comune di Bagno a Ripoli, proprietario del monumento, e la Soprintendenza \u00e8 pronto a entrare nel vivo","breadcrumb":{"@id":"https:\/\/www.intoscana.it\/it\/restauro-della-fonte-della-fata-morgana-a-bagno-a-ripoli-al-via-la-progettazione\/#breadcrumb"},"inLanguage":"it-IT","potentialAction":[{"@type":"ReadAction","target":["https:\/\/www.intoscana.it\/it\/restauro-della-fonte-della-fata-morgana-a-bagno-a-ripoli-al-via-la-progettazione\/"]}]},{"@type":"ImageObject","inLanguage":"it-IT","@id":"https:\/\/www.intoscana.it\/it\/restauro-della-fonte-della-fata-morgana-a-bagno-a-ripoli-al-via-la-progettazione\/#primaryimage","url":"https:\/\/www.intoscana.it\/wp-content\/uploads\/2_Fonte-della-Fata-Morgana_phClara-Vannucci-1.jpg","contentUrl":"https:\/\/www.intoscana.it\/wp-content\/uploads\/2_Fonte-della-Fata-Morgana_phClara-Vannucci-1.jpg","width":2048,"height":1366,"caption":"Fonte della Fata Morgana"},{"@type":"BreadcrumbList","@id":"https:\/\/www.intoscana.it\/it\/restauro-della-fonte-della-fata-morgana-a-bagno-a-ripoli-al-via-la-progettazione\/#breadcrumb","itemListElement":[{"@type":"ListItem","position":1,"name":"Home","item":"https:\/\/www.intoscana.it\/it\/"},{"@type":"ListItem","position":2,"name":"Restauro della Fonte della Fata Morgana a Bagno a Ripoli: al via la progettazione"}]},{"@type":"WebSite","@id":"https:\/\/www.intoscana.it\/it\/#website","url":"https:\/\/www.intoscana.it\/it\/","name":"intoscana","description":"","potentialAction":[{"@type":"SearchAction","target":{"@type":"EntryPoint","urlTemplate":"https:\/\/www.intoscana.it\/it\/?s={search_term_string}"},"query-input":{"@type":"PropertyValueSpecification","valueRequired":true,"valueName":"search_term_string"}}],"inLanguage":"it-IT"},{"@type":"Person","@id":"https:\/\/www.intoscana.it\/it\/#\/schema\/person\/9223810753230f20bd670fdd322661f8","name":"Redazione","url":"https:\/\/www.intoscana.it\/it\/author\/redazione\/"}]}},"_links":{"self":[{"href":"https:\/\/www.intoscana.it\/it\/wp-json\/wp\/v2\/posts\/319130","targetHints":{"allow":["GET"]}}],"collection":[{"href":"https:\/\/www.intoscana.it\/it\/wp-json\/wp\/v2\/posts"}],"about":[{"href":"https:\/\/www.intoscana.it\/it\/wp-json\/wp\/v2\/types\/post"}],"author":[{"embeddable":true,"href":"https:\/\/www.intoscana.it\/it\/wp-json\/wp\/v2\/users\/525"}],"replies":[{"embeddable":true,"href":"https:\/\/www.intoscana.it\/it\/wp-json\/wp\/v2\/comments?post=319130"}],"version-history":[{"count":0,"href":"https:\/\/www.intoscana.it\/it\/wp-json\/wp\/v2\/posts\/319130\/revisions"}],"wp:featuredmedia":[{"embeddable":true,"href":"https:\/\/www.intoscana.it\/it\/wp-json\/wp\/v2\/media\/152202"}],"wp:attachment":[{"href":"https:\/\/www.intoscana.it\/it\/wp-json\/wp\/v2\/media?parent=319130"}],"wp:term":[{"taxonomy":"category","embeddable":true,"href":"https:\/\/www.intoscana.it\/it\/wp-json\/wp\/v2\/categories?post=319130"},{"taxonomy":"post_tag","embeddable":true,"href":"https:\/\/www.intoscana.it\/it\/wp-json\/wp\/v2\/tags?post=319130"}],"curies":[{"name":"wp","href":"https:\/\/api.w.org\/{rel}","templated":true}]}}