{"id":319186,"date":"2023-12-15T15:18:23","date_gmt":"2023-12-15T14:18:23","guid":{"rendered":"https:\/\/www.intoscana.it\/it\/?p=319186"},"modified":"2023-12-15T16:07:12","modified_gmt":"2023-12-15T15:07:12","slug":"palazzo-strozzi-sacrati-ospita-la-mostra-michelangelo-e-dannunzio-il-corpo-e-lanima","status":"publish","type":"post","link":"https:\/\/www.intoscana.it\/it\/palazzo-strozzi-sacrati-ospita-la-mostra-michelangelo-e-dannunzio-il-corpo-e-lanima\/","title":{"rendered":"Palazzo Strozzi Sacrati ospita la mostra &#8220;Michelangelo e D&#8217;Annunzio &#8211; Il corpo e l\u2019anima&#8221;"},"content":{"rendered":"<p><strong>Fino al 18 febbraio<\/strong> 2024 <strong>Palazzo Strozzi Sacrati a Firenze,<\/strong> sede della Regione Toscana, ospita una mostra che indaga il rapporto tra <strong>Michelangelo e D&#8217;Annunzio,<\/strong>\u00a0in occasione delle doppie celebrazioni per i <strong>160 anni dalla nascita del Vate<\/strong> e per i<strong> 460 anni della morte del Buonarroti.<\/strong><\/p>\n<p><strong>Il legame tra Gabriele d\u2019Annunzio e Michelangelo <\/strong>\u00e8 pi\u00f9 forte di quello che si potrebbe immaginare<\/p>\n<p>Lo scrittore fu sempre affascinato da Buonarroti, <strong>visse a Firenze e a Roma<\/strong>, dove Michelangelo aveva lasciato i suoi capolavori e dimor\u00f2 per molti anni nella casa dello studioso dell&#8217;artista <strong>Henry Thode.<\/strong><\/p>\n<p>La mostra ruota su <strong>tre temi cardine<\/strong> della dottrina e dell\u2019estetica dei due autori: <strong>la morte, il corpo e l\u2019anima<\/strong> e sottolinea pensieri che vengono espressi dai due autori nelle loro opere, offrendo una lezione che ha molto da insegnare ancora oggi.<\/p>\n<p><em>&#8220;\u00c8 noto che Gabriele d&#8217;Annunzio nutrisse per Michelangelo un profondo legame affettivo, tanto da considerarlo \u201cil parente\u201d\u2013<\/em><strong> ha detto il presidente della Regione Toscana Eugenio Giani \u2013<\/strong><em> entrambi gli artisti hanno avuto una passione per Firenze e la Toscana, e noi, che in Toscana vogliamo esaltare la cultura e fare di queste eccezionali personalit\u00e0 un punto di riferimento di forte capacit\u00e0 attrattiva, salutiamo oggi questa bellissima mostra perch\u00e9 grazie a iniziative cos\u00ec si riesca sempre ad alimentare quell&#8217;idea della Toscana per vocazione terra di cultura nel mondo&#8221;.<\/em><\/p>\n<p><em>&#8220;Il legame fra d\u2019Annunzio e Michelangelo, dal Poeta definito uno dei quadrumviri della magnanima arte nostra con Palestrina, Dante e Monterverdi \u00e8 precoce, profondo e lo accompagna in tutta la sua esistenza \u2013<\/em><strong> ha raccontato Giordano Bruno Guerri, anche curatore del catalogo della mostra <\/strong><em>\u2013 se ne trovano citazioni, oltre duecento, in moltissime sue opere, dagli scritti giornalistici alle lettere alle amanti, dai romanzi fino alle prose redatte negli anni Venti e Trenta. La sua arte \u00e8 per d\u2019Annunzio proiezione e rivelazione della sua anima; lo scultore eterna nella creazione artistica i segni di quelle tempeste umane e sovraumane, che percorsero il suo spirito&#8221;.<\/em><\/p>\n<h3>La mostra<\/h3>\n<p>Il percorso della mostra inizia con<strong> una galleria di foto<\/strong> dalle Stanze della Prioria e dello Schifamondo (dove si trovano i gessi di Michelangelo al Vittoriale) e continua con le tre sale dedicate rispettivamente a <strong>d\u2019Annunzio, a Michelangelo e a Henry Thode.<\/strong><\/p>\n<p>Gran parte degli oggetti esposti sono stati messi a disposizione dal <strong>Vittoriale degli Italiani<\/strong> per l\u2019allestimento della mostra: dal <strong>Busto Eleonora Duse di Arrigo Minerbi<\/strong> alle bottiglie dell&#8217;<strong>Aqua Nuntia<\/strong>, passando per gli abiti e gli accessori esposti tipicamente al <strong>Museo d\u2019Annunzio Segreto<\/strong> e a numerosi volumi della biblioteca del Vate.<\/p>\n<p>La <strong>presidente della Fondazione Casa Buonarroti, Cristina Acidini,<\/strong> storica dell\u2019arte di fama internazionale assieme al <strong>direttore Alessandro Cecchi,<\/strong> mirabile michelangiolista, hanno selezionato un disegno anatomico, il foglio <strong><em>Studi di gambe<\/em><\/strong> (inv.11 F), le <strong><em>Rime<\/em><\/strong> (A.B., XIII, ff. 9 e 74) oltre agli otto gessi dei bozzetti gi\u00e0 <strong>Collezione H\u00e4hnel.<\/strong><\/p>\n<p>L&#8217;esposizione <strong><em>&#8220;Michelangelo e d\u2019Annunzio. Il corpo e l\u2019anima&#8221;<\/em><\/strong> \u00e8 stata voluta dal presidente della Regione Toscana Eugenio Giani, dal presidente del Vittoriale degli Italiani <strong>Giordano Bruno Guerri<\/strong> e realizzata da Opificio delle Arti e della Musica, in collaborazione con il Vittoriale e la Fondazione Casa Buonarroti di Firenze.<\/p>\n<p>La mostra rimane aperta a<strong> ingresso libero<\/strong> fino al 18 febbraio 2024.<\/p>\n","protected":false},"excerpt":{"rendered":"<p>Fino al 18 febbraio 2024 una mostra che indaga il legame tra il genio del Rinascimento e il grande scrittore e poeta italiano analizzando tre temi cardine: il corpo, la morte e l&#039;anima<\/p>\n","protected":false},"author":525,"featured_media":319187,"comment_status":"open","ping_status":"open","sticky":false,"template":"","format":"standard","meta":{"_acf_changed":false,"footnotes":""},"categories":[493],"tags":[158,222,151],"class_list":["post-319186","post","type-post","status-publish","format-standard","has-post-thumbnail","hentry","category-cultura","tag-eugenio-giani","tag-mostre","tag-regione-toscana"],"acf":[],"yoast_head":"<!-- This site is optimized with the Yoast SEO Premium plugin v24.2 (Yoast SEO v25.6) - https:\/\/yoast.com\/wordpress\/plugins\/seo\/ -->\n<title>Palazzo Strozzi Sacrati ospita la mostra &quot;Michelangelo e D&#039;Annunzio - Il corpo e l\u2019anima&quot; - intoscana<\/title>\n<meta name=\"description\" content=\"Fino al 18 febbraio 2024 una mostra che indaga il legame col genio del Rinascimento e il grande scrittore e poeta\" \/>\n<meta name=\"robots\" content=\"index, follow, max-snippet:-1, max-image-preview:large, max-video-preview:-1\" \/>\n<link rel=\"canonical\" href=\"https:\/\/www.intoscana.it\/it\/palazzo-strozzi-sacrati-ospita-la-mostra-michelangelo-e-dannunzio-il-corpo-e-lanima\/\" \/>\n<meta property=\"og:locale\" content=\"it_IT\" \/>\n<meta property=\"og:type\" content=\"article\" \/>\n<meta property=\"og:title\" content=\"Palazzo Strozzi Sacrati ospita la mostra &quot;Michelangelo e D&#039;Annunzio - Il corpo e l\u2019anima&quot;\" \/>\n<meta property=\"og:description\" content=\"Fino al 18 febbraio 2024 una mostra che indaga il legame col genio del Rinascimento e il grande scrittore e poeta\" \/>\n<meta property=\"og:url\" content=\"https:\/\/www.intoscana.it\/it\/palazzo-strozzi-sacrati-ospita-la-mostra-michelangelo-e-dannunzio-il-corpo-e-lanima\/\" \/>\n<meta property=\"og:site_name\" content=\"intoscana\" \/>\n<meta property=\"article:publisher\" content=\"https:\/\/www.facebook.com\/intoscana.it\" \/>\n<meta property=\"article:published_time\" content=\"2023-12-15T14:18:23+00:00\" \/>\n<meta property=\"article:modified_time\" content=\"2023-12-15T15:07:12+00:00\" \/>\n<meta property=\"og:image\" content=\"https:\/\/www.intoscana.it\/wp-content\/uploads\/mostra1.jpeg\" \/>\n\t<meta property=\"og:image:width\" content=\"1467\" \/>\n\t<meta property=\"og:image:height\" content=\"1163\" \/>\n\t<meta property=\"og:image:type\" content=\"image\/jpeg\" \/>\n<meta name=\"author\" content=\"Redazione\" \/>\n<meta name=\"twitter:card\" content=\"summary_large_image\" \/>\n<meta name=\"twitter:creator\" content=\"@intoscana\" \/>\n<meta name=\"twitter:site\" content=\"@intoscana\" \/>\n<meta name=\"twitter:label1\" content=\"Written by\" \/>\n\t<meta name=\"twitter:data1\" content=\"Redazione\" \/>\n\t<meta name=\"twitter:label2\" content=\"Est. reading time\" \/>\n\t<meta name=\"twitter:data2\" content=\"3 minuti\" \/>\n<script type=\"application\/ld+json\" class=\"yoast-schema-graph\">{\"@context\":\"https:\/\/schema.org\",\"@graph\":[{\"@type\":\"WebPage\",\"@id\":\"https:\/\/www.intoscana.it\/it\/palazzo-strozzi-sacrati-ospita-la-mostra-michelangelo-e-dannunzio-il-corpo-e-lanima\/\",\"url\":\"https:\/\/www.intoscana.it\/it\/palazzo-strozzi-sacrati-ospita-la-mostra-michelangelo-e-dannunzio-il-corpo-e-lanima\/\",\"name\":\"Palazzo Strozzi Sacrati ospita la mostra \\\"Michelangelo e D'Annunzio - Il corpo e l\u2019anima\\\" - intoscana\",\"isPartOf\":{\"@id\":\"https:\/\/www.intoscana.it\/it\/#website\"},\"primaryImageOfPage\":{\"@id\":\"https:\/\/www.intoscana.it\/it\/palazzo-strozzi-sacrati-ospita-la-mostra-michelangelo-e-dannunzio-il-corpo-e-lanima\/#primaryimage\"},\"image\":{\"@id\":\"https:\/\/www.intoscana.it\/it\/palazzo-strozzi-sacrati-ospita-la-mostra-michelangelo-e-dannunzio-il-corpo-e-lanima\/#primaryimage\"},\"thumbnailUrl\":\"https:\/\/www.intoscana.it\/wp-content\/uploads\/mostra1.jpeg\",\"datePublished\":\"2023-12-15T14:18:23+00:00\",\"dateModified\":\"2023-12-15T15:07:12+00:00\",\"author\":{\"@id\":\"https:\/\/www.intoscana.it\/it\/#\/schema\/person\/9223810753230f20bd670fdd322661f8\"},\"description\":\"Fino al 18 febbraio 2024 una mostra che indaga il legame col genio del Rinascimento e il grande scrittore e poeta\",\"breadcrumb\":{\"@id\":\"https:\/\/www.intoscana.it\/it\/palazzo-strozzi-sacrati-ospita-la-mostra-michelangelo-e-dannunzio-il-corpo-e-lanima\/#breadcrumb\"},\"inLanguage\":\"it-IT\",\"potentialAction\":[{\"@type\":\"ReadAction\",\"target\":[\"https:\/\/www.intoscana.it\/it\/palazzo-strozzi-sacrati-ospita-la-mostra-michelangelo-e-dannunzio-il-corpo-e-lanima\/\"]}]},{\"@type\":\"ImageObject\",\"inLanguage\":\"it-IT\",\"@id\":\"https:\/\/www.intoscana.it\/it\/palazzo-strozzi-sacrati-ospita-la-mostra-michelangelo-e-dannunzio-il-corpo-e-lanima\/#primaryimage\",\"url\":\"https:\/\/www.intoscana.it\/wp-content\/uploads\/mostra1.jpeg\",\"contentUrl\":\"https:\/\/www.intoscana.it\/wp-content\/uploads\/mostra1.jpeg\",\"width\":1467,\"height\":1163},{\"@type\":\"BreadcrumbList\",\"@id\":\"https:\/\/www.intoscana.it\/it\/palazzo-strozzi-sacrati-ospita-la-mostra-michelangelo-e-dannunzio-il-corpo-e-lanima\/#breadcrumb\",\"itemListElement\":[{\"@type\":\"ListItem\",\"position\":1,\"name\":\"Home\",\"item\":\"https:\/\/www.intoscana.it\/it\/\"},{\"@type\":\"ListItem\",\"position\":2,\"name\":\"Palazzo Strozzi Sacrati ospita la mostra &#8220;Michelangelo e D&#8217;Annunzio &#8211; Il corpo e l\u2019anima&#8221;\"}]},{\"@type\":\"WebSite\",\"@id\":\"https:\/\/www.intoscana.it\/it\/#website\",\"url\":\"https:\/\/www.intoscana.it\/it\/\",\"name\":\"intoscana\",\"description\":\"\",\"potentialAction\":[{\"@type\":\"SearchAction\",\"target\":{\"@type\":\"EntryPoint\",\"urlTemplate\":\"https:\/\/www.intoscana.it\/it\/?s={search_term_string}\"},\"query-input\":{\"@type\":\"PropertyValueSpecification\",\"valueRequired\":true,\"valueName\":\"search_term_string\"}}],\"inLanguage\":\"it-IT\"},{\"@type\":\"Person\",\"@id\":\"https:\/\/www.intoscana.it\/it\/#\/schema\/person\/9223810753230f20bd670fdd322661f8\",\"name\":\"Redazione\",\"url\":\"https:\/\/www.intoscana.it\/it\/author\/redazione\/\"}]}<\/script>\n<!-- \/ Yoast SEO Premium plugin. -->","yoast_head_json":{"title":"Palazzo Strozzi Sacrati ospita la mostra \"Michelangelo e D'Annunzio - Il corpo e l\u2019anima\" - intoscana","description":"Fino al 18 febbraio 2024 una mostra che indaga il legame col genio del Rinascimento e il grande scrittore e poeta","robots":{"index":"index","follow":"follow","max-snippet":"max-snippet:-1","max-image-preview":"max-image-preview:large","max-video-preview":"max-video-preview:-1"},"canonical":"https:\/\/www.intoscana.it\/it\/palazzo-strozzi-sacrati-ospita-la-mostra-michelangelo-e-dannunzio-il-corpo-e-lanima\/","og_locale":"it_IT","og_type":"article","og_title":"Palazzo Strozzi Sacrati ospita la mostra \"Michelangelo e D'Annunzio - Il corpo e l\u2019anima\"","og_description":"Fino al 18 febbraio 2024 una mostra che indaga il legame col genio del Rinascimento e il grande scrittore e poeta","og_url":"https:\/\/www.intoscana.it\/it\/palazzo-strozzi-sacrati-ospita-la-mostra-michelangelo-e-dannunzio-il-corpo-e-lanima\/","og_site_name":"intoscana","article_publisher":"https:\/\/www.facebook.com\/intoscana.it","article_published_time":"2023-12-15T14:18:23+00:00","article_modified_time":"2023-12-15T15:07:12+00:00","og_image":[{"width":1467,"height":1163,"url":"https:\/\/www.intoscana.it\/wp-content\/uploads\/mostra1.jpeg","type":"image\/jpeg"}],"author":"Redazione","twitter_card":"summary_large_image","twitter_creator":"@intoscana","twitter_site":"@intoscana","twitter_misc":{"Written by":"Redazione","Est. reading time":"3 minuti"},"schema":{"@context":"https:\/\/schema.org","@graph":[{"@type":"WebPage","@id":"https:\/\/www.intoscana.it\/it\/palazzo-strozzi-sacrati-ospita-la-mostra-michelangelo-e-dannunzio-il-corpo-e-lanima\/","url":"https:\/\/www.intoscana.it\/it\/palazzo-strozzi-sacrati-ospita-la-mostra-michelangelo-e-dannunzio-il-corpo-e-lanima\/","name":"Palazzo Strozzi Sacrati ospita la mostra \"Michelangelo e D'Annunzio - Il corpo e l\u2019anima\" - intoscana","isPartOf":{"@id":"https:\/\/www.intoscana.it\/it\/#website"},"primaryImageOfPage":{"@id":"https:\/\/www.intoscana.it\/it\/palazzo-strozzi-sacrati-ospita-la-mostra-michelangelo-e-dannunzio-il-corpo-e-lanima\/#primaryimage"},"image":{"@id":"https:\/\/www.intoscana.it\/it\/palazzo-strozzi-sacrati-ospita-la-mostra-michelangelo-e-dannunzio-il-corpo-e-lanima\/#primaryimage"},"thumbnailUrl":"https:\/\/www.intoscana.it\/wp-content\/uploads\/mostra1.jpeg","datePublished":"2023-12-15T14:18:23+00:00","dateModified":"2023-12-15T15:07:12+00:00","author":{"@id":"https:\/\/www.intoscana.it\/it\/#\/schema\/person\/9223810753230f20bd670fdd322661f8"},"description":"Fino al 18 febbraio 2024 una mostra che indaga il legame col genio del Rinascimento e il grande scrittore e poeta","breadcrumb":{"@id":"https:\/\/www.intoscana.it\/it\/palazzo-strozzi-sacrati-ospita-la-mostra-michelangelo-e-dannunzio-il-corpo-e-lanima\/#breadcrumb"},"inLanguage":"it-IT","potentialAction":[{"@type":"ReadAction","target":["https:\/\/www.intoscana.it\/it\/palazzo-strozzi-sacrati-ospita-la-mostra-michelangelo-e-dannunzio-il-corpo-e-lanima\/"]}]},{"@type":"ImageObject","inLanguage":"it-IT","@id":"https:\/\/www.intoscana.it\/it\/palazzo-strozzi-sacrati-ospita-la-mostra-michelangelo-e-dannunzio-il-corpo-e-lanima\/#primaryimage","url":"https:\/\/www.intoscana.it\/wp-content\/uploads\/mostra1.jpeg","contentUrl":"https:\/\/www.intoscana.it\/wp-content\/uploads\/mostra1.jpeg","width":1467,"height":1163},{"@type":"BreadcrumbList","@id":"https:\/\/www.intoscana.it\/it\/palazzo-strozzi-sacrati-ospita-la-mostra-michelangelo-e-dannunzio-il-corpo-e-lanima\/#breadcrumb","itemListElement":[{"@type":"ListItem","position":1,"name":"Home","item":"https:\/\/www.intoscana.it\/it\/"},{"@type":"ListItem","position":2,"name":"Palazzo Strozzi Sacrati ospita la mostra &#8220;Michelangelo e D&#8217;Annunzio &#8211; Il corpo e l\u2019anima&#8221;"}]},{"@type":"WebSite","@id":"https:\/\/www.intoscana.it\/it\/#website","url":"https:\/\/www.intoscana.it\/it\/","name":"intoscana","description":"","potentialAction":[{"@type":"SearchAction","target":{"@type":"EntryPoint","urlTemplate":"https:\/\/www.intoscana.it\/it\/?s={search_term_string}"},"query-input":{"@type":"PropertyValueSpecification","valueRequired":true,"valueName":"search_term_string"}}],"inLanguage":"it-IT"},{"@type":"Person","@id":"https:\/\/www.intoscana.it\/it\/#\/schema\/person\/9223810753230f20bd670fdd322661f8","name":"Redazione","url":"https:\/\/www.intoscana.it\/it\/author\/redazione\/"}]}},"_links":{"self":[{"href":"https:\/\/www.intoscana.it\/it\/wp-json\/wp\/v2\/posts\/319186","targetHints":{"allow":["GET"]}}],"collection":[{"href":"https:\/\/www.intoscana.it\/it\/wp-json\/wp\/v2\/posts"}],"about":[{"href":"https:\/\/www.intoscana.it\/it\/wp-json\/wp\/v2\/types\/post"}],"author":[{"embeddable":true,"href":"https:\/\/www.intoscana.it\/it\/wp-json\/wp\/v2\/users\/525"}],"replies":[{"embeddable":true,"href":"https:\/\/www.intoscana.it\/it\/wp-json\/wp\/v2\/comments?post=319186"}],"version-history":[{"count":0,"href":"https:\/\/www.intoscana.it\/it\/wp-json\/wp\/v2\/posts\/319186\/revisions"}],"wp:featuredmedia":[{"embeddable":true,"href":"https:\/\/www.intoscana.it\/it\/wp-json\/wp\/v2\/media\/319187"}],"wp:attachment":[{"href":"https:\/\/www.intoscana.it\/it\/wp-json\/wp\/v2\/media?parent=319186"}],"wp:term":[{"taxonomy":"category","embeddable":true,"href":"https:\/\/www.intoscana.it\/it\/wp-json\/wp\/v2\/categories?post=319186"},{"taxonomy":"post_tag","embeddable":true,"href":"https:\/\/www.intoscana.it\/it\/wp-json\/wp\/v2\/tags?post=319186"}],"curies":[{"name":"wp","href":"https:\/\/api.w.org\/{rel}","templated":true}]}}