{"id":319227,"date":"2023-12-15T17:36:55","date_gmt":"2023-12-15T16:36:55","guid":{"rendered":"https:\/\/www.intoscana.it\/it\/?p=319227"},"modified":"2023-12-17T19:48:34","modified_gmt":"2023-12-17T18:48:34","slug":"dialogo-interreligioso-on-line-larchivio-digitale-degli-incontri-in-toscana","status":"publish","type":"post","link":"https:\/\/www.intoscana.it\/it\/dialogo-interreligioso-on-line-larchivio-digitale-degli-incontri-in-toscana\/","title":{"rendered":"Dialogo interreligioso: on line l&#8217;archivio digitale degli incontri"},"content":{"rendered":"<p>\u2018<em>Toscana: terra di dialogo\u2019<\/em>: il Consiglio regionale e il Centro studi per l\u2019ecumenismo in Italia hanno promosso una ricerca che mette <mark>l\u2019archivio digitale degli incontri ecumenici e interreligiosi svolti in Toscana<\/mark>.<\/p>\n<p>Uno strumento messo a disposizione di chi voglia studiare o conoscere <strong>il cammino ecumenico e interreligioso<\/strong> nella nostra Regione. Da oggi saranno disponibili gli anni dal 2001 al 2023 sul <strong><a href=\"https:\/\/www.centroecumenismo.it\/index.php\/toscana-terra-di-dialogo\/\">portale del Centro Studi per l\u2019Ecumenismo in Italia<\/a><\/strong>, e consultabile anche attraverso\u00a0<strong><a href=\"https:\/\/www.consiglio.regione.toscana.it\/iniziative\/vista?id=3776\">il sito del Consiglio regionale<\/a><\/strong>. La Toscana \u00e8 <strong>la prima regione italiana<\/strong> che mette on line, quindi a disposizione di tutti, una ricerca di questo tipo.<\/p>\n<p><mark>Si tratta di un patrimonio fruibile da studiosi e ricercatori, italiani e stranieri<\/mark>, come \u00e8 stato spiegato nella conferenza stampa nel Media Center \u2018Sassoli\u2019 a palazzo del Pegaso.<\/p>\n<p>\u201c<em>Portare qui l\u2019archivio digitale significa andare incontro alla tradizione della Toscana, che la rende unica ed esemplare. Terra di dialogo, dove uomini di fedi e confessioni diverse si sono incontrati per conoscersi meglio ad aiutare tutti a vivere i valori religiosi della pace, dell\u2019accoglienza e del dialogo. \u00c8 anche un invito alla riflessione per il futuro<\/em>\u201d ha sottolineato il direttore del centro studi per l&#8217;ecumenismo in Italia <strong>Riccardo Burigana<\/strong>.<\/p>\n<p>\u201c<em>Presentiamo i primi risultati di un lavoro che, in questa prima fase, mette a disposizione le notizie di mille e 717 incontri svolti in Toscana dal 2001 al 2023, accompagnati da 1204 documenti: programmi, cronache, interventi&#8221;<\/em> ha aggiunto.<\/p>\n<p>\u201c<em>Questa, con il pi\u00f9 importante centro di documentazione per il dialogo interreligioso in Italia, rappresenta un\u2019altra tappa del percorso che abbiamo inserito all\u2019interno della Festa della Toscana, quest\u2019anno dedicata a don Lorenzo Milani\u201d <\/em>ha ribadito\u00a0il presidente del Consiglio regionale,\u00a0<strong>Antonio Mazzeo<\/strong>.<\/p>\n<p>\u201c<em>La nostra regione continua ad essere una terra di diritti, che pone l\u2019uomo, la persona al centro. E vuole continuare ad essere terra di dialogo. Intendiamo promuovere questo progetto \u2018Toscana terra di dialogo\u2019, ospitando le pagine dell\u2019archivio digitale anche sul sito web del Consiglio regionale, senza fermarci alla nostra storia, ma con la capacit\u00e0 di porre la questione al presente e per il futuro\u201d<\/em>\u00a0ha spiegato.<\/p>\n<p>Nel prossimo anno, \u00e8 la proposta avanzata del presidente dell\u2019Assemblea toscana \u201c<em>appena riusciremo a completare il lavoro, mi piacerebbe costruire insieme un grande momento pubblico sul dialogo interreligioso in Toscana\u201d.<\/em><\/p>\n<p>\u201c<em>Mi rallegro per questo progetto nel quale convergono la vocazione al dialogo della Toscana, la sensibilit\u00e0 e il confronto tra le differenze che caratterizza i nostri tempi e la sollecitudine che per noi credenti viene dall\u2019insegnamento stesso di Ges\u00f9\u201d<\/em> ha affermato il cardinale <strong>Giuseppe Betori<\/strong>.<\/p>\n<p>\u201c<em>Questo avviene in una regione che ha costituito un\u2019avanguardia nel cammino della conoscenza reciproca tra le diverse confessioni cristiane e le diverse tradizioni religiose. Eredi di una grande storia, dobbiamo curare questa vocazione al dialogo. Questo compito non ha soltanto una radice locale, ma rientra nel dovere che il Concilio Vaticano II ci propone. Il pluralismo<\/em> \u2013 ha aggiunto Betori \u2013 <em>appare oggi come uno dei pi\u00f9 rilevanti segni di questi tempi, attraversati da tante tensioni e da tanti conflitti. Deve invece diventare occasione d\u2019incontro, di crescita comune, non di separazione e di scontro. Un\u2019immagine ricorrente nel magistero di Papa Francesco \u00e8 quella dei ponti, perch\u00e9 di questo c\u2019\u00e8 bisogno nel nostro tempo: di ponti che collegano e uniscono, da mettere sulla strada della pace, non di muri che separano e dividono\u201d.<\/em><\/p>\n<p>\u201c<em>La scelta compiuta dalla presidenza del Consiglio regionale e dal Centro studi per l\u2019ecumenismo in Italia ha un significato importante: sottolinea il valore del dialogo interreligioso, riconoscendo in esso un contributo che non riguarda solo il rapporto tra le religioni ma si estende alla societ\u00e0 &#8211; <\/em>ha dichiarato <strong>Vannino Chiti<\/strong>&#8211; <em>\u00c8 possibile, per tutti coloro che amano e credono nel dialogo, leggere, da oggi, buona parte di quanto \u00e8 stato fatto in Toscana in questi anni nel settore del dialogo interreligioso\u201d<\/em>.<\/p>\n<p>Ogni Comune toscano, ha aggiunto Chiti, \u201c<em>ha storie di incontro e di dialogo. Dobbiamo al direttore Riccardo Burigana questa ricerca: prima l\u2019idea e poi la sua realizzazione. Questa alba di una nuova fase della storia ci si presenta con tensioni, disuguaglianze, ingiustizie, guerre e una seria crisi ecologica, ma insieme con innovazioni straordinarie. Nessuno, n\u00e9 singolo n\u00e9 popolo, pu\u00f2 farcela da solo. In questo sta il ruolo della conoscenza reciproca e del dialogo\u201d.<\/em><\/p>\n<p>\u201c<em>Si tratta di una ricerca che risponde alla natura e alle finalit\u00e0 del Centro studi che fin dai primi passi si \u00e8 mosso per favorire il dialogo ecumenico<\/em>\u00a0&#8211; ha spiegato il vescovo di Lungro, <strong>Donato Oliverio<\/strong>&#8211; <em>I primi risultati di questa ricerca confermano \u201cche la Toscana \u00e8 terra di dialogo, esemplare e unica. Ha indicato la strada del dialogo permanente tra cristiani, ebrei e musulmani\u201d.<\/em><\/p>\n<p>Un cammino lungo iniziato nel 1976 e intensificatosi negli ultimi anni. Nella seconda fase, ha spiegato ancora <strong>Riccardo Burigana <\/strong>\u201c<em>il prossimo 25 marzo, metteremo a disposizione la documentazione dal 1976 al 2001. Chiediamo la collaborazione di tutte le istituzioni, dai Comuni alle diocesi, che vogliano arricchire questo progetto<\/em>\u201d.<\/p>\n<p>L\u2019attenzione alla <strong>digitalizzazione delle fonti<\/strong>, \u00e8 un tratto caratteristico del Centro \u201c<em>gi\u00e0 da qualche anno. Il nostro archivio digitale sul dialogo interreligioso in Italia dispone gi\u00e0 di oltre undicimila documenti<\/em>\u201d.<\/p>\n<p>\u201c<em>In questa epoca contemporanea, diventa indispensabile mettere a disposizione documenti, elementi di riflessione, utilizzando le nuove tecnologie. Il grande lavoro svolto \u00e8 consultabile anche attraverso l\u2019home page del Consiglio regionale. Tutto il Consiglio regionale \u00e8 orgoglioso e onorato di poter contribuire a sostenere questo sforzo che come \u00e8 stato evidenziato rappresenta un tassello, un mattone per la costruzione di nuovi ponti e per fare in modo che ci siano sempre meno muri\u201d,<\/em> ha ribadito il consigliere dell\u2019Ufficio di presidenza del Consiglio regionale <strong>Francesco Gazzetti<\/strong>.<\/p>\n<p>Il Centro studi per l\u2019ecumenismo in Italia, presieduto dal vescovo di Lungro, monsignore <strong>Donato Oliverio<\/strong>, ha una <strong>ricchissima biblioteca<\/strong>, fatta di libri e di carte, sul <strong>dialogo ecumenico e interreligioso<\/strong> che adesso \u00e8 a Firenze e presto sar\u00e0 nei locali della Facolt\u00e0 di Teologia dell\u2019Italia Centrale. Questo grazie all\u2019impegno e alla volont\u00e0 dell\u2019arcivescovo di Firenze, cardinal <strong>Giuseppe Betori<\/strong>, Gran Cancelliere della Facolt\u00e0.<\/p>\n","protected":false},"excerpt":{"rendered":"<p>I primi risultati della ricerca \u2018Toscana terra di dialogo\u2019 sono stati presentati a palazzo del Pegaso. Il presidente Mazzeo: \u201cNel 2024 diamo vita insieme a un grande momento pubblico&#8221;<\/p>\n","protected":false},"author":525,"featured_media":319230,"comment_status":"open","ping_status":"open","sticky":false,"template":"","format":"standard","meta":{"_acf_changed":false,"footnotes":""},"categories":[493],"tags":[4760,4753,5743],"class_list":["post-319227","post","type-post","status-publish","format-standard","has-post-thumbnail","hentry","category-cultura","tag-antonio-mazzeo","tag-consiglio-regionale-della-toscana","tag-religione"],"acf":[],"yoast_head":"<!-- This site is optimized with the Yoast SEO Premium plugin v24.2 (Yoast SEO v25.6) - https:\/\/yoast.com\/wordpress\/plugins\/seo\/ -->\n<title>Dialogo interreligioso: on line l&#039;archivio digitale degli incontri - intoscana<\/title>\n<meta name=\"description\" content=\"La ricerca \u2018Toscana terra di dialogo\u2019 presentata a palazzo del Pegaso. Il presidente Mazzeo: \u201cNel 2024 un grande momento pubblico&quot;\" \/>\n<meta name=\"robots\" content=\"index, follow, max-snippet:-1, max-image-preview:large, max-video-preview:-1\" \/>\n<link rel=\"canonical\" href=\"https:\/\/www.intoscana.it\/it\/dialogo-interreligioso-on-line-larchivio-digitale-degli-incontri-in-toscana\/\" \/>\n<meta property=\"og:locale\" content=\"it_IT\" \/>\n<meta property=\"og:type\" content=\"article\" \/>\n<meta property=\"og:title\" content=\"Dialogo interreligioso: on line l&#039;archivio digitale degli incontri\" \/>\n<meta property=\"og:description\" content=\"La ricerca \u2018Toscana terra di dialogo\u2019 presentata a palazzo del Pegaso. Il presidente Mazzeo: \u201cNel 2024 un grande momento pubblico&quot;\" \/>\n<meta property=\"og:url\" content=\"https:\/\/www.intoscana.it\/it\/dialogo-interreligioso-on-line-larchivio-digitale-degli-incontri-in-toscana\/\" \/>\n<meta property=\"og:site_name\" content=\"intoscana\" \/>\n<meta property=\"article:publisher\" content=\"https:\/\/www.facebook.com\/intoscana.it\" \/>\n<meta property=\"article:published_time\" content=\"2023-12-15T16:36:55+00:00\" \/>\n<meta property=\"article:modified_time\" content=\"2023-12-17T18:48:34+00:00\" \/>\n<meta property=\"og:image\" content=\"https:\/\/www.intoscana.it\/wp-content\/uploads\/La-presentazione-della-ricerca-22Toscana-terra-di-dialogo22.jpeg\" \/>\n\t<meta property=\"og:image:width\" content=\"2000\" \/>\n\t<meta property=\"og:image:height\" content=\"1335\" \/>\n\t<meta property=\"og:image:type\" content=\"image\/jpeg\" \/>\n<meta name=\"author\" content=\"Redazione\" \/>\n<meta name=\"twitter:card\" content=\"summary_large_image\" \/>\n<meta name=\"twitter:creator\" content=\"@intoscana\" \/>\n<meta name=\"twitter:site\" content=\"@intoscana\" \/>\n<meta name=\"twitter:label1\" content=\"Written by\" \/>\n\t<meta name=\"twitter:data1\" content=\"Redazione\" \/>\n\t<meta name=\"twitter:label2\" content=\"Est. reading time\" \/>\n\t<meta name=\"twitter:data2\" content=\"5 minuti\" \/>\n<script type=\"application\/ld+json\" class=\"yoast-schema-graph\">{\"@context\":\"https:\/\/schema.org\",\"@graph\":[{\"@type\":\"WebPage\",\"@id\":\"https:\/\/www.intoscana.it\/it\/dialogo-interreligioso-on-line-larchivio-digitale-degli-incontri-in-toscana\/\",\"url\":\"https:\/\/www.intoscana.it\/it\/dialogo-interreligioso-on-line-larchivio-digitale-degli-incontri-in-toscana\/\",\"name\":\"Dialogo interreligioso: on line l'archivio digitale degli incontri - intoscana\",\"isPartOf\":{\"@id\":\"https:\/\/www.intoscana.it\/it\/#website\"},\"primaryImageOfPage\":{\"@id\":\"https:\/\/www.intoscana.it\/it\/dialogo-interreligioso-on-line-larchivio-digitale-degli-incontri-in-toscana\/#primaryimage\"},\"image\":{\"@id\":\"https:\/\/www.intoscana.it\/it\/dialogo-interreligioso-on-line-larchivio-digitale-degli-incontri-in-toscana\/#primaryimage\"},\"thumbnailUrl\":\"https:\/\/www.intoscana.it\/wp-content\/uploads\/La-presentazione-della-ricerca-22Toscana-terra-di-dialogo22.jpeg\",\"datePublished\":\"2023-12-15T16:36:55+00:00\",\"dateModified\":\"2023-12-17T18:48:34+00:00\",\"author\":{\"@id\":\"https:\/\/www.intoscana.it\/it\/#\/schema\/person\/9223810753230f20bd670fdd322661f8\"},\"description\":\"La ricerca \u2018Toscana terra di dialogo\u2019 presentata a palazzo del Pegaso. Il presidente Mazzeo: \u201cNel 2024 un grande momento pubblico\\\"\",\"breadcrumb\":{\"@id\":\"https:\/\/www.intoscana.it\/it\/dialogo-interreligioso-on-line-larchivio-digitale-degli-incontri-in-toscana\/#breadcrumb\"},\"inLanguage\":\"it-IT\",\"potentialAction\":[{\"@type\":\"ReadAction\",\"target\":[\"https:\/\/www.intoscana.it\/it\/dialogo-interreligioso-on-line-larchivio-digitale-degli-incontri-in-toscana\/\"]}]},{\"@type\":\"ImageObject\",\"inLanguage\":\"it-IT\",\"@id\":\"https:\/\/www.intoscana.it\/it\/dialogo-interreligioso-on-line-larchivio-digitale-degli-incontri-in-toscana\/#primaryimage\",\"url\":\"https:\/\/www.intoscana.it\/wp-content\/uploads\/La-presentazione-della-ricerca-22Toscana-terra-di-dialogo22.jpeg\",\"contentUrl\":\"https:\/\/www.intoscana.it\/wp-content\/uploads\/La-presentazione-della-ricerca-22Toscana-terra-di-dialogo22.jpeg\",\"width\":2000,\"height\":1335},{\"@type\":\"BreadcrumbList\",\"@id\":\"https:\/\/www.intoscana.it\/it\/dialogo-interreligioso-on-line-larchivio-digitale-degli-incontri-in-toscana\/#breadcrumb\",\"itemListElement\":[{\"@type\":\"ListItem\",\"position\":1,\"name\":\"Home\",\"item\":\"https:\/\/www.intoscana.it\/it\/\"},{\"@type\":\"ListItem\",\"position\":2,\"name\":\"Dialogo interreligioso: on line l&#8217;archivio digitale degli incontri\"}]},{\"@type\":\"WebSite\",\"@id\":\"https:\/\/www.intoscana.it\/it\/#website\",\"url\":\"https:\/\/www.intoscana.it\/it\/\",\"name\":\"intoscana\",\"description\":\"\",\"potentialAction\":[{\"@type\":\"SearchAction\",\"target\":{\"@type\":\"EntryPoint\",\"urlTemplate\":\"https:\/\/www.intoscana.it\/it\/?s={search_term_string}\"},\"query-input\":{\"@type\":\"PropertyValueSpecification\",\"valueRequired\":true,\"valueName\":\"search_term_string\"}}],\"inLanguage\":\"it-IT\"},{\"@type\":\"Person\",\"@id\":\"https:\/\/www.intoscana.it\/it\/#\/schema\/person\/9223810753230f20bd670fdd322661f8\",\"name\":\"Redazione\",\"url\":\"https:\/\/www.intoscana.it\/it\/author\/redazione\/\"}]}<\/script>\n<!-- \/ Yoast SEO Premium plugin. -->","yoast_head_json":{"title":"Dialogo interreligioso: on line l'archivio digitale degli incontri - intoscana","description":"La ricerca \u2018Toscana terra di dialogo\u2019 presentata a palazzo del Pegaso. Il presidente Mazzeo: \u201cNel 2024 un grande momento pubblico\"","robots":{"index":"index","follow":"follow","max-snippet":"max-snippet:-1","max-image-preview":"max-image-preview:large","max-video-preview":"max-video-preview:-1"},"canonical":"https:\/\/www.intoscana.it\/it\/dialogo-interreligioso-on-line-larchivio-digitale-degli-incontri-in-toscana\/","og_locale":"it_IT","og_type":"article","og_title":"Dialogo interreligioso: on line l'archivio digitale degli incontri","og_description":"La ricerca \u2018Toscana terra di dialogo\u2019 presentata a palazzo del Pegaso. Il presidente Mazzeo: \u201cNel 2024 un grande momento pubblico\"","og_url":"https:\/\/www.intoscana.it\/it\/dialogo-interreligioso-on-line-larchivio-digitale-degli-incontri-in-toscana\/","og_site_name":"intoscana","article_publisher":"https:\/\/www.facebook.com\/intoscana.it","article_published_time":"2023-12-15T16:36:55+00:00","article_modified_time":"2023-12-17T18:48:34+00:00","og_image":[{"width":2000,"height":1335,"url":"https:\/\/www.intoscana.it\/wp-content\/uploads\/La-presentazione-della-ricerca-22Toscana-terra-di-dialogo22.jpeg","type":"image\/jpeg"}],"author":"Redazione","twitter_card":"summary_large_image","twitter_creator":"@intoscana","twitter_site":"@intoscana","twitter_misc":{"Written by":"Redazione","Est. reading time":"5 minuti"},"schema":{"@context":"https:\/\/schema.org","@graph":[{"@type":"WebPage","@id":"https:\/\/www.intoscana.it\/it\/dialogo-interreligioso-on-line-larchivio-digitale-degli-incontri-in-toscana\/","url":"https:\/\/www.intoscana.it\/it\/dialogo-interreligioso-on-line-larchivio-digitale-degli-incontri-in-toscana\/","name":"Dialogo interreligioso: on line l'archivio digitale degli incontri - intoscana","isPartOf":{"@id":"https:\/\/www.intoscana.it\/it\/#website"},"primaryImageOfPage":{"@id":"https:\/\/www.intoscana.it\/it\/dialogo-interreligioso-on-line-larchivio-digitale-degli-incontri-in-toscana\/#primaryimage"},"image":{"@id":"https:\/\/www.intoscana.it\/it\/dialogo-interreligioso-on-line-larchivio-digitale-degli-incontri-in-toscana\/#primaryimage"},"thumbnailUrl":"https:\/\/www.intoscana.it\/wp-content\/uploads\/La-presentazione-della-ricerca-22Toscana-terra-di-dialogo22.jpeg","datePublished":"2023-12-15T16:36:55+00:00","dateModified":"2023-12-17T18:48:34+00:00","author":{"@id":"https:\/\/www.intoscana.it\/it\/#\/schema\/person\/9223810753230f20bd670fdd322661f8"},"description":"La ricerca \u2018Toscana terra di dialogo\u2019 presentata a palazzo del Pegaso. Il presidente Mazzeo: \u201cNel 2024 un grande momento pubblico\"","breadcrumb":{"@id":"https:\/\/www.intoscana.it\/it\/dialogo-interreligioso-on-line-larchivio-digitale-degli-incontri-in-toscana\/#breadcrumb"},"inLanguage":"it-IT","potentialAction":[{"@type":"ReadAction","target":["https:\/\/www.intoscana.it\/it\/dialogo-interreligioso-on-line-larchivio-digitale-degli-incontri-in-toscana\/"]}]},{"@type":"ImageObject","inLanguage":"it-IT","@id":"https:\/\/www.intoscana.it\/it\/dialogo-interreligioso-on-line-larchivio-digitale-degli-incontri-in-toscana\/#primaryimage","url":"https:\/\/www.intoscana.it\/wp-content\/uploads\/La-presentazione-della-ricerca-22Toscana-terra-di-dialogo22.jpeg","contentUrl":"https:\/\/www.intoscana.it\/wp-content\/uploads\/La-presentazione-della-ricerca-22Toscana-terra-di-dialogo22.jpeg","width":2000,"height":1335},{"@type":"BreadcrumbList","@id":"https:\/\/www.intoscana.it\/it\/dialogo-interreligioso-on-line-larchivio-digitale-degli-incontri-in-toscana\/#breadcrumb","itemListElement":[{"@type":"ListItem","position":1,"name":"Home","item":"https:\/\/www.intoscana.it\/it\/"},{"@type":"ListItem","position":2,"name":"Dialogo interreligioso: on line l&#8217;archivio digitale degli incontri"}]},{"@type":"WebSite","@id":"https:\/\/www.intoscana.it\/it\/#website","url":"https:\/\/www.intoscana.it\/it\/","name":"intoscana","description":"","potentialAction":[{"@type":"SearchAction","target":{"@type":"EntryPoint","urlTemplate":"https:\/\/www.intoscana.it\/it\/?s={search_term_string}"},"query-input":{"@type":"PropertyValueSpecification","valueRequired":true,"valueName":"search_term_string"}}],"inLanguage":"it-IT"},{"@type":"Person","@id":"https:\/\/www.intoscana.it\/it\/#\/schema\/person\/9223810753230f20bd670fdd322661f8","name":"Redazione","url":"https:\/\/www.intoscana.it\/it\/author\/redazione\/"}]}},"_links":{"self":[{"href":"https:\/\/www.intoscana.it\/it\/wp-json\/wp\/v2\/posts\/319227","targetHints":{"allow":["GET"]}}],"collection":[{"href":"https:\/\/www.intoscana.it\/it\/wp-json\/wp\/v2\/posts"}],"about":[{"href":"https:\/\/www.intoscana.it\/it\/wp-json\/wp\/v2\/types\/post"}],"author":[{"embeddable":true,"href":"https:\/\/www.intoscana.it\/it\/wp-json\/wp\/v2\/users\/525"}],"replies":[{"embeddable":true,"href":"https:\/\/www.intoscana.it\/it\/wp-json\/wp\/v2\/comments?post=319227"}],"version-history":[{"count":0,"href":"https:\/\/www.intoscana.it\/it\/wp-json\/wp\/v2\/posts\/319227\/revisions"}],"wp:featuredmedia":[{"embeddable":true,"href":"https:\/\/www.intoscana.it\/it\/wp-json\/wp\/v2\/media\/319230"}],"wp:attachment":[{"href":"https:\/\/www.intoscana.it\/it\/wp-json\/wp\/v2\/media?parent=319227"}],"wp:term":[{"taxonomy":"category","embeddable":true,"href":"https:\/\/www.intoscana.it\/it\/wp-json\/wp\/v2\/categories?post=319227"},{"taxonomy":"post_tag","embeddable":true,"href":"https:\/\/www.intoscana.it\/it\/wp-json\/wp\/v2\/tags?post=319227"}],"curies":[{"name":"wp","href":"https:\/\/api.w.org\/{rel}","templated":true}]}}