{"id":319320,"date":"2023-12-18T10:00:31","date_gmt":"2023-12-18T09:00:31","guid":{"rendered":"https:\/\/www.intoscana.it\/it\/?p=319320"},"modified":"2023-12-18T10:36:25","modified_gmt":"2023-12-18T09:36:25","slug":"assalti-frontali-e-leatherette-in-concerto-a-prato-per-il-santa-valvola-christmas-fest","status":"publish","type":"post","link":"https:\/\/www.intoscana.it\/it\/assalti-frontali-e-leatherette-in-concerto-a-prato-per-il-santa-valvola-christmas-fest\/","title":{"rendered":"Assalti Frontali e Leatherette in concerto a Prato per il Santa Valvola Christmas Fest"},"content":{"rendered":"<p><strong>Venerd\u00ec 22 e sabato 23 dicembre<\/strong> 2023 torna a Prato negli spazi di <strong>Officina Giovani<\/strong> il <strong>Santa Valvola Xmas Fest<\/strong> una due giorni di concerti ad<strong> ingresso libero<\/strong> con alcuni dei nomi pi\u00f9 interessanti della <strong>scena underground italiana.<\/strong><\/p>\n<p><strong>Si comincia venerd\u00ec 22<\/strong>, in concerto direttamente dall&#8217;ultimo <strong>Rock Contest<\/strong> i<strong> The Stand<\/strong> duo che gioca fra<strong> breakcore e punk hardcore<\/strong>. Hanno dichiarato: &#8220;<em>Siamo anestetizzati, perch\u00e9 il nostro cuore \u00e8 spezzato. Siamo in difficolt\u00e0 nel parlare di ci\u00f2 che ogni giorno vediamo: il lato pi\u00f9 leggero della distopia digitale. Serbiamo rancore. Siamo The Stand\u201c.<\/em><\/p>\n<p>A seguire <strong>Bad Farini<\/strong> fondatore e batterista degli<strong> Appaloosa,<\/strong> con un disco solista all\u2019attivo, nel 2022 \u00e8 inserito da Rockit nella lista dei 20 migliori batteristi italiani. <strong>Nino Farini,<\/strong> percussionista e polistrumentista che, tra gli altri, ha suonato con <strong>Calibro 35, C\u2019mon Tigre, Serena Altavilla.\u00a0<\/strong><\/p>\n<p>Headline della prima serata gli <strong>Assalti Frontali,<\/strong> gruppo seminale dell&#8217;hip-hop italiano, <strong>fondati nel 1991 a Roma e noti per l&#8217;impegno politico.\u00a0<\/strong><\/p>\n<figure id=\"post-319332 media-319332\" class=\"align-none\"><img decoding=\"async\" src=\"https:\/\/www.intoscana.it\/wp-content\/uploads\/Assalti_Frontali_Grande_1560937614.jpg\" alt=\"\" \/><\/figure>\n<div class=\"titleimg\"><em>Assalti Frontali<\/em><\/div>\n<p><strong>Sabato 23 dicembre<\/strong> saliranno sul palco i<strong> Dead Crayons<\/strong> band fiorentina nata nel 2020, formata da <strong>Alvaro Buzzegoli,<\/strong> batterista con un lunga carriera che lo ha visto partecipare a partire dalla fine degli anni 90 a diversi gruppi che spaziavano dall\u2019industrial metal (GF23), al post punk e alternative rock (NON), fino al rock elettronico (RitmeniaZoo), da <strong>Vincenzo Marolda<\/strong> chitarre tastiere e synth e<strong> Giulia Bellia<\/strong> basso e voce principale.<\/p>\n<p>A seguire <strong>Brumale<\/strong> band nata nel 2022, nel Valdarno, dalla volont\u00e0 di creare una propria dimensione sonora e creativa, dando sfogo all\u2019esperienza maturata negli anni e ai propri ascolti. Il sound \u00e8 variegato e si muove<strong> tra il Gothic Rock, il Post-Punk, l\u2019Alternative Rock e lo Stoner Rock<\/strong> con testi principalmente ispirati al Romanticismo di inizio \u2018800. Il confronto con la performance live e il pubblico si \u00e8 rivelata la dimensione pi\u00f9 consona al gruppo con un repertorio unicamente composto da brani originali, parte dei quali sar\u00e0 contenuto nel primo E.P. della band <strong><em>\u201cGraves Grow Deeper\u201d<\/em><\/strong> in uscita a fine 2023.<\/p>\n<p>Chiudono in bellezza la serata da <strong>Bologna<\/strong> \u00a0in concerto i <strong><a href=\"https:\/\/www.intoscana.it\/it\/articolo\/giovani-carini-e-post-punk-i-leatherette-in-concerto-a-firenze\/\" target=\"_blank\" rel=\"noopener\">Leatherette<\/a> quintetto post-punk <\/strong>che nel 2023 pubblicato l\u2019incendiario album d\u2019esordio <em><strong>\u201cFiesta\u201d<\/strong> <\/em>fatto di noise frastagliato, amore contorto, melodie oscure e angosciate.<\/p>\n<h3>Il programma<\/h3>\n<p>Venerd\u00ec 22 Dicembre<br \/>\n<strong>ASSALTI FRONTALI<\/strong><br \/>\n<strong>BAD FARINI<\/strong><br \/>\n<strong>THE STAND<\/strong><br \/>\n+ DjSet: Ridateci Il Fiume Calenzano<\/p>\n<p>Sabato 23 Dicembre<br \/>\n<strong>LEATHERETTE<\/strong><br \/>\n<strong>BRUMALE<\/strong><br \/>\n<strong>DEAD CRAYONS<\/strong><br \/>\n+ DjSet: Outsiders by Dis0rder<\/p>\n<p><strong>Ingresso libero<\/strong><br \/>\n<strong>Inizio concerti ore 21:30<\/strong><\/p>\n<figure id=\"post-319338 media-319338\" class=\"align-none\"><img decoding=\"async\" src=\"https:\/\/www.intoscana.it\/wp-content\/uploads\/XMAS23Quadrata.jpg\" alt=\"\" \/><\/figure>\n<div class=\"titleimg\">XMAS23<\/div>\n<p>&nbsp;<\/p>\n","protected":false},"excerpt":{"rendered":"<p>Il 22 e 23 dicembre a Officina Giovani a Prato una due giorni di concerti ad ingresso libero con alcuni dei nomi pi\u00f9 interessanti della scena underground italiana tra cui: Assalti Frontali, Leatherette, The Stand, Bad Farini, Brumale e Dead Crayons<\/p>\n","protected":false},"author":518,"featured_media":319321,"comment_status":"open","ping_status":"open","sticky":false,"template":"","format":"standard","meta":{"_acf_changed":false,"footnotes":""},"categories":[14],"tags":[216,4474,167,409],"class_list":["post-319320","post","type-post","status-publish","format-standard","has-post-thumbnail","hentry","category-musica","tag-concerti","tag-eventi","tag-musica","tag-natale"],"acf":[],"yoast_head":"<!-- This site is optimized with the Yoast SEO Premium plugin v24.2 (Yoast SEO v25.6) - https:\/\/yoast.com\/wordpress\/plugins\/seo\/ -->\n<title>Assalti Frontali e Leatherette in concerto a Prato per il Santa Valvola Christmas Fest - intoscana<\/title>\n<meta name=\"description\" content=\"Il 22 e 23 dicembre a Officina Giovani a Prato una due giorni di concerti ad ingresso libero con alcuni dei nomi pi\u00f9 interessanti\" \/>\n<meta name=\"robots\" content=\"index, follow, max-snippet:-1, max-image-preview:large, max-video-preview:-1\" \/>\n<link rel=\"canonical\" href=\"https:\/\/www.intoscana.it\/it\/assalti-frontali-e-leatherette-in-concerto-a-prato-per-il-santa-valvola-christmas-fest\/\" \/>\n<meta property=\"og:locale\" content=\"it_IT\" \/>\n<meta property=\"og:type\" content=\"article\" \/>\n<meta property=\"og:title\" content=\"Assalti Frontali e Leatherette in concerto a Prato per il Santa Valvola Christmas Fest\" \/>\n<meta property=\"og:description\" content=\"Il 22 e 23 dicembre a Officina Giovani a Prato una due giorni di concerti ad ingresso libero con alcuni dei nomi pi\u00f9 interessanti\" \/>\n<meta property=\"og:url\" content=\"https:\/\/www.intoscana.it\/it\/assalti-frontali-e-leatherette-in-concerto-a-prato-per-il-santa-valvola-christmas-fest\/\" \/>\n<meta property=\"og:site_name\" content=\"intoscana\" \/>\n<meta property=\"article:publisher\" content=\"https:\/\/www.facebook.com\/intoscana.it\" \/>\n<meta property=\"article:published_time\" content=\"2023-12-18T09:00:31+00:00\" \/>\n<meta property=\"article:modified_time\" content=\"2023-12-18T09:36:25+00:00\" \/>\n<meta property=\"og:image\" content=\"https:\/\/www.intoscana.it\/wp-content\/uploads\/358364746_859025975621698_2743404014003013472_n-2-e1702892005327.jpeg\" \/>\n\t<meta property=\"og:image:width\" content=\"1254\" \/>\n\t<meta property=\"og:image:height\" content=\"703\" \/>\n\t<meta property=\"og:image:type\" content=\"image\/jpeg\" \/>\n<meta name=\"author\" content=\"Costanza Baldini\" \/>\n<meta name=\"twitter:card\" content=\"summary_large_image\" \/>\n<meta name=\"twitter:creator\" content=\"@intoscana\" \/>\n<meta name=\"twitter:site\" content=\"@intoscana\" \/>\n<meta name=\"twitter:label1\" content=\"Written by\" \/>\n\t<meta name=\"twitter:data1\" content=\"Costanza Baldini\" \/>\n\t<meta name=\"twitter:label2\" content=\"Est. reading time\" \/>\n\t<meta name=\"twitter:data2\" content=\"2 minuti\" \/>\n<script type=\"application\/ld+json\" class=\"yoast-schema-graph\">{\"@context\":\"https:\/\/schema.org\",\"@graph\":[{\"@type\":\"WebPage\",\"@id\":\"https:\/\/www.intoscana.it\/it\/assalti-frontali-e-leatherette-in-concerto-a-prato-per-il-santa-valvola-christmas-fest\/\",\"url\":\"https:\/\/www.intoscana.it\/it\/assalti-frontali-e-leatherette-in-concerto-a-prato-per-il-santa-valvola-christmas-fest\/\",\"name\":\"Assalti Frontali e Leatherette in concerto a Prato per il Santa Valvola Christmas Fest - intoscana\",\"isPartOf\":{\"@id\":\"https:\/\/www.intoscana.it\/it\/#website\"},\"primaryImageOfPage\":{\"@id\":\"https:\/\/www.intoscana.it\/it\/assalti-frontali-e-leatherette-in-concerto-a-prato-per-il-santa-valvola-christmas-fest\/#primaryimage\"},\"image\":{\"@id\":\"https:\/\/www.intoscana.it\/it\/assalti-frontali-e-leatherette-in-concerto-a-prato-per-il-santa-valvola-christmas-fest\/#primaryimage\"},\"thumbnailUrl\":\"https:\/\/www.intoscana.it\/wp-content\/uploads\/358364746_859025975621698_2743404014003013472_n-2-e1702892005327.jpeg\",\"datePublished\":\"2023-12-18T09:00:31+00:00\",\"dateModified\":\"2023-12-18T09:36:25+00:00\",\"author\":{\"@id\":\"https:\/\/www.intoscana.it\/it\/#\/schema\/person\/d469f35f09739bdf00bf5dd3f0647a82\"},\"description\":\"Il 22 e 23 dicembre a Officina Giovani a Prato una due giorni di concerti ad ingresso libero con alcuni dei nomi pi\u00f9 interessanti\",\"breadcrumb\":{\"@id\":\"https:\/\/www.intoscana.it\/it\/assalti-frontali-e-leatherette-in-concerto-a-prato-per-il-santa-valvola-christmas-fest\/#breadcrumb\"},\"inLanguage\":\"it-IT\",\"potentialAction\":[{\"@type\":\"ReadAction\",\"target\":[\"https:\/\/www.intoscana.it\/it\/assalti-frontali-e-leatherette-in-concerto-a-prato-per-il-santa-valvola-christmas-fest\/\"]}]},{\"@type\":\"ImageObject\",\"inLanguage\":\"it-IT\",\"@id\":\"https:\/\/www.intoscana.it\/it\/assalti-frontali-e-leatherette-in-concerto-a-prato-per-il-santa-valvola-christmas-fest\/#primaryimage\",\"url\":\"https:\/\/www.intoscana.it\/wp-content\/uploads\/358364746_859025975621698_2743404014003013472_n-2-e1702892005327.jpeg\",\"contentUrl\":\"https:\/\/www.intoscana.it\/wp-content\/uploads\/358364746_859025975621698_2743404014003013472_n-2-e1702892005327.jpeg\",\"width\":1254,\"height\":703,\"caption\":\"Leatherette\"},{\"@type\":\"BreadcrumbList\",\"@id\":\"https:\/\/www.intoscana.it\/it\/assalti-frontali-e-leatherette-in-concerto-a-prato-per-il-santa-valvola-christmas-fest\/#breadcrumb\",\"itemListElement\":[{\"@type\":\"ListItem\",\"position\":1,\"name\":\"Home\",\"item\":\"https:\/\/www.intoscana.it\/it\/\"},{\"@type\":\"ListItem\",\"position\":2,\"name\":\"Assalti Frontali e Leatherette in concerto a Prato per il Santa Valvola Christmas Fest\"}]},{\"@type\":\"WebSite\",\"@id\":\"https:\/\/www.intoscana.it\/it\/#website\",\"url\":\"https:\/\/www.intoscana.it\/it\/\",\"name\":\"intoscana\",\"description\":\"\",\"potentialAction\":[{\"@type\":\"SearchAction\",\"target\":{\"@type\":\"EntryPoint\",\"urlTemplate\":\"https:\/\/www.intoscana.it\/it\/?s={search_term_string}\"},\"query-input\":{\"@type\":\"PropertyValueSpecification\",\"valueRequired\":true,\"valueName\":\"search_term_string\"}}],\"inLanguage\":\"it-IT\"},{\"@type\":\"Person\",\"@id\":\"https:\/\/www.intoscana.it\/it\/#\/schema\/person\/d469f35f09739bdf00bf5dd3f0647a82\",\"name\":\"Costanza Baldini\",\"url\":\"https:\/\/www.intoscana.it\/it\/author\/costanza-baldini\/\"}]}<\/script>\n<!-- \/ Yoast SEO Premium plugin. -->","yoast_head_json":{"title":"Assalti Frontali e Leatherette in concerto a Prato per il Santa Valvola Christmas Fest - intoscana","description":"Il 22 e 23 dicembre a Officina Giovani a Prato una due giorni di concerti ad ingresso libero con alcuni dei nomi pi\u00f9 interessanti","robots":{"index":"index","follow":"follow","max-snippet":"max-snippet:-1","max-image-preview":"max-image-preview:large","max-video-preview":"max-video-preview:-1"},"canonical":"https:\/\/www.intoscana.it\/it\/assalti-frontali-e-leatherette-in-concerto-a-prato-per-il-santa-valvola-christmas-fest\/","og_locale":"it_IT","og_type":"article","og_title":"Assalti Frontali e Leatherette in concerto a Prato per il Santa Valvola Christmas Fest","og_description":"Il 22 e 23 dicembre a Officina Giovani a Prato una due giorni di concerti ad ingresso libero con alcuni dei nomi pi\u00f9 interessanti","og_url":"https:\/\/www.intoscana.it\/it\/assalti-frontali-e-leatherette-in-concerto-a-prato-per-il-santa-valvola-christmas-fest\/","og_site_name":"intoscana","article_publisher":"https:\/\/www.facebook.com\/intoscana.it","article_published_time":"2023-12-18T09:00:31+00:00","article_modified_time":"2023-12-18T09:36:25+00:00","og_image":[{"width":1254,"height":703,"url":"https:\/\/www.intoscana.it\/wp-content\/uploads\/358364746_859025975621698_2743404014003013472_n-2-e1702892005327.jpeg","type":"image\/jpeg"}],"author":"Costanza Baldini","twitter_card":"summary_large_image","twitter_creator":"@intoscana","twitter_site":"@intoscana","twitter_misc":{"Written by":"Costanza Baldini","Est. reading time":"2 minuti"},"schema":{"@context":"https:\/\/schema.org","@graph":[{"@type":"WebPage","@id":"https:\/\/www.intoscana.it\/it\/assalti-frontali-e-leatherette-in-concerto-a-prato-per-il-santa-valvola-christmas-fest\/","url":"https:\/\/www.intoscana.it\/it\/assalti-frontali-e-leatherette-in-concerto-a-prato-per-il-santa-valvola-christmas-fest\/","name":"Assalti Frontali e Leatherette in concerto a Prato per il Santa Valvola Christmas Fest - intoscana","isPartOf":{"@id":"https:\/\/www.intoscana.it\/it\/#website"},"primaryImageOfPage":{"@id":"https:\/\/www.intoscana.it\/it\/assalti-frontali-e-leatherette-in-concerto-a-prato-per-il-santa-valvola-christmas-fest\/#primaryimage"},"image":{"@id":"https:\/\/www.intoscana.it\/it\/assalti-frontali-e-leatherette-in-concerto-a-prato-per-il-santa-valvola-christmas-fest\/#primaryimage"},"thumbnailUrl":"https:\/\/www.intoscana.it\/wp-content\/uploads\/358364746_859025975621698_2743404014003013472_n-2-e1702892005327.jpeg","datePublished":"2023-12-18T09:00:31+00:00","dateModified":"2023-12-18T09:36:25+00:00","author":{"@id":"https:\/\/www.intoscana.it\/it\/#\/schema\/person\/d469f35f09739bdf00bf5dd3f0647a82"},"description":"Il 22 e 23 dicembre a Officina Giovani a Prato una due giorni di concerti ad ingresso libero con alcuni dei nomi pi\u00f9 interessanti","breadcrumb":{"@id":"https:\/\/www.intoscana.it\/it\/assalti-frontali-e-leatherette-in-concerto-a-prato-per-il-santa-valvola-christmas-fest\/#breadcrumb"},"inLanguage":"it-IT","potentialAction":[{"@type":"ReadAction","target":["https:\/\/www.intoscana.it\/it\/assalti-frontali-e-leatherette-in-concerto-a-prato-per-il-santa-valvola-christmas-fest\/"]}]},{"@type":"ImageObject","inLanguage":"it-IT","@id":"https:\/\/www.intoscana.it\/it\/assalti-frontali-e-leatherette-in-concerto-a-prato-per-il-santa-valvola-christmas-fest\/#primaryimage","url":"https:\/\/www.intoscana.it\/wp-content\/uploads\/358364746_859025975621698_2743404014003013472_n-2-e1702892005327.jpeg","contentUrl":"https:\/\/www.intoscana.it\/wp-content\/uploads\/358364746_859025975621698_2743404014003013472_n-2-e1702892005327.jpeg","width":1254,"height":703,"caption":"Leatherette"},{"@type":"BreadcrumbList","@id":"https:\/\/www.intoscana.it\/it\/assalti-frontali-e-leatherette-in-concerto-a-prato-per-il-santa-valvola-christmas-fest\/#breadcrumb","itemListElement":[{"@type":"ListItem","position":1,"name":"Home","item":"https:\/\/www.intoscana.it\/it\/"},{"@type":"ListItem","position":2,"name":"Assalti Frontali e Leatherette in concerto a Prato per il Santa Valvola Christmas Fest"}]},{"@type":"WebSite","@id":"https:\/\/www.intoscana.it\/it\/#website","url":"https:\/\/www.intoscana.it\/it\/","name":"intoscana","description":"","potentialAction":[{"@type":"SearchAction","target":{"@type":"EntryPoint","urlTemplate":"https:\/\/www.intoscana.it\/it\/?s={search_term_string}"},"query-input":{"@type":"PropertyValueSpecification","valueRequired":true,"valueName":"search_term_string"}}],"inLanguage":"it-IT"},{"@type":"Person","@id":"https:\/\/www.intoscana.it\/it\/#\/schema\/person\/d469f35f09739bdf00bf5dd3f0647a82","name":"Costanza Baldini","url":"https:\/\/www.intoscana.it\/it\/author\/costanza-baldini\/"}]}},"_links":{"self":[{"href":"https:\/\/www.intoscana.it\/it\/wp-json\/wp\/v2\/posts\/319320","targetHints":{"allow":["GET"]}}],"collection":[{"href":"https:\/\/www.intoscana.it\/it\/wp-json\/wp\/v2\/posts"}],"about":[{"href":"https:\/\/www.intoscana.it\/it\/wp-json\/wp\/v2\/types\/post"}],"author":[{"embeddable":true,"href":"https:\/\/www.intoscana.it\/it\/wp-json\/wp\/v2\/users\/518"}],"replies":[{"embeddable":true,"href":"https:\/\/www.intoscana.it\/it\/wp-json\/wp\/v2\/comments?post=319320"}],"version-history":[{"count":0,"href":"https:\/\/www.intoscana.it\/it\/wp-json\/wp\/v2\/posts\/319320\/revisions"}],"wp:featuredmedia":[{"embeddable":true,"href":"https:\/\/www.intoscana.it\/it\/wp-json\/wp\/v2\/media\/319321"}],"wp:attachment":[{"href":"https:\/\/www.intoscana.it\/it\/wp-json\/wp\/v2\/media?parent=319320"}],"wp:term":[{"taxonomy":"category","embeddable":true,"href":"https:\/\/www.intoscana.it\/it\/wp-json\/wp\/v2\/categories?post=319320"},{"taxonomy":"post_tag","embeddable":true,"href":"https:\/\/www.intoscana.it\/it\/wp-json\/wp\/v2\/tags?post=319320"}],"curies":[{"name":"wp","href":"https:\/\/api.w.org\/{rel}","templated":true}]}}