{"id":319419,"date":"2023-12-18T14:05:20","date_gmt":"2023-12-18T13:05:20","guid":{"rendered":"https:\/\/www.intoscana.it\/it\/?p=319419"},"modified":"2023-12-18T14:05:52","modified_gmt":"2023-12-18T13:05:52","slug":"baccio-bandinelli-mostra-uffizi","status":"publish","type":"post","link":"https:\/\/www.intoscana.it\/it\/baccio-bandinelli-mostra-uffizi\/","title":{"rendered":"Baccio Bandinelli pittore: un dipinto inedito in mostra da Roma agli Uffizi"},"content":{"rendered":"<p>Viene esposto per la prima volta a Firenze un <strong>dipinto inedito di Baccio Bandinelli,<\/strong> rinomato scultore e disegnatore fiorentino al servizio di Cosimo I de\u2019 Medici. Si tratta della <mark>Piet\u00e0 con la Vergine, un angelo e Nicodemo, che, appena restaurata, da oggi al 25 febbraio \u00e8 protagonista della mostra &#8220;Baccio Bandinelli pittore&#8221;, <\/mark>frutto della collaborazione tra le Gallerie degli<strong> Uffizi e i Musei Vaticani.<\/strong><\/p>\n<h3>La mostra agli Uffizi<\/h3>\n<p>L\u2019opera, un olio su tavola di cui si conservano due disegni preparatori agli Uffizi, nel Gabinetto dei Disegni e delle Stampe, testimonia l\u2019adesione dell\u2019artista ai modelli di Pontormo, Rosso Fiorentino e Bronzino.<\/p>\n<p>L\u2019esposizione, curata dal direttore degli Uffizi Eike Schmidt e dal responsabile dell\u2019arte rinascimentale e barocca dei Musei Vaticani Fabrizio Biferali, \u00e8 accolta <mark>al secondo piano del museo vasariano, negli spazi tra la Sala di Leonardo e quella di Michelangelo e Raffaello. A breve distanza, dunque, dal celebre gruppo scultoreo del Laocoonte, <\/mark>copia di quello originale custodito proprio a Roma nei Musei Vaticani: la versione agli Uffizi, realizzata dallo stesso Bandinelli, chiude con magnificenza la prospettiva del Terzo Corridoio prima del terrazzo.<\/p>\n<p><em>&#8220;Bandinelli rivela, come Michelangelo, una straordinaria capacit\u00e0 di <strong>\u2018scolpire in pittura\u2019<\/strong>, prediligendo la forma e il disegno e utilizzando le seduzioni del colore come mero accessorio &#8211;<\/em> sottolinea Eike Schmidt &#8211; <em>ritroviamo in questo dipinto tutta la forza dello scalpello e una ricerca dei volumi che ci riporta ai rilievi per il coro del Duomo. Proprio per questo l\u2019esposizione negli spazi adiacenti alla sala del tondo Doni, dove il Buonarroti dipinge il gruppo sacro e le figure come fossero sculture policrome, \u00e8 particolarmente significativa e permette al visitatore un utilissimo confronto\u201d.<\/em><\/p>\n<h3>L&#8217;opera di Bandinelli perduta e poi restaurata<\/h3>\n<p>L\u2019esistenza della Piet\u00e0 vaticana \u00e8 nota da secoli, al punto che ne parla anche Giorgio Vasari nelle sue Vite. La tela, ritenuta perduta fino al suo recente ritrovamento <strong>nei depositi dei Musei Vaticani<\/strong>, \u00e8 un raro esempio dell\u2019attivit\u00e0 di Bandinelli pittore e presenta numerose affinit\u00e0 stilistiche e formali con altre sue opere scultoree presenti a Firenze (le due Piet\u00e0 a Santa Croce e alla Santissima Annunziata).<\/p>\n<p><mark>Dopo un complesso processo di restauro la Piet\u00e0 dei Musei Vaticani viene finalmente esposta insieme al disegno di un dettaglio, conservato al Gabinetto dei disegni e delle Stampe degli Uffizi<\/mark> (esempio sommo delle straordinarie doti di Bandinelli nella grafica) e alla Creazione di Eva e alla Cacciata dal Paradiso, del pittore fiorentino Andrea del Minga. I due pendant eseguiti su disegno di Bandinelli e donati ad Eleonora di Toledo, fanno ora parte della collezione della <strong>Galleria Palatina di Palazzo Pitti.<\/strong><\/p>\n<p><em>\u201c\u00c8 un onore poter celebrare degnamente un artista che fu<strong> fiorentino di nascita, ma romano e \u201cvaticano\u201d di adozione<\/strong>, un maestro che seppe lungo l\u2019arco <\/em><em>della sua produzione fondere con disinvoltura citazioni dal moderno e dall\u2019antico, diventando egli stesso, come altri giganti della sua epoca, un classico e un modello da imitare&#8221;<\/em> sottolinea la direttrice dei Musei Vaticani <strong>Barbara Jatta.\u00a0<\/strong><\/p>\n","protected":false},"excerpt":{"rendered":"<p>In occasione della mostra alla galleria fiorentina viene esposto per la prima volta &#8220;Piet\u00e0 con la Vergine, un angelo e Nicodemo&#8221;, il quadro ritenuto perduto per secoli e da poco restaurato<\/p>\n","protected":false},"author":525,"featured_media":319422,"comment_status":"open","ping_status":"open","sticky":false,"template":"","format":"standard","meta":{"_acf_changed":false,"footnotes":""},"categories":[493],"tags":[202,222,207],"class_list":["post-319419","post","type-post","status-publish","format-standard","has-post-thumbnail","hentry","category-cultura","tag-firenze","tag-mostre","tag-uffizi"],"acf":[],"yoast_head":"<!-- This site is optimized with the Yoast SEO Premium plugin v24.2 (Yoast SEO v25.6) - https:\/\/yoast.com\/wordpress\/plugins\/seo\/ -->\n<title>Baccio Bandinelli pittore: un dipinto inedito in mostra da Roma agli Uffizi - intoscana<\/title>\n<meta name=\"robots\" content=\"index, follow, max-snippet:-1, max-image-preview:large, max-video-preview:-1\" \/>\n<link rel=\"canonical\" href=\"https:\/\/www.intoscana.it\/it\/baccio-bandinelli-mostra-uffizi\/\" \/>\n<meta property=\"og:locale\" content=\"it_IT\" \/>\n<meta property=\"og:type\" content=\"article\" \/>\n<meta property=\"og:title\" content=\"Baccio Bandinelli pittore: un dipinto inedito in mostra da Roma agli Uffizi\" \/>\n<meta property=\"og:description\" content=\"In occasione della mostra alla galleria fiorentina viene esposto per la prima volta &quot;Piet\u00e0 con la Vergine, un angelo e Nicodemo&quot;, il quadro ritenuto perduto per secoli e da poco restaurato\" \/>\n<meta property=\"og:url\" content=\"https:\/\/www.intoscana.it\/it\/baccio-bandinelli-mostra-uffizi\/\" \/>\n<meta property=\"og:site_name\" content=\"intoscana\" \/>\n<meta property=\"article:publisher\" content=\"https:\/\/www.facebook.com\/intoscana.it\" \/>\n<meta property=\"article:published_time\" content=\"2023-12-18T13:05:20+00:00\" \/>\n<meta property=\"article:modified_time\" content=\"2023-12-18T13:05:52+00:00\" \/>\n<meta property=\"og:image\" content=\"https:\/\/www.intoscana.it\/wp-content\/uploads\/Baccio-Bandinelli-Pieta\u0300-3-scaled.jpeg\" \/>\n\t<meta property=\"og:image:width\" content=\"1726\" \/>\n\t<meta property=\"og:image:height\" content=\"2048\" \/>\n\t<meta property=\"og:image:type\" content=\"image\/jpeg\" \/>\n<meta name=\"author\" content=\"Redazione\" \/>\n<meta name=\"twitter:card\" content=\"summary_large_image\" \/>\n<meta name=\"twitter:creator\" content=\"@intoscana\" \/>\n<meta name=\"twitter:site\" content=\"@intoscana\" \/>\n<meta name=\"twitter:label1\" content=\"Written by\" \/>\n\t<meta name=\"twitter:data1\" content=\"Redazione\" \/>\n\t<meta name=\"twitter:label2\" content=\"Est. reading time\" \/>\n\t<meta name=\"twitter:data2\" content=\"2 minuti\" \/>\n<script type=\"application\/ld+json\" class=\"yoast-schema-graph\">{\"@context\":\"https:\/\/schema.org\",\"@graph\":[{\"@type\":\"WebPage\",\"@id\":\"https:\/\/www.intoscana.it\/it\/baccio-bandinelli-mostra-uffizi\/\",\"url\":\"https:\/\/www.intoscana.it\/it\/baccio-bandinelli-mostra-uffizi\/\",\"name\":\"Baccio Bandinelli pittore: un dipinto inedito in mostra da Roma agli Uffizi - intoscana\",\"isPartOf\":{\"@id\":\"https:\/\/www.intoscana.it\/it\/#website\"},\"primaryImageOfPage\":{\"@id\":\"https:\/\/www.intoscana.it\/it\/baccio-bandinelli-mostra-uffizi\/#primaryimage\"},\"image\":{\"@id\":\"https:\/\/www.intoscana.it\/it\/baccio-bandinelli-mostra-uffizi\/#primaryimage\"},\"thumbnailUrl\":\"https:\/\/www.intoscana.it\/wp-content\/uploads\/Baccio-Bandinelli-Pieta\u0300-3-scaled.jpeg\",\"datePublished\":\"2023-12-18T13:05:20+00:00\",\"dateModified\":\"2023-12-18T13:05:52+00:00\",\"author\":{\"@id\":\"https:\/\/www.intoscana.it\/it\/#\/schema\/person\/9223810753230f20bd670fdd322661f8\"},\"breadcrumb\":{\"@id\":\"https:\/\/www.intoscana.it\/it\/baccio-bandinelli-mostra-uffizi\/#breadcrumb\"},\"inLanguage\":\"it-IT\",\"potentialAction\":[{\"@type\":\"ReadAction\",\"target\":[\"https:\/\/www.intoscana.it\/it\/baccio-bandinelli-mostra-uffizi\/\"]}]},{\"@type\":\"ImageObject\",\"inLanguage\":\"it-IT\",\"@id\":\"https:\/\/www.intoscana.it\/it\/baccio-bandinelli-mostra-uffizi\/#primaryimage\",\"url\":\"https:\/\/www.intoscana.it\/wp-content\/uploads\/Baccio-Bandinelli-Pieta\u0300-3-scaled.jpeg\",\"contentUrl\":\"https:\/\/www.intoscana.it\/wp-content\/uploads\/Baccio-Bandinelli-Pieta\u0300-3-scaled.jpeg\",\"width\":1726,\"height\":2048,\"caption\":\"Piet\u00e0 con la Vergine, un angelo e Nicodemo di Baccio Bandinelli\"},{\"@type\":\"BreadcrumbList\",\"@id\":\"https:\/\/www.intoscana.it\/it\/baccio-bandinelli-mostra-uffizi\/#breadcrumb\",\"itemListElement\":[{\"@type\":\"ListItem\",\"position\":1,\"name\":\"Home\",\"item\":\"https:\/\/www.intoscana.it\/it\/\"},{\"@type\":\"ListItem\",\"position\":2,\"name\":\"Baccio Bandinelli pittore: un dipinto inedito in mostra da Roma agli Uffizi\"}]},{\"@type\":\"WebSite\",\"@id\":\"https:\/\/www.intoscana.it\/it\/#website\",\"url\":\"https:\/\/www.intoscana.it\/it\/\",\"name\":\"intoscana\",\"description\":\"\",\"potentialAction\":[{\"@type\":\"SearchAction\",\"target\":{\"@type\":\"EntryPoint\",\"urlTemplate\":\"https:\/\/www.intoscana.it\/it\/?s={search_term_string}\"},\"query-input\":{\"@type\":\"PropertyValueSpecification\",\"valueRequired\":true,\"valueName\":\"search_term_string\"}}],\"inLanguage\":\"it-IT\"},{\"@type\":\"Person\",\"@id\":\"https:\/\/www.intoscana.it\/it\/#\/schema\/person\/9223810753230f20bd670fdd322661f8\",\"name\":\"Redazione\",\"url\":\"https:\/\/www.intoscana.it\/it\/author\/redazione\/\"}]}<\/script>\n<!-- \/ Yoast SEO Premium plugin. -->","yoast_head_json":{"title":"Baccio Bandinelli pittore: un dipinto inedito in mostra da Roma agli Uffizi - intoscana","robots":{"index":"index","follow":"follow","max-snippet":"max-snippet:-1","max-image-preview":"max-image-preview:large","max-video-preview":"max-video-preview:-1"},"canonical":"https:\/\/www.intoscana.it\/it\/baccio-bandinelli-mostra-uffizi\/","og_locale":"it_IT","og_type":"article","og_title":"Baccio Bandinelli pittore: un dipinto inedito in mostra da Roma agli Uffizi","og_description":"In occasione della mostra alla galleria fiorentina viene esposto per la prima volta \"Piet\u00e0 con la Vergine, un angelo e Nicodemo\", il quadro ritenuto perduto per secoli e da poco restaurato","og_url":"https:\/\/www.intoscana.it\/it\/baccio-bandinelli-mostra-uffizi\/","og_site_name":"intoscana","article_publisher":"https:\/\/www.facebook.com\/intoscana.it","article_published_time":"2023-12-18T13:05:20+00:00","article_modified_time":"2023-12-18T13:05:52+00:00","og_image":[{"width":1726,"height":2048,"url":"https:\/\/www.intoscana.it\/wp-content\/uploads\/Baccio-Bandinelli-Pieta\u0300-3-scaled.jpeg","type":"image\/jpeg"}],"author":"Redazione","twitter_card":"summary_large_image","twitter_creator":"@intoscana","twitter_site":"@intoscana","twitter_misc":{"Written by":"Redazione","Est. reading time":"2 minuti"},"schema":{"@context":"https:\/\/schema.org","@graph":[{"@type":"WebPage","@id":"https:\/\/www.intoscana.it\/it\/baccio-bandinelli-mostra-uffizi\/","url":"https:\/\/www.intoscana.it\/it\/baccio-bandinelli-mostra-uffizi\/","name":"Baccio Bandinelli pittore: un dipinto inedito in mostra da Roma agli Uffizi - intoscana","isPartOf":{"@id":"https:\/\/www.intoscana.it\/it\/#website"},"primaryImageOfPage":{"@id":"https:\/\/www.intoscana.it\/it\/baccio-bandinelli-mostra-uffizi\/#primaryimage"},"image":{"@id":"https:\/\/www.intoscana.it\/it\/baccio-bandinelli-mostra-uffizi\/#primaryimage"},"thumbnailUrl":"https:\/\/www.intoscana.it\/wp-content\/uploads\/Baccio-Bandinelli-Pieta\u0300-3-scaled.jpeg","datePublished":"2023-12-18T13:05:20+00:00","dateModified":"2023-12-18T13:05:52+00:00","author":{"@id":"https:\/\/www.intoscana.it\/it\/#\/schema\/person\/9223810753230f20bd670fdd322661f8"},"breadcrumb":{"@id":"https:\/\/www.intoscana.it\/it\/baccio-bandinelli-mostra-uffizi\/#breadcrumb"},"inLanguage":"it-IT","potentialAction":[{"@type":"ReadAction","target":["https:\/\/www.intoscana.it\/it\/baccio-bandinelli-mostra-uffizi\/"]}]},{"@type":"ImageObject","inLanguage":"it-IT","@id":"https:\/\/www.intoscana.it\/it\/baccio-bandinelli-mostra-uffizi\/#primaryimage","url":"https:\/\/www.intoscana.it\/wp-content\/uploads\/Baccio-Bandinelli-Pieta\u0300-3-scaled.jpeg","contentUrl":"https:\/\/www.intoscana.it\/wp-content\/uploads\/Baccio-Bandinelli-Pieta\u0300-3-scaled.jpeg","width":1726,"height":2048,"caption":"Piet\u00e0 con la Vergine, un angelo e Nicodemo di Baccio Bandinelli"},{"@type":"BreadcrumbList","@id":"https:\/\/www.intoscana.it\/it\/baccio-bandinelli-mostra-uffizi\/#breadcrumb","itemListElement":[{"@type":"ListItem","position":1,"name":"Home","item":"https:\/\/www.intoscana.it\/it\/"},{"@type":"ListItem","position":2,"name":"Baccio Bandinelli pittore: un dipinto inedito in mostra da Roma agli Uffizi"}]},{"@type":"WebSite","@id":"https:\/\/www.intoscana.it\/it\/#website","url":"https:\/\/www.intoscana.it\/it\/","name":"intoscana","description":"","potentialAction":[{"@type":"SearchAction","target":{"@type":"EntryPoint","urlTemplate":"https:\/\/www.intoscana.it\/it\/?s={search_term_string}"},"query-input":{"@type":"PropertyValueSpecification","valueRequired":true,"valueName":"search_term_string"}}],"inLanguage":"it-IT"},{"@type":"Person","@id":"https:\/\/www.intoscana.it\/it\/#\/schema\/person\/9223810753230f20bd670fdd322661f8","name":"Redazione","url":"https:\/\/www.intoscana.it\/it\/author\/redazione\/"}]}},"_links":{"self":[{"href":"https:\/\/www.intoscana.it\/it\/wp-json\/wp\/v2\/posts\/319419","targetHints":{"allow":["GET"]}}],"collection":[{"href":"https:\/\/www.intoscana.it\/it\/wp-json\/wp\/v2\/posts"}],"about":[{"href":"https:\/\/www.intoscana.it\/it\/wp-json\/wp\/v2\/types\/post"}],"author":[{"embeddable":true,"href":"https:\/\/www.intoscana.it\/it\/wp-json\/wp\/v2\/users\/525"}],"replies":[{"embeddable":true,"href":"https:\/\/www.intoscana.it\/it\/wp-json\/wp\/v2\/comments?post=319419"}],"version-history":[{"count":0,"href":"https:\/\/www.intoscana.it\/it\/wp-json\/wp\/v2\/posts\/319419\/revisions"}],"wp:featuredmedia":[{"embeddable":true,"href":"https:\/\/www.intoscana.it\/it\/wp-json\/wp\/v2\/media\/319422"}],"wp:attachment":[{"href":"https:\/\/www.intoscana.it\/it\/wp-json\/wp\/v2\/media?parent=319419"}],"wp:term":[{"taxonomy":"category","embeddable":true,"href":"https:\/\/www.intoscana.it\/it\/wp-json\/wp\/v2\/categories?post=319419"},{"taxonomy":"post_tag","embeddable":true,"href":"https:\/\/www.intoscana.it\/it\/wp-json\/wp\/v2\/tags?post=319419"}],"curies":[{"name":"wp","href":"https:\/\/api.w.org\/{rel}","templated":true}]}}