{"id":319613,"date":"2023-12-19T14:53:25","date_gmt":"2023-12-19T13:53:25","guid":{"rendered":"https:\/\/www.intoscana.it\/it\/?p=319613"},"modified":"2023-12-19T14:56:54","modified_gmt":"2023-12-19T13:56:54","slug":"oltre-i-muri-a-empoli-inaugurati-i-murales-di-tellas-e-muz","status":"publish","type":"post","link":"https:\/\/www.intoscana.it\/it\/oltre-i-muri-a-empoli-inaugurati-i-murales-di-tellas-e-muz\/","title":{"rendered":"Oltre i muri: a Empoli inaugurati i murales di Tellas e Muz"},"content":{"rendered":"<p>Sono stati inaugurati questi mattina a<strong> Empoli i due nuovi murales<\/strong> degli artisti Tellas e Muz del progetto &#8220;Oltre i muri&#8221;, curato dal Comune con l&#8217;associazione Start Attitude e cofinanziato per circa 10mila euro dal <strong>Consiglio regionale della Toscana<\/strong>, che con il <strong>bando Ri-Generazione Toscana<\/strong> mette a disposizione risorse per valorizzazione e riqualificazione del patrimonio urbano attraverso l\u2019arte di strada.<\/p>\n<h3>Le due opere di Tellas e Muz<\/h3>\n<p><mark>Il murales di Tellas \u00e8 stato eseguito su un edificio di propriet\u00e0 comunale nei pressi del ponte sull&#8217;Orme, lungo la statale Tosco Romagnola, mentre quello di Muz si trova in viale Palestro,<\/mark> fra la torretta di e-Distribuzione e l&#8217;adiacente annesso di propriet\u00e0 di Sistemi Urbani.<br \/>\nAl taglio del nastro sono intervenuti fra gli altri la sindaca di Empoli Brenda Barnini, il consigliere regionale Enrico Sostegni e gli studenti e studentesse del liceo artistico Virgilio di Empoli. Con loro anche Samuel Rosi, in arte Muz, autore di una delle opere di arte di strada.<\/p>\n<p><em>&#8220;Siamo convinti che riappropriarci dei luoghi anche attraverso iniziative culturali sia una strada da perseguire per contrastare il degrado<\/em> &#8211; sottolinea\u00a0<strong>la sindaca di Empoli, Brenda Barnini<\/strong> <em>&#8211; la scelta compiuta anni fa di individuare attraverso uno specifico regolamento spazi da dedicare alla street art va in questa direzione. L&#8217;inaugurazione di oggi si inserisce in questo contesto con l&#8217;auspicio che l&#8217;importanza di queste opere sia compreso e rispettato. I due murales sono espressione di temi e valori e sono il frutto di collaborazioni che hanno visto impegnati insieme agli artisti, che ringrazio, studentesse e studenti del liceo artistico Virgilio. Il coinvolgimento della scuola rende &#8220;Empoli. Oltre i muri&#8221; ancora pi\u00f9 significativo: questi murales diventano cos\u00ec espressione della nostra comunit\u00e0 e occasione di sensibilizzazione dei pi\u00f9 giovani al rispetto e alla tutela della citt\u00e0&#8221;.<\/em><\/p>\n<figure id=\"post-319621 media-319621\" class=\"align-none\">\n<p><figure style=\"width: 1024px\" class=\"wp-caption alignnone\"><img loading=\"lazy\" decoding=\"async\" src=\"https:\/\/www.intoscana.it\/wp-content\/uploads\/MuralesToscoRomagnoladasxTerreniBarnini.jpg\" alt=\"\" width=\"1024\" height=\"683\" \/><figcaption class=\"wp-caption-text\">I murales di Tellas e Muz a Empoli<\/figcaption><\/figure><\/figure>\n<h3>Sensibilizzare i giovani alla street art<\/h3>\n<p>Sensibilizzare i giovani all&#8217;uso di linguaggi espressivi propri della<strong> street art,<\/strong> promuovere la collaborazione fra Comune e scuole e realizzare un muro d&#8217;arte erano gli obiettivi al centro del progetto promosso dal Comune di Empoli che ha individuato alcuni \u2018Muri Liberi\u2019 di propriet\u00e0 comunale per la realizzazione delle opere. &#8220;Empoli. Oltre i muri&#8221; vuole accendere i riflettori sull&#8217;arte di strada come &#8216;strumento&#8217; per dare nuova vita a luoghi ed edifici, trovando nell&#8217;arte un possibile antidoto al degrado.<\/p>\n<p>Il grande murale firmato da Tellas \u00e8 ispirato al tema della<strong> sostenibilit\u00e0 ambientale.<\/strong> L\u2019opera si intitola &#8220;Autumn light\u201d e raffigura la natura, con piante, pietre, foglie e altra vegetazione che si riappropriano dello spazio che l\u2019uomo ha sottratto loro. <strong>L\u2019opera di Muz si intitola &#8220;Costruzioni #5&#8221;<\/strong>. Incontrate le classi del liceo artistico Virgilio e preso visione dei loro elaborati, l&#8217;artista ha individuato i soggetti in grado di rispecchiare la visione della citt\u00e0 da parte dei ragazzi: piazza Farinata degli Uberti, con la Collegiata di Sant\u2019Andrea, e il Santuario della Madonna del Pozzo. Ha adottato entrambi gli spunti distribuendoli uno nella parte inferiore e l\u2019altro in quella superiore della torretta di e-Distribuzione e della costruzione adiacente, in viale Palestro<\/p>\n<p><em>&#8220;Dopo aver sostenuto l\u2019incontro con le classi del liceo artistico Virgilio e dopo aver preso visione dei loro elaborati &#8211; <\/em>ha spiegato\u00a0<strong>Muz<\/strong>, raccontando come \u00e8 nata la sua opera e la collaborazione con studentesse e studenti <em>&#8211; ho cercato di individuare quali potessero essere i soggetti in grado di poter rispecchiare la visione della citt\u00e0 da parte dei ragazzi. I due luoghi che hanno riscontrato maggiormente la loro attenzione sono stati piazza Farinata degli Uberti, con la sua Collegiata di Sant\u2019Andrea, e il santuario della Madonna del Pozzo. Ho deciso quindi, vista anche la suddivisione in due livelli del soggetto data dalla fascia centrale, di cercare di adottare entrambi gli spunti distribuendoli uno nella parte inferiore e l\u2019altro in quella superiore&#8221;. <\/em><\/p>\n","protected":false},"excerpt":{"rendered":"<p>Le due opere sono state realizzate grazie a un finanziamento del Consiglio regionale della Toscana con il bando Ri-Generazione Toscana<\/p>\n","protected":false},"author":525,"featured_media":319620,"comment_status":"open","ping_status":"open","sticky":false,"template":"","format":"standard","meta":{"_acf_changed":false,"footnotes":""},"categories":[493],"tags":[4753,4904,4690],"class_list":["post-319613","post","type-post","status-publish","format-standard","has-post-thumbnail","hentry","category-cultura","tag-consiglio-regionale-della-toscana","tag-empoli","tag-street-art"],"acf":[],"yoast_head":"<!-- This site is optimized with the Yoast SEO Premium plugin v24.2 (Yoast SEO v25.6) - https:\/\/yoast.com\/wordpress\/plugins\/seo\/ -->\n<title>Oltre i muri: a Empoli inaugurati i murales di Tellas e Muz - intoscana<\/title>\n<meta name=\"robots\" content=\"index, follow, max-snippet:-1, max-image-preview:large, max-video-preview:-1\" \/>\n<link rel=\"canonical\" href=\"https:\/\/www.intoscana.it\/it\/oltre-i-muri-a-empoli-inaugurati-i-murales-di-tellas-e-muz\/\" \/>\n<meta property=\"og:locale\" content=\"it_IT\" \/>\n<meta property=\"og:type\" content=\"article\" \/>\n<meta property=\"og:title\" content=\"Oltre i muri: a Empoli inaugurati i murales di Tellas e Muz\" \/>\n<meta property=\"og:description\" content=\"Le due opere sono state realizzate grazie a un finanziamento del Consiglio regionale della Toscana con il bando Ri-Generazione Toscana\" \/>\n<meta property=\"og:url\" content=\"https:\/\/www.intoscana.it\/it\/oltre-i-muri-a-empoli-inaugurati-i-murales-di-tellas-e-muz\/\" \/>\n<meta property=\"og:site_name\" content=\"intoscana\" \/>\n<meta property=\"article:publisher\" content=\"https:\/\/www.facebook.com\/intoscana.it\" \/>\n<meta property=\"article:published_time\" content=\"2023-12-19T13:53:25+00:00\" \/>\n<meta property=\"article:modified_time\" content=\"2023-12-19T13:56:54+00:00\" \/>\n<meta property=\"og:image\" content=\"https:\/\/www.intoscana.it\/wp-content\/uploads\/MuralesGruppoVIalePalestro.jpg\" \/>\n\t<meta property=\"og:image:width\" content=\"1024\" \/>\n\t<meta property=\"og:image:height\" content=\"683\" \/>\n\t<meta property=\"og:image:type\" content=\"image\/jpeg\" \/>\n<meta name=\"author\" content=\"Redazione\" \/>\n<meta name=\"twitter:card\" content=\"summary_large_image\" \/>\n<meta name=\"twitter:creator\" content=\"@intoscana\" \/>\n<meta name=\"twitter:site\" content=\"@intoscana\" \/>\n<meta name=\"twitter:label1\" content=\"Written by\" \/>\n\t<meta name=\"twitter:data1\" content=\"Redazione\" \/>\n\t<meta name=\"twitter:label2\" content=\"Est. reading time\" \/>\n\t<meta name=\"twitter:data2\" content=\"3 minuti\" \/>\n<script type=\"application\/ld+json\" class=\"yoast-schema-graph\">{\"@context\":\"https:\/\/schema.org\",\"@graph\":[{\"@type\":\"WebPage\",\"@id\":\"https:\/\/www.intoscana.it\/it\/oltre-i-muri-a-empoli-inaugurati-i-murales-di-tellas-e-muz\/\",\"url\":\"https:\/\/www.intoscana.it\/it\/oltre-i-muri-a-empoli-inaugurati-i-murales-di-tellas-e-muz\/\",\"name\":\"Oltre i muri: a Empoli inaugurati i murales di Tellas e Muz - intoscana\",\"isPartOf\":{\"@id\":\"https:\/\/www.intoscana.it\/it\/#website\"},\"primaryImageOfPage\":{\"@id\":\"https:\/\/www.intoscana.it\/it\/oltre-i-muri-a-empoli-inaugurati-i-murales-di-tellas-e-muz\/#primaryimage\"},\"image\":{\"@id\":\"https:\/\/www.intoscana.it\/it\/oltre-i-muri-a-empoli-inaugurati-i-murales-di-tellas-e-muz\/#primaryimage\"},\"thumbnailUrl\":\"https:\/\/www.intoscana.it\/wp-content\/uploads\/MuralesGruppoVIalePalestro.jpg\",\"datePublished\":\"2023-12-19T13:53:25+00:00\",\"dateModified\":\"2023-12-19T13:56:54+00:00\",\"author\":{\"@id\":\"https:\/\/www.intoscana.it\/it\/#\/schema\/person\/9223810753230f20bd670fdd322661f8\"},\"breadcrumb\":{\"@id\":\"https:\/\/www.intoscana.it\/it\/oltre-i-muri-a-empoli-inaugurati-i-murales-di-tellas-e-muz\/#breadcrumb\"},\"inLanguage\":\"it-IT\",\"potentialAction\":[{\"@type\":\"ReadAction\",\"target\":[\"https:\/\/www.intoscana.it\/it\/oltre-i-muri-a-empoli-inaugurati-i-murales-di-tellas-e-muz\/\"]}]},{\"@type\":\"ImageObject\",\"inLanguage\":\"it-IT\",\"@id\":\"https:\/\/www.intoscana.it\/it\/oltre-i-muri-a-empoli-inaugurati-i-murales-di-tellas-e-muz\/#primaryimage\",\"url\":\"https:\/\/www.intoscana.it\/wp-content\/uploads\/MuralesGruppoVIalePalestro.jpg\",\"contentUrl\":\"https:\/\/www.intoscana.it\/wp-content\/uploads\/MuralesGruppoVIalePalestro.jpg\",\"width\":1024,\"height\":683,\"caption\":\"I murales di Tellas e Muz a Empoli\"},{\"@type\":\"BreadcrumbList\",\"@id\":\"https:\/\/www.intoscana.it\/it\/oltre-i-muri-a-empoli-inaugurati-i-murales-di-tellas-e-muz\/#breadcrumb\",\"itemListElement\":[{\"@type\":\"ListItem\",\"position\":1,\"name\":\"Home\",\"item\":\"https:\/\/www.intoscana.it\/it\/\"},{\"@type\":\"ListItem\",\"position\":2,\"name\":\"Oltre i muri: a Empoli inaugurati i murales di Tellas e Muz\"}]},{\"@type\":\"WebSite\",\"@id\":\"https:\/\/www.intoscana.it\/it\/#website\",\"url\":\"https:\/\/www.intoscana.it\/it\/\",\"name\":\"intoscana\",\"description\":\"\",\"potentialAction\":[{\"@type\":\"SearchAction\",\"target\":{\"@type\":\"EntryPoint\",\"urlTemplate\":\"https:\/\/www.intoscana.it\/it\/?s={search_term_string}\"},\"query-input\":{\"@type\":\"PropertyValueSpecification\",\"valueRequired\":true,\"valueName\":\"search_term_string\"}}],\"inLanguage\":\"it-IT\"},{\"@type\":\"Person\",\"@id\":\"https:\/\/www.intoscana.it\/it\/#\/schema\/person\/9223810753230f20bd670fdd322661f8\",\"name\":\"Redazione\",\"url\":\"https:\/\/www.intoscana.it\/it\/author\/redazione\/\"}]}<\/script>\n<!-- \/ Yoast SEO Premium plugin. -->","yoast_head_json":{"title":"Oltre i muri: a Empoli inaugurati i murales di Tellas e Muz - intoscana","robots":{"index":"index","follow":"follow","max-snippet":"max-snippet:-1","max-image-preview":"max-image-preview:large","max-video-preview":"max-video-preview:-1"},"canonical":"https:\/\/www.intoscana.it\/it\/oltre-i-muri-a-empoli-inaugurati-i-murales-di-tellas-e-muz\/","og_locale":"it_IT","og_type":"article","og_title":"Oltre i muri: a Empoli inaugurati i murales di Tellas e Muz","og_description":"Le due opere sono state realizzate grazie a un finanziamento del Consiglio regionale della Toscana con il bando Ri-Generazione Toscana","og_url":"https:\/\/www.intoscana.it\/it\/oltre-i-muri-a-empoli-inaugurati-i-murales-di-tellas-e-muz\/","og_site_name":"intoscana","article_publisher":"https:\/\/www.facebook.com\/intoscana.it","article_published_time":"2023-12-19T13:53:25+00:00","article_modified_time":"2023-12-19T13:56:54+00:00","og_image":[{"width":1024,"height":683,"url":"https:\/\/www.intoscana.it\/wp-content\/uploads\/MuralesGruppoVIalePalestro.jpg","type":"image\/jpeg"}],"author":"Redazione","twitter_card":"summary_large_image","twitter_creator":"@intoscana","twitter_site":"@intoscana","twitter_misc":{"Written by":"Redazione","Est. reading time":"3 minuti"},"schema":{"@context":"https:\/\/schema.org","@graph":[{"@type":"WebPage","@id":"https:\/\/www.intoscana.it\/it\/oltre-i-muri-a-empoli-inaugurati-i-murales-di-tellas-e-muz\/","url":"https:\/\/www.intoscana.it\/it\/oltre-i-muri-a-empoli-inaugurati-i-murales-di-tellas-e-muz\/","name":"Oltre i muri: a Empoli inaugurati i murales di Tellas e Muz - intoscana","isPartOf":{"@id":"https:\/\/www.intoscana.it\/it\/#website"},"primaryImageOfPage":{"@id":"https:\/\/www.intoscana.it\/it\/oltre-i-muri-a-empoli-inaugurati-i-murales-di-tellas-e-muz\/#primaryimage"},"image":{"@id":"https:\/\/www.intoscana.it\/it\/oltre-i-muri-a-empoli-inaugurati-i-murales-di-tellas-e-muz\/#primaryimage"},"thumbnailUrl":"https:\/\/www.intoscana.it\/wp-content\/uploads\/MuralesGruppoVIalePalestro.jpg","datePublished":"2023-12-19T13:53:25+00:00","dateModified":"2023-12-19T13:56:54+00:00","author":{"@id":"https:\/\/www.intoscana.it\/it\/#\/schema\/person\/9223810753230f20bd670fdd322661f8"},"breadcrumb":{"@id":"https:\/\/www.intoscana.it\/it\/oltre-i-muri-a-empoli-inaugurati-i-murales-di-tellas-e-muz\/#breadcrumb"},"inLanguage":"it-IT","potentialAction":[{"@type":"ReadAction","target":["https:\/\/www.intoscana.it\/it\/oltre-i-muri-a-empoli-inaugurati-i-murales-di-tellas-e-muz\/"]}]},{"@type":"ImageObject","inLanguage":"it-IT","@id":"https:\/\/www.intoscana.it\/it\/oltre-i-muri-a-empoli-inaugurati-i-murales-di-tellas-e-muz\/#primaryimage","url":"https:\/\/www.intoscana.it\/wp-content\/uploads\/MuralesGruppoVIalePalestro.jpg","contentUrl":"https:\/\/www.intoscana.it\/wp-content\/uploads\/MuralesGruppoVIalePalestro.jpg","width":1024,"height":683,"caption":"I murales di Tellas e Muz a Empoli"},{"@type":"BreadcrumbList","@id":"https:\/\/www.intoscana.it\/it\/oltre-i-muri-a-empoli-inaugurati-i-murales-di-tellas-e-muz\/#breadcrumb","itemListElement":[{"@type":"ListItem","position":1,"name":"Home","item":"https:\/\/www.intoscana.it\/it\/"},{"@type":"ListItem","position":2,"name":"Oltre i muri: a Empoli inaugurati i murales di Tellas e Muz"}]},{"@type":"WebSite","@id":"https:\/\/www.intoscana.it\/it\/#website","url":"https:\/\/www.intoscana.it\/it\/","name":"intoscana","description":"","potentialAction":[{"@type":"SearchAction","target":{"@type":"EntryPoint","urlTemplate":"https:\/\/www.intoscana.it\/it\/?s={search_term_string}"},"query-input":{"@type":"PropertyValueSpecification","valueRequired":true,"valueName":"search_term_string"}}],"inLanguage":"it-IT"},{"@type":"Person","@id":"https:\/\/www.intoscana.it\/it\/#\/schema\/person\/9223810753230f20bd670fdd322661f8","name":"Redazione","url":"https:\/\/www.intoscana.it\/it\/author\/redazione\/"}]}},"_links":{"self":[{"href":"https:\/\/www.intoscana.it\/it\/wp-json\/wp\/v2\/posts\/319613","targetHints":{"allow":["GET"]}}],"collection":[{"href":"https:\/\/www.intoscana.it\/it\/wp-json\/wp\/v2\/posts"}],"about":[{"href":"https:\/\/www.intoscana.it\/it\/wp-json\/wp\/v2\/types\/post"}],"author":[{"embeddable":true,"href":"https:\/\/www.intoscana.it\/it\/wp-json\/wp\/v2\/users\/525"}],"replies":[{"embeddable":true,"href":"https:\/\/www.intoscana.it\/it\/wp-json\/wp\/v2\/comments?post=319613"}],"version-history":[{"count":0,"href":"https:\/\/www.intoscana.it\/it\/wp-json\/wp\/v2\/posts\/319613\/revisions"}],"wp:featuredmedia":[{"embeddable":true,"href":"https:\/\/www.intoscana.it\/it\/wp-json\/wp\/v2\/media\/319620"}],"wp:attachment":[{"href":"https:\/\/www.intoscana.it\/it\/wp-json\/wp\/v2\/media?parent=319613"}],"wp:term":[{"taxonomy":"category","embeddable":true,"href":"https:\/\/www.intoscana.it\/it\/wp-json\/wp\/v2\/categories?post=319613"},{"taxonomy":"post_tag","embeddable":true,"href":"https:\/\/www.intoscana.it\/it\/wp-json\/wp\/v2\/tags?post=319613"}],"curies":[{"name":"wp","href":"https:\/\/api.w.org\/{rel}","templated":true}]}}