{"id":319653,"date":"2023-12-19T16:51:08","date_gmt":"2023-12-19T15:51:08","guid":{"rendered":"https:\/\/www.intoscana.it\/it\/?p=319653"},"modified":"2023-12-23T12:42:57","modified_gmt":"2023-12-23T11:42:57","slug":"natale-gli-auguri-della-regione-un-2024-con-meno-emergenze-e-ripresa-lavorativa","status":"publish","type":"post","link":"https:\/\/www.intoscana.it\/it\/natale-gli-auguri-della-regione-un-2024-con-meno-emergenze-e-ripresa-lavorativa\/","title":{"rendered":"Natale, gli auguri della Regione: un 2024 con meno emergenze e ripresa lavorativa"},"content":{"rendered":"<p>Tradizionale scambio di <strong>auguri di Natale,<\/strong> con i presidenti del Consiglio e della Giunta regionale,<strong> Antonio Mazzeo ed Eugenio Gian<\/strong>i nella sede dell&#8217;assemblea toscana. Presenti anche consiglieri regionali, membri dell&#8217;Ufficio di presidenza del Consiglio regionale, il presidente del Corecom, la Difenditrice civica e la Garante dell&#8217;Infanzia e dell&#8217;adolescenza. Agli auguri ha partecipato anche il sindaco di Firenze Dario Nardella.<\/p>\n<h3>Mazzeo: che il 2024 sia un anno di ripresa<\/h3>\n<p><em>\u201cOggi siamo qui per fare gli auguri a tutte le istituzioni, ma anche alle cittadine e ai cittadini della Toscana<\/em> \u2013 ha affermato il presidente dell\u2019Assemblea legislativa <strong>Antonio Mazzeo<\/strong> \u2013 <em><mark>quello che si sta per concludere \u00e8 stato un anno complesso per tutti noi, il primo vero anno post pandemia, che purtroppo non ha visto terminare la guerra in Ucraina e che ha segnato l\u2019inizio del conflitto israelo-palestinese. <\/mark>Sono vicende che possono sembrare lontane, ma che hanno un impatto sulla nostra vita di ogni giorno\u201d.<br \/>\n\u201cIl mio \u00e8 un augurio di un sereno Natale, da vivere con le famiglie <\/em>\u2013 ha continuato Mazzeo \u2013<em> ma soprattutto di un buon inizio del prossimo anno, che sia un anno di <strong>ripresa anche dal punto di vista lavorativo<\/strong>, perch\u00e9 la dignit\u00e0 del lavoro deve essere la stella polare del nostro impegno. Alle cittadine e ai cittadini della nostra regione dico che con le risorse che l\u2019Europa ha messo a disposizione quello che verr\u00e0 sar\u00e0 un anno di vera ripartenza per la Toscana\u201d.<\/em><\/p>\n<p>Lo scambio di auguri \u00e8 stato anche un momento<em> \u201cper ribadire quanto sia importante lo spirito di proficua collaborazione tra istituzioni\u201d.<\/em> <em>\u201cPer governare una regione complessa come la nostra <\/em>\u2013 ha concluso Mazzeo \u2013<em> \u00e8 necessario che ognuno faccia la propria parte. E noi vogliamo continuare a lavorare ponendo sempre al centro l\u2019idea che ogni scelta, anche se complessa, deve essere fatta per il bene delle cittadine e dei cittadini della nostra regione\u201d.<\/em><\/p>\n<h3>Giani: la Toscana esce dalle emergenze con spirito di squadra<\/h3>\n<p><em>\u201cSiamo arrivati al <strong>terzo anno di legislatura<\/strong> e abbiamo dovuto convivere con la pandemia, la guerra e<strong> l\u2019alluvione<\/strong><\/em> \u2013 ha esordito il presidente della Regione <strong>Eugenio Giani<\/strong> \u2013 l<em>a speranza \u00e8 che la Toscana possa convivere meno con le emergenze e pi\u00f9 con le prospettive che si merita\u201d.<\/em><\/p>\n<p><em>\u201cDevo dirvi per\u00f2 che <mark>nelle emergenze la Toscana riesce a venire fuori con spirito di squadra e compattezza <\/mark>\u2013<\/em> ha continuato Giani \u2013\u00a0 <em>ed \u00e8 proprio allo spirito di squadra che ci sentiamo di dover fare appello, perch\u00e9 la collaborazione istituzionale consente di ottenere risultati a beneficio dei nostri cittadini. Le decisioni pi\u00f9 importanti e pi\u00f9 efficaci sono quelle che vanno a vantaggio di un buon andamento del governo di una societ\u00e0, anche se impopolari. Io posso dire che quest\u2019anno il rapporto di collaborazione tra istituzioni nella nostra regione \u00e8 stato molto importante e positivo. E che la Toscana sta mostrando una grande capacit\u00e0 di sviluppo\u201d.<\/em><\/p>\n","protected":false},"excerpt":{"rendered":"<p>Tradizionale scambio di auguri\u00a0tra il presidentie del Consiglio regionale Antonio Mazzeo e il presidente della Giunta regionale Eugenio Giani<\/p>\n","protected":false},"author":525,"featured_media":319661,"comment_status":"open","ping_status":"open","sticky":false,"template":"","format":"standard","meta":{"_acf_changed":false,"footnotes":""},"categories":[494],"tags":[4753,409],"class_list":["post-319653","post","type-post","status-publish","format-standard","has-post-thumbnail","hentry","category-attualita","tag-consiglio-regionale-della-toscana","tag-natale"],"acf":[],"yoast_head":"<!-- This site is optimized with the Yoast SEO Premium plugin v24.2 (Yoast SEO v25.6) - https:\/\/yoast.com\/wordpress\/plugins\/seo\/ -->\n<title>Natale, gli auguri della Regione: un 2024 con meno emergenze e ripresa lavorativa - intoscana<\/title>\n<meta name=\"robots\" content=\"index, follow, max-snippet:-1, max-image-preview:large, max-video-preview:-1\" \/>\n<link rel=\"canonical\" href=\"https:\/\/www.intoscana.it\/it\/natale-gli-auguri-della-regione-un-2024-con-meno-emergenze-e-ripresa-lavorativa\/\" \/>\n<meta property=\"og:locale\" content=\"it_IT\" \/>\n<meta property=\"og:type\" content=\"article\" \/>\n<meta property=\"og:title\" content=\"Natale, gli auguri della Regione: un 2024 con meno emergenze e ripresa lavorativa\" \/>\n<meta property=\"og:description\" content=\"Tradizionale scambio di auguri\u00a0tra il presidentie del Consiglio regionale Antonio Mazzeo e il presidente della Giunta regionale Eugenio Giani\" \/>\n<meta property=\"og:url\" content=\"https:\/\/www.intoscana.it\/it\/natale-gli-auguri-della-regione-un-2024-con-meno-emergenze-e-ripresa-lavorativa\/\" \/>\n<meta property=\"og:site_name\" content=\"intoscana\" \/>\n<meta property=\"article:publisher\" content=\"https:\/\/www.facebook.com\/intoscana.it\" \/>\n<meta property=\"article:published_time\" content=\"2023-12-19T15:51:08+00:00\" \/>\n<meta property=\"article:modified_time\" content=\"2023-12-23T11:42:57+00:00\" \/>\n<meta property=\"og:image\" content=\"https:\/\/www.intoscana.it\/wp-content\/uploads\/Auguri-Natale-copertina-2000x1125-1.jpeg\" \/>\n\t<meta property=\"og:image:width\" content=\"2000\" \/>\n\t<meta property=\"og:image:height\" content=\"1125\" \/>\n\t<meta property=\"og:image:type\" content=\"image\/jpeg\" \/>\n<meta name=\"author\" content=\"Redazione\" \/>\n<meta name=\"twitter:card\" content=\"summary_large_image\" \/>\n<meta name=\"twitter:creator\" content=\"@intoscana\" \/>\n<meta name=\"twitter:site\" content=\"@intoscana\" \/>\n<meta name=\"twitter:label1\" content=\"Written by\" \/>\n\t<meta name=\"twitter:data1\" content=\"Redazione\" \/>\n\t<meta name=\"twitter:label2\" content=\"Est. reading time\" \/>\n\t<meta name=\"twitter:data2\" content=\"2 minuti\" \/>\n<script type=\"application\/ld+json\" class=\"yoast-schema-graph\">{\"@context\":\"https:\/\/schema.org\",\"@graph\":[{\"@type\":\"WebPage\",\"@id\":\"https:\/\/www.intoscana.it\/it\/natale-gli-auguri-della-regione-un-2024-con-meno-emergenze-e-ripresa-lavorativa\/\",\"url\":\"https:\/\/www.intoscana.it\/it\/natale-gli-auguri-della-regione-un-2024-con-meno-emergenze-e-ripresa-lavorativa\/\",\"name\":\"Natale, gli auguri della Regione: un 2024 con meno emergenze e ripresa lavorativa - intoscana\",\"isPartOf\":{\"@id\":\"https:\/\/www.intoscana.it\/it\/#website\"},\"primaryImageOfPage\":{\"@id\":\"https:\/\/www.intoscana.it\/it\/natale-gli-auguri-della-regione-un-2024-con-meno-emergenze-e-ripresa-lavorativa\/#primaryimage\"},\"image\":{\"@id\":\"https:\/\/www.intoscana.it\/it\/natale-gli-auguri-della-regione-un-2024-con-meno-emergenze-e-ripresa-lavorativa\/#primaryimage\"},\"thumbnailUrl\":\"https:\/\/www.intoscana.it\/wp-content\/uploads\/Auguri-Natale-copertina-2000x1125-1.jpeg\",\"datePublished\":\"2023-12-19T15:51:08+00:00\",\"dateModified\":\"2023-12-23T11:42:57+00:00\",\"author\":{\"@id\":\"https:\/\/www.intoscana.it\/it\/#\/schema\/person\/9223810753230f20bd670fdd322661f8\"},\"breadcrumb\":{\"@id\":\"https:\/\/www.intoscana.it\/it\/natale-gli-auguri-della-regione-un-2024-con-meno-emergenze-e-ripresa-lavorativa\/#breadcrumb\"},\"inLanguage\":\"it-IT\",\"potentialAction\":[{\"@type\":\"ReadAction\",\"target\":[\"https:\/\/www.intoscana.it\/it\/natale-gli-auguri-della-regione-un-2024-con-meno-emergenze-e-ripresa-lavorativa\/\"]}]},{\"@type\":\"ImageObject\",\"inLanguage\":\"it-IT\",\"@id\":\"https:\/\/www.intoscana.it\/it\/natale-gli-auguri-della-regione-un-2024-con-meno-emergenze-e-ripresa-lavorativa\/#primaryimage\",\"url\":\"https:\/\/www.intoscana.it\/wp-content\/uploads\/Auguri-Natale-copertina-2000x1125-1.jpeg\",\"contentUrl\":\"https:\/\/www.intoscana.it\/wp-content\/uploads\/Auguri-Natale-copertina-2000x1125-1.jpeg\",\"width\":2000,\"height\":1125},{\"@type\":\"BreadcrumbList\",\"@id\":\"https:\/\/www.intoscana.it\/it\/natale-gli-auguri-della-regione-un-2024-con-meno-emergenze-e-ripresa-lavorativa\/#breadcrumb\",\"itemListElement\":[{\"@type\":\"ListItem\",\"position\":1,\"name\":\"Home\",\"item\":\"https:\/\/www.intoscana.it\/it\/\"},{\"@type\":\"ListItem\",\"position\":2,\"name\":\"Natale, gli auguri della Regione: un 2024 con meno emergenze e ripresa lavorativa\"}]},{\"@type\":\"WebSite\",\"@id\":\"https:\/\/www.intoscana.it\/it\/#website\",\"url\":\"https:\/\/www.intoscana.it\/it\/\",\"name\":\"intoscana\",\"description\":\"\",\"potentialAction\":[{\"@type\":\"SearchAction\",\"target\":{\"@type\":\"EntryPoint\",\"urlTemplate\":\"https:\/\/www.intoscana.it\/it\/?s={search_term_string}\"},\"query-input\":{\"@type\":\"PropertyValueSpecification\",\"valueRequired\":true,\"valueName\":\"search_term_string\"}}],\"inLanguage\":\"it-IT\"},{\"@type\":\"Person\",\"@id\":\"https:\/\/www.intoscana.it\/it\/#\/schema\/person\/9223810753230f20bd670fdd322661f8\",\"name\":\"Redazione\",\"url\":\"https:\/\/www.intoscana.it\/it\/author\/redazione\/\"}]}<\/script>\n<!-- \/ Yoast SEO Premium plugin. -->","yoast_head_json":{"title":"Natale, gli auguri della Regione: un 2024 con meno emergenze e ripresa lavorativa - intoscana","robots":{"index":"index","follow":"follow","max-snippet":"max-snippet:-1","max-image-preview":"max-image-preview:large","max-video-preview":"max-video-preview:-1"},"canonical":"https:\/\/www.intoscana.it\/it\/natale-gli-auguri-della-regione-un-2024-con-meno-emergenze-e-ripresa-lavorativa\/","og_locale":"it_IT","og_type":"article","og_title":"Natale, gli auguri della Regione: un 2024 con meno emergenze e ripresa lavorativa","og_description":"Tradizionale scambio di auguri\u00a0tra il presidentie del Consiglio regionale Antonio Mazzeo e il presidente della Giunta regionale Eugenio Giani","og_url":"https:\/\/www.intoscana.it\/it\/natale-gli-auguri-della-regione-un-2024-con-meno-emergenze-e-ripresa-lavorativa\/","og_site_name":"intoscana","article_publisher":"https:\/\/www.facebook.com\/intoscana.it","article_published_time":"2023-12-19T15:51:08+00:00","article_modified_time":"2023-12-23T11:42:57+00:00","og_image":[{"width":2000,"height":1125,"url":"https:\/\/www.intoscana.it\/wp-content\/uploads\/Auguri-Natale-copertina-2000x1125-1.jpeg","type":"image\/jpeg"}],"author":"Redazione","twitter_card":"summary_large_image","twitter_creator":"@intoscana","twitter_site":"@intoscana","twitter_misc":{"Written by":"Redazione","Est. reading time":"2 minuti"},"schema":{"@context":"https:\/\/schema.org","@graph":[{"@type":"WebPage","@id":"https:\/\/www.intoscana.it\/it\/natale-gli-auguri-della-regione-un-2024-con-meno-emergenze-e-ripresa-lavorativa\/","url":"https:\/\/www.intoscana.it\/it\/natale-gli-auguri-della-regione-un-2024-con-meno-emergenze-e-ripresa-lavorativa\/","name":"Natale, gli auguri della Regione: un 2024 con meno emergenze e ripresa lavorativa - intoscana","isPartOf":{"@id":"https:\/\/www.intoscana.it\/it\/#website"},"primaryImageOfPage":{"@id":"https:\/\/www.intoscana.it\/it\/natale-gli-auguri-della-regione-un-2024-con-meno-emergenze-e-ripresa-lavorativa\/#primaryimage"},"image":{"@id":"https:\/\/www.intoscana.it\/it\/natale-gli-auguri-della-regione-un-2024-con-meno-emergenze-e-ripresa-lavorativa\/#primaryimage"},"thumbnailUrl":"https:\/\/www.intoscana.it\/wp-content\/uploads\/Auguri-Natale-copertina-2000x1125-1.jpeg","datePublished":"2023-12-19T15:51:08+00:00","dateModified":"2023-12-23T11:42:57+00:00","author":{"@id":"https:\/\/www.intoscana.it\/it\/#\/schema\/person\/9223810753230f20bd670fdd322661f8"},"breadcrumb":{"@id":"https:\/\/www.intoscana.it\/it\/natale-gli-auguri-della-regione-un-2024-con-meno-emergenze-e-ripresa-lavorativa\/#breadcrumb"},"inLanguage":"it-IT","potentialAction":[{"@type":"ReadAction","target":["https:\/\/www.intoscana.it\/it\/natale-gli-auguri-della-regione-un-2024-con-meno-emergenze-e-ripresa-lavorativa\/"]}]},{"@type":"ImageObject","inLanguage":"it-IT","@id":"https:\/\/www.intoscana.it\/it\/natale-gli-auguri-della-regione-un-2024-con-meno-emergenze-e-ripresa-lavorativa\/#primaryimage","url":"https:\/\/www.intoscana.it\/wp-content\/uploads\/Auguri-Natale-copertina-2000x1125-1.jpeg","contentUrl":"https:\/\/www.intoscana.it\/wp-content\/uploads\/Auguri-Natale-copertina-2000x1125-1.jpeg","width":2000,"height":1125},{"@type":"BreadcrumbList","@id":"https:\/\/www.intoscana.it\/it\/natale-gli-auguri-della-regione-un-2024-con-meno-emergenze-e-ripresa-lavorativa\/#breadcrumb","itemListElement":[{"@type":"ListItem","position":1,"name":"Home","item":"https:\/\/www.intoscana.it\/it\/"},{"@type":"ListItem","position":2,"name":"Natale, gli auguri della Regione: un 2024 con meno emergenze e ripresa lavorativa"}]},{"@type":"WebSite","@id":"https:\/\/www.intoscana.it\/it\/#website","url":"https:\/\/www.intoscana.it\/it\/","name":"intoscana","description":"","potentialAction":[{"@type":"SearchAction","target":{"@type":"EntryPoint","urlTemplate":"https:\/\/www.intoscana.it\/it\/?s={search_term_string}"},"query-input":{"@type":"PropertyValueSpecification","valueRequired":true,"valueName":"search_term_string"}}],"inLanguage":"it-IT"},{"@type":"Person","@id":"https:\/\/www.intoscana.it\/it\/#\/schema\/person\/9223810753230f20bd670fdd322661f8","name":"Redazione","url":"https:\/\/www.intoscana.it\/it\/author\/redazione\/"}]}},"_links":{"self":[{"href":"https:\/\/www.intoscana.it\/it\/wp-json\/wp\/v2\/posts\/319653","targetHints":{"allow":["GET"]}}],"collection":[{"href":"https:\/\/www.intoscana.it\/it\/wp-json\/wp\/v2\/posts"}],"about":[{"href":"https:\/\/www.intoscana.it\/it\/wp-json\/wp\/v2\/types\/post"}],"author":[{"embeddable":true,"href":"https:\/\/www.intoscana.it\/it\/wp-json\/wp\/v2\/users\/525"}],"replies":[{"embeddable":true,"href":"https:\/\/www.intoscana.it\/it\/wp-json\/wp\/v2\/comments?post=319653"}],"version-history":[{"count":0,"href":"https:\/\/www.intoscana.it\/it\/wp-json\/wp\/v2\/posts\/319653\/revisions"}],"wp:featuredmedia":[{"embeddable":true,"href":"https:\/\/www.intoscana.it\/it\/wp-json\/wp\/v2\/media\/319661"}],"wp:attachment":[{"href":"https:\/\/www.intoscana.it\/it\/wp-json\/wp\/v2\/media?parent=319653"}],"wp:term":[{"taxonomy":"category","embeddable":true,"href":"https:\/\/www.intoscana.it\/it\/wp-json\/wp\/v2\/categories?post=319653"},{"taxonomy":"post_tag","embeddable":true,"href":"https:\/\/www.intoscana.it\/it\/wp-json\/wp\/v2\/tags?post=319653"}],"curies":[{"name":"wp","href":"https:\/\/api.w.org\/{rel}","templated":true}]}}