{"id":319791,"date":"2023-12-20T14:06:53","date_gmt":"2023-12-20T13:06:53","guid":{"rendered":"https:\/\/www.intoscana.it\/it\/?p=319791"},"modified":"2023-12-20T14:08:04","modified_gmt":"2023-12-20T13:08:04","slug":"cultura-a-santa-fiora-una-mostra-dedicata-a-guido-strazza-dal-23-dicembre-al-6-gennaio","status":"publish","type":"post","link":"https:\/\/www.intoscana.it\/it\/cultura-a-santa-fiora-una-mostra-dedicata-a-guido-strazza-dal-23-dicembre-al-6-gennaio\/","title":{"rendered":"A Santa Fiora una mostra dedicata all&#8217;artista amiatino Guido Strazza"},"content":{"rendered":"<p><strong>Santa Fiora<\/strong> in provincia di <strong>Grosseto<\/strong> ospita una mostra dedicata a uno dei suoi pi\u00f9 illustri concittadini: <strong>Guido Strazza, pittore e incisore<\/strong> tra i pi\u00f9 importanti nel panorama artistico italiano.<\/p>\n<p>L&#8217;esposizione dal titolo <strong><em>&#8220;\u00c8 annuncio &#8211; la cometa di luce nella notte&#8221;<\/em><\/strong> a <strong>palazzo Sforza Cesarini<\/strong> rester\u00e0 aperta a ingresso libero <strong>dal 23 dicembre fino al 6 gennaio <\/strong>e ospiter\u00e0 una recente<strong> donazione di<\/strong> 67 opere al Comune.<\/p>\n<p>A 101 anni l<strong>\u2019artista torna cos\u00ec protagonista nel borgo amiatino<\/strong> che gli ha dato i natali, con una retrospettiva che contiene opere <strong>dagli anni Cinquanta del Novecento a oggi,<\/strong> che ripercorrono i temi principali del <strong>percorso creativo<\/strong> <strong>del maestro<\/strong> e della sua ricerca sul segno, sul rapporto del segno con la luce e il colore.<\/p>\n<p>Sar\u00e0 <strong>un caleidoscopio riassuntivo dei cicli<\/strong> che hanno determinato i passaggi concatenati dell\u2019intera produzione di <strong>Guido Strazza<\/strong>, con una selezione determinata, per l\u2019occasione, per evidenziare creazioni in cui la<strong> natura sovrannaturale e la natura terrena<\/strong> sono in dialogo.<\/p>\n<p>In mostra anche una scena tridimensionale di grande suggestione <strong><em>&#8220;Luce nella notte&#8221;<\/em> <\/strong>costituisce il centro della mostra: la <strong>Nativit\u00e0, l\u2019annuncio della cometa<\/strong>, le orme di chi la segue, i Magi in arrivo.<\/p>\n<p><em>\u201cUna mostra \u2013 <\/em><strong>commenta il presidente della Regione Toscana Eugenio Giani &#8211;<\/strong><em> dedicata ad uno dei pi\u00f9 grandi artisti ancora viventi, alla sua visione del mondo raccontata attraverso veri e propri capolavori. Un doveroso tributo, proprio nel paese in cui \u00e8 nato, ad una carriera lunga e produttiva. Questa donazione, cos\u00ec come altre fatte nel corso del tempo, punta proprio a tenerne viva l\u2019immagine e l\u2019opera, fonte di fonte di ispirazione per molti\u201d.<\/em><\/p>\n<p><em>\u201cGrazie alla generosit\u00e0 del maestro \u2013<\/em> spiega il sindaco di Santa Fiora, Federico Balocchi <em>&#8211; il nostro territorio custodir\u00e0 la collezione pi\u00f9 importante dell\u2019arte di Guido Strazza, fra tutti i prestigiosi Musei di tutto il mondo: 67 opere tra dipinti, disegni e incisioni, rappresentative della sua produzione artistica dagli anni \u201940 del Novecento fino al primo ventennio degli anni 2000. Alcune delle opere donate fanno parte di questa mostra, che d\u00e0 lustro a Santa Fiora e rappresenta un importante richiamo culturale durante le festivit\u00e0 natalizie. La mostra sar\u00e0 quindi una prima anticipazione dei contenuti dell\u2019intera collezione donata da Guido Strazza al Comune di Santa Fiora, che sar\u00e0 successivamente esposta, in modo permanente, nel futuro Museo, in una sezione dedicata all\u2019artista. Il centro di questa mostra \u00e8 la stupenda scultura \u2018Luce nella notte\u2019, che rappresenta il presepe, e che arricchisce ulteriormente la donazione fatta un mese fa.\u201d<\/em><\/p>\n<figure id=\"post-319793 media-319793\" class=\"align-none\"><img decoding=\"async\" src=\"https:\/\/www.intoscana.it\/wp-content\/uploads\/Guido-Strazza.webp\" alt=\"\" \/><\/figure>\n<div class=\"titleimg\"><em>Guido Strazza<\/em><\/div>\n<h3>Guido Strazza<\/h3>\n<p><strong>Guido Strazza<\/strong> \u00e8 nato Bagnore, frazione di <strong>Santa Fiora,<\/strong> il<strong> 21 dicembre del 1922<\/strong> ed \u00e8 sempre rimasto sentimentalmente legato alla sua terra d&#8217;origine, pur avendo avuto una vita piena e ricca di esperienze che lo hanno portato a <strong>girare il mondo.<\/strong><\/p>\n<p>A soli 20 anni, nel 1942, entra nel<strong> circolo dei Futuristi italiani<\/strong> e sotto la guida del maestro e amico <strong>Filippo Tommaso Marinetti<\/strong> espone in diverse mostre di aeropittura e alla <strong>Biennale di Venezia.<\/strong><\/p>\n<p><strong>Laureatosi in ingegneria a Roma<\/strong> nel 1946, due anni dopo decide di abbandonare la professione per dedicarsi completamente alla pittura. Viaggia in <strong>Cile, Brasile e Per\u00f9<\/strong> dove sviluppa un vasto interesse per l\u2019arte preincaica.<\/p>\n<p>A<strong> Rio de Janeiro,<\/strong> nello studio di <strong>Fayga Ostrower<\/strong> inizia a praticare l\u2019incisione. Torna in Italia nel 1954 vivendo un periodo di grande fermento creativo tra Milano e Venezia.<\/p>\n<p><strong>Nel 1964 si trasferisce a Roma<\/strong> dove frequenta l\u2019ambiente della calcografia nazionale, dedicandosi all\u2019incisione, esperienza altrettanto proficua, che lo porta alla <strong>Biennale di Venezia nel 1968.<\/strong> Innumerevoli sono le esposizioni organizzate nella sua vita e molti i riconoscimenti che ha ottenuto nel corso della sua carriera.<\/p>\n<p><strong>Ha insegnato<\/strong> alla Calcografia Nazionale, all&#8217;Accademia di Belle Arti de L&#8217;Aquila, alla Wesleyan University, Conn. USA, all&#8217;Universit\u00e0 di Siena e all&#8217;Accademia di Belle Arti di Roma, della quale \u00e8 stato direttore. \u00c8 membro della Koninglijke Vlaamse Accademie van Belgie, Bruxelles e dell&#8217;Istituto Nazionale di Studi Romani. <strong>Membro dell&#8217;Accademia Nazionale di San Luca dal 1997,<\/strong> \u00e8 stato eletto Presidente nel biennio 2011-2012.<\/p>\n<p>Nel 2014 gli \u00e8 stato conferito anche il <strong>Premio De Sica per le arti visive<\/strong> e nel 2015 il Comune di Santa Fiora gli ha assegnato il <strong>Provisino d\u2019oro<\/strong>, massima onorificenza civica.<\/p>\n<p>Le sue opere si trovano, fra i tanti musei e gallerie, ai Musei Vaticani, agli Uffizi, al British Museum di Londra, al Ludwig di Colonia, allo Stedelijk di Amsterdam, alla Galleria Nazionale d\u2019Arte Moderna, all\u2019Accademia dei Lincei e all\u2019Accademia di San Luca.<\/p>\n<p>Nel 2023, nell\u2019ambito delle celebrazioni per i 50 anni della Collezione d\u2019Arte Moderna e Contemporanea dei Musei Vaticani, \u00e8 stato esposto nella Pinacoteca Vaticana il suo dipinto <strong><em>\u201cGrande Aura\u201d.<\/em><\/strong><\/p>\n<figure id=\"post-319792 media-319792\" class=\"align-none\"><img decoding=\"async\" src=\"https:\/\/www.intoscana.it\/wp-content\/uploads\/07anchequestastrazza.jpg\" alt=\"\" \/><\/figure>\n<div class=\"titleimg\">Guido Strazza<\/div>\n","protected":false},"excerpt":{"rendered":"<p>Dal 23 dicembre fino al 6 gennaio Palazzo Sforza Cesarini ospiter\u00e0 una recente donazione di 67 opere al Comune <\/p>\n","protected":false},"author":525,"featured_media":319804,"comment_status":"open","ping_status":"open","sticky":false,"template":"","format":"standard","meta":{"_acf_changed":false,"footnotes":""},"categories":[493],"tags":[222,151],"class_list":["post-319791","post","type-post","status-publish","format-standard","has-post-thumbnail","hentry","category-cultura","tag-mostre","tag-regione-toscana"],"acf":[],"yoast_head":"<!-- This site is optimized with the Yoast SEO Premium plugin v24.2 (Yoast SEO v25.6) - https:\/\/yoast.com\/wordpress\/plugins\/seo\/ -->\n<title>A Santa Fiora una mostra dedicata all&#039;artista amiatino Guido Strazza - intoscana<\/title>\n<meta name=\"description\" content=\"Dal 23 dicembre fino al 6 gennaio Palazzo Sforza Cesarini ospiter\u00e0 una recente donazione di 67 opere al Comune dell&#039;artista amiatino\" \/>\n<meta name=\"robots\" content=\"index, follow, max-snippet:-1, max-image-preview:large, max-video-preview:-1\" \/>\n<link rel=\"canonical\" href=\"https:\/\/www.intoscana.it\/it\/cultura-a-santa-fiora-una-mostra-dedicata-a-guido-strazza-dal-23-dicembre-al-6-gennaio\/\" \/>\n<meta property=\"og:locale\" content=\"it_IT\" \/>\n<meta property=\"og:type\" content=\"article\" \/>\n<meta property=\"og:title\" content=\"A Santa Fiora una mostra dedicata all&#039;artista amiatino Guido Strazza\" \/>\n<meta property=\"og:description\" content=\"Dal 23 dicembre fino al 6 gennaio Palazzo Sforza Cesarini ospiter\u00e0 una recente donazione di 67 opere al Comune dell&#039;artista amiatino\" \/>\n<meta property=\"og:url\" content=\"https:\/\/www.intoscana.it\/it\/cultura-a-santa-fiora-una-mostra-dedicata-a-guido-strazza-dal-23-dicembre-al-6-gennaio\/\" \/>\n<meta property=\"og:site_name\" content=\"intoscana\" \/>\n<meta property=\"article:publisher\" content=\"https:\/\/www.facebook.com\/intoscana.it\" \/>\n<meta property=\"article:published_time\" content=\"2023-12-20T13:06:53+00:00\" \/>\n<meta property=\"article:modified_time\" content=\"2023-12-20T13:08:04+00:00\" \/>\n<meta property=\"og:image\" content=\"https:\/\/www.intoscana.it\/wp-content\/uploads\/145993-Guido_Strazza_Aura_1995_grafite_carboncino_e_pastello_su_carta_mm_580x830.jpg\" \/>\n\t<meta property=\"og:image:width\" content=\"600\" \/>\n\t<meta property=\"og:image:height\" content=\"450\" \/>\n\t<meta property=\"og:image:type\" content=\"image\/jpeg\" \/>\n<meta name=\"author\" content=\"Redazione\" \/>\n<meta name=\"twitter:card\" content=\"summary_large_image\" \/>\n<meta name=\"twitter:creator\" content=\"@intoscana\" \/>\n<meta name=\"twitter:site\" content=\"@intoscana\" \/>\n<meta name=\"twitter:label1\" content=\"Written by\" \/>\n\t<meta name=\"twitter:data1\" content=\"Redazione\" \/>\n\t<meta name=\"twitter:label2\" content=\"Est. reading time\" \/>\n\t<meta name=\"twitter:data2\" content=\"4 minuti\" \/>\n<script type=\"application\/ld+json\" class=\"yoast-schema-graph\">{\"@context\":\"https:\/\/schema.org\",\"@graph\":[{\"@type\":\"WebPage\",\"@id\":\"https:\/\/www.intoscana.it\/it\/cultura-a-santa-fiora-una-mostra-dedicata-a-guido-strazza-dal-23-dicembre-al-6-gennaio\/\",\"url\":\"https:\/\/www.intoscana.it\/it\/cultura-a-santa-fiora-una-mostra-dedicata-a-guido-strazza-dal-23-dicembre-al-6-gennaio\/\",\"name\":\"A Santa Fiora una mostra dedicata all'artista amiatino Guido Strazza - intoscana\",\"isPartOf\":{\"@id\":\"https:\/\/www.intoscana.it\/it\/#website\"},\"primaryImageOfPage\":{\"@id\":\"https:\/\/www.intoscana.it\/it\/cultura-a-santa-fiora-una-mostra-dedicata-a-guido-strazza-dal-23-dicembre-al-6-gennaio\/#primaryimage\"},\"image\":{\"@id\":\"https:\/\/www.intoscana.it\/it\/cultura-a-santa-fiora-una-mostra-dedicata-a-guido-strazza-dal-23-dicembre-al-6-gennaio\/#primaryimage\"},\"thumbnailUrl\":\"https:\/\/www.intoscana.it\/wp-content\/uploads\/145993-Guido_Strazza_Aura_1995_grafite_carboncino_e_pastello_su_carta_mm_580x830.jpg\",\"datePublished\":\"2023-12-20T13:06:53+00:00\",\"dateModified\":\"2023-12-20T13:08:04+00:00\",\"author\":{\"@id\":\"https:\/\/www.intoscana.it\/it\/#\/schema\/person\/9223810753230f20bd670fdd322661f8\"},\"description\":\"Dal 23 dicembre fino al 6 gennaio Palazzo Sforza Cesarini ospiter\u00e0 una recente donazione di 67 opere al Comune dell'artista amiatino\",\"breadcrumb\":{\"@id\":\"https:\/\/www.intoscana.it\/it\/cultura-a-santa-fiora-una-mostra-dedicata-a-guido-strazza-dal-23-dicembre-al-6-gennaio\/#breadcrumb\"},\"inLanguage\":\"it-IT\",\"potentialAction\":[{\"@type\":\"ReadAction\",\"target\":[\"https:\/\/www.intoscana.it\/it\/cultura-a-santa-fiora-una-mostra-dedicata-a-guido-strazza-dal-23-dicembre-al-6-gennaio\/\"]}]},{\"@type\":\"ImageObject\",\"inLanguage\":\"it-IT\",\"@id\":\"https:\/\/www.intoscana.it\/it\/cultura-a-santa-fiora-una-mostra-dedicata-a-guido-strazza-dal-23-dicembre-al-6-gennaio\/#primaryimage\",\"url\":\"https:\/\/www.intoscana.it\/wp-content\/uploads\/145993-Guido_Strazza_Aura_1995_grafite_carboncino_e_pastello_su_carta_mm_580x830.jpg\",\"contentUrl\":\"https:\/\/www.intoscana.it\/wp-content\/uploads\/145993-Guido_Strazza_Aura_1995_grafite_carboncino_e_pastello_su_carta_mm_580x830.jpg\",\"width\":600,\"height\":450,\"caption\":\"Guido Strazza, Aura, 1995, grafite, carboncino e pastello su carta, mm. 580x830\"},{\"@type\":\"BreadcrumbList\",\"@id\":\"https:\/\/www.intoscana.it\/it\/cultura-a-santa-fiora-una-mostra-dedicata-a-guido-strazza-dal-23-dicembre-al-6-gennaio\/#breadcrumb\",\"itemListElement\":[{\"@type\":\"ListItem\",\"position\":1,\"name\":\"Home\",\"item\":\"https:\/\/www.intoscana.it\/it\/\"},{\"@type\":\"ListItem\",\"position\":2,\"name\":\"A Santa Fiora una mostra dedicata all&#8217;artista amiatino Guido Strazza\"}]},{\"@type\":\"WebSite\",\"@id\":\"https:\/\/www.intoscana.it\/it\/#website\",\"url\":\"https:\/\/www.intoscana.it\/it\/\",\"name\":\"intoscana\",\"description\":\"\",\"potentialAction\":[{\"@type\":\"SearchAction\",\"target\":{\"@type\":\"EntryPoint\",\"urlTemplate\":\"https:\/\/www.intoscana.it\/it\/?s={search_term_string}\"},\"query-input\":{\"@type\":\"PropertyValueSpecification\",\"valueRequired\":true,\"valueName\":\"search_term_string\"}}],\"inLanguage\":\"it-IT\"},{\"@type\":\"Person\",\"@id\":\"https:\/\/www.intoscana.it\/it\/#\/schema\/person\/9223810753230f20bd670fdd322661f8\",\"name\":\"Redazione\",\"url\":\"https:\/\/www.intoscana.it\/it\/author\/redazione\/\"}]}<\/script>\n<!-- \/ Yoast SEO Premium plugin. -->","yoast_head_json":{"title":"A Santa Fiora una mostra dedicata all'artista amiatino Guido Strazza - intoscana","description":"Dal 23 dicembre fino al 6 gennaio Palazzo Sforza Cesarini ospiter\u00e0 una recente donazione di 67 opere al Comune dell'artista amiatino","robots":{"index":"index","follow":"follow","max-snippet":"max-snippet:-1","max-image-preview":"max-image-preview:large","max-video-preview":"max-video-preview:-1"},"canonical":"https:\/\/www.intoscana.it\/it\/cultura-a-santa-fiora-una-mostra-dedicata-a-guido-strazza-dal-23-dicembre-al-6-gennaio\/","og_locale":"it_IT","og_type":"article","og_title":"A Santa Fiora una mostra dedicata all'artista amiatino Guido Strazza","og_description":"Dal 23 dicembre fino al 6 gennaio Palazzo Sforza Cesarini ospiter\u00e0 una recente donazione di 67 opere al Comune dell'artista amiatino","og_url":"https:\/\/www.intoscana.it\/it\/cultura-a-santa-fiora-una-mostra-dedicata-a-guido-strazza-dal-23-dicembre-al-6-gennaio\/","og_site_name":"intoscana","article_publisher":"https:\/\/www.facebook.com\/intoscana.it","article_published_time":"2023-12-20T13:06:53+00:00","article_modified_time":"2023-12-20T13:08:04+00:00","og_image":[{"width":600,"height":450,"url":"https:\/\/www.intoscana.it\/wp-content\/uploads\/145993-Guido_Strazza_Aura_1995_grafite_carboncino_e_pastello_su_carta_mm_580x830.jpg","type":"image\/jpeg"}],"author":"Redazione","twitter_card":"summary_large_image","twitter_creator":"@intoscana","twitter_site":"@intoscana","twitter_misc":{"Written by":"Redazione","Est. reading time":"4 minuti"},"schema":{"@context":"https:\/\/schema.org","@graph":[{"@type":"WebPage","@id":"https:\/\/www.intoscana.it\/it\/cultura-a-santa-fiora-una-mostra-dedicata-a-guido-strazza-dal-23-dicembre-al-6-gennaio\/","url":"https:\/\/www.intoscana.it\/it\/cultura-a-santa-fiora-una-mostra-dedicata-a-guido-strazza-dal-23-dicembre-al-6-gennaio\/","name":"A Santa Fiora una mostra dedicata all'artista amiatino Guido Strazza - intoscana","isPartOf":{"@id":"https:\/\/www.intoscana.it\/it\/#website"},"primaryImageOfPage":{"@id":"https:\/\/www.intoscana.it\/it\/cultura-a-santa-fiora-una-mostra-dedicata-a-guido-strazza-dal-23-dicembre-al-6-gennaio\/#primaryimage"},"image":{"@id":"https:\/\/www.intoscana.it\/it\/cultura-a-santa-fiora-una-mostra-dedicata-a-guido-strazza-dal-23-dicembre-al-6-gennaio\/#primaryimage"},"thumbnailUrl":"https:\/\/www.intoscana.it\/wp-content\/uploads\/145993-Guido_Strazza_Aura_1995_grafite_carboncino_e_pastello_su_carta_mm_580x830.jpg","datePublished":"2023-12-20T13:06:53+00:00","dateModified":"2023-12-20T13:08:04+00:00","author":{"@id":"https:\/\/www.intoscana.it\/it\/#\/schema\/person\/9223810753230f20bd670fdd322661f8"},"description":"Dal 23 dicembre fino al 6 gennaio Palazzo Sforza Cesarini ospiter\u00e0 una recente donazione di 67 opere al Comune dell'artista amiatino","breadcrumb":{"@id":"https:\/\/www.intoscana.it\/it\/cultura-a-santa-fiora-una-mostra-dedicata-a-guido-strazza-dal-23-dicembre-al-6-gennaio\/#breadcrumb"},"inLanguage":"it-IT","potentialAction":[{"@type":"ReadAction","target":["https:\/\/www.intoscana.it\/it\/cultura-a-santa-fiora-una-mostra-dedicata-a-guido-strazza-dal-23-dicembre-al-6-gennaio\/"]}]},{"@type":"ImageObject","inLanguage":"it-IT","@id":"https:\/\/www.intoscana.it\/it\/cultura-a-santa-fiora-una-mostra-dedicata-a-guido-strazza-dal-23-dicembre-al-6-gennaio\/#primaryimage","url":"https:\/\/www.intoscana.it\/wp-content\/uploads\/145993-Guido_Strazza_Aura_1995_grafite_carboncino_e_pastello_su_carta_mm_580x830.jpg","contentUrl":"https:\/\/www.intoscana.it\/wp-content\/uploads\/145993-Guido_Strazza_Aura_1995_grafite_carboncino_e_pastello_su_carta_mm_580x830.jpg","width":600,"height":450,"caption":"Guido Strazza, Aura, 1995, grafite, carboncino e pastello su carta, mm. 580x830"},{"@type":"BreadcrumbList","@id":"https:\/\/www.intoscana.it\/it\/cultura-a-santa-fiora-una-mostra-dedicata-a-guido-strazza-dal-23-dicembre-al-6-gennaio\/#breadcrumb","itemListElement":[{"@type":"ListItem","position":1,"name":"Home","item":"https:\/\/www.intoscana.it\/it\/"},{"@type":"ListItem","position":2,"name":"A Santa Fiora una mostra dedicata all&#8217;artista amiatino Guido Strazza"}]},{"@type":"WebSite","@id":"https:\/\/www.intoscana.it\/it\/#website","url":"https:\/\/www.intoscana.it\/it\/","name":"intoscana","description":"","potentialAction":[{"@type":"SearchAction","target":{"@type":"EntryPoint","urlTemplate":"https:\/\/www.intoscana.it\/it\/?s={search_term_string}"},"query-input":{"@type":"PropertyValueSpecification","valueRequired":true,"valueName":"search_term_string"}}],"inLanguage":"it-IT"},{"@type":"Person","@id":"https:\/\/www.intoscana.it\/it\/#\/schema\/person\/9223810753230f20bd670fdd322661f8","name":"Redazione","url":"https:\/\/www.intoscana.it\/it\/author\/redazione\/"}]}},"_links":{"self":[{"href":"https:\/\/www.intoscana.it\/it\/wp-json\/wp\/v2\/posts\/319791","targetHints":{"allow":["GET"]}}],"collection":[{"href":"https:\/\/www.intoscana.it\/it\/wp-json\/wp\/v2\/posts"}],"about":[{"href":"https:\/\/www.intoscana.it\/it\/wp-json\/wp\/v2\/types\/post"}],"author":[{"embeddable":true,"href":"https:\/\/www.intoscana.it\/it\/wp-json\/wp\/v2\/users\/525"}],"replies":[{"embeddable":true,"href":"https:\/\/www.intoscana.it\/it\/wp-json\/wp\/v2\/comments?post=319791"}],"version-history":[{"count":0,"href":"https:\/\/www.intoscana.it\/it\/wp-json\/wp\/v2\/posts\/319791\/revisions"}],"wp:featuredmedia":[{"embeddable":true,"href":"https:\/\/www.intoscana.it\/it\/wp-json\/wp\/v2\/media\/319804"}],"wp:attachment":[{"href":"https:\/\/www.intoscana.it\/it\/wp-json\/wp\/v2\/media?parent=319791"}],"wp:term":[{"taxonomy":"category","embeddable":true,"href":"https:\/\/www.intoscana.it\/it\/wp-json\/wp\/v2\/categories?post=319791"},{"taxonomy":"post_tag","embeddable":true,"href":"https:\/\/www.intoscana.it\/it\/wp-json\/wp\/v2\/tags?post=319791"}],"curies":[{"name":"wp","href":"https:\/\/api.w.org\/{rel}","templated":true}]}}