{"id":319795,"date":"2023-12-20T14:56:09","date_gmt":"2023-12-20T13:56:09","guid":{"rendered":"https:\/\/www.intoscana.it\/it\/?p=319795"},"modified":"2023-12-20T14:56:09","modified_gmt":"2023-12-20T13:56:09","slug":"rigenerazione-urbana-la-seconda-vita-dei-giardini-del-piazzone","status":"publish","type":"post","link":"https:\/\/www.intoscana.it\/it\/rigenerazione-urbana-la-seconda-vita-dei-giardini-del-piazzone\/","title":{"rendered":"Rigenerazione urbana, la seconda vita dei giardini del Piazzone"},"content":{"rendered":"<p>Un <strong>giardino botanico delle Crete Senesi<\/strong>, un&#8217;area dedicata alla <strong>lettura<\/strong>, perfino il <strong>palco della musica<\/strong> per i concerti domenicali della banda: sono alcuni dei progetti nel futuro ormai prossimo del Piazzone. <strong>Piazzale della Repubblica-area Giardini del Piazzone<\/strong> esistente gi\u00e0 dai primi del Novecento a <strong>Rapolano Terme<\/strong>.<\/p>\n<p>Oggi rinasce grazie al bando della <strong>rigenerazione urbana della Regione Toscana<\/strong>. \u00c8 stato nel corso degli anni destinato all&#8217;esposizione del bestiame e poi ad area verde del centro senese. Fino al degrado degli ultimi anni e oggi, dopo aver toccato il fondo, la rinascita.<\/p>\n<p>&#8220;<em>Per la riqualificazione urbana<\/em> &#8211; spiega il sindaco di Rapolano Terme <strong>Alessandro Starnini<\/strong> &#8211; <em>abbiamo ripensato un luogo identitario. Nei giardini sono presenti piante importanti, ad esempio lecci molto antichi. Storicamente ha ospitato pure uno spazio giochi. Negli ultimi anni aveva subito il degrado sia fisico che progressivamente sociale, con una frequentazione non bella&#8221;.<\/em><\/p>\n<p>Si arriva quindi alla<strong> riqualificazione generale<\/strong>: una parte del Piazzone sar\u00e0 dedicata a <strong>giardino botanico delle Crete Senesi<\/strong>. Un progetto scientifico con la scelta di <strong>essenze botaniche<\/strong> proprie dei territori e la realizzazione di un <strong>percorso per gli studenti<\/strong> delle scuole. Un sistema idraulico di raccolta delle acque andr\u00e0 a garantire la <strong>sostenibilit\u00e0 idrica<\/strong>.<\/p>\n<p>L&#8217;area torner\u00e0 inoltre a essere un luogo destinato alla<strong> socialit\u00e0<\/strong>, gestito da <strong>cittadini attivi e volontari<\/strong> anche stranieri. &#8220;<em>Una galleria fotografica a cielo aperto, uno spazio destinato alle esposizioni&#8221;<\/em> puntualizza il sindaco. Una rigenerazione urbana che passa dal patto con i cittadini.<\/p>\n<p>&#8220;<em>Spazio infine dedicato alla lettura in collaborazione con l&#8217;associazione locale Tv Spenta, mentre l&#8217;associazione filarmonicodrammatica gestir\u00e0 e valorizzer\u00e0 il palco della musica come gi\u00e0 accadeva agli inizi del Novecento&#8221;<\/em> conclude il sindaco di Rapolano Terme.<\/p>\n","protected":false},"excerpt":{"rendered":"<p>A Rapolano Terme un giardino botanico delle Crete Senesi, un&#8217;area dedicata alla lettura e\u00a0perfino il palco della musica per i concerti domenicali della banda<\/p>\n","protected":false},"author":554,"featured_media":319802,"comment_status":"open","ping_status":"open","sticky":false,"template":"","format":"standard","meta":{"_acf_changed":false,"footnotes":""},"categories":[19],"tags":[151,5290],"class_list":["post-319795","post","type-post","status-publish","format-standard","has-post-thumbnail","hentry","category-ambiente","tag-regione-toscana","tag-rigenerazione-urbana"],"acf":[],"yoast_head":"<!-- This site is optimized with the Yoast SEO Premium plugin v24.2 (Yoast SEO v25.6) - https:\/\/yoast.com\/wordpress\/plugins\/seo\/ -->\n<title>Rigenerazione urbana, la seconda vita dei giardini del Piazzone - intoscana<\/title>\n<meta name=\"description\" content=\"A Rapolano Terme un giardino botanico delle Crete Senesi, un&#039;area dedicata alla lettura e\u00a0perfino il palco della musica per la banda\" \/>\n<meta name=\"robots\" content=\"index, follow, max-snippet:-1, max-image-preview:large, max-video-preview:-1\" \/>\n<link rel=\"canonical\" href=\"https:\/\/www.intoscana.it\/it\/rigenerazione-urbana-la-seconda-vita-dei-giardini-del-piazzone\/\" \/>\n<meta property=\"og:locale\" content=\"it_IT\" \/>\n<meta property=\"og:type\" content=\"article\" \/>\n<meta property=\"og:title\" content=\"Rigenerazione urbana, la seconda vita dei giardini del Piazzone\" \/>\n<meta property=\"og:description\" content=\"A Rapolano Terme un giardino botanico delle Crete Senesi, un&#039;area dedicata alla lettura e\u00a0perfino il palco della musica per la banda\" \/>\n<meta property=\"og:url\" content=\"https:\/\/www.intoscana.it\/it\/rigenerazione-urbana-la-seconda-vita-dei-giardini-del-piazzone\/\" \/>\n<meta property=\"og:site_name\" content=\"intoscana\" \/>\n<meta property=\"article:publisher\" content=\"https:\/\/www.facebook.com\/intoscana.it\" \/>\n<meta property=\"article:published_time\" content=\"2023-12-20T13:56:09+00:00\" \/>\n<meta property=\"og:image\" content=\"https:\/\/www.intoscana.it\/wp-content\/uploads\/I-giardini-del-Piazzone-\u00a9-Comune-di-Rapolano-Terme.jpeg\" \/>\n\t<meta property=\"og:image:width\" content=\"800\" \/>\n\t<meta property=\"og:image:height\" content=\"533\" \/>\n\t<meta property=\"og:image:type\" content=\"image\/jpeg\" \/>\n<meta name=\"author\" content=\"Raffaella Galamini\" \/>\n<meta name=\"twitter:card\" content=\"summary_large_image\" \/>\n<meta name=\"twitter:creator\" content=\"@orio\" \/>\n<meta name=\"twitter:site\" content=\"@intoscana\" \/>\n<meta name=\"twitter:label1\" content=\"Written by\" \/>\n\t<meta name=\"twitter:data1\" content=\"Raffaella Galamini\" \/>\n\t<meta name=\"twitter:label2\" content=\"Est. reading time\" \/>\n\t<meta name=\"twitter:data2\" content=\"1 minuto\" \/>\n<script type=\"application\/ld+json\" class=\"yoast-schema-graph\">{\"@context\":\"https:\/\/schema.org\",\"@graph\":[{\"@type\":\"WebPage\",\"@id\":\"https:\/\/www.intoscana.it\/it\/rigenerazione-urbana-la-seconda-vita-dei-giardini-del-piazzone\/\",\"url\":\"https:\/\/www.intoscana.it\/it\/rigenerazione-urbana-la-seconda-vita-dei-giardini-del-piazzone\/\",\"name\":\"Rigenerazione urbana, la seconda vita dei giardini del Piazzone - intoscana\",\"isPartOf\":{\"@id\":\"https:\/\/www.intoscana.it\/it\/#website\"},\"primaryImageOfPage\":{\"@id\":\"https:\/\/www.intoscana.it\/it\/rigenerazione-urbana-la-seconda-vita-dei-giardini-del-piazzone\/#primaryimage\"},\"image\":{\"@id\":\"https:\/\/www.intoscana.it\/it\/rigenerazione-urbana-la-seconda-vita-dei-giardini-del-piazzone\/#primaryimage\"},\"thumbnailUrl\":\"https:\/\/www.intoscana.it\/wp-content\/uploads\/I-giardini-del-Piazzone-\u00a9-Comune-di-Rapolano-Terme.jpeg\",\"datePublished\":\"2023-12-20T13:56:09+00:00\",\"author\":{\"@id\":\"https:\/\/www.intoscana.it\/it\/#\/schema\/person\/9eb9daa846a49fe51af39a73d9d1986b\"},\"description\":\"A Rapolano Terme un giardino botanico delle Crete Senesi, un'area dedicata alla lettura e\u00a0perfino il palco della musica per la banda\",\"breadcrumb\":{\"@id\":\"https:\/\/www.intoscana.it\/it\/rigenerazione-urbana-la-seconda-vita-dei-giardini-del-piazzone\/#breadcrumb\"},\"inLanguage\":\"it-IT\",\"potentialAction\":[{\"@type\":\"ReadAction\",\"target\":[\"https:\/\/www.intoscana.it\/it\/rigenerazione-urbana-la-seconda-vita-dei-giardini-del-piazzone\/\"]}]},{\"@type\":\"ImageObject\",\"inLanguage\":\"it-IT\",\"@id\":\"https:\/\/www.intoscana.it\/it\/rigenerazione-urbana-la-seconda-vita-dei-giardini-del-piazzone\/#primaryimage\",\"url\":\"https:\/\/www.intoscana.it\/wp-content\/uploads\/I-giardini-del-Piazzone-\u00a9-Comune-di-Rapolano-Terme.jpeg\",\"contentUrl\":\"https:\/\/www.intoscana.it\/wp-content\/uploads\/I-giardini-del-Piazzone-\u00a9-Comune-di-Rapolano-Terme.jpeg\",\"width\":800,\"height\":533},{\"@type\":\"BreadcrumbList\",\"@id\":\"https:\/\/www.intoscana.it\/it\/rigenerazione-urbana-la-seconda-vita-dei-giardini-del-piazzone\/#breadcrumb\",\"itemListElement\":[{\"@type\":\"ListItem\",\"position\":1,\"name\":\"Home\",\"item\":\"https:\/\/www.intoscana.it\/it\/\"},{\"@type\":\"ListItem\",\"position\":2,\"name\":\"Rigenerazione urbana, la seconda vita dei giardini del Piazzone\"}]},{\"@type\":\"WebSite\",\"@id\":\"https:\/\/www.intoscana.it\/it\/#website\",\"url\":\"https:\/\/www.intoscana.it\/it\/\",\"name\":\"intoscana\",\"description\":\"\",\"potentialAction\":[{\"@type\":\"SearchAction\",\"target\":{\"@type\":\"EntryPoint\",\"urlTemplate\":\"https:\/\/www.intoscana.it\/it\/?s={search_term_string}\"},\"query-input\":{\"@type\":\"PropertyValueSpecification\",\"valueRequired\":true,\"valueName\":\"search_term_string\"}}],\"inLanguage\":\"it-IT\"},{\"@type\":\"Person\",\"@id\":\"https:\/\/www.intoscana.it\/it\/#\/schema\/person\/9eb9daa846a49fe51af39a73d9d1986b\",\"name\":\"Raffaella Galamini\",\"sameAs\":[\"https:\/\/x.com\/orio\"],\"url\":\"https:\/\/www.intoscana.it\/it\/author\/r-galamini\/\"}]}<\/script>\n<!-- \/ Yoast SEO Premium plugin. -->","yoast_head_json":{"title":"Rigenerazione urbana, la seconda vita dei giardini del Piazzone - intoscana","description":"A Rapolano Terme un giardino botanico delle Crete Senesi, un'area dedicata alla lettura e\u00a0perfino il palco della musica per la banda","robots":{"index":"index","follow":"follow","max-snippet":"max-snippet:-1","max-image-preview":"max-image-preview:large","max-video-preview":"max-video-preview:-1"},"canonical":"https:\/\/www.intoscana.it\/it\/rigenerazione-urbana-la-seconda-vita-dei-giardini-del-piazzone\/","og_locale":"it_IT","og_type":"article","og_title":"Rigenerazione urbana, la seconda vita dei giardini del Piazzone","og_description":"A Rapolano Terme un giardino botanico delle Crete Senesi, un'area dedicata alla lettura e\u00a0perfino il palco della musica per la banda","og_url":"https:\/\/www.intoscana.it\/it\/rigenerazione-urbana-la-seconda-vita-dei-giardini-del-piazzone\/","og_site_name":"intoscana","article_publisher":"https:\/\/www.facebook.com\/intoscana.it","article_published_time":"2023-12-20T13:56:09+00:00","og_image":[{"width":800,"height":533,"url":"https:\/\/www.intoscana.it\/wp-content\/uploads\/I-giardini-del-Piazzone-\u00a9-Comune-di-Rapolano-Terme.jpeg","type":"image\/jpeg"}],"author":"Raffaella Galamini","twitter_card":"summary_large_image","twitter_creator":"@orio","twitter_site":"@intoscana","twitter_misc":{"Written by":"Raffaella Galamini","Est. reading time":"1 minuto"},"schema":{"@context":"https:\/\/schema.org","@graph":[{"@type":"WebPage","@id":"https:\/\/www.intoscana.it\/it\/rigenerazione-urbana-la-seconda-vita-dei-giardini-del-piazzone\/","url":"https:\/\/www.intoscana.it\/it\/rigenerazione-urbana-la-seconda-vita-dei-giardini-del-piazzone\/","name":"Rigenerazione urbana, la seconda vita dei giardini del Piazzone - intoscana","isPartOf":{"@id":"https:\/\/www.intoscana.it\/it\/#website"},"primaryImageOfPage":{"@id":"https:\/\/www.intoscana.it\/it\/rigenerazione-urbana-la-seconda-vita-dei-giardini-del-piazzone\/#primaryimage"},"image":{"@id":"https:\/\/www.intoscana.it\/it\/rigenerazione-urbana-la-seconda-vita-dei-giardini-del-piazzone\/#primaryimage"},"thumbnailUrl":"https:\/\/www.intoscana.it\/wp-content\/uploads\/I-giardini-del-Piazzone-\u00a9-Comune-di-Rapolano-Terme.jpeg","datePublished":"2023-12-20T13:56:09+00:00","author":{"@id":"https:\/\/www.intoscana.it\/it\/#\/schema\/person\/9eb9daa846a49fe51af39a73d9d1986b"},"description":"A Rapolano Terme un giardino botanico delle Crete Senesi, un'area dedicata alla lettura e\u00a0perfino il palco della musica per la banda","breadcrumb":{"@id":"https:\/\/www.intoscana.it\/it\/rigenerazione-urbana-la-seconda-vita-dei-giardini-del-piazzone\/#breadcrumb"},"inLanguage":"it-IT","potentialAction":[{"@type":"ReadAction","target":["https:\/\/www.intoscana.it\/it\/rigenerazione-urbana-la-seconda-vita-dei-giardini-del-piazzone\/"]}]},{"@type":"ImageObject","inLanguage":"it-IT","@id":"https:\/\/www.intoscana.it\/it\/rigenerazione-urbana-la-seconda-vita-dei-giardini-del-piazzone\/#primaryimage","url":"https:\/\/www.intoscana.it\/wp-content\/uploads\/I-giardini-del-Piazzone-\u00a9-Comune-di-Rapolano-Terme.jpeg","contentUrl":"https:\/\/www.intoscana.it\/wp-content\/uploads\/I-giardini-del-Piazzone-\u00a9-Comune-di-Rapolano-Terme.jpeg","width":800,"height":533},{"@type":"BreadcrumbList","@id":"https:\/\/www.intoscana.it\/it\/rigenerazione-urbana-la-seconda-vita-dei-giardini-del-piazzone\/#breadcrumb","itemListElement":[{"@type":"ListItem","position":1,"name":"Home","item":"https:\/\/www.intoscana.it\/it\/"},{"@type":"ListItem","position":2,"name":"Rigenerazione urbana, la seconda vita dei giardini del Piazzone"}]},{"@type":"WebSite","@id":"https:\/\/www.intoscana.it\/it\/#website","url":"https:\/\/www.intoscana.it\/it\/","name":"intoscana","description":"","potentialAction":[{"@type":"SearchAction","target":{"@type":"EntryPoint","urlTemplate":"https:\/\/www.intoscana.it\/it\/?s={search_term_string}"},"query-input":{"@type":"PropertyValueSpecification","valueRequired":true,"valueName":"search_term_string"}}],"inLanguage":"it-IT"},{"@type":"Person","@id":"https:\/\/www.intoscana.it\/it\/#\/schema\/person\/9eb9daa846a49fe51af39a73d9d1986b","name":"Raffaella Galamini","sameAs":["https:\/\/x.com\/orio"],"url":"https:\/\/www.intoscana.it\/it\/author\/r-galamini\/"}]}},"_links":{"self":[{"href":"https:\/\/www.intoscana.it\/it\/wp-json\/wp\/v2\/posts\/319795","targetHints":{"allow":["GET"]}}],"collection":[{"href":"https:\/\/www.intoscana.it\/it\/wp-json\/wp\/v2\/posts"}],"about":[{"href":"https:\/\/www.intoscana.it\/it\/wp-json\/wp\/v2\/types\/post"}],"author":[{"embeddable":true,"href":"https:\/\/www.intoscana.it\/it\/wp-json\/wp\/v2\/users\/554"}],"replies":[{"embeddable":true,"href":"https:\/\/www.intoscana.it\/it\/wp-json\/wp\/v2\/comments?post=319795"}],"version-history":[{"count":0,"href":"https:\/\/www.intoscana.it\/it\/wp-json\/wp\/v2\/posts\/319795\/revisions"}],"wp:featuredmedia":[{"embeddable":true,"href":"https:\/\/www.intoscana.it\/it\/wp-json\/wp\/v2\/media\/319802"}],"wp:attachment":[{"href":"https:\/\/www.intoscana.it\/it\/wp-json\/wp\/v2\/media?parent=319795"}],"wp:term":[{"taxonomy":"category","embeddable":true,"href":"https:\/\/www.intoscana.it\/it\/wp-json\/wp\/v2\/categories?post=319795"},{"taxonomy":"post_tag","embeddable":true,"href":"https:\/\/www.intoscana.it\/it\/wp-json\/wp\/v2\/tags?post=319795"}],"curies":[{"name":"wp","href":"https:\/\/api.w.org\/{rel}","templated":true}]}}