{"id":319855,"date":"2023-12-21T13:22:03","date_gmt":"2023-12-21T12:22:03","guid":{"rendered":"https:\/\/www.intoscana.it\/it\/?p=319855"},"modified":"2023-12-21T13:47:21","modified_gmt":"2023-12-21T12:47:21","slug":"steve-mccurry-mostra-fotografie-icons-pisa-2024","status":"publish","type":"post","link":"https:\/\/www.intoscana.it\/it\/steve-mccurry-mostra-fotografie-icons-pisa-2024\/","title":{"rendered":"Guerra, poesia, dolore e gioia: a Pisa in mostra le fotografie &#8220;iconiche&#8221; di Steve McCurry"},"content":{"rendered":"<p><strong>Zaino in spalla<\/strong>, una <strong>macchina fotografica tra le mani, la voglia di viaggiare<\/strong> e<strong> una curiosit\u00e0 infinita negli occhi<\/strong>. Cos\u00ec Steve McCurry \u00e8 diventato<strong> uno dei fotografi pi\u00f9 famosi<\/strong>, conosciuti e apprezzati in tutto il mondo.<\/p>\n<p>La mostra <strong><em>\u201cSteve McCurry Icons\u201d<\/em> dal 1\u00b0 gennaio al 7 aprile<\/strong> 2024 agli <strong><a href=\"https:\/\/www.artikaeventi.com\/mccurrypisa.html\" target=\"_blank\" rel=\"noopener\">Arsenali Repubblicani<\/a> a Pisa<\/strong> ripercorre con <strong>oltre 70 fotografie<\/strong> il meglio della vasta produzione del grande fotografo statunitense.<\/p>\n<p><strong>Steve McCurry<\/strong> \u00e8 un punto di riferimento per un larghissimo pubblico che nelle sue fotografie riconosce <strong>un modo di guardare il nostro tempo,<\/strong> immagini che danno vita a un <strong>complesso universo di esperienze e di emozioni.<\/strong><\/p>\n<p>La mostra inizia dagli scatti, <strong>gli unici in bianco e nero, realizzati tra il 1979 e il 1980<\/strong> nel suo primo reportage in <strong>Afghanistan<\/strong>, paese in cui entr\u00f2 dopo aver attraversato il confine con il Pakistan per trascorrervi diversi mesi in abiti tradizionali insieme ai mujaheddin in <strong>conflitto contro l\u2019avanzata russa. <\/strong><\/p>\n<p>Un reportage che gli valse il premio <strong>\u201cRobert Capa\u201d Gold Medal for Best Photographic Reporting from Abroad,<\/strong> ambito riconoscimento assegnato a fotografi distintisi per l\u2019eccezionale coraggio e per le loro imprese. Quelle immagini furono tra le prime a mostrare il conflitto al mondo intero.<\/p>\n<p>L&#8217;esposizione si sviluppa <strong>tra immagini di guerra e di poesia, di sofferenza e di gioia, di stupore e di ironia.<\/strong> Il visitatore seguir\u00e0 idealmente McCurry nei suoi <strong>instancabili viaggi in giro<\/strong> per il mondo attraverso <strong>India, Birmania, Giappone, Africa fino al Brasile.<\/strong><\/p>\n<figure id=\"post-319859 media-319859\" class=\"align-none\"><img decoding=\"async\" src=\"https:\/\/www.intoscana.it\/wp-content\/uploads\/Brave-photojournalists-fotogiornalisti-coraggiosi-mumbai-mother-and-child-mccurry.jpg.webp\" alt=\"\" \/><\/figure>\n<h3>Il ritratto delle ragazza afgana Sharbat Gula<\/h3>\n<p>Il <strong><em>&#8220;Ritratto della ragazza afgana&#8221;,<\/em> <\/strong>\u00e8 forse la fotografia pi\u00f9 famosa di <strong>Steve McCurry. <\/strong>L\u2019istantanea venne <strong>scattata in Pakistan<\/strong>, vicino Peshawar e pubblicata, per la prima volta<strong>, nel 1985.<div class=\"focuson\"><a href=\"https:\/\/www.intoscana.it\/it\/articolo\/sette-mostre-magiche-da-visitare-durante-le-vacanze-di-natale\/\"><img decoding=\"async\" class=\"lazy\" src=\"https:\/\/www.intoscana.it\/wp-content\/uploads\/Alphonse-Mucha.jpg\" style=\"\">\n                <div class=\"cat\">Sette mostre imperdibili<\/div>\n                <h4>Da visitare a Natale<\/h4><\/a>\n              <\/div><\/strong><\/p>\n<p>L&#8217;immagine che McCurry scatt\u00f2 alla giovane ragazza, molti anni prima di conoscere il suo nome, \u00e8 diventata<strong> simbolo della tragedia dell\u2019Afghanistan<\/strong> e della dignit\u00e0 con cui il suo popolo ha affrontato la guerra e l\u2019esilio.<\/p>\n<p>Un\u2019immagine catturata in uno dei luoghi pi\u00f9 inospitali della terra, ovvero <strong>uno spazio per i rifugiati.<\/strong><\/p>\n<p>Rappresentando questo <strong>luogo di dolore,<\/strong> McCurry ha voluto sensibilizzare i lettori nei confronti delle atrocit\u00e0 che vi si commettono e delle condizioni precarie in cui versa una parte dell\u2019umanit\u00e0.<\/p>\n<p>Molti anni dopo <strong>nel gennaio 2002 McCurry \u00e8 riuscito a rintracciarla, <\/strong>a fotografarla nuovamente a distanza di 17 anni e a darle finalmente un nome: <strong>Sharbat Gula. <\/strong>La seconda foto fu poi pubblicata sul <strong>National Geographic <\/strong>con il titolo <em><strong>&#8220;Found&#8221;.<\/strong><\/em><\/p>\n<figure id=\"post-319961 media-319961\" class=\"align-none\"><img decoding=\"async\" src=\"https:\/\/www.intoscana.it\/wp-content\/uploads\/Steve-Mccurry-Sharbat-Gula-scaled.jpeg\" alt=\"\" \/><\/figure>\n<div class=\"titleimg\"><em>Steve Mccurry, Sharbat Gula<\/em><\/div>\n<h3>Steve McCurry: una vita per la fotografia<\/h3>\n<p>Nato nei sobborghi di <strong>Philadelphia<\/strong>, <strong>Steve McCurry<\/strong> studia cinema e storia alla <strong>Pennsylvania State University.<\/strong> Dopo molti anni come freelance, compie un viaggio in India.<\/p>\n<p>Con poco pi\u00f9 di <strong>uno zaino per i vestiti e un altro per i rullini,<\/strong> si apre la strada nel paese, esplorandolo con la sua macchina fotografica. Dopo molti mesi di viaggio, si ritrova a passare il confine con il <strong>Pakistan.<\/strong><\/p>\n<p>L\u00e0, incontra un gruppo di<strong> rifugiati dell&#8217;Afghanistan,<\/strong> che gli permettono di entrare clandestinamente nel loro paese.<\/p>\n<p>Da allora, <strong>McCurry<\/strong> ha continuato a <strong>scattare fotografie mozzafiato in tutti i sei continenti.<\/strong><\/p>\n<p>I suoi lavori raccontano di conflitti, di culture che stanno scomparendo, di <strong>tradizioni antiche e di culture contemporanee,<\/strong> ma sempre mantenendo al centro l&#8217;elemento umano.<\/p>\n<p>McCurry \u00e8 stato insignito di alcuni tra i pi\u00f9 importanti premi della fotografia, inclusa la <strong>Robert Capa Gold Medal,<\/strong> il premio della <strong>National Press Photographers<\/strong> e per quattro volte ha ricevuto il primo premio del concorso <strong>World Press Photo.<\/strong><\/p>\n<figure id=\"post-319857 media-319857\" class=\"align-none\"><img decoding=\"async\" src=\"https:\/\/www.intoscana.it\/wp-content\/uploads\/002-steve-mccurry-11.jpeg\" alt=\"\" \/><\/figure>\n","protected":false},"excerpt":{"rendered":"<p>Dal 1\u00b0 gennaio al 7 aprile 2024 la mostra \u201cSteve McCurry. Icons\u201d ripercorre con oltre 70 scatti il meglio della vasta produzione del grande fotografo statunitense<\/p>\n","protected":false},"author":518,"featured_media":319856,"comment_status":"open","ping_status":"open","sticky":false,"template":"","format":"standard","meta":{"_acf_changed":false,"footnotes":""},"categories":[493],"tags":[242,222,203],"class_list":["post-319855","post","type-post","status-publish","format-standard","has-post-thumbnail","hentry","category-cultura","tag-fotografia","tag-mostre","tag-pisa"],"acf":[],"yoast_head":"<!-- This site is optimized with the Yoast SEO Premium plugin v24.2 (Yoast SEO v25.6) - https:\/\/yoast.com\/wordpress\/plugins\/seo\/ -->\n<title>Guerra, poesia, dolore e gioia: a Pisa in mostra le fotografie &quot;iconiche&quot; di Steve McCurry - intoscana<\/title>\n<meta name=\"description\" content=\"Dal 1\u00b0 gennaio 2023 al 7 aprile 2024 la mostra \u201cSteve McCurry Icons\u201d ripercorre con oltre 70 fotografie il meglio del grande fotografo\" \/>\n<meta name=\"robots\" content=\"index, follow, max-snippet:-1, max-image-preview:large, max-video-preview:-1\" \/>\n<link rel=\"canonical\" href=\"https:\/\/www.intoscana.it\/it\/steve-mccurry-mostra-fotografie-icons-pisa-2024\/\" \/>\n<meta property=\"og:locale\" content=\"it_IT\" \/>\n<meta property=\"og:type\" content=\"article\" \/>\n<meta property=\"og:title\" content=\"Guerra, poesia, dolore e gioia: a Pisa in mostra le fotografie &quot;iconiche&quot; di Steve McCurry\" \/>\n<meta property=\"og:description\" content=\"Dal 1\u00b0 gennaio 2023 al 7 aprile 2024 la mostra \u201cSteve McCurry Icons\u201d ripercorre con oltre 70 fotografie il meglio del grande fotografo\" \/>\n<meta property=\"og:url\" content=\"https:\/\/www.intoscana.it\/it\/steve-mccurry-mostra-fotografie-icons-pisa-2024\/\" \/>\n<meta property=\"og:site_name\" content=\"intoscana\" \/>\n<meta property=\"article:publisher\" content=\"https:\/\/www.facebook.com\/intoscana.it\" \/>\n<meta property=\"article:published_time\" content=\"2023-12-21T12:22:03+00:00\" \/>\n<meta property=\"article:modified_time\" content=\"2023-12-21T12:47:21+00:00\" \/>\n<meta property=\"og:image\" content=\"https:\/\/www.intoscana.it\/wp-content\/uploads\/mostra-steve-mccurry-firenze-940x628-1.jpeg\" \/>\n\t<meta property=\"og:image:width\" content=\"940\" \/>\n\t<meta property=\"og:image:height\" content=\"628\" \/>\n\t<meta property=\"og:image:type\" content=\"image\/jpeg\" \/>\n<meta name=\"author\" content=\"Costanza Baldini\" \/>\n<meta name=\"twitter:card\" content=\"summary_large_image\" \/>\n<meta name=\"twitter:creator\" content=\"@intoscana\" \/>\n<meta name=\"twitter:site\" content=\"@intoscana\" \/>\n<meta name=\"twitter:label1\" content=\"Written by\" \/>\n\t<meta name=\"twitter:data1\" content=\"Costanza Baldini\" \/>\n\t<meta name=\"twitter:label2\" content=\"Est. reading time\" \/>\n\t<meta name=\"twitter:data2\" content=\"3 minuti\" \/>\n<script type=\"application\/ld+json\" class=\"yoast-schema-graph\">{\"@context\":\"https:\/\/schema.org\",\"@graph\":[{\"@type\":\"WebPage\",\"@id\":\"https:\/\/www.intoscana.it\/it\/steve-mccurry-mostra-fotografie-icons-pisa-2024\/\",\"url\":\"https:\/\/www.intoscana.it\/it\/steve-mccurry-mostra-fotografie-icons-pisa-2024\/\",\"name\":\"Guerra, poesia, dolore e gioia: a Pisa in mostra le fotografie \\\"iconiche\\\" di Steve McCurry - intoscana\",\"isPartOf\":{\"@id\":\"https:\/\/www.intoscana.it\/it\/#website\"},\"primaryImageOfPage\":{\"@id\":\"https:\/\/www.intoscana.it\/it\/steve-mccurry-mostra-fotografie-icons-pisa-2024\/#primaryimage\"},\"image\":{\"@id\":\"https:\/\/www.intoscana.it\/it\/steve-mccurry-mostra-fotografie-icons-pisa-2024\/#primaryimage\"},\"thumbnailUrl\":\"https:\/\/www.intoscana.it\/wp-content\/uploads\/mostra-steve-mccurry-firenze-940x628-1.jpeg\",\"datePublished\":\"2023-12-21T12:22:03+00:00\",\"dateModified\":\"2023-12-21T12:47:21+00:00\",\"author\":{\"@id\":\"https:\/\/www.intoscana.it\/it\/#\/schema\/person\/d469f35f09739bdf00bf5dd3f0647a82\"},\"description\":\"Dal 1\u00b0 gennaio 2023 al 7 aprile 2024 la mostra \u201cSteve McCurry Icons\u201d ripercorre con oltre 70 fotografie il meglio del grande fotografo\",\"breadcrumb\":{\"@id\":\"https:\/\/www.intoscana.it\/it\/steve-mccurry-mostra-fotografie-icons-pisa-2024\/#breadcrumb\"},\"inLanguage\":\"it-IT\",\"potentialAction\":[{\"@type\":\"ReadAction\",\"target\":[\"https:\/\/www.intoscana.it\/it\/steve-mccurry-mostra-fotografie-icons-pisa-2024\/\"]}]},{\"@type\":\"ImageObject\",\"inLanguage\":\"it-IT\",\"@id\":\"https:\/\/www.intoscana.it\/it\/steve-mccurry-mostra-fotografie-icons-pisa-2024\/#primaryimage\",\"url\":\"https:\/\/www.intoscana.it\/wp-content\/uploads\/mostra-steve-mccurry-firenze-940x628-1.jpeg\",\"contentUrl\":\"https:\/\/www.intoscana.it\/wp-content\/uploads\/mostra-steve-mccurry-firenze-940x628-1.jpeg\",\"width\":940,\"height\":628},{\"@type\":\"BreadcrumbList\",\"@id\":\"https:\/\/www.intoscana.it\/it\/steve-mccurry-mostra-fotografie-icons-pisa-2024\/#breadcrumb\",\"itemListElement\":[{\"@type\":\"ListItem\",\"position\":1,\"name\":\"Home\",\"item\":\"https:\/\/www.intoscana.it\/it\/\"},{\"@type\":\"ListItem\",\"position\":2,\"name\":\"Guerra, poesia, dolore e gioia: a Pisa in mostra le fotografie &#8220;iconiche&#8221; di Steve McCurry\"}]},{\"@type\":\"WebSite\",\"@id\":\"https:\/\/www.intoscana.it\/it\/#website\",\"url\":\"https:\/\/www.intoscana.it\/it\/\",\"name\":\"intoscana\",\"description\":\"\",\"potentialAction\":[{\"@type\":\"SearchAction\",\"target\":{\"@type\":\"EntryPoint\",\"urlTemplate\":\"https:\/\/www.intoscana.it\/it\/?s={search_term_string}\"},\"query-input\":{\"@type\":\"PropertyValueSpecification\",\"valueRequired\":true,\"valueName\":\"search_term_string\"}}],\"inLanguage\":\"it-IT\"},{\"@type\":\"Person\",\"@id\":\"https:\/\/www.intoscana.it\/it\/#\/schema\/person\/d469f35f09739bdf00bf5dd3f0647a82\",\"name\":\"Costanza Baldini\",\"url\":\"https:\/\/www.intoscana.it\/it\/author\/costanza-baldini\/\"}]}<\/script>\n<!-- \/ Yoast SEO Premium plugin. -->","yoast_head_json":{"title":"Guerra, poesia, dolore e gioia: a Pisa in mostra le fotografie \"iconiche\" di Steve McCurry - intoscana","description":"Dal 1\u00b0 gennaio 2023 al 7 aprile 2024 la mostra \u201cSteve McCurry Icons\u201d ripercorre con oltre 70 fotografie il meglio del grande fotografo","robots":{"index":"index","follow":"follow","max-snippet":"max-snippet:-1","max-image-preview":"max-image-preview:large","max-video-preview":"max-video-preview:-1"},"canonical":"https:\/\/www.intoscana.it\/it\/steve-mccurry-mostra-fotografie-icons-pisa-2024\/","og_locale":"it_IT","og_type":"article","og_title":"Guerra, poesia, dolore e gioia: a Pisa in mostra le fotografie \"iconiche\" di Steve McCurry","og_description":"Dal 1\u00b0 gennaio 2023 al 7 aprile 2024 la mostra \u201cSteve McCurry Icons\u201d ripercorre con oltre 70 fotografie il meglio del grande fotografo","og_url":"https:\/\/www.intoscana.it\/it\/steve-mccurry-mostra-fotografie-icons-pisa-2024\/","og_site_name":"intoscana","article_publisher":"https:\/\/www.facebook.com\/intoscana.it","article_published_time":"2023-12-21T12:22:03+00:00","article_modified_time":"2023-12-21T12:47:21+00:00","og_image":[{"width":940,"height":628,"url":"https:\/\/www.intoscana.it\/wp-content\/uploads\/mostra-steve-mccurry-firenze-940x628-1.jpeg","type":"image\/jpeg"}],"author":"Costanza Baldini","twitter_card":"summary_large_image","twitter_creator":"@intoscana","twitter_site":"@intoscana","twitter_misc":{"Written by":"Costanza Baldini","Est. reading time":"3 minuti"},"schema":{"@context":"https:\/\/schema.org","@graph":[{"@type":"WebPage","@id":"https:\/\/www.intoscana.it\/it\/steve-mccurry-mostra-fotografie-icons-pisa-2024\/","url":"https:\/\/www.intoscana.it\/it\/steve-mccurry-mostra-fotografie-icons-pisa-2024\/","name":"Guerra, poesia, dolore e gioia: a Pisa in mostra le fotografie \"iconiche\" di Steve McCurry - intoscana","isPartOf":{"@id":"https:\/\/www.intoscana.it\/it\/#website"},"primaryImageOfPage":{"@id":"https:\/\/www.intoscana.it\/it\/steve-mccurry-mostra-fotografie-icons-pisa-2024\/#primaryimage"},"image":{"@id":"https:\/\/www.intoscana.it\/it\/steve-mccurry-mostra-fotografie-icons-pisa-2024\/#primaryimage"},"thumbnailUrl":"https:\/\/www.intoscana.it\/wp-content\/uploads\/mostra-steve-mccurry-firenze-940x628-1.jpeg","datePublished":"2023-12-21T12:22:03+00:00","dateModified":"2023-12-21T12:47:21+00:00","author":{"@id":"https:\/\/www.intoscana.it\/it\/#\/schema\/person\/d469f35f09739bdf00bf5dd3f0647a82"},"description":"Dal 1\u00b0 gennaio 2023 al 7 aprile 2024 la mostra \u201cSteve McCurry Icons\u201d ripercorre con oltre 70 fotografie il meglio del grande fotografo","breadcrumb":{"@id":"https:\/\/www.intoscana.it\/it\/steve-mccurry-mostra-fotografie-icons-pisa-2024\/#breadcrumb"},"inLanguage":"it-IT","potentialAction":[{"@type":"ReadAction","target":["https:\/\/www.intoscana.it\/it\/steve-mccurry-mostra-fotografie-icons-pisa-2024\/"]}]},{"@type":"ImageObject","inLanguage":"it-IT","@id":"https:\/\/www.intoscana.it\/it\/steve-mccurry-mostra-fotografie-icons-pisa-2024\/#primaryimage","url":"https:\/\/www.intoscana.it\/wp-content\/uploads\/mostra-steve-mccurry-firenze-940x628-1.jpeg","contentUrl":"https:\/\/www.intoscana.it\/wp-content\/uploads\/mostra-steve-mccurry-firenze-940x628-1.jpeg","width":940,"height":628},{"@type":"BreadcrumbList","@id":"https:\/\/www.intoscana.it\/it\/steve-mccurry-mostra-fotografie-icons-pisa-2024\/#breadcrumb","itemListElement":[{"@type":"ListItem","position":1,"name":"Home","item":"https:\/\/www.intoscana.it\/it\/"},{"@type":"ListItem","position":2,"name":"Guerra, poesia, dolore e gioia: a Pisa in mostra le fotografie &#8220;iconiche&#8221; di Steve McCurry"}]},{"@type":"WebSite","@id":"https:\/\/www.intoscana.it\/it\/#website","url":"https:\/\/www.intoscana.it\/it\/","name":"intoscana","description":"","potentialAction":[{"@type":"SearchAction","target":{"@type":"EntryPoint","urlTemplate":"https:\/\/www.intoscana.it\/it\/?s={search_term_string}"},"query-input":{"@type":"PropertyValueSpecification","valueRequired":true,"valueName":"search_term_string"}}],"inLanguage":"it-IT"},{"@type":"Person","@id":"https:\/\/www.intoscana.it\/it\/#\/schema\/person\/d469f35f09739bdf00bf5dd3f0647a82","name":"Costanza Baldini","url":"https:\/\/www.intoscana.it\/it\/author\/costanza-baldini\/"}]}},"_links":{"self":[{"href":"https:\/\/www.intoscana.it\/it\/wp-json\/wp\/v2\/posts\/319855","targetHints":{"allow":["GET"]}}],"collection":[{"href":"https:\/\/www.intoscana.it\/it\/wp-json\/wp\/v2\/posts"}],"about":[{"href":"https:\/\/www.intoscana.it\/it\/wp-json\/wp\/v2\/types\/post"}],"author":[{"embeddable":true,"href":"https:\/\/www.intoscana.it\/it\/wp-json\/wp\/v2\/users\/518"}],"replies":[{"embeddable":true,"href":"https:\/\/www.intoscana.it\/it\/wp-json\/wp\/v2\/comments?post=319855"}],"version-history":[{"count":0,"href":"https:\/\/www.intoscana.it\/it\/wp-json\/wp\/v2\/posts\/319855\/revisions"}],"wp:featuredmedia":[{"embeddable":true,"href":"https:\/\/www.intoscana.it\/it\/wp-json\/wp\/v2\/media\/319856"}],"wp:attachment":[{"href":"https:\/\/www.intoscana.it\/it\/wp-json\/wp\/v2\/media?parent=319855"}],"wp:term":[{"taxonomy":"category","embeddable":true,"href":"https:\/\/www.intoscana.it\/it\/wp-json\/wp\/v2\/categories?post=319855"},{"taxonomy":"post_tag","embeddable":true,"href":"https:\/\/www.intoscana.it\/it\/wp-json\/wp\/v2\/tags?post=319855"}],"curies":[{"name":"wp","href":"https:\/\/api.w.org\/{rel}","templated":true}]}}