{"id":319917,"date":"2023-12-21T16:12:20","date_gmt":"2023-12-21T15:12:20","guid":{"rendered":"https:\/\/www.intoscana.it\/it\/?p=319917"},"modified":"2023-12-21T16:12:20","modified_gmt":"2023-12-21T15:12:20","slug":"natale-il-pranzo-della-solidarieta-non-dimentica-gli-ultimi","status":"publish","type":"post","link":"https:\/\/www.intoscana.it\/it\/natale-il-pranzo-della-solidarieta-non-dimentica-gli-ultimi\/","title":{"rendered":"Natale, il pranzo della solidariet\u00e0 non dimentica gli ultimi"},"content":{"rendered":"<p>L\u2019<strong>olio Toscano IGP<\/strong> ed il <strong>panettone gourmet<\/strong> per il pranzo di Natale dei pi\u00f9 bisognosi. La fornitura \u00e8 assicurata per gli ospiti della <strong>comunit\u00e0 di Sant&#8217;Egidio<\/strong>. Festivit\u00e0 alla tavola della solidariet\u00e0 anche alla <span style=\"font-family: georgia, serif;\"><b>Casa della Solidariet\u00e0 San Paolino<\/b><\/span> gestita dalla <strong>Fondazione Caritas<\/strong>. Si ripeta infine l&#8217;iniziativa &#8220;<em>La spesa che vale<\/em>&#8221; per donare pasti e prodotti. Firenze non dimentica gli ultimi, regalando momenti di conforto.<\/p>\n<h3>Olio Toscano IGP e panettone gourmet a Sant&#8217;Egidio<\/h3>\n<p>Il <a href=\"https:\/\/www.oliotoscanoigp.it\/\" target=\"_blank\" rel=\"noopener\">Consorzio di Tutela dell\u2019olio extravergine Toscano IGP<\/a> conferma la consolidata collaborazione con la Comunit\u00e0 Sant\u2019Egidio di Firenze. Per il tradizionale pranzo del 25 dicembre che quest\u2019anno si terr\u00e0 alla <strong>Basilica di San Lorenzo<\/strong> e allo <strong>Spazio Reale<\/strong> in zona Le Piagge ci sar\u00e0 una fornitura di olio e del panettone celebrativo firmato dagli chef <strong>Tommaso Vatti e Andrea Pierini<\/strong>. Un prodotto realizzato in occasione dei 25 anni dal riconoscimento dell\u2019Indicazione Geografica Protetta Toscano.<\/p>\n<p>\u201c<em>E\u2019 per il nostro Consorzio un grande piacere e motivo di orgoglio poter contribuire e partecipare a questo momento di amicizia e solidariet\u00e0 portando sulla tavola della Comunit\u00e0 di Sant\u2019Egidio il frutto del nostro lavoro e della nostra grande passione per l\u2019agricoltura e per la nostra terra.<\/em> \u2013 spiega <strong>Fabrizio Filippi<\/strong>, Presidente del Consorzio di Tutela Toscano IGP \u2013 <em>Per tutti noi, questo \u00e8 un anno speciale che vogliamo idealmente condividere sedendoci a fianco di tutti coloro che sono costretti ad affrontare la povert\u00e0, l\u2019emarginazione e l\u2019indifferenza\u201d.<\/em><\/p>\n<figure id=\"post-264599 media-264599\" class=\"align-none\"><img decoding=\"async\" src=\"https:\/\/www.intoscana.it\/wp-content\/uploads\/Leonardo-Romanelli-nella-mensa-Caritas-di-via-del-Porcellana-e1672129966515.jpeg\" alt=\"\" \/><\/figure>\n<div class=\"titleimg\">Leonardo Romanelli nella mensa Caritas di via del Porcellana \u2013 FB Leonardo Romanelli<\/div>\n<h3>Pranzo della solidariet\u00e0 a San Paolino<\/h3>\n<p><strong>Pranzo di solidariet\u00e0<\/strong> anche alla <strong>Caritas fiorentina<\/strong> di via del Porcellana. Il 25 dicembre a cucinare per gli ospiti della <span style=\"font-family: georgia, serif;\"><b>Casa della Solidariet\u00e0 San Paolino <\/b><\/span>ci saranno l&#8217;enogastronomo<strong> Leonardo Romanelli<\/strong> con un gruppo di volontari per organizzare il pasto di Natale per 88 ospiti di cui 23 bambini nella struttura che ospita gruppi familiari.<\/p>\n<p><strong>Il menu \u00e8 speciale<\/strong> come la giornata: crostini di fegato alla toscana, insalata di rucola pecorino e uvetta, insalata russa, crocchette di riso e pomodoro, risotto ai funghi, maccheroni gratinati, gulasch con paprika e carciofi saltati con pur\u00e8 di patate. Il dolce \u00e8 offerto da <strong>Bottega di Pasticceria<\/strong> di Lungarno Ferrucci dello chef Simone Bartolini. Si replica anche il 1 gennaio, sempre alla stessa mensa.<\/p>\n<h3>Le iniziative di commercianti, aziende, privati<\/h3>\n<p>La <b>Vigilia di Natale\u00a0<\/b>l&#8217;associazione\u00a0<b>Associazione Borgognissanti\u00a0<\/b>rinnover\u00e0 la tradizione della consegna del <strong>panettone natalizio<\/strong> insieme ai commercianti della via che porteranno doni e leccornie. Nel pomeriggio la Compagnia di Babbo Natale saluter\u00e0 i bambini facendo merenda insieme a loro. Il <b>26 dicembre<\/b>\u00a0invece il pranzo di Santo Stefano sar\u00e0 preparato dallo staff e dagli\u00a0<b>chef del \u00a025 Hours Hotel San Paolino.<\/b><\/p>\n<p>Durante le Festivit\u00e0 in programma altre iniziative: la merenda offerta a bambini e mamme da <b>Federalberghi<\/b>, la cena donata da <strong>Just Eat<\/strong>, la giornata di volontariato aziendale di<b> Jazz pharma<\/b>, la consegna dei regali ai bambini da parte del Babbo Nataly di <b>Rotary Club e Rotaract<\/b>, la distribuzione delle buste regalo da parte della<b>\u00a0Croce Viola<\/b>, l&#8217;invito a pranzo all&#8217;<b>associazione Rondinella Il Torrino\u00a0<\/b>per lo scambio degli auguri natalizi.<\/p>\n<p>Il<b>\u00a0circolo Mcl Il Gorinello,<\/b> nonostante l&#8217;alluvione che ha colpito la zona di San Piero a Ponti, come tutti gli anni consegner\u00e0 ai pi\u00f9 piccoli dei balocchi per Natale e delle calze di dolciumi per la Befana. Con l&#8217;iniziativa <em>\u201cGiocattolo sospeso\u201d<\/em>: i giochi donati dai cittadini verranno messi sotto l&#8217;albero e scartati il giorno di Natale.<\/p>\n<h3>La spesa che vale per regalare pasti e prodotti<\/h3>\n<p>Tutti possono contribuire al grido di \u201c<em>Quest\u2019anno non mettere un regalo sotto l\u2019albero\u2026 Mettilo in tavola!<\/em>\u201d. La <strong>Fondazione Solidariet\u00e0 Caritas<\/strong> attraverso il sito &#8220;<em>La spesa che vale<\/em>&#8221; invita i fiorentini a <a href=\"https:\/\/www.laspesachevale.it\/regala-un-menu\/\" target=\"_blank\" rel=\"noopener\">donare un pranzo di Natale alla mensa Caritas<\/a> per chi \u00e8 solo e non ha da mangiare neanche nei giorni di festa.<\/p>\n<p>Un progetto che permette di sostenere il servizio della mensa gestito dalla <strong>Fondazione Solidariet\u00e0 Caritas<\/strong> di Firenze attraverso una <strong>spesa online solidale<\/strong>. Si possono donare oltre ai singoli prodotti anche interi menu per le Feste,<strong> in \u201cpacchetti\u201d per 4, 10 o 30 persone<\/strong>, del valore rispettivamente di <strong>20, 50 e 130 euro<\/strong>: le donazioni permetteranno ai cuochi e al personale della mensa cittadina di via Baracca di preparare i pasti per gli ospiti anche il 25 dicembre e nei giorni di festa.<\/p>\n<p>Chi far\u00e0 una donazione ricever\u00e0 in dono <strong>la shopper solidale<\/strong> realizzata da <strong>I was a Sari<\/strong>, impresa sociale indiana nella quale lavorano donne provenienti dalle comunit\u00e0 svantaggiate di Mumbai.<\/p>\n<h3>L&#8217;emergenza povert\u00e0 in Toscana<\/h3>\n<p>In Toscana <strong>l&#8217;emergenza povert\u00e0<\/strong> colpisce il <strong>6,3% delle famiglie<\/strong>, circa<strong> 100 mila i nuclei<\/strong>. Il <strong>19,6% dei residenti<\/strong> della regione \u00e8 <strong>a rischio povert\u00e0 o esclusione sociale<\/strong> secondo l\u2019Istat. Tra inflazione, speculazioni e congiuntura internazionale, hanno aggravato, in aumento il ricorso delle <strong>categorie pi\u00f9 fragili e vulnerabili<\/strong>: <mark>anziani, disoccupati, working poor, stranieri e minori alle mense dei poveri e alle Caritas<\/mark>.<\/p>\n<p align=\"JUSTIFY\">\n","protected":false},"excerpt":{"rendered":"<p>Olio toscano IGP e panettone gourmet per Sant&#8217;Egidio, Leonardo Romanelli cucina da San Paolino, pasti e prodotti in dono con &#8220;La spesa che vale&#8221;<\/p>\n","protected":false},"author":554,"featured_media":264448,"comment_status":"open","ping_status":"open","sticky":false,"template":"","format":"standard","meta":{"_acf_changed":false,"footnotes":""},"categories":[4],"tags":[5064,4843,356],"class_list":["post-319917","post","type-post","status-publish","format-standard","has-post-thumbnail","hentry","category-storie","tag-natale-a-firenze","tag-olio-toscano","tag-solidarieta"],"acf":[],"yoast_head":"<!-- This site is optimized with the Yoast SEO Premium plugin v24.2 (Yoast SEO v25.6) - https:\/\/yoast.com\/wordpress\/plugins\/seo\/ -->\n<title>Natale, il pranzo della solidariet\u00e0 non dimentica gli ultimi - intoscana<\/title>\n<meta name=\"description\" content=\"Olio toscano IGP e panettone gourmet per Sant&#039;Egidio, Leonardo Romanelli cucina da San Paolino, pasti in dono con &quot;La spesa che vale&quot;\" \/>\n<meta name=\"robots\" content=\"index, follow, max-snippet:-1, max-image-preview:large, max-video-preview:-1\" \/>\n<link rel=\"canonical\" href=\"https:\/\/www.intoscana.it\/it\/natale-il-pranzo-della-solidarieta-non-dimentica-gli-ultimi\/\" \/>\n<meta property=\"og:locale\" content=\"it_IT\" \/>\n<meta property=\"og:type\" content=\"article\" \/>\n<meta property=\"og:title\" content=\"Natale, il pranzo della solidariet\u00e0 non dimentica gli ultimi\" \/>\n<meta property=\"og:description\" content=\"Olio toscano IGP e panettone gourmet per Sant&#039;Egidio, Leonardo Romanelli cucina da San Paolino, pasti in dono con &quot;La spesa che vale&quot;\" \/>\n<meta property=\"og:url\" content=\"https:\/\/www.intoscana.it\/it\/natale-il-pranzo-della-solidarieta-non-dimentica-gli-ultimi\/\" \/>\n<meta property=\"og:site_name\" content=\"intoscana\" \/>\n<meta property=\"article:publisher\" content=\"https:\/\/www.facebook.com\/intoscana.it\" \/>\n<meta property=\"article:published_time\" content=\"2023-12-21T15:12:20+00:00\" \/>\n<meta property=\"og:image\" content=\"https:\/\/www.intoscana.it\/wp-content\/uploads\/Natale-Caritas-3.jpeg\" \/>\n\t<meta property=\"og:image:width\" content=\"1600\" \/>\n\t<meta property=\"og:image:height\" content=\"1067\" \/>\n\t<meta property=\"og:image:type\" content=\"image\/jpeg\" \/>\n<meta name=\"author\" content=\"Raffaella Galamini\" \/>\n<meta name=\"twitter:card\" content=\"summary_large_image\" \/>\n<meta name=\"twitter:creator\" content=\"@orio\" \/>\n<meta name=\"twitter:site\" content=\"@intoscana\" \/>\n<meta name=\"twitter:label1\" content=\"Written by\" \/>\n\t<meta name=\"twitter:data1\" content=\"Raffaella Galamini\" \/>\n\t<meta name=\"twitter:label2\" content=\"Est. reading time\" \/>\n\t<meta name=\"twitter:data2\" content=\"4 minuti\" \/>\n<script type=\"application\/ld+json\" class=\"yoast-schema-graph\">{\"@context\":\"https:\/\/schema.org\",\"@graph\":[{\"@type\":\"WebPage\",\"@id\":\"https:\/\/www.intoscana.it\/it\/natale-il-pranzo-della-solidarieta-non-dimentica-gli-ultimi\/\",\"url\":\"https:\/\/www.intoscana.it\/it\/natale-il-pranzo-della-solidarieta-non-dimentica-gli-ultimi\/\",\"name\":\"Natale, il pranzo della solidariet\u00e0 non dimentica gli ultimi - intoscana\",\"isPartOf\":{\"@id\":\"https:\/\/www.intoscana.it\/it\/#website\"},\"primaryImageOfPage\":{\"@id\":\"https:\/\/www.intoscana.it\/it\/natale-il-pranzo-della-solidarieta-non-dimentica-gli-ultimi\/#primaryimage\"},\"image\":{\"@id\":\"https:\/\/www.intoscana.it\/it\/natale-il-pranzo-della-solidarieta-non-dimentica-gli-ultimi\/#primaryimage\"},\"thumbnailUrl\":\"https:\/\/www.intoscana.it\/wp-content\/uploads\/Natale-Caritas-3.jpeg\",\"datePublished\":\"2023-12-21T15:12:20+00:00\",\"author\":{\"@id\":\"https:\/\/www.intoscana.it\/it\/#\/schema\/person\/9eb9daa846a49fe51af39a73d9d1986b\"},\"description\":\"Olio toscano IGP e panettone gourmet per Sant'Egidio, Leonardo Romanelli cucina da San Paolino, pasti in dono con \\\"La spesa che vale\\\"\",\"breadcrumb\":{\"@id\":\"https:\/\/www.intoscana.it\/it\/natale-il-pranzo-della-solidarieta-non-dimentica-gli-ultimi\/#breadcrumb\"},\"inLanguage\":\"it-IT\",\"potentialAction\":[{\"@type\":\"ReadAction\",\"target\":[\"https:\/\/www.intoscana.it\/it\/natale-il-pranzo-della-solidarieta-non-dimentica-gli-ultimi\/\"]}]},{\"@type\":\"ImageObject\",\"inLanguage\":\"it-IT\",\"@id\":\"https:\/\/www.intoscana.it\/it\/natale-il-pranzo-della-solidarieta-non-dimentica-gli-ultimi\/#primaryimage\",\"url\":\"https:\/\/www.intoscana.it\/wp-content\/uploads\/Natale-Caritas-3.jpeg\",\"contentUrl\":\"https:\/\/www.intoscana.it\/wp-content\/uploads\/Natale-Caritas-3.jpeg\",\"width\":1600,\"height\":1067},{\"@type\":\"BreadcrumbList\",\"@id\":\"https:\/\/www.intoscana.it\/it\/natale-il-pranzo-della-solidarieta-non-dimentica-gli-ultimi\/#breadcrumb\",\"itemListElement\":[{\"@type\":\"ListItem\",\"position\":1,\"name\":\"Home\",\"item\":\"https:\/\/www.intoscana.it\/it\/\"},{\"@type\":\"ListItem\",\"position\":2,\"name\":\"Natale, il pranzo della solidariet\u00e0 non dimentica gli ultimi\"}]},{\"@type\":\"WebSite\",\"@id\":\"https:\/\/www.intoscana.it\/it\/#website\",\"url\":\"https:\/\/www.intoscana.it\/it\/\",\"name\":\"intoscana\",\"description\":\"\",\"potentialAction\":[{\"@type\":\"SearchAction\",\"target\":{\"@type\":\"EntryPoint\",\"urlTemplate\":\"https:\/\/www.intoscana.it\/it\/?s={search_term_string}\"},\"query-input\":{\"@type\":\"PropertyValueSpecification\",\"valueRequired\":true,\"valueName\":\"search_term_string\"}}],\"inLanguage\":\"it-IT\"},{\"@type\":\"Person\",\"@id\":\"https:\/\/www.intoscana.it\/it\/#\/schema\/person\/9eb9daa846a49fe51af39a73d9d1986b\",\"name\":\"Raffaella Galamini\",\"sameAs\":[\"https:\/\/x.com\/orio\"],\"url\":\"https:\/\/www.intoscana.it\/it\/author\/r-galamini\/\"}]}<\/script>\n<!-- \/ Yoast SEO Premium plugin. -->","yoast_head_json":{"title":"Natale, il pranzo della solidariet\u00e0 non dimentica gli ultimi - intoscana","description":"Olio toscano IGP e panettone gourmet per Sant'Egidio, Leonardo Romanelli cucina da San Paolino, pasti in dono con \"La spesa che vale\"","robots":{"index":"index","follow":"follow","max-snippet":"max-snippet:-1","max-image-preview":"max-image-preview:large","max-video-preview":"max-video-preview:-1"},"canonical":"https:\/\/www.intoscana.it\/it\/natale-il-pranzo-della-solidarieta-non-dimentica-gli-ultimi\/","og_locale":"it_IT","og_type":"article","og_title":"Natale, il pranzo della solidariet\u00e0 non dimentica gli ultimi","og_description":"Olio toscano IGP e panettone gourmet per Sant'Egidio, Leonardo Romanelli cucina da San Paolino, pasti in dono con \"La spesa che vale\"","og_url":"https:\/\/www.intoscana.it\/it\/natale-il-pranzo-della-solidarieta-non-dimentica-gli-ultimi\/","og_site_name":"intoscana","article_publisher":"https:\/\/www.facebook.com\/intoscana.it","article_published_time":"2023-12-21T15:12:20+00:00","og_image":[{"width":1600,"height":1067,"url":"https:\/\/www.intoscana.it\/wp-content\/uploads\/Natale-Caritas-3.jpeg","type":"image\/jpeg"}],"author":"Raffaella Galamini","twitter_card":"summary_large_image","twitter_creator":"@orio","twitter_site":"@intoscana","twitter_misc":{"Written by":"Raffaella Galamini","Est. reading time":"4 minuti"},"schema":{"@context":"https:\/\/schema.org","@graph":[{"@type":"WebPage","@id":"https:\/\/www.intoscana.it\/it\/natale-il-pranzo-della-solidarieta-non-dimentica-gli-ultimi\/","url":"https:\/\/www.intoscana.it\/it\/natale-il-pranzo-della-solidarieta-non-dimentica-gli-ultimi\/","name":"Natale, il pranzo della solidariet\u00e0 non dimentica gli ultimi - intoscana","isPartOf":{"@id":"https:\/\/www.intoscana.it\/it\/#website"},"primaryImageOfPage":{"@id":"https:\/\/www.intoscana.it\/it\/natale-il-pranzo-della-solidarieta-non-dimentica-gli-ultimi\/#primaryimage"},"image":{"@id":"https:\/\/www.intoscana.it\/it\/natale-il-pranzo-della-solidarieta-non-dimentica-gli-ultimi\/#primaryimage"},"thumbnailUrl":"https:\/\/www.intoscana.it\/wp-content\/uploads\/Natale-Caritas-3.jpeg","datePublished":"2023-12-21T15:12:20+00:00","author":{"@id":"https:\/\/www.intoscana.it\/it\/#\/schema\/person\/9eb9daa846a49fe51af39a73d9d1986b"},"description":"Olio toscano IGP e panettone gourmet per Sant'Egidio, Leonardo Romanelli cucina da San Paolino, pasti in dono con \"La spesa che vale\"","breadcrumb":{"@id":"https:\/\/www.intoscana.it\/it\/natale-il-pranzo-della-solidarieta-non-dimentica-gli-ultimi\/#breadcrumb"},"inLanguage":"it-IT","potentialAction":[{"@type":"ReadAction","target":["https:\/\/www.intoscana.it\/it\/natale-il-pranzo-della-solidarieta-non-dimentica-gli-ultimi\/"]}]},{"@type":"ImageObject","inLanguage":"it-IT","@id":"https:\/\/www.intoscana.it\/it\/natale-il-pranzo-della-solidarieta-non-dimentica-gli-ultimi\/#primaryimage","url":"https:\/\/www.intoscana.it\/wp-content\/uploads\/Natale-Caritas-3.jpeg","contentUrl":"https:\/\/www.intoscana.it\/wp-content\/uploads\/Natale-Caritas-3.jpeg","width":1600,"height":1067},{"@type":"BreadcrumbList","@id":"https:\/\/www.intoscana.it\/it\/natale-il-pranzo-della-solidarieta-non-dimentica-gli-ultimi\/#breadcrumb","itemListElement":[{"@type":"ListItem","position":1,"name":"Home","item":"https:\/\/www.intoscana.it\/it\/"},{"@type":"ListItem","position":2,"name":"Natale, il pranzo della solidariet\u00e0 non dimentica gli ultimi"}]},{"@type":"WebSite","@id":"https:\/\/www.intoscana.it\/it\/#website","url":"https:\/\/www.intoscana.it\/it\/","name":"intoscana","description":"","potentialAction":[{"@type":"SearchAction","target":{"@type":"EntryPoint","urlTemplate":"https:\/\/www.intoscana.it\/it\/?s={search_term_string}"},"query-input":{"@type":"PropertyValueSpecification","valueRequired":true,"valueName":"search_term_string"}}],"inLanguage":"it-IT"},{"@type":"Person","@id":"https:\/\/www.intoscana.it\/it\/#\/schema\/person\/9eb9daa846a49fe51af39a73d9d1986b","name":"Raffaella Galamini","sameAs":["https:\/\/x.com\/orio"],"url":"https:\/\/www.intoscana.it\/it\/author\/r-galamini\/"}]}},"_links":{"self":[{"href":"https:\/\/www.intoscana.it\/it\/wp-json\/wp\/v2\/posts\/319917","targetHints":{"allow":["GET"]}}],"collection":[{"href":"https:\/\/www.intoscana.it\/it\/wp-json\/wp\/v2\/posts"}],"about":[{"href":"https:\/\/www.intoscana.it\/it\/wp-json\/wp\/v2\/types\/post"}],"author":[{"embeddable":true,"href":"https:\/\/www.intoscana.it\/it\/wp-json\/wp\/v2\/users\/554"}],"replies":[{"embeddable":true,"href":"https:\/\/www.intoscana.it\/it\/wp-json\/wp\/v2\/comments?post=319917"}],"version-history":[{"count":0,"href":"https:\/\/www.intoscana.it\/it\/wp-json\/wp\/v2\/posts\/319917\/revisions"}],"wp:featuredmedia":[{"embeddable":true,"href":"https:\/\/www.intoscana.it\/it\/wp-json\/wp\/v2\/media\/264448"}],"wp:attachment":[{"href":"https:\/\/www.intoscana.it\/it\/wp-json\/wp\/v2\/media?parent=319917"}],"wp:term":[{"taxonomy":"category","embeddable":true,"href":"https:\/\/www.intoscana.it\/it\/wp-json\/wp\/v2\/categories?post=319917"},{"taxonomy":"post_tag","embeddable":true,"href":"https:\/\/www.intoscana.it\/it\/wp-json\/wp\/v2\/tags?post=319917"}],"curies":[{"name":"wp","href":"https:\/\/api.w.org\/{rel}","templated":true}]}}