{"id":320048,"date":"2023-12-22T12:08:14","date_gmt":"2023-12-22T11:08:14","guid":{"rendered":"https:\/\/www.intoscana.it\/it\/?p=320048"},"modified":"2023-12-23T14:34:35","modified_gmt":"2023-12-23T13:34:35","slug":"viareggio-siete-presente-ragazzi","status":"publish","type":"post","link":"https:\/\/www.intoscana.it\/it\/viareggio-siete-presente-ragazzi\/","title":{"rendered":"Giovanis\u00ec, al teatro Jenco di Viareggio 300 ragazzi a confronto sul loro futuro"},"content":{"rendered":"<p>Oltre trecento studentesse e studenti, provenienti dall\u2019<strong>Isi Piaggia, Isi Marconi e IIS Galilei-Artiglio<\/strong>, hanno riempito il Teatro Jenco di Viareggio per partecipare a due ore serrate di ascolto e confronto sul loro <strong>futuro<\/strong>.<\/p>\n<p>Era in programma \u201c<strong>Siete Presente: giovani protagonisti del cambiamento<\/strong>\u201d, evento-format inaugurato nel 2021 a San Rossore alla presenza del Presidente della Repubblica Sergio Mattarella.<\/p>\n<p>A organizzarlo \u00e8 stato il gruppo lucchese, composto da alcuni coetanei dei partecipanti, della Task Force regionale di Giovanis\u00ec sulla partecipazione giovanile, per concludere dopo tre mesi un lungo viaggio di sensibilizzazione e coinvolgimento di oltre tremila studenti attraverso quindici scuole diverse &#8211;\u00a0dalla <strong>Versilia<\/strong> alla <strong>Garfagnana<\/strong>, fino alla Piana di <strong>Lucca<\/strong> &#8211;\u00a0durante il quale hanno conosciuto meglio gli strumenti a loro favore messi in campo dall\u2019amministrazione regionale.<\/p>\n<p>Allo Jenco le ragazze e i ragazzi, quasi tutti prossimi alla scelta post-diploma, hanno avuto la possibilit\u00e0 di informarsi sul ventaglio di scelte a loro disposizione, per <strong>studiare<\/strong> o per <strong>lavorare<\/strong>, una volta terminata la scuola superiore. Dalle borse di studio, ai corsi di formazione professionale, fino agli ITS, i cui nuovi bandi saranno disponibili a partire dal 2024. Oltre ai ragazzi della Task force e al coordinatore, il portavoce del presidente Giani <strong>Bernard Dika<\/strong>, sul palco sono saliti anche Diana Pjetraj e Roberto Bertocchi per portare la loro esperienza. Tramite Giovanis\u00ec Diana, 26 anni, ha svolto un corso IeFP per estetista mentre Roberto, 25 anni, ha frequentato un corso ITS della Fondazione ISYL per diventare supertecnico qualificato nel settore della nautica.<\/p>\n<figure id=\"post-320051 media-320051\" class=\"align-center\"><\/figure>\n<p>Pur non presente per altri impegni istituzionali, ha voluto esprimere apprezzamento per l\u2019iniziativa il presidente della Regione Eugenio Giani. \u201cCome dimostra l\u2019evento odierno \u2013 ha detto Giani &#8211; l\u2019esperienza della task force di Giovanis\u00ec si \u00e8 rivelata molto concreta. Alcune ragazze e ragazzi hanno costruito assieme alla Regione un percorso di coinvolgimento che sta aiutando i loro coetanei a orientarsi per affrontare il futuro da protagonisti e non subirlo. Continueremo a sostenere iniziative di questo tipo perch\u00e9 vogliamo che la Regione Toscana sia sempre pi\u00f9 vicina alle future generazioni\u201d.<\/p>\n<p><strong>Alessando Rosati,<\/strong> che assieme agli altri membri lucchesi della task force regionale\u00a0ha curato sia il percorso in questi mesi sia l\u2019organizzazione dell\u2019evento di stamani, ha sottolineato: \u201cEsiste un&#8217;importante differenza tra essere protagonisti di un progetto ed esservi solo coinvolti. Oggi, e negli ultimi tre mesi, i giovani di questo gruppo sono stati protagonisti\u201d. \u201cAbbiamo dato corpo alla partecipazione giovanile \u2013 ha osservato Rosati &#8211; costruendo da zero il percorso sulla provincia di Lucca. \u00c8 un successo che premia la scelta coraggiosa di Regione Toscana: dare opportunit\u00e0 e responsabilit\u00e0 ai giovani. Perci\u00f2 noi oggi possiamo dire con orgoglio \u2018Siamo Presente\u2019\u201d.<\/p>\n<p>A fare gli onori di casa in occasione dell&#8217;evento \u00e8 intervenuta l\u2019assessora alle politiche culturali ed educative della Citt\u00e0 di Viareggio <strong>Sandra Mei<\/strong>. \u201cSiamo molto contenti e orgogliosi di ospitare questa iniziativa di Giovanis\u00ec\u201d, ha detto Mei, aggiungendo: \u201cVedere un teatro, una platea cos\u00ec piena di giovani speranze riempe veramente il cuore. Grazie a tutti coloro che hanno lavorato, grazie ai ragazzi che si sono impegnati. Parlare del loro futuro in un luogo di cultura \u00e8 un messaggio molto positivo. E credo che la mattinata di stamani servir\u00e0 a loro per mettere un seme che poi far\u00e0 dei bellissimi fiori\u201d.<\/p>\n","protected":false},"excerpt":{"rendered":"<p>L&#8217;occasione \u00e8 stata l&#8217;evento finale del percorso di coinvolgimento nelle scuole realizzato dal gruppo lucchese della Task Force sulla partecipazione promossa nell&#8217;ambito del progetto regionale sull&#8217;autonomia dei giovani<\/p>\n","protected":false},"author":525,"featured_media":320050,"comment_status":"open","ping_status":"open","sticky":false,"template":"","format":"standard","meta":{"_acf_changed":false,"footnotes":""},"categories":[494],"tags":[221,260,212,6271],"class_list":["post-320048","post","type-post","status-publish","format-standard","has-post-thumbnail","hentry","category-attualita","tag-giovani","tag-lavoro","tag-scuola","tag-siete-presente"],"acf":[],"yoast_head":"<!-- This site is optimized with the Yoast SEO Premium plugin v24.2 (Yoast SEO v25.6) - https:\/\/yoast.com\/wordpress\/plugins\/seo\/ -->\n<title>Giovanis\u00ec, al teatro Jenco di Viareggio 300 ragazzi a confronto sul loro futuro - intoscana<\/title>\n<meta name=\"description\" content=\"L&#039;occasione \u00e8 stata l&#039;evento finale del percorso di coinvolgimento nelle scuole del progetto &quot;Siete presente&quot;\" \/>\n<meta name=\"robots\" content=\"index, follow, max-snippet:-1, max-image-preview:large, max-video-preview:-1\" \/>\n<link rel=\"canonical\" href=\"https:\/\/www.intoscana.it\/it\/viareggio-siete-presente-ragazzi\/\" \/>\n<meta property=\"og:locale\" content=\"it_IT\" \/>\n<meta property=\"og:type\" content=\"article\" \/>\n<meta property=\"og:title\" content=\"Giovanis\u00ec, al teatro Jenco di Viareggio 300 ragazzi a confronto sul loro futuro\" \/>\n<meta property=\"og:description\" content=\"L&#039;occasione \u00e8 stata l&#039;evento finale del percorso di coinvolgimento nelle scuole del progetto &quot;Siete presente&quot;\" \/>\n<meta property=\"og:url\" content=\"https:\/\/www.intoscana.it\/it\/viareggio-siete-presente-ragazzi\/\" \/>\n<meta property=\"og:site_name\" content=\"intoscana\" \/>\n<meta property=\"article:publisher\" content=\"https:\/\/www.facebook.com\/intoscana.it\" \/>\n<meta property=\"article:published_time\" content=\"2023-12-22T11:08:14+00:00\" \/>\n<meta property=\"article:modified_time\" content=\"2023-12-23T13:34:35+00:00\" \/>\n<meta property=\"og:image\" content=\"https:\/\/www.intoscana.it\/wp-content\/uploads\/Giovanisi-a-viareggio.jpeg\" \/>\n\t<meta property=\"og:image:width\" content=\"2000\" \/>\n\t<meta property=\"og:image:height\" content=\"1500\" \/>\n\t<meta property=\"og:image:type\" content=\"image\/jpeg\" \/>\n<meta name=\"author\" content=\"Redazione\" \/>\n<meta name=\"twitter:card\" content=\"summary_large_image\" \/>\n<meta name=\"twitter:creator\" content=\"@intoscana\" \/>\n<meta name=\"twitter:site\" content=\"@intoscana\" \/>\n<meta name=\"twitter:label1\" content=\"Written by\" \/>\n\t<meta name=\"twitter:data1\" content=\"Redazione\" \/>\n\t<meta name=\"twitter:label2\" content=\"Est. reading time\" \/>\n\t<meta name=\"twitter:data2\" content=\"3 minuti\" \/>\n<script type=\"application\/ld+json\" class=\"yoast-schema-graph\">{\"@context\":\"https:\/\/schema.org\",\"@graph\":[{\"@type\":\"WebPage\",\"@id\":\"https:\/\/www.intoscana.it\/it\/viareggio-siete-presente-ragazzi\/\",\"url\":\"https:\/\/www.intoscana.it\/it\/viareggio-siete-presente-ragazzi\/\",\"name\":\"Giovanis\u00ec, al teatro Jenco di Viareggio 300 ragazzi a confronto sul loro futuro - intoscana\",\"isPartOf\":{\"@id\":\"https:\/\/www.intoscana.it\/it\/#website\"},\"primaryImageOfPage\":{\"@id\":\"https:\/\/www.intoscana.it\/it\/viareggio-siete-presente-ragazzi\/#primaryimage\"},\"image\":{\"@id\":\"https:\/\/www.intoscana.it\/it\/viareggio-siete-presente-ragazzi\/#primaryimage\"},\"thumbnailUrl\":\"https:\/\/www.intoscana.it\/wp-content\/uploads\/Giovanisi-a-viareggio.jpeg\",\"datePublished\":\"2023-12-22T11:08:14+00:00\",\"dateModified\":\"2023-12-23T13:34:35+00:00\",\"author\":{\"@id\":\"https:\/\/www.intoscana.it\/it\/#\/schema\/person\/9223810753230f20bd670fdd322661f8\"},\"description\":\"L'occasione \u00e8 stata l'evento finale del percorso di coinvolgimento nelle scuole del progetto \\\"Siete presente\\\"\",\"breadcrumb\":{\"@id\":\"https:\/\/www.intoscana.it\/it\/viareggio-siete-presente-ragazzi\/#breadcrumb\"},\"inLanguage\":\"it-IT\",\"potentialAction\":[{\"@type\":\"ReadAction\",\"target\":[\"https:\/\/www.intoscana.it\/it\/viareggio-siete-presente-ragazzi\/\"]}]},{\"@type\":\"ImageObject\",\"inLanguage\":\"it-IT\",\"@id\":\"https:\/\/www.intoscana.it\/it\/viareggio-siete-presente-ragazzi\/#primaryimage\",\"url\":\"https:\/\/www.intoscana.it\/wp-content\/uploads\/Giovanisi-a-viareggio.jpeg\",\"contentUrl\":\"https:\/\/www.intoscana.it\/wp-content\/uploads\/Giovanisi-a-viareggio.jpeg\",\"width\":2000,\"height\":1500},{\"@type\":\"BreadcrumbList\",\"@id\":\"https:\/\/www.intoscana.it\/it\/viareggio-siete-presente-ragazzi\/#breadcrumb\",\"itemListElement\":[{\"@type\":\"ListItem\",\"position\":1,\"name\":\"Home\",\"item\":\"https:\/\/www.intoscana.it\/it\/\"},{\"@type\":\"ListItem\",\"position\":2,\"name\":\"Giovanis\u00ec, al teatro Jenco di Viareggio 300 ragazzi a confronto sul loro futuro\"}]},{\"@type\":\"WebSite\",\"@id\":\"https:\/\/www.intoscana.it\/it\/#website\",\"url\":\"https:\/\/www.intoscana.it\/it\/\",\"name\":\"intoscana\",\"description\":\"\",\"potentialAction\":[{\"@type\":\"SearchAction\",\"target\":{\"@type\":\"EntryPoint\",\"urlTemplate\":\"https:\/\/www.intoscana.it\/it\/?s={search_term_string}\"},\"query-input\":{\"@type\":\"PropertyValueSpecification\",\"valueRequired\":true,\"valueName\":\"search_term_string\"}}],\"inLanguage\":\"it-IT\"},{\"@type\":\"Person\",\"@id\":\"https:\/\/www.intoscana.it\/it\/#\/schema\/person\/9223810753230f20bd670fdd322661f8\",\"name\":\"Redazione\",\"url\":\"https:\/\/www.intoscana.it\/it\/author\/redazione\/\"}]}<\/script>\n<!-- \/ Yoast SEO Premium plugin. -->","yoast_head_json":{"title":"Giovanis\u00ec, al teatro Jenco di Viareggio 300 ragazzi a confronto sul loro futuro - intoscana","description":"L'occasione \u00e8 stata l'evento finale del percorso di coinvolgimento nelle scuole del progetto \"Siete presente\"","robots":{"index":"index","follow":"follow","max-snippet":"max-snippet:-1","max-image-preview":"max-image-preview:large","max-video-preview":"max-video-preview:-1"},"canonical":"https:\/\/www.intoscana.it\/it\/viareggio-siete-presente-ragazzi\/","og_locale":"it_IT","og_type":"article","og_title":"Giovanis\u00ec, al teatro Jenco di Viareggio 300 ragazzi a confronto sul loro futuro","og_description":"L'occasione \u00e8 stata l'evento finale del percorso di coinvolgimento nelle scuole del progetto \"Siete presente\"","og_url":"https:\/\/www.intoscana.it\/it\/viareggio-siete-presente-ragazzi\/","og_site_name":"intoscana","article_publisher":"https:\/\/www.facebook.com\/intoscana.it","article_published_time":"2023-12-22T11:08:14+00:00","article_modified_time":"2023-12-23T13:34:35+00:00","og_image":[{"width":2000,"height":1500,"url":"https:\/\/www.intoscana.it\/wp-content\/uploads\/Giovanisi-a-viareggio.jpeg","type":"image\/jpeg"}],"author":"Redazione","twitter_card":"summary_large_image","twitter_creator":"@intoscana","twitter_site":"@intoscana","twitter_misc":{"Written by":"Redazione","Est. reading time":"3 minuti"},"schema":{"@context":"https:\/\/schema.org","@graph":[{"@type":"WebPage","@id":"https:\/\/www.intoscana.it\/it\/viareggio-siete-presente-ragazzi\/","url":"https:\/\/www.intoscana.it\/it\/viareggio-siete-presente-ragazzi\/","name":"Giovanis\u00ec, al teatro Jenco di Viareggio 300 ragazzi a confronto sul loro futuro - intoscana","isPartOf":{"@id":"https:\/\/www.intoscana.it\/it\/#website"},"primaryImageOfPage":{"@id":"https:\/\/www.intoscana.it\/it\/viareggio-siete-presente-ragazzi\/#primaryimage"},"image":{"@id":"https:\/\/www.intoscana.it\/it\/viareggio-siete-presente-ragazzi\/#primaryimage"},"thumbnailUrl":"https:\/\/www.intoscana.it\/wp-content\/uploads\/Giovanisi-a-viareggio.jpeg","datePublished":"2023-12-22T11:08:14+00:00","dateModified":"2023-12-23T13:34:35+00:00","author":{"@id":"https:\/\/www.intoscana.it\/it\/#\/schema\/person\/9223810753230f20bd670fdd322661f8"},"description":"L'occasione \u00e8 stata l'evento finale del percorso di coinvolgimento nelle scuole del progetto \"Siete presente\"","breadcrumb":{"@id":"https:\/\/www.intoscana.it\/it\/viareggio-siete-presente-ragazzi\/#breadcrumb"},"inLanguage":"it-IT","potentialAction":[{"@type":"ReadAction","target":["https:\/\/www.intoscana.it\/it\/viareggio-siete-presente-ragazzi\/"]}]},{"@type":"ImageObject","inLanguage":"it-IT","@id":"https:\/\/www.intoscana.it\/it\/viareggio-siete-presente-ragazzi\/#primaryimage","url":"https:\/\/www.intoscana.it\/wp-content\/uploads\/Giovanisi-a-viareggio.jpeg","contentUrl":"https:\/\/www.intoscana.it\/wp-content\/uploads\/Giovanisi-a-viareggio.jpeg","width":2000,"height":1500},{"@type":"BreadcrumbList","@id":"https:\/\/www.intoscana.it\/it\/viareggio-siete-presente-ragazzi\/#breadcrumb","itemListElement":[{"@type":"ListItem","position":1,"name":"Home","item":"https:\/\/www.intoscana.it\/it\/"},{"@type":"ListItem","position":2,"name":"Giovanis\u00ec, al teatro Jenco di Viareggio 300 ragazzi a confronto sul loro futuro"}]},{"@type":"WebSite","@id":"https:\/\/www.intoscana.it\/it\/#website","url":"https:\/\/www.intoscana.it\/it\/","name":"intoscana","description":"","potentialAction":[{"@type":"SearchAction","target":{"@type":"EntryPoint","urlTemplate":"https:\/\/www.intoscana.it\/it\/?s={search_term_string}"},"query-input":{"@type":"PropertyValueSpecification","valueRequired":true,"valueName":"search_term_string"}}],"inLanguage":"it-IT"},{"@type":"Person","@id":"https:\/\/www.intoscana.it\/it\/#\/schema\/person\/9223810753230f20bd670fdd322661f8","name":"Redazione","url":"https:\/\/www.intoscana.it\/it\/author\/redazione\/"}]}},"_links":{"self":[{"href":"https:\/\/www.intoscana.it\/it\/wp-json\/wp\/v2\/posts\/320048","targetHints":{"allow":["GET"]}}],"collection":[{"href":"https:\/\/www.intoscana.it\/it\/wp-json\/wp\/v2\/posts"}],"about":[{"href":"https:\/\/www.intoscana.it\/it\/wp-json\/wp\/v2\/types\/post"}],"author":[{"embeddable":true,"href":"https:\/\/www.intoscana.it\/it\/wp-json\/wp\/v2\/users\/525"}],"replies":[{"embeddable":true,"href":"https:\/\/www.intoscana.it\/it\/wp-json\/wp\/v2\/comments?post=320048"}],"version-history":[{"count":0,"href":"https:\/\/www.intoscana.it\/it\/wp-json\/wp\/v2\/posts\/320048\/revisions"}],"wp:featuredmedia":[{"embeddable":true,"href":"https:\/\/www.intoscana.it\/it\/wp-json\/wp\/v2\/media\/320050"}],"wp:attachment":[{"href":"https:\/\/www.intoscana.it\/it\/wp-json\/wp\/v2\/media?parent=320048"}],"wp:term":[{"taxonomy":"category","embeddable":true,"href":"https:\/\/www.intoscana.it\/it\/wp-json\/wp\/v2\/categories?post=320048"},{"taxonomy":"post_tag","embeddable":true,"href":"https:\/\/www.intoscana.it\/it\/wp-json\/wp\/v2\/tags?post=320048"}],"curies":[{"name":"wp","href":"https:\/\/api.w.org\/{rel}","templated":true}]}}