{"id":320188,"date":"2023-12-27T11:36:36","date_gmt":"2023-12-27T10:36:36","guid":{"rendered":"https:\/\/www.intoscana.it\/it\/?p=320188"},"modified":"2023-12-27T12:20:41","modified_gmt":"2023-12-27T11:20:41","slug":"torna-il-toscano-dellanno-il-contest-con-i-personaggi-scelti-dalla-redazione-di-intoscana-it","status":"publish","type":"post","link":"https:\/\/www.intoscana.it\/it\/torna-il-toscano-dellanno-il-contest-con-i-personaggi-scelti-dalla-redazione-di-intoscana-it\/","title":{"rendered":"Vota &#8220;Il toscano dell\u2019anno 2023&#8221;: torna il contest con i personaggi scelti dalla redazione di intoscana.it"},"content":{"rendered":"<p>Torna anche per il <strong>2023<\/strong> il contest<em><strong> \u201cIl personaggio toscano dell&#8217;anno\u201d.<\/strong><\/em><\/p>\n<p>La <strong>redazione di intoscana.it<\/strong> ha selezionato <strong>dieci persone che nel corso dell&#8217;anno si sono distinte <\/strong>per il proprio operato nella nostra regione.<\/p>\n<p><strong>Uomini e donne<\/strong> <strong>(e non solo)<\/strong> che hanno fatto della caparbiet\u00e0, dell\u2019umanit\u00e0, del coraggio e della passione i pilastri sui quali fondare i propri successi.<\/p>\n<p>Si sfideranno in <strong>un \u201cgioco\u201d<\/strong> in cui <strong>a decidere il vincitore o la vincitrice saranno i lettori di intoscana.it.<\/strong><\/p>\n<h3>Come si vota<\/h3>\n<p>Si pu\u00f2 votare <strong>qui sotto.<\/strong> Le votazioni saranno aperte <strong>fino al 1\u00b0 gennaio 2024 alle ore 12.<\/strong><\/p>\n<p><iframe loading=\"lazy\" src=\"https:\/\/docs.google.com\/forms\/d\/e\/1FAIpQLSdIMwM1upPiwpulkG47-b-eNpM442DV3EtWlwpzql4RVfT2iw\/viewform?embedded=true\" width=\"640\" height=\"817\" frameborder=\"0\" marginwidth=\"0\" marginheight=\"0\">Caricamento\u2026<\/iframe><\/p>\n<h3>Ecco tutti i concorrenti<\/h3>\n<h3>1-Carlotta Vagnoli<\/h3>\n<p><a href=\"https:\/\/www.intoscana.it\/it\/articolo\/carlotta-vagnoli-perche-la-violenza-sulle-donne-e-un-problema-degli-uomini\/\" target=\"_blank\" rel=\"noopener\"><strong>Carlotta Vagnoli<\/strong> <\/a>\u00e8 una <strong>scrittrice e attivista femminista. <\/strong>Carlotta \u00e8 anche una<strong> \u201csurvivor\u201d <\/strong>termine con cui si indica una persona che \u00e8 sopravvissuta a una relazione violenta e maltrattante. Adesso non ha pi\u00f9 paura e si occupa della lotta per <strong>i diritti delle donne <\/strong>e si interessa anche della narrazione tossica che fanno i media della violenza di genere. Tra i suoi libri pi\u00f9 letti sono <strong><em>&#8220;Poverine. Come non si racconta il femminicidio&#8221;<\/em><\/strong> e <strong><em>&#8220;Maledetta sfortuna: vedere, rifiutare, riconoscere la violenza di genere&#8221;<\/em><\/strong>.<\/p>\n<h3><strong>2-Gabriele Ghisti<\/strong><\/h3>\n<p><a href=\"https:\/\/www.intoscana.it\/it\/articolo\/vigile-fuoco-neonata-premio-giornalisti\/\" target=\"_blank\" rel=\"noopener\"><strong>Gabriele Ghisti<\/strong> <\/a>\u00e8 il vigile del fuoco che ha portato in salvo una<strong> neonata di due mesi<\/strong> che rischiava di essere travolta dall\u2019acqua che inondava<strong> Quarrata <\/strong>durante l&#8217;alluvione dello scorso novembre.<strong> Il suo gesto eroico \u00e8 diventato il simbolo di tutti i soccorritori che si sono prodigati <\/strong>per portare aiuto alle comunit\u00e0 che in quei giorni drammatici <strong>hanno fatto la differenza.<\/strong><\/p>\n<h3><strong>3-Martina Trevisan\u00a0<\/strong><\/h3>\n<p>Non ce l\u2019ha fatta a raggiungere la vetta del <strong>Roland Garros<\/strong>, ma la tennista toscana<a href=\"https:\/\/www.intoscana.it\/it\/articolo\/il-sogno-di-martina-trevisan-sfuma-alla-semifinale-ma-il-suo-roland-garros-e-da-record-e-tra-le-30-piu-forti-al-mondo\/\" target=\"_blank\" rel=\"noopener\"> <strong>Martina Trevisan<\/strong> <\/a>ha lasciato comunque il segno. \u00c8 riuscita ad arrivare in<strong> semifinale<\/strong> nell&#8217;ambito concorso contro la<strong> \u201cnuova Williams\u201d,<\/strong> come qualcuno ha definito la 18enne americana <strong>Coco Gauss<\/strong>. <strong>La tennista fiorentina \u00e8 la prima tra le italiane<\/strong> e dopo il torneo parigino \u00e8 la <strong>numero 26 nel ranking mondiale. <\/strong>Una semifinale ancora pi\u00f9 importante per lei, perch\u00e8 segna la sua rinascita dopo aver sofferto di <strong>anoressia<\/strong> dal 2010 al 2014.<\/p>\n<h3>4-Marley il supercane cieco<\/h3>\n<p>Doveva essere soppresso perch\u00e9 cieco, ma per fortuna qualcosa \u00e8 andato storto. <a href=\"https:\/\/www.intoscana.it\/it\/articolo\/marley-il-supercane-cieco\/\" target=\"_blank\" rel=\"noopener\"><strong>Marley un cane non vedente<\/strong><\/a> \u00e8 stato adottato da<strong> Carlotta e Marco<\/strong> in un canile di Bari e in poco tempo \u00e8 diventato un vera e propria<strong> star dei social. <\/strong>Un vero e proprio supercane che oltre ad aver vinto molti premi \u00e8 diventato il simbolo che <strong>la vita pu\u00f2 essere bella e &#8220;a colori&#8221;<\/strong> anche se si affronta una disabilit\u00e0.<\/p>\n<h3>5-Sara Barsotti<\/h3>\n<p><strong>\u00c8 una ricercatrice toscana<\/strong> a vegliare sull\u2019eruzione del vulcano <strong>Fagradalsfjall<\/strong> in Islanda. <a href=\"https:\/\/www.intoscana.it\/it\/articolo\/islanda-a-rischio-mega-eruzione-si-affida-alla-vulcanologa-toscana\/\" target=\"_blank\" rel=\"noopener\"><strong>Sara Barsotti<\/strong>,<\/a> 47 anni di Carrara \u00e8 arrivata dieci anni fa nella <strong>terra del lungo buio<\/strong> per lavorare all\u2019Imo, <strong>l\u2019Icelandic Meteorological Office<\/strong> dove oggi ricopre il ruolo di <strong>coordinatrice della task force <\/strong>per la pericolosit\u00e0 vulcanica. Barsotti \u00e8 stata assunta all\u2019Imo dopo la grande <strong>eruzione dell\u2019Eyjafjallaj\u00f6kull<\/strong> nel 2010 che con le nubi di particelle paralizz\u00f2 per settimane i viaggi aerei. Oggi studia i segnali che arrivano e nel caso lancia l\u2019allarme, valutando e prevedendo i rischi possibili e gli interventi necessari per sfuggire e proteggersi.<\/p>\n<h3>6-Leonardo Fabbri<\/h3>\n<p>Nato a Bagno a Ripoli nel 1997, <a href=\"https:\/\/www.intoscana.it\/it\/articolo\/mondiali-di-budapest-leonardo-fabbri-porta-litalia-sul-podio-argento-per-latleta-fiorentino\/\" target=\"_blank\" rel=\"noopener\"><strong>Leonardo<\/strong> <strong>Fabbri<\/strong> <\/a>\u00e8 uno degli <strong>sportivi simbolo dell\u2019atletica toscana<\/strong>, dove \u00e8 cresciuto sportivamente nella <strong>Atletica Firenze Marathon<\/strong> dal 2004 al 2017 per poi entrare a far parte del <strong>Centro sportivo Aeronautica Militare<\/strong>. Ai M<strong>ondiali di Budapest<\/strong> il 19 agosto scorso si \u00e8 piazzato alle spalle dello <strong>statunitense Ryan Crouser<\/strong> siglando il suo nuovo <strong>primato personale<\/strong> con la misura di 22,34 m. Un <strong>argento<\/strong> di grande importanza, la punto che a Leonardo \u00e8 stato assegnato anche il<a href=\"https:\/\/www.intoscana.it\/it\/articolo\/sport-il-pegaso-doro-al-pesista-leonardo-fabbri\/\" target=\"_blank\" rel=\"noopener\"><strong> Pegaso d&#8217;oro della Regione Toscana.\u00a0<\/strong><\/a><\/p>\n<h3>7-Anna Parlagreco<\/h3>\n<p><a href=\"https:\/\/www.intoscana.it\/it\/dettaglio-video\/al-next-generation-fest-la-pilota-dellelicottero-pegaso-anna-parlagreco-siate-resilienti\/\" target=\"_blank\" rel=\"noopener\"><strong>Anna Parlagreco<\/strong> <\/a>\u00e8 una <strong>pilota di elisoccorso, <\/strong>ai comandi dell\u2019<strong>elicottero AW139 \u201cPegaso 3\u201d di Massa, <\/strong>al servizio della Toscana nord occidentale. Il <strong>Pegaso<\/strong> garantisce il <strong>trasporto dei feriti in condizioni difficili,<\/strong> affinch\u00e9 il team sanitario avanzato possa raggiungere i <strong>pazienti in quasi tutte le condizioni<\/strong> possibili sia di giorno che di notte. La voglia di guidare un elicottero per Anna \u00e8 nata da bambina quando per la prima volta \u00e8 salita su un simulatore di volo, la passione per il volo si \u00e8 unita poi al suo<strong> desiderio di aiutare il prossimo.<\/strong><\/p>\n<h3>8-William D&#8217;Alascio<\/h3>\n<p><strong><a href=\"https:\/\/www.intoscana.it\/it\/articolo\/bambino-di-10-anni-porta-i-compiti-ai-compagni-malati-di-covid-mattarella-lo-nomina-alfiere-della-repubblica\/\" target=\"_blank\" rel=\"noopener\">William D&#8217;Alascio<\/a> ha 10 anni ed \u00e8 di Crespina Lorenzana,<\/strong> nel pisano. Durante la pandemia ha aiutato gli amici chiusi in casa a non rimanere indietro con il programma scolastico, lasciando nella buca delle lettere i compiti. <strong>Il gesto di altruismo<\/strong> del &#8220;piccolo postino&#8221; ha lasciato il segno. Per questo William \u00e8 stato nominato <strong>Alfiere della Repubblica<\/strong> dal<strong> Presidente della Repubblica Sergio Mattarella<\/strong>.<\/p>\n<h3>9-Kety Fusco<\/h3>\n<p><a href=\"https:\/\/www.intoscana.it\/it\/podcast\/kety-fusco-la-banshee-dellarpa-dalla-toscana-alla-royal-albert-hall\/\" target=\"_blank\" rel=\"noopener\"><strong>Kety Fusco <\/strong><\/a>a sei anni ha imbracciato l\u2019arpa e non l\u2019ha pi\u00f9 lasciata, \u00e8 una musicista e ricercatrice di Pisa che sfida le convenzioni usando uno strumento classico, <strong>in maniera totalmente innovativa. <\/strong>Dopo il suo primo album<em><strong> DAZED<\/strong> <\/em>pubblicato sotto l\u2019etichetta <strong>Sugar Music di Caterina Caselli, <\/strong>a marzo 2023 \u00e8 uscito <em><strong>\u201cTHE HARP, Chapter I\u201d<\/strong><\/em> un album sperimentale che vuole <strong>rivoluzionare l\u2019arpa classica<\/strong>. The Harp \u00e8 stato eseguito live per la prima volta in maniera integrale alla prestigiosa <strong>Royal Albert Hall di Londra il 3 marzo 2023<\/strong> in un concerto tutto esaurito.<\/p>\n<h3>10-Andrea Lanfri<\/h3>\n<p><a href=\"https:\/\/www.intoscana.it\/it\/articolo\/andrea-lanfri-e-la-sua-scalata-sul-tetto-del-mondo-i-record-del-campione-paralimpico-in-un-documentario\/\" target=\"_blank\" rel=\"noopener\"><strong>Andrea Lanfri, 35 anni, lucchese,<\/strong><\/a> \u00e8 l\u2019uomo delle imprese straordinarie. \u00c8 il primo e unico <strong>atleta pluriamputato<\/strong> al mondo ad aver raggiunto lo scorso 13 maggio la vetta pi\u00f9 alta del pianeta: l\u2019<strong>Everest e i suoi 8.848 metri di altitudine. <\/strong>All\u2019attivo ha tredici medaglie internazionali vinte, dodici paia di protesi consumate e <strong>10mila chilometri percorsi in bicicletta<\/strong> sulle strade del mondo. La suo storia straordinaria, raccontata anche da <strong>un documentario su Amazon Prime Video<\/strong>, inizia nel 2015, quando a causa di una meningite fulminante con sepsi meningococcica, <strong>gli sono state amputate tutte e due le gambe sotto il ginocchio<\/strong> e sette dita delle mani. <strong>Andrea non si \u00e8 arreso<\/strong> e la sua determinazione gli \u00e8 valso anche il <strong><a href=\"https:\/\/www.intoscana.it\/it\/articolo\/andrea-lanfri-guinness-primati\/\" target=\"_blank\" rel=\"noopener\">guinnes dei primati\u00a0<\/a><\/strong>per aver corso in 9 minuti e 48 secondi il miglio pi\u00f9 veloce in alta quota sulle lame durante il trekking di avvicinamento al campo base dell\u2019Everest. Ma non solo, ha ragiunto anche un\u2019altra vetta, oltre al <strong>Monte Bianco e al Kilimangiaro:<\/strong> quella pi\u00f9 alta delle <strong><a href=\"https:\/\/www.intoscana.it\/it\/articolo\/andrea-lanfri-conquista-laconcagua-la-vetta-piu-alta-delle-ande\/\" target=\"_blank\" rel=\"noopener\">Ande.<\/a><\/strong><\/p>\n<p>&nbsp;<\/p>\n","protected":false},"excerpt":{"rendered":"<p>Uomini e donne (e non solo&#8230;) che si sono distinti durante l\u2019anno per aver portato un contributo significativo nel loro ambito alla Toscana, vota il tuo preferito!<\/p>\n","protected":false},"author":518,"featured_media":320242,"comment_status":"open","ping_status":"open","sticky":false,"template":"","format":"standard","meta":{"_acf_changed":false,"footnotes":""},"categories":[494],"tags":[4870,411,153],"class_list":["post-320188","post","type-post","status-publish","format-standard","has-post-thumbnail","hentry","category-attualita","tag-contest","tag-donne","tag-toscana"],"acf":[],"yoast_head":"<!-- This site is optimized with the Yoast SEO Premium plugin v24.2 (Yoast SEO v25.6) - https:\/\/yoast.com\/wordpress\/plugins\/seo\/ -->\n<title>Vota &quot;Il toscano dell\u2019anno 2023&quot;: torna il contest con i personaggi scelti dalla redazione di intoscana.it - intoscana<\/title>\n<meta name=\"description\" content=\"Uomini e donne che si sono distinti durante l\u2019anno per aver portato un contributo significativo nel loro ambito alla Toscana, via ai voti\" \/>\n<meta name=\"robots\" content=\"index, follow, max-snippet:-1, max-image-preview:large, max-video-preview:-1\" \/>\n<link rel=\"canonical\" href=\"https:\/\/www.intoscana.it\/it\/torna-il-toscano-dellanno-il-contest-con-i-personaggi-scelti-dalla-redazione-di-intoscana-it\/\" \/>\n<meta property=\"og:locale\" content=\"it_IT\" \/>\n<meta property=\"og:type\" content=\"article\" \/>\n<meta property=\"og:title\" content=\"Vota &quot;Il toscano dell\u2019anno 2023&quot;: torna il contest con i personaggi scelti dalla redazione di intoscana.it\" \/>\n<meta property=\"og:description\" content=\"Uomini e donne che si sono distinti durante l\u2019anno per aver portato un contributo significativo nel loro ambito alla Toscana, via ai voti\" \/>\n<meta property=\"og:url\" content=\"https:\/\/www.intoscana.it\/it\/torna-il-toscano-dellanno-il-contest-con-i-personaggi-scelti-dalla-redazione-di-intoscana-it\/\" \/>\n<meta property=\"og:site_name\" content=\"intoscana\" \/>\n<meta property=\"article:publisher\" content=\"https:\/\/www.facebook.com\/intoscana.it\" \/>\n<meta property=\"article:published_time\" content=\"2023-12-27T10:36:36+00:00\" \/>\n<meta property=\"article:modified_time\" content=\"2023-12-27T11:20:41+00:00\" \/>\n<meta property=\"og:image\" content=\"https:\/\/www.intoscana.it\/wp-content\/uploads\/toscano-dellanno-2023.jpg\" \/>\n\t<meta property=\"og:image:width\" content=\"1930\" \/>\n\t<meta property=\"og:image:height\" content=\"902\" \/>\n\t<meta property=\"og:image:type\" content=\"image\/jpeg\" \/>\n<meta name=\"author\" content=\"Costanza Baldini\" \/>\n<meta name=\"twitter:card\" content=\"summary_large_image\" \/>\n<meta name=\"twitter:creator\" content=\"@intoscana\" \/>\n<meta name=\"twitter:site\" content=\"@intoscana\" \/>\n<meta name=\"twitter:label1\" content=\"Written by\" \/>\n\t<meta name=\"twitter:data1\" content=\"Costanza Baldini\" \/>\n\t<meta name=\"twitter:label2\" content=\"Est. reading time\" \/>\n\t<meta name=\"twitter:data2\" content=\"5 minuti\" \/>\n<script type=\"application\/ld+json\" class=\"yoast-schema-graph\">{\"@context\":\"https:\/\/schema.org\",\"@graph\":[{\"@type\":\"WebPage\",\"@id\":\"https:\/\/www.intoscana.it\/it\/torna-il-toscano-dellanno-il-contest-con-i-personaggi-scelti-dalla-redazione-di-intoscana-it\/\",\"url\":\"https:\/\/www.intoscana.it\/it\/torna-il-toscano-dellanno-il-contest-con-i-personaggi-scelti-dalla-redazione-di-intoscana-it\/\",\"name\":\"Vota \\\"Il toscano dell\u2019anno 2023\\\": torna il contest con i personaggi scelti dalla redazione di intoscana.it - intoscana\",\"isPartOf\":{\"@id\":\"https:\/\/www.intoscana.it\/it\/#website\"},\"primaryImageOfPage\":{\"@id\":\"https:\/\/www.intoscana.it\/it\/torna-il-toscano-dellanno-il-contest-con-i-personaggi-scelti-dalla-redazione-di-intoscana-it\/#primaryimage\"},\"image\":{\"@id\":\"https:\/\/www.intoscana.it\/it\/torna-il-toscano-dellanno-il-contest-con-i-personaggi-scelti-dalla-redazione-di-intoscana-it\/#primaryimage\"},\"thumbnailUrl\":\"https:\/\/www.intoscana.it\/wp-content\/uploads\/toscano-dellanno-2023.jpg\",\"datePublished\":\"2023-12-27T10:36:36+00:00\",\"dateModified\":\"2023-12-27T11:20:41+00:00\",\"author\":{\"@id\":\"https:\/\/www.intoscana.it\/it\/#\/schema\/person\/d469f35f09739bdf00bf5dd3f0647a82\"},\"description\":\"Uomini e donne che si sono distinti durante l\u2019anno per aver portato un contributo significativo nel loro ambito alla Toscana, via ai voti\",\"breadcrumb\":{\"@id\":\"https:\/\/www.intoscana.it\/it\/torna-il-toscano-dellanno-il-contest-con-i-personaggi-scelti-dalla-redazione-di-intoscana-it\/#breadcrumb\"},\"inLanguage\":\"it-IT\",\"potentialAction\":[{\"@type\":\"ReadAction\",\"target\":[\"https:\/\/www.intoscana.it\/it\/torna-il-toscano-dellanno-il-contest-con-i-personaggi-scelti-dalla-redazione-di-intoscana-it\/\"]}]},{\"@type\":\"ImageObject\",\"inLanguage\":\"it-IT\",\"@id\":\"https:\/\/www.intoscana.it\/it\/torna-il-toscano-dellanno-il-contest-con-i-personaggi-scelti-dalla-redazione-di-intoscana-it\/#primaryimage\",\"url\":\"https:\/\/www.intoscana.it\/wp-content\/uploads\/toscano-dellanno-2023.jpg\",\"contentUrl\":\"https:\/\/www.intoscana.it\/wp-content\/uploads\/toscano-dellanno-2023.jpg\",\"width\":1930,\"height\":902},{\"@type\":\"BreadcrumbList\",\"@id\":\"https:\/\/www.intoscana.it\/it\/torna-il-toscano-dellanno-il-contest-con-i-personaggi-scelti-dalla-redazione-di-intoscana-it\/#breadcrumb\",\"itemListElement\":[{\"@type\":\"ListItem\",\"position\":1,\"name\":\"Home\",\"item\":\"https:\/\/www.intoscana.it\/it\/\"},{\"@type\":\"ListItem\",\"position\":2,\"name\":\"Vota &#8220;Il toscano dell\u2019anno 2023&#8221;: torna il contest con i personaggi scelti dalla redazione di intoscana.it\"}]},{\"@type\":\"WebSite\",\"@id\":\"https:\/\/www.intoscana.it\/it\/#website\",\"url\":\"https:\/\/www.intoscana.it\/it\/\",\"name\":\"intoscana\",\"description\":\"\",\"potentialAction\":[{\"@type\":\"SearchAction\",\"target\":{\"@type\":\"EntryPoint\",\"urlTemplate\":\"https:\/\/www.intoscana.it\/it\/?s={search_term_string}\"},\"query-input\":{\"@type\":\"PropertyValueSpecification\",\"valueRequired\":true,\"valueName\":\"search_term_string\"}}],\"inLanguage\":\"it-IT\"},{\"@type\":\"Person\",\"@id\":\"https:\/\/www.intoscana.it\/it\/#\/schema\/person\/d469f35f09739bdf00bf5dd3f0647a82\",\"name\":\"Costanza Baldini\",\"url\":\"https:\/\/www.intoscana.it\/it\/author\/costanza-baldini\/\"}]}<\/script>\n<!-- \/ Yoast SEO Premium plugin. -->","yoast_head_json":{"title":"Vota \"Il toscano dell\u2019anno 2023\": torna il contest con i personaggi scelti dalla redazione di intoscana.it - intoscana","description":"Uomini e donne che si sono distinti durante l\u2019anno per aver portato un contributo significativo nel loro ambito alla Toscana, via ai voti","robots":{"index":"index","follow":"follow","max-snippet":"max-snippet:-1","max-image-preview":"max-image-preview:large","max-video-preview":"max-video-preview:-1"},"canonical":"https:\/\/www.intoscana.it\/it\/torna-il-toscano-dellanno-il-contest-con-i-personaggi-scelti-dalla-redazione-di-intoscana-it\/","og_locale":"it_IT","og_type":"article","og_title":"Vota \"Il toscano dell\u2019anno 2023\": torna il contest con i personaggi scelti dalla redazione di intoscana.it","og_description":"Uomini e donne che si sono distinti durante l\u2019anno per aver portato un contributo significativo nel loro ambito alla Toscana, via ai voti","og_url":"https:\/\/www.intoscana.it\/it\/torna-il-toscano-dellanno-il-contest-con-i-personaggi-scelti-dalla-redazione-di-intoscana-it\/","og_site_name":"intoscana","article_publisher":"https:\/\/www.facebook.com\/intoscana.it","article_published_time":"2023-12-27T10:36:36+00:00","article_modified_time":"2023-12-27T11:20:41+00:00","og_image":[{"width":1930,"height":902,"url":"https:\/\/www.intoscana.it\/wp-content\/uploads\/toscano-dellanno-2023.jpg","type":"image\/jpeg"}],"author":"Costanza Baldini","twitter_card":"summary_large_image","twitter_creator":"@intoscana","twitter_site":"@intoscana","twitter_misc":{"Written by":"Costanza Baldini","Est. reading time":"5 minuti"},"schema":{"@context":"https:\/\/schema.org","@graph":[{"@type":"WebPage","@id":"https:\/\/www.intoscana.it\/it\/torna-il-toscano-dellanno-il-contest-con-i-personaggi-scelti-dalla-redazione-di-intoscana-it\/","url":"https:\/\/www.intoscana.it\/it\/torna-il-toscano-dellanno-il-contest-con-i-personaggi-scelti-dalla-redazione-di-intoscana-it\/","name":"Vota \"Il toscano dell\u2019anno 2023\": torna il contest con i personaggi scelti dalla redazione di intoscana.it - intoscana","isPartOf":{"@id":"https:\/\/www.intoscana.it\/it\/#website"},"primaryImageOfPage":{"@id":"https:\/\/www.intoscana.it\/it\/torna-il-toscano-dellanno-il-contest-con-i-personaggi-scelti-dalla-redazione-di-intoscana-it\/#primaryimage"},"image":{"@id":"https:\/\/www.intoscana.it\/it\/torna-il-toscano-dellanno-il-contest-con-i-personaggi-scelti-dalla-redazione-di-intoscana-it\/#primaryimage"},"thumbnailUrl":"https:\/\/www.intoscana.it\/wp-content\/uploads\/toscano-dellanno-2023.jpg","datePublished":"2023-12-27T10:36:36+00:00","dateModified":"2023-12-27T11:20:41+00:00","author":{"@id":"https:\/\/www.intoscana.it\/it\/#\/schema\/person\/d469f35f09739bdf00bf5dd3f0647a82"},"description":"Uomini e donne che si sono distinti durante l\u2019anno per aver portato un contributo significativo nel loro ambito alla Toscana, via ai voti","breadcrumb":{"@id":"https:\/\/www.intoscana.it\/it\/torna-il-toscano-dellanno-il-contest-con-i-personaggi-scelti-dalla-redazione-di-intoscana-it\/#breadcrumb"},"inLanguage":"it-IT","potentialAction":[{"@type":"ReadAction","target":["https:\/\/www.intoscana.it\/it\/torna-il-toscano-dellanno-il-contest-con-i-personaggi-scelti-dalla-redazione-di-intoscana-it\/"]}]},{"@type":"ImageObject","inLanguage":"it-IT","@id":"https:\/\/www.intoscana.it\/it\/torna-il-toscano-dellanno-il-contest-con-i-personaggi-scelti-dalla-redazione-di-intoscana-it\/#primaryimage","url":"https:\/\/www.intoscana.it\/wp-content\/uploads\/toscano-dellanno-2023.jpg","contentUrl":"https:\/\/www.intoscana.it\/wp-content\/uploads\/toscano-dellanno-2023.jpg","width":1930,"height":902},{"@type":"BreadcrumbList","@id":"https:\/\/www.intoscana.it\/it\/torna-il-toscano-dellanno-il-contest-con-i-personaggi-scelti-dalla-redazione-di-intoscana-it\/#breadcrumb","itemListElement":[{"@type":"ListItem","position":1,"name":"Home","item":"https:\/\/www.intoscana.it\/it\/"},{"@type":"ListItem","position":2,"name":"Vota &#8220;Il toscano dell\u2019anno 2023&#8221;: torna il contest con i personaggi scelti dalla redazione di intoscana.it"}]},{"@type":"WebSite","@id":"https:\/\/www.intoscana.it\/it\/#website","url":"https:\/\/www.intoscana.it\/it\/","name":"intoscana","description":"","potentialAction":[{"@type":"SearchAction","target":{"@type":"EntryPoint","urlTemplate":"https:\/\/www.intoscana.it\/it\/?s={search_term_string}"},"query-input":{"@type":"PropertyValueSpecification","valueRequired":true,"valueName":"search_term_string"}}],"inLanguage":"it-IT"},{"@type":"Person","@id":"https:\/\/www.intoscana.it\/it\/#\/schema\/person\/d469f35f09739bdf00bf5dd3f0647a82","name":"Costanza Baldini","url":"https:\/\/www.intoscana.it\/it\/author\/costanza-baldini\/"}]}},"_links":{"self":[{"href":"https:\/\/www.intoscana.it\/it\/wp-json\/wp\/v2\/posts\/320188","targetHints":{"allow":["GET"]}}],"collection":[{"href":"https:\/\/www.intoscana.it\/it\/wp-json\/wp\/v2\/posts"}],"about":[{"href":"https:\/\/www.intoscana.it\/it\/wp-json\/wp\/v2\/types\/post"}],"author":[{"embeddable":true,"href":"https:\/\/www.intoscana.it\/it\/wp-json\/wp\/v2\/users\/518"}],"replies":[{"embeddable":true,"href":"https:\/\/www.intoscana.it\/it\/wp-json\/wp\/v2\/comments?post=320188"}],"version-history":[{"count":0,"href":"https:\/\/www.intoscana.it\/it\/wp-json\/wp\/v2\/posts\/320188\/revisions"}],"wp:featuredmedia":[{"embeddable":true,"href":"https:\/\/www.intoscana.it\/it\/wp-json\/wp\/v2\/media\/320242"}],"wp:attachment":[{"href":"https:\/\/www.intoscana.it\/it\/wp-json\/wp\/v2\/media?parent=320188"}],"wp:term":[{"taxonomy":"category","embeddable":true,"href":"https:\/\/www.intoscana.it\/it\/wp-json\/wp\/v2\/categories?post=320188"},{"taxonomy":"post_tag","embeddable":true,"href":"https:\/\/www.intoscana.it\/it\/wp-json\/wp\/v2\/tags?post=320188"}],"curies":[{"name":"wp","href":"https:\/\/api.w.org\/{rel}","templated":true}]}}